{"id":929,"date":"2017-11-18T08:48:06","date_gmt":"2017-11-18T11:48:06","guid":{"rendered":"http:\/\/lareina.news\/noticias\/?p=929"},"modified":"2017-11-20T12:50:29","modified_gmt":"2017-11-20T15:50:29","slug":"proyecto-de-memorial-de-los-detenidos-desaparecidos-en-la-reina","status":"publish","type":"post","link":"https:\/\/lareinanews.cl\/noticias\/index.php\/2017\/11\/18\/proyecto-de-memorial-de-los-detenidos-desaparecidos-en-la-reina\/","title":{"rendered":"Proyecto de Memorial de los Detenidos Desaparecidos en La Reina"},"content":{"rendered":"<p><img loading=\"lazy\" decoding=\"async\" class=\"alignleft size-mh-magazine-content wp-image-937\" src=\"http:\/\/lareina.news\/noticias\/wp-content\/uploads\/2017\/11\/Memorial-gato-678x381.jpg\" alt=\"\" width=\"678\" height=\"381\" \/>El punto 4 de la tabla del Concejo Municipal del 14 de noviembre fue una exposici\u00f3n de vecinos de la organizaci\u00f3n \u00abLa Reina por la Memoria Hist\u00f3rica\u00bb sobre un proyecto de Memorial para rendir homenaje a los Detenidos Desaparecidos.<\/p>\n<p>En su presentaci\u00f3n seguida con mucha atenci\u00f3n por el Concejo Municipal, Gabriela Pantoja explic\u00f3 que este memorial se justifica por el hecho de que, entre 700 y 900 de los 1.200 Detenidos Desaparecidos reconocidos por la <a href=\"http:\/\/www.gob.cl\/informe-rettig\" target=\"_blank\" rel=\"noopener\">Comisi\u00f3n Verdad y Reconciliaci\u00f3n<\/a>\u00a0y las dem\u00e1s instituciones estatales chilenas, habr\u00edan transitado, vivos o muertos, por el aer\u00f3dromo de La Reina. Seg\u00fan las averiguaciones posteriores de los tribunales de justicia chilenos, gran parte de los cuerpos de estos Detenidos Desaparecidos habr\u00edan sido atados a pedazos de rieles de tren y lanzados al mar desde helic\u00f3pteros de las Fuerzas Armadas.<br \/>\n<img loading=\"lazy\" decoding=\"async\" class=\"alignleft size-mh-magazine-content wp-image-938\" src=\"http:\/\/lareina.news\/noticias\/wp-content\/uploads\/2017\/11\/Memorial-gato-1-678x381.jpg\" alt=\"\" width=\"678\" height=\"381\" \/><\/p>\n<p>Explicaron que el aer\u00f3dromo de La Reina fue utilizado en estas circunstancias por encontrarse muy cerca de distintos recintos militares y de lugares secretos de detenci\u00f3n y tortura, en particular <a href=\"https:\/\/villagrimaldi.cl\">Villa Grimaldi<\/a> y del centro de exterminaci\u00f3n <a href=\"http:\/\/www.elmostrador.cl\/noticias\/pais\/2012\/09\/20\/el-millonario-negocio-de-los-pinochet-boys-con-el-centro-de-exterminio-de-simon-bolivar-8800\/\">Simon Bolivar 8800<\/a>. Tambi\u00e9n se clarific\u00f3 que el aer\u00f3dromo civil hab\u00eda sido en esta \u00e9poca intervenido por las fuerzas militares.<\/p>\n<p>El arquitecto Cristi\u00e1n del Canto se\u00f1al\u00f3 como referencias para el dise\u00f1o de este memoria,\u00a0 el bien conocido <a href=\"http:\/\/www.plataformaurbana.cl\/archive\/2012\/10\/23\/guia-urbana-de-santiago-parque-balmaceda-y-plaza-de-la-aviacion\/\" target=\"_blank\" rel=\"noopener\">monumento a la aviaci\u00f3n<\/a> en Providencia, construcci\u00f3n emblem\u00e1tica de piedra y acero, el <a href=\"https:\/\/es.wikipedia.org\/wiki\/Monumento_a_los_jud%C3%ADos_de_Europa_asesinados\" target=\"_blank\" rel=\"noopener\">monumento a los jud\u00edos europeos asesinados en Berlin<\/a> y el <a href=\"http:\/\/www.tlatelolco.unam.mx\/exposiciones\/memorial-68\/\" target=\"_blank\" rel=\"noopener\">Memorial de Tlatelolco en M\u00e9xico<\/a>. Luego present\u00f3 las ideas fuertes de un anteproyecto, basado sobre la idea de rieles oxidados saliendo de un bloque de granito en forma de ola para referenciar al mar.<br \/>\n<img loading=\"lazy\" decoding=\"async\" class=\"alignleft size-mh-magazine-content wp-image-939\" src=\"http:\/\/lareina.news\/noticias\/wp-content\/uploads\/2017\/11\/Memorial-gato-2-678x381.jpg\" alt=\"\" width=\"678\" height=\"381\" \/><\/p>\n<p>La petici\u00f3n concreta de los vecinos al Concejo Municipal era conocer su posici\u00f3n de principio sobre este proyecto de\u00a0Memorial de los Detenidos Desaparecidos en La Reina, y tener orientaci\u00f3n y ayuda para definir el lugar exacto de este proyecto en La Reina. Todos los Concejales reaccionaron sobre este proyecto:<\/p>\n<p><strong>Manuel Jos\u00e9 Covarrubias (UDI)<\/strong>\u00a0dice que estar\u00eda de acuerdo con este proyecto, si el Concejo aceptaba otra escultura en favor de la vida y contra el aborto.<\/p>\n<p><strong>Pamela Gallegos (UDI)\u00a0<\/strong>cuestiona la idea de darle importancia a algo que pas\u00f3 hace \u00a040 a\u00f1os, y propone erigir una obra a las m\u00e1s de 1.500 ni\u00f1os muertos recientemente en el SENAME.<\/p>\n<p><strong>Rodolfo del Real (RN) <\/strong>dijo que no le gustan los memoriales y prefiere que gastemos el dinero disponible en obras que mejoren la vida de los vecinos.<\/p>\n<p><strong>\u00c1lvaro Delgado (DC)<\/strong> apoya totalmente el proyecto.<\/p>\n<p><strong>Adriana Mu\u00f1oz (PPD) <\/strong>felicita la iniciativa, que encuentra muy loable.<\/p>\n<p><strong>Mar\u00eda Olivia Gazmuri (RN)<\/strong> encuentra que es una bonita idea , pero no le gusta que se vaya es demonizar el aer\u00f3dromo que fue y es utilizado por muchas actividades de apoyo a la comunidad durante las cat\u00e1strofes naturales y los incendios.<\/p>\n<p><strong>Sara Campos (DC)<\/strong> felicita la iniciativa pero comparte la preocupaci\u00f3n de asegurarse de no estigmatizar el aer\u00f3dromo. Por esto, considera importante conversar esta iniciativa con el aer\u00f3dromo.<\/p>\n<p><strong>Catalina Rubio (RD)<\/strong> despu\u00e9s de felicitar la iniciativa, recuerda que tambi\u00e9n hubo varios ni\u00f1os entre los Detenidos Desaparecidos.<\/p>\n<p>El <strong>Alcalde Jos\u00e9 Manuel Palacios<\/strong>, concluy\u00f3 diciendo que el Municipio apoya esta iniciativa, pero que es importante solicitar la opini\u00f3n y el respaldo de los vecinos a este proyecto, y particularmente los vecinos inmediatos.<\/p>\n","protected":false},"excerpt":{"rendered":"<div class=\"mh-excerpt\"><p>El punto 4 de la tabla del Concejo Municipal del 14 de noviembre fue una exposici\u00f3n de vecinos de la organizaci\u00f3n \u00abLa Reina por la Memoria Hist\u00f3rica\u00bb sobre un proyecto de Memorial para rendir homenaje <a class=\"mh-excerpt-more\" href=\"https:\/\/lareinanews.cl\/noticias\/index.php\/2017\/11\/18\/proyecto-de-memorial-de-los-detenidos-desaparecidos-en-la-reina\/\" title=\"Proyecto de Memorial de los Detenidos Desaparecidos en La Reina\">[&#8230;]<\/a><\/p>\n<\/div>","protected":false},"author":12,"featured_media":966,"comment_status":"closed","ping_status":"closed","sticky":false,"template":"","format":"standard","meta":{"_acf_changed":false,"footnotes":""},"categories":[31,2,14],"tags":[69,17,102,4],"class_list":{"0":"post-929","1":"post","2":"type-post","3":"status-publish","4":"format-standard","5":"has-post-thumbnail","7":"category-destacados","8":"category-comuna","9":"category-noticias","10":"tag-aerodromo","11":"tag-concejo","12":"tag-derechos-humanos","13":"tag-la-reina"},"acf":[],"yoast_head":"<!-- This site is optimized with the Yoast SEO plugin v27.1.1 - https:\/\/yoast.com\/product\/yoast-seo-wordpress\/ -->\n<title>Proyecto de Memorial de los Detenidos Desaparecidos en La Reina<\/title>\n<meta name=\"robots\" content=\"index, follow, max-snippet:-1, max-image-preview:large, max-video-preview:-1\" \/>\n<link rel=\"canonical\" href=\"https:\/\/lareinanews.cl\/noticias\/index.php\/2017\/11\/18\/proyecto-de-memorial-de-los-detenidos-desaparecidos-en-la-reina\/\" \/>\n<meta property=\"og:locale\" content=\"es_ES\" \/>\n<meta property=\"og:type\" content=\"article\" \/>\n<meta property=\"og:title\" content=\"Proyecto de Memorial de los Detenidos Desaparecidos en La Reina\" \/>\n<meta property=\"og:description\" content=\"El punto 4 de la tabla del Concejo Municipal del 14 de noviembre fue una exposici\u00f3n de vecinos de la organizaci\u00f3n \u00abLa Reina por la Memoria Hist\u00f3rica\u00bb sobre un proyecto de Memorial para rendir homenaje [...]\" \/>\n<meta property=\"og:url\" content=\"https:\/\/lareinanews.cl\/noticias\/index.php\/2017\/11\/18\/proyecto-de-memorial-de-los-detenidos-desaparecidos-en-la-reina\/\" \/>\n<meta property=\"og:site_name\" content=\"Noticias La Reina\" \/>\n<meta property=\"article:publisher\" content=\"https:\/\/www.facebook.com\/LaReinaNews\" \/>\n<meta property=\"article:published_time\" content=\"2017-11-18T11:48:06+00:00\" \/>\n<meta property=\"article:modified_time\" content=\"2017-11-20T15:50:29+00:00\" \/>\n<meta property=\"og:image\" content=\"https:\/\/lareinanews.cl\/noticias\/wp-content\/uploads\/2017\/11\/47.png\" \/>\n\t<meta property=\"og:image:width\" content=\"650\" \/>\n\t<meta property=\"og:image:height\" content=\"490\" \/>\n\t<meta property=\"og:image:type\" content=\"image\/png\" \/>\n<meta name=\"author\" content=\"Fran\u00e7ois Richard\" \/>\n<meta name=\"twitter:card\" content=\"summary_large_image\" \/>\n<meta name=\"twitter:label1\" content=\"Escrito por\" \/>\n\t<meta name=\"twitter:data1\" content=\"Fran\u00e7ois Richard\" \/>\n\t<meta name=\"twitter:label2\" content=\"Tiempo de lectura\" \/>\n\t<meta name=\"twitter:data2\" content=\"3 minutos\" \/>\n<script type=\"application\/ld+json\" class=\"yoast-schema-graph\">{\"@context\":\"https:\/\/schema.org\",\"@graph\":[{\"@type\":\"Article\",\"@id\":\"https:\/\/lareinanews.cl\/noticias\/index.php\/2017\/11\/18\/proyecto-de-memorial-de-los-detenidos-desaparecidos-en-la-reina\/#article\",\"isPartOf\":{\"@id\":\"https:\/\/lareinanews.cl\/noticias\/index.php\/2017\/11\/18\/proyecto-de-memorial-de-los-detenidos-desaparecidos-en-la-reina\/\"},\"author\":{\"name\":\"Fran\u00e7ois Richard\",\"@id\":\"https:\/\/lareinanews.cl\/noticias\/#\/schema\/person\/5646a2be75b518d7fa46783437800c90\"},\"headline\":\"Proyecto de Memorial de los Detenidos Desaparecidos en La Reina\",\"datePublished\":\"2017-11-18T11:48:06+00:00\",\"dateModified\":\"2017-11-20T15:50:29+00:00\",\"mainEntityOfPage\":{\"@id\":\"https:\/\/lareinanews.cl\/noticias\/index.php\/2017\/11\/18\/proyecto-de-memorial-de-los-detenidos-desaparecidos-en-la-reina\/\"},\"wordCount\":585,\"publisher\":{\"@id\":\"https:\/\/lareinanews.cl\/noticias\/#organization\"},\"image\":{\"@id\":\"https:\/\/lareinanews.cl\/noticias\/index.php\/2017\/11\/18\/proyecto-de-memorial-de-los-detenidos-desaparecidos-en-la-reina\/#primaryimage\"},\"thumbnailUrl\":\"https:\/\/lareinanews.cl\/noticias\/wp-content\/uploads\/2017\/11\/47.png\",\"keywords\":[\"aer\u00f3dromo\",\"concejo\",\"derechos humanos\",\"la reina\"],\"articleSection\":[\"Destacados\",\"La Reina\",\"Noticias\"],\"inLanguage\":\"es\"},{\"@type\":\"WebPage\",\"@id\":\"https:\/\/lareinanews.cl\/noticias\/index.php\/2017\/11\/18\/proyecto-de-memorial-de-los-detenidos-desaparecidos-en-la-reina\/\",\"url\":\"https:\/\/lareinanews.cl\/noticias\/index.php\/2017\/11\/18\/proyecto-de-memorial-de-los-detenidos-desaparecidos-en-la-reina\/\",\"name\":\"Proyecto de Memorial de los Detenidos Desaparecidos en La Reina\",\"isPartOf\":{\"@id\":\"https:\/\/lareinanews.cl\/noticias\/#website\"},\"primaryImageOfPage\":{\"@id\":\"https:\/\/lareinanews.cl\/noticias\/index.php\/2017\/11\/18\/proyecto-de-memorial-de-los-detenidos-desaparecidos-en-la-reina\/#primaryimage\"},\"image\":{\"@id\":\"https:\/\/lareinanews.cl\/noticias\/index.php\/2017\/11\/18\/proyecto-de-memorial-de-los-detenidos-desaparecidos-en-la-reina\/#primaryimage\"},\"thumbnailUrl\":\"https:\/\/lareinanews.cl\/noticias\/wp-content\/uploads\/2017\/11\/47.png\",\"datePublished\":\"2017-11-18T11:48:06+00:00\",\"dateModified\":\"2017-11-20T15:50:29+00:00\",\"breadcrumb\":{\"@id\":\"https:\/\/lareinanews.cl\/noticias\/index.php\/2017\/11\/18\/proyecto-de-memorial-de-los-detenidos-desaparecidos-en-la-reina\/#breadcrumb\"},\"inLanguage\":\"es\",\"potentialAction\":[{\"@type\":\"ReadAction\",\"target\":[\"https:\/\/lareinanews.cl\/noticias\/index.php\/2017\/11\/18\/proyecto-de-memorial-de-los-detenidos-desaparecidos-en-la-reina\/\"]}]},{\"@type\":\"ImageObject\",\"inLanguage\":\"es\",\"@id\":\"https:\/\/lareinanews.cl\/noticias\/index.php\/2017\/11\/18\/proyecto-de-memorial-de-los-detenidos-desaparecidos-en-la-reina\/#primaryimage\",\"url\":\"https:\/\/lareinanews.cl\/noticias\/wp-content\/uploads\/2017\/11\/47.png\",\"contentUrl\":\"https:\/\/lareinanews.cl\/noticias\/wp-content\/uploads\/2017\/11\/47.png\",\"width\":650,\"height\":490},{\"@type\":\"BreadcrumbList\",\"@id\":\"https:\/\/lareinanews.cl\/noticias\/index.php\/2017\/11\/18\/proyecto-de-memorial-de-los-detenidos-desaparecidos-en-la-reina\/#breadcrumb\",\"itemListElement\":[{\"@type\":\"ListItem\",\"position\":1,\"name\":\"Inicio\",\"item\":\"https:\/\/lareinanews.cl\/noticias\/\"},{\"@type\":\"ListItem\",\"position\":2,\"name\":\"Proyecto de Memorial de los Detenidos Desaparecidos en La Reina\"}]},{\"@type\":\"WebSite\",\"@id\":\"https:\/\/lareinanews.cl\/noticias\/#website\",\"url\":\"https:\/\/lareinanews.cl\/noticias\/\",\"name\":\"Noticias La Reina\",\"description\":\"LaReina.news\",\"publisher\":{\"@id\":\"https:\/\/lareinanews.cl\/noticias\/#organization\"},\"potentialAction\":[{\"@type\":\"SearchAction\",\"target\":{\"@type\":\"EntryPoint\",\"urlTemplate\":\"https:\/\/lareinanews.cl\/noticias\/?s={search_term_string}\"},\"query-input\":{\"@type\":\"PropertyValueSpecification\",\"valueRequired\":true,\"valueName\":\"search_term_string\"}}],\"inLanguage\":\"es\"},{\"@type\":\"Organization\",\"@id\":\"https:\/\/lareinanews.cl\/noticias\/#organization\",\"name\":\"La Reina.news Peri\u00f3dico comunal de La Reina\",\"url\":\"https:\/\/lareinanews.cl\/noticias\/\",\"logo\":{\"@type\":\"ImageObject\",\"inLanguage\":\"es\",\"@id\":\"https:\/\/lareinanews.cl\/noticias\/#\/schema\/logo\/image\/\",\"url\":\"https:\/\/lareinanews.cl\/noticias\/wp-content\/uploads\/2020\/04\/logo_schema.png\",\"contentUrl\":\"https:\/\/lareinanews.cl\/noticias\/wp-content\/uploads\/2020\/04\/logo_schema.png\",\"width\":640,\"height\":360,\"caption\":\"La Reina.news Peri\u00f3dico comunal de La Reina\"},\"image\":{\"@id\":\"https:\/\/lareinanews.cl\/noticias\/#\/schema\/logo\/image\/\"},\"sameAs\":[\"https:\/\/www.facebook.com\/LaReinaNews\",\"https:\/\/www.instagram.com\/lareinanews\/\"]},{\"@type\":\"Person\",\"@id\":\"https:\/\/lareinanews.cl\/noticias\/#\/schema\/person\/5646a2be75b518d7fa46783437800c90\",\"name\":\"Fran\u00e7ois Richard\",\"image\":{\"@type\":\"ImageObject\",\"inLanguage\":\"es\",\"@id\":\"https:\/\/lareinanews.cl\/noticias\/#\/schema\/person\/image\/\",\"url\":\"http:\/\/lareina.news\/noticias\/wp-content\/uploads\/2017\/10\/avatar_user_12_1507694400-96x96.jpg\",\"contentUrl\":\"http:\/\/lareina.news\/noticias\/wp-content\/uploads\/2017\/10\/avatar_user_12_1507694400-96x96.jpg\",\"caption\":\"Fran\u00e7ois Richard\"},\"description\":\"Miembro del COSOC de La Reina (Consejo de la Sociedad Civil), Socio de la Junta de Vecinos 12-F \\\"Fernando Castillo Velasco\\\" Director Fundaci\u00f3n por un Movimiento Ciudadano Participativo francois@richard.cl\",\"url\":\"https:\/\/lareinanews.cl\/noticias\/index.php\/author\/frichard\/\"}]}<\/script>\n<!-- \/ Yoast SEO plugin. -->","yoast_head_json":{"title":"Proyecto de Memorial de los Detenidos Desaparecidos en La Reina","robots":{"index":"index","follow":"follow","max-snippet":"max-snippet:-1","max-image-preview":"max-image-preview:large","max-video-preview":"max-video-preview:-1"},"canonical":"https:\/\/lareinanews.cl\/noticias\/index.php\/2017\/11\/18\/proyecto-de-memorial-de-los-detenidos-desaparecidos-en-la-reina\/","og_locale":"es_ES","og_type":"article","og_title":"Proyecto de Memorial de los Detenidos Desaparecidos en La Reina","og_description":"El punto 4 de la tabla del Concejo Municipal del 14 de noviembre fue una exposici\u00f3n de vecinos de la organizaci\u00f3n \u00abLa Reina por la Memoria Hist\u00f3rica\u00bb sobre un proyecto de Memorial para rendir homenaje [...]","og_url":"https:\/\/lareinanews.cl\/noticias\/index.php\/2017\/11\/18\/proyecto-de-memorial-de-los-detenidos-desaparecidos-en-la-reina\/","og_site_name":"Noticias La Reina","article_publisher":"https:\/\/www.facebook.com\/LaReinaNews","article_published_time":"2017-11-18T11:48:06+00:00","article_modified_time":"2017-11-20T15:50:29+00:00","og_image":[{"width":650,"height":490,"url":"https:\/\/lareinanews.cl\/noticias\/wp-content\/uploads\/2017\/11\/47.png","type":"image\/png"}],"author":"Fran\u00e7ois Richard","twitter_card":"summary_large_image","twitter_misc":{"Escrito por":"Fran\u00e7ois Richard","Tiempo de lectura":"3 minutos"},"schema":{"@context":"https:\/\/schema.org","@graph":[{"@type":"Article","@id":"https:\/\/lareinanews.cl\/noticias\/index.php\/2017\/11\/18\/proyecto-de-memorial-de-los-detenidos-desaparecidos-en-la-reina\/#article","isPartOf":{"@id":"https:\/\/lareinanews.cl\/noticias\/index.php\/2017\/11\/18\/proyecto-de-memorial-de-los-detenidos-desaparecidos-en-la-reina\/"},"author":{"name":"Fran\u00e7ois Richard","@id":"https:\/\/lareinanews.cl\/noticias\/#\/schema\/person\/5646a2be75b518d7fa46783437800c90"},"headline":"Proyecto de Memorial de los Detenidos Desaparecidos en La Reina","datePublished":"2017-11-18T11:48:06+00:00","dateModified":"2017-11-20T15:50:29+00:00","mainEntityOfPage":{"@id":"https:\/\/lareinanews.cl\/noticias\/index.php\/2017\/11\/18\/proyecto-de-memorial-de-los-detenidos-desaparecidos-en-la-reina\/"},"wordCount":585,"publisher":{"@id":"https:\/\/lareinanews.cl\/noticias\/#organization"},"image":{"@id":"https:\/\/lareinanews.cl\/noticias\/index.php\/2017\/11\/18\/proyecto-de-memorial-de-los-detenidos-desaparecidos-en-la-reina\/#primaryimage"},"thumbnailUrl":"https:\/\/lareinanews.cl\/noticias\/wp-content\/uploads\/2017\/11\/47.png","keywords":["aer\u00f3dromo","concejo","derechos humanos","la reina"],"articleSection":["Destacados","La Reina","Noticias"],"inLanguage":"es"},{"@type":"WebPage","@id":"https:\/\/lareinanews.cl\/noticias\/index.php\/2017\/11\/18\/proyecto-de-memorial-de-los-detenidos-desaparecidos-en-la-reina\/","url":"https:\/\/lareinanews.cl\/noticias\/index.php\/2017\/11\/18\/proyecto-de-memorial-de-los-detenidos-desaparecidos-en-la-reina\/","name":"Proyecto de Memorial de los Detenidos Desaparecidos en La Reina","isPartOf":{"@id":"https:\/\/lareinanews.cl\/noticias\/#website"},"primaryImageOfPage":{"@id":"https:\/\/lareinanews.cl\/noticias\/index.php\/2017\/11\/18\/proyecto-de-memorial-de-los-detenidos-desaparecidos-en-la-reina\/#primaryimage"},"image":{"@id":"https:\/\/lareinanews.cl\/noticias\/index.php\/2017\/11\/18\/proyecto-de-memorial-de-los-detenidos-desaparecidos-en-la-reina\/#primaryimage"},"thumbnailUrl":"https:\/\/lareinanews.cl\/noticias\/wp-content\/uploads\/2017\/11\/47.png","datePublished":"2017-11-18T11:48:06+00:00","dateModified":"2017-11-20T15:50:29+00:00","breadcrumb":{"@id":"https:\/\/lareinanews.cl\/noticias\/index.php\/2017\/11\/18\/proyecto-de-memorial-de-los-detenidos-desaparecidos-en-la-reina\/#breadcrumb"},"inLanguage":"es","potentialAction":[{"@type":"ReadAction","target":["https:\/\/lareinanews.cl\/noticias\/index.php\/2017\/11\/18\/proyecto-de-memorial-de-los-detenidos-desaparecidos-en-la-reina\/"]}]},{"@type":"ImageObject","inLanguage":"es","@id":"https:\/\/lareinanews.cl\/noticias\/index.php\/2017\/11\/18\/proyecto-de-memorial-de-los-detenidos-desaparecidos-en-la-reina\/#primaryimage","url":"https:\/\/lareinanews.cl\/noticias\/wp-content\/uploads\/2017\/11\/47.png","contentUrl":"https:\/\/lareinanews.cl\/noticias\/wp-content\/uploads\/2017\/11\/47.png","width":650,"height":490},{"@type":"BreadcrumbList","@id":"https:\/\/lareinanews.cl\/noticias\/index.php\/2017\/11\/18\/proyecto-de-memorial-de-los-detenidos-desaparecidos-en-la-reina\/#breadcrumb","itemListElement":[{"@type":"ListItem","position":1,"name":"Inicio","item":"https:\/\/lareinanews.cl\/noticias\/"},{"@type":"ListItem","position":2,"name":"Proyecto de Memorial de los Detenidos Desaparecidos en La Reina"}]},{"@type":"WebSite","@id":"https:\/\/lareinanews.cl\/noticias\/#website","url":"https:\/\/lareinanews.cl\/noticias\/","name":"Noticias La Reina","description":"LaReina.news","publisher":{"@id":"https:\/\/lareinanews.cl\/noticias\/#organization"},"potentialAction":[{"@type":"SearchAction","target":{"@type":"EntryPoint","urlTemplate":"https:\/\/lareinanews.cl\/noticias\/?s={search_term_string}"},"query-input":{"@type":"PropertyValueSpecification","valueRequired":true,"valueName":"search_term_string"}}],"inLanguage":"es"},{"@type":"Organization","@id":"https:\/\/lareinanews.cl\/noticias\/#organization","name":"La Reina.news Peri\u00f3dico comunal de La Reina","url":"https:\/\/lareinanews.cl\/noticias\/","logo":{"@type":"ImageObject","inLanguage":"es","@id":"https:\/\/lareinanews.cl\/noticias\/#\/schema\/logo\/image\/","url":"https:\/\/lareinanews.cl\/noticias\/wp-content\/uploads\/2020\/04\/logo_schema.png","contentUrl":"https:\/\/lareinanews.cl\/noticias\/wp-content\/uploads\/2020\/04\/logo_schema.png","width":640,"height":360,"caption":"La Reina.news Peri\u00f3dico comunal de La Reina"},"image":{"@id":"https:\/\/lareinanews.cl\/noticias\/#\/schema\/logo\/image\/"},"sameAs":["https:\/\/www.facebook.com\/LaReinaNews","https:\/\/www.instagram.com\/lareinanews\/"]},{"@type":"Person","@id":"https:\/\/lareinanews.cl\/noticias\/#\/schema\/person\/5646a2be75b518d7fa46783437800c90","name":"Fran\u00e7ois Richard","image":{"@type":"ImageObject","inLanguage":"es","@id":"https:\/\/lareinanews.cl\/noticias\/#\/schema\/person\/image\/","url":"http:\/\/lareina.news\/noticias\/wp-content\/uploads\/2017\/10\/avatar_user_12_1507694400-96x96.jpg","contentUrl":"http:\/\/lareina.news\/noticias\/wp-content\/uploads\/2017\/10\/avatar_user_12_1507694400-96x96.jpg","caption":"Fran\u00e7ois Richard"},"description":"Miembro del COSOC de La Reina (Consejo de la Sociedad Civil), Socio de la Junta de Vecinos 12-F \"Fernando Castillo Velasco\" Director Fundaci\u00f3n por un Movimiento Ciudadano Participativo francois@richard.cl","url":"https:\/\/lareinanews.cl\/noticias\/index.php\/author\/frichard\/"}]}},"_links":{"self":[{"href":"https:\/\/lareinanews.cl\/noticias\/index.php\/wp-json\/wp\/v2\/posts\/929","targetHints":{"allow":["GET"]}}],"collection":[{"href":"https:\/\/lareinanews.cl\/noticias\/index.php\/wp-json\/wp\/v2\/posts"}],"about":[{"href":"https:\/\/lareinanews.cl\/noticias\/index.php\/wp-json\/wp\/v2\/types\/post"}],"author":[{"embeddable":true,"href":"https:\/\/lareinanews.cl\/noticias\/index.php\/wp-json\/wp\/v2\/users\/12"}],"replies":[{"embeddable":true,"href":"https:\/\/lareinanews.cl\/noticias\/index.php\/wp-json\/wp\/v2\/comments?post=929"}],"version-history":[{"count":14,"href":"https:\/\/lareinanews.cl\/noticias\/index.php\/wp-json\/wp\/v2\/posts\/929\/revisions"}],"predecessor-version":[{"id":967,"href":"https:\/\/lareinanews.cl\/noticias\/index.php\/wp-json\/wp\/v2\/posts\/929\/revisions\/967"}],"wp:featuredmedia":[{"embeddable":true,"href":"https:\/\/lareinanews.cl\/noticias\/index.php\/wp-json\/wp\/v2\/media\/966"}],"wp:attachment":[{"href":"https:\/\/lareinanews.cl\/noticias\/index.php\/wp-json\/wp\/v2\/media?parent=929"}],"wp:term":[{"taxonomy":"category","embeddable":true,"href":"https:\/\/lareinanews.cl\/noticias\/index.php\/wp-json\/wp\/v2\/categories?post=929"},{"taxonomy":"post_tag","embeddable":true,"href":"https:\/\/lareinanews.cl\/noticias\/index.php\/wp-json\/wp\/v2\/tags?post=929"}],"curies":[{"name":"wp","href":"https:\/\/api.w.org\/{rel}","templated":true}]}}