{"id":771,"date":"2017-11-11T17:18:38","date_gmt":"2017-11-11T20:18:38","guid":{"rendered":"http:\/\/lareina.news\/noticias\/?p=771"},"modified":"2017-11-11T19:15:19","modified_gmt":"2017-11-11T22:15:19","slug":"la-comunidad-expresa-su-opinion-sobre-el-futuro-de-la-aldea-del-encuentro","status":"publish","type":"post","link":"https:\/\/lareinanews.cl\/noticias\/index.php\/2017\/11\/11\/la-comunidad-expresa-su-opinion-sobre-el-futuro-de-la-aldea-del-encuentro\/","title":{"rendered":"La comunidad expresa su opini\u00f3n sobre el futuro de la Aldea del Encuentro"},"content":{"rendered":"<p>La Aldea del Encuentro ubicada en la avenida Alcalde Fernando Castillo Velasco 9750, naci\u00f3 como un lugar en que la comunidad de toda La Reina pudiese encontrarse en torno a la cultura y las artes. Actualmente funcionan all\u00ed varias oficinas municipales, una <a href=\"http:\/\/circobalance.cl\/\">escuela de circo<\/a>, un caf\u00e9, un teatro, ensaya la orquesta juvenil de la comuna. Existe tambi\u00e9n un paseo de las artes donde hay talleres de variados artesanos y hay un sector destinado a huertos urbanos. La actual administraci\u00f3n municipal ha impulsado un proyecto que tiene como objetivo \u00abMejorar y revitalizar la aldea\u00bb. Contempla el dicho proyecto, trasladar las oficinas municipales a otros recintos y dar un nuevo uso a una cancha de f\u00fatbol que funciona en el recinto.<\/p>\n<p><a href=\"http:\/\/lareina.news\/noticias\/wp-content\/uploads\/2017\/11\/34.png\"><img loading=\"lazy\" decoding=\"async\" class=\"size-medium wp-image-787 alignleft\" src=\"http:\/\/lareina.news\/noticias\/wp-content\/uploads\/2017\/11\/34-300x234.png\" alt=\"\" width=\"300\" height=\"234\" srcset=\"https:\/\/lareinanews.cl\/noticias\/wp-content\/uploads\/2017\/11\/34-300x234.png 300w, https:\/\/lareinanews.cl\/noticias\/wp-content\/uploads\/2017\/11\/34-768x599.png 768w, https:\/\/lareinanews.cl\/noticias\/wp-content\/uploads\/2017\/11\/34-1024x798.png 1024w, https:\/\/lareinanews.cl\/noticias\/wp-content\/uploads\/2017\/11\/34.png 1142w\" sizes=\"auto, (max-width: 300px) 100vw, 300px\" \/><\/a>Colindante\u00a0 a la aldea hay un terreno de propiedad de la empresa Aguas Andinas, donde hay un estanque de agua que permite asegurar el abastecimiento del elemento a un vasto sector de la comuna. Esta propiedad oculta gran parte de la aldea\u00a0 que queda escondida frente a quienes transitan por la avenida Fernando Castillo Velsaco.\u00a0 No obstante ser este un recinto privado, la empresa ha acordado con el municipio ceder estos terrenos en un comodato por 40 a\u00f1os a fin de integrarlo al proyecto de la Aldea del Encuentro.<\/p>\n<p>Hoy se present\u00f3 a la comunidad una propuesta y se realiz\u00f3 un trabajo colectivo con los vecinos que quisieron asistir, a fin de proponer ideas para aprovechar este espacio de la mejor manera. Paralelamente la Coordinadora Vecinal llam\u00f3 a estar presentes en la actividad a fin de <a href=\"\/noticias\/index.php\/2017\/11\/09\/convocatoria-a-defender-la-aldea-del-encuentro\/\">defender el uso original del terreno adyacente<\/a> a la aldea y que fue un colegio. La defensa se hizo poniendo el tema en discusi\u00f3n en las mesas de trabajo y visibiliz\u00e1ndolo frente a quienes a\u00fan no lo conoc\u00edan.<\/p>\n<p>Tambi\u00e9n caus\u00f3 una discusi\u00f3n el uso que se desea hacer del terreno donde hoy hay una cancha de f\u00fatbol, vecinos representaron su preocupaci\u00f3n por que se pierda el uso deportivo y otros que est\u00e1n de acuerdo con que se convierta en un parque manifestaron el temor de que el acceso a este no sea gratuito o que se est\u00e9 pensando instalar comercios de alg\u00fan tipo all\u00ed. Hay que recordar que en la aldea ya existe un centro artesanal y lugares donde tomar un caf\u00e9 o comer algo liviano.<\/p>\n<p>Durante la actividad se dirigieron a la comunidad el Alcalde de la comuna sr. Jos\u00e9 Manuel Palacios y el gerente general de la empresa Aguas Andina el sr. Narciso Berberana. Los vecinos hicieron sus propuestas que fueron recogidas por facilitadores de la oficina de arquitectura que realiza el proyecto y funcionarios municipales. Entre los presentes estaban tambi\u00e9n los concejales Sara Campos, Mar\u00eda Catalina Rubio y \u00c1lvaro Delgado.<\/p>\n<p>La municipalidad en una fecha pr\u00f3xima dar\u00e1 a conocer las conclusiones que surjan del trabajo de las distintas mesas.<\/p>\n<p>&nbsp;<\/p>\n<div id=\"Block_wpape_gallery_69f4d251b900e\" style=\"width:100%; display: none;\"><div class=\"wpape_gallery_button wpape_gallery_align_left\"  id=\"wpape_gallery_69f4d251b900efilter\"><\/div><div id=\"wpape_gallery_69f4d251b900e\" data-options=\"wpape_gallery_69f4d251b900e\" style=\"width:100%;\" class=\"wpape_gallery\"><div class=\"wpape-img category781\" ><div class=\"wpape-img-image  wpape-lightbox\"  ><div data-thumbnail=\"https:\/\/lareinanews.cl\/noticias\/wp-content\/uploads\/2017\/11\/banners-web-ALDEA-300x152.jpg\" title=\"banners-web-ALDEA\" data-width=\"300\" data-height=\"152\" ><\/div><div data-popup=\"https:\/\/lareinanews.cl\/noticias\/wp-content\/uploads\/2017\/11\/banners-web-ALDEA.jpg\"  title=\"banners-web-ALDEA\"><\/div><div class=\"thumbnail-overlay\"><div class=\"wpapeTitle \">banners-web-ALDEA<\/div><div class=\"wpapeIcons\"><i class=\"fa fa-plus wpapeZoomIcon \" ><\/i><\/div><\/div><\/div><\/div><div class=\"wpape-img category781\" ><div class=\"wpape-img-image  wpape-lightbox\"  ><div data-thumbnail=\"https:\/\/lareinanews.cl\/noticias\/wp-content\/uploads\/2017\/11\/11583325373_e171c8b384_z-300x200.jpg\" title=\"11583325373_e171c8b384_z\" data-width=\"300\" data-height=\"200\" ><\/div><div data-popup=\"https:\/\/lareinanews.cl\/noticias\/wp-content\/uploads\/2017\/11\/11583325373_e171c8b384_z.jpg\"  title=\"11583325373_e171c8b384_z\"><\/div><div class=\"thumbnail-overlay\"><div class=\"wpapeTitle \">11583325373_e171c8b384_z<\/div><div class=\"wpapeIcons\"><i class=\"fa fa-plus wpapeZoomIcon \" ><\/i><\/div><\/div><\/div><\/div><div class=\"wpape-img category781\" ><div class=\"wpape-img-image  wpape-lightbox\"  ><div data-thumbnail=\"https:\/\/lareinanews.cl\/noticias\/wp-content\/uploads\/2017\/11\/lr02-300x198.jpg\" title=\"lr02\" data-width=\"300\" data-height=\"198\" ><\/div><div data-popup=\"https:\/\/lareinanews.cl\/noticias\/wp-content\/uploads\/2017\/11\/lr02.jpg\"  title=\"lr02\"><\/div><div class=\"thumbnail-overlay\"><div class=\"wpapeTitle \">lr02<\/div><div class=\"wpapeIcons\"><i class=\"fa fa-plus wpapeZoomIcon \" ><\/i><\/div><\/div><\/div><\/div><div class=\"wpape-img category781\" ><div class=\"wpape-img-image  wpape-lightbox\"  ><div data-thumbnail=\"https:\/\/lareinanews.cl\/noticias\/wp-content\/uploads\/2017\/11\/huertas-3-300x166.jpg\" title=\"huertas-3\" data-width=\"300\" data-height=\"166\" ><\/div><div data-popup=\"https:\/\/lareinanews.cl\/noticias\/wp-content\/uploads\/2017\/11\/huertas-3.jpg\"  title=\"huertas-3\"><\/div><div class=\"thumbnail-overlay\"><div class=\"wpapeTitle \">huertas-3<\/div><div class=\"wpapeIcons\"><i class=\"fa fa-plus wpapeZoomIcon \" ><\/i><\/div><\/div><\/div><\/div><div class=\"wpape-img category781\" ><div class=\"wpape-img-image  wpape-lightbox\"  ><div data-thumbnail=\"https:\/\/lareinanews.cl\/noticias\/wp-content\/uploads\/2017\/11\/ecoferia-1-300x166.jpg\" title=\"ecoferia-1\" data-width=\"300\" data-height=\"166\" ><\/div><div data-popup=\"https:\/\/lareinanews.cl\/noticias\/wp-content\/uploads\/2017\/11\/ecoferia-1.jpg\"  title=\"ecoferia-1\"><\/div><div class=\"thumbnail-overlay\"><div class=\"wpapeTitle \">ecoferia-1<\/div><div class=\"wpapeIcons\"><i class=\"fa fa-plus wpapeZoomIcon \" ><\/i><\/div><\/div><\/div><\/div><div class=\"wpape-img category781\" ><div class=\"wpape-img-image  wpape-lightbox\"  ><div data-thumbnail=\"https:\/\/lareinanews.cl\/noticias\/wp-content\/uploads\/2017\/11\/33-300x226.png\" title=\"33\" data-width=\"300\" data-height=\"226\" ><\/div><div data-popup=\"https:\/\/lareinanews.cl\/noticias\/wp-content\/uploads\/2017\/11\/33.png\"  title=\"33\"><\/div><div class=\"thumbnail-overlay\"><div class=\"wpapeTitle \">33<\/div><div class=\"wpapeIcons\"><i class=\"fa fa-plus wpapeZoomIcon \" ><\/i><\/div><\/div><\/div><\/div><\/div><\/div><script>var wpape_gallery_69f4d251b900e = {\"filterContainer\": \"#wpape_gallery_69f4d251b900efilter\", \"touch\": 1, \"columns\": 3, \"columnWidth\": \"auto\", \"resolutions\": [{\"columnWidth\": \"auto\" , \"columns\":3 , \"maxWidth\": 960} , {\"columnWidth\": \"auto\" , \"columns\":2 , \"maxWidth\": 650} , {\"columnWidth\": \"auto\" , \"columns\":1 , \"maxWidth\": 450}], \"borderSize\": \"3\", \"overlayEffect\": \"direction-aware-fade\", \"boxesToLoadStart\": \"12\", \"boxesToLoad\": \"8\", \"lazyLoad\": true, \"LoadingWord\": \"Gallery images loading\", \"loadMoreWord\": \"More images\", \"noMoreEntriesWord\": \"No images\", \"loadMoreClass\": \" apebtn apebtn-flat apebtn-primary \", \"horizontalSpaceBetweenBoxes\": 15, \"verticalSpaceBetweenBoxes\": 15}, wpape_gallery_69f4d251b900e_css = \"body .mfp-ready.mfp-bg{background-color: rgba(11, 11, 11, 0.8);}#wpape_gallery_69f4d251b900e .wpape-img-container{ -webkit-border-radius: 5px;-moz-border-radius: 5px;border-radius: 5px;border: 3px solid rgb(27, 154, 247) ;-webkit-box-shadow:0px 5px 7px rgba(34, 25, 25, 0.4) ;-moz-box-shadow: \t0px 5px 7px rgba(34, 25, 25, 0.4) ;-o-box-shadow: \t0px 5px 7px rgba(34, 25, 25, 0.4) ;-ms-box-shadow: \t0px 5px 7px rgba(34, 25, 25, 0.4) ;box-shadow: \t\t0px 5px 7px rgba(34, 25, 25, 0.4) ;}#wpape_gallery_69f4d251b900e .wpapeTitle{ font-size:12px; line-height:88%; color:rgb(255, 255, 255); font-weight:bold; font-style:normal; text-decoration:none;}#wpape_gallery_69f4d251b900e .wpapeTitle:hover{color:rgb(255, 255, 255);}#wpape_gallery_69f4d251b900e .thumbnail-overlay{background:rgba(7, 7, 7, 0.5);}#wpape_gallery_69f4d251b900e .wpapeZoomIcon{ font-size:22px; line-height:88%; color:rgb(255, 255, 255);background:rgba(0, 0, 0, 0);}#wpape_gallery_69f4d251b900e .wpapeZoomIcon:hover{color:rgb(255, 255, 255);background:rgba(0, 0, 0, 0);}#wpape_gallery_69f4d251b900e .image-with-dimensions{background-color: rgb(255, 255, 255);}body .mfp-title, body .mfp-counter{color: rgb(243, 243, 243);}\",apeGalleryDelay = 5000; head = document.head || document.getElementsByTagName(\"head\")[0], style = document.createElement(\"style\"); style.type = \"text\/css\"; if (style.styleSheet) style.styleSheet.cssText = wpape_gallery_69f4d251b900e_css; \telse  style.appendChild(document.createTextNode(wpape_gallery_69f4d251b900e_css)); head.appendChild(style);<\/script>\n","protected":false},"excerpt":{"rendered":"<div class=\"mh-excerpt\"><p>La Aldea del Encuentro ubicada en la avenida Alcalde Fernando Castillo Velasco 9750, naci\u00f3 como un lugar en que la comunidad de toda La Reina pudiese encontrarse en torno a la cultura y las artes. <a class=\"mh-excerpt-more\" href=\"https:\/\/lareinanews.cl\/noticias\/index.php\/2017\/11\/11\/la-comunidad-expresa-su-opinion-sobre-el-futuro-de-la-aldea-del-encuentro\/\" title=\"La comunidad expresa su opini\u00f3n sobre el futuro de la Aldea del Encuentro\">[&#8230;]<\/a><\/p>\n<\/div>","protected":false},"author":9,"featured_media":780,"comment_status":"closed","ping_status":"closed","sticky":false,"template":"","format":"standard","meta":{"_acf_changed":false,"footnotes":""},"categories":[31,2],"tags":[93,6,4],"class_list":{"0":"post-771","1":"post","2":"type-post","3":"status-publish","4":"format-standard","5":"has-post-thumbnail","7":"category-destacados","8":"category-comuna","9":"tag-aldea-del-encuentro","10":"tag-comunidad","11":"tag-la-reina"},"acf":[],"yoast_head":"<!-- This site is optimized with the Yoast SEO plugin v27.1.1 - https:\/\/yoast.com\/product\/yoast-seo-wordpress\/ -->\n<title>La comunidad expresa su opini\u00f3n sobre el futuro de la Aldea del Encuentro<\/title>\n<meta name=\"robots\" content=\"index, follow, max-snippet:-1, max-image-preview:large, max-video-preview:-1\" \/>\n<link rel=\"canonical\" href=\"https:\/\/lareinanews.cl\/noticias\/index.php\/2017\/11\/11\/la-comunidad-expresa-su-opinion-sobre-el-futuro-de-la-aldea-del-encuentro\/\" \/>\n<meta property=\"og:locale\" content=\"es_ES\" \/>\n<meta property=\"og:type\" content=\"article\" \/>\n<meta property=\"og:title\" content=\"La comunidad expresa su opini\u00f3n sobre el futuro de la Aldea del Encuentro\" \/>\n<meta property=\"og:description\" content=\"La Aldea del Encuentro ubicada en la avenida Alcalde Fernando Castillo Velasco 9750, naci\u00f3 como un lugar en que la comunidad de toda La Reina pudiese encontrarse en torno a la cultura y las artes. [...]\" \/>\n<meta property=\"og:url\" content=\"https:\/\/lareinanews.cl\/noticias\/index.php\/2017\/11\/11\/la-comunidad-expresa-su-opinion-sobre-el-futuro-de-la-aldea-del-encuentro\/\" \/>\n<meta property=\"og:site_name\" content=\"Noticias La Reina\" \/>\n<meta property=\"article:publisher\" content=\"https:\/\/www.facebook.com\/LaReinaNews\" \/>\n<meta property=\"article:published_time\" content=\"2017-11-11T20:18:38+00:00\" \/>\n<meta property=\"article:modified_time\" content=\"2017-11-11T22:15:19+00:00\" \/>\n<meta property=\"og:image\" content=\"https:\/\/lareinanews.cl\/noticias\/wp-content\/uploads\/2017\/11\/31.png\" \/>\n\t<meta property=\"og:image:width\" content=\"650\" \/>\n\t<meta property=\"og:image:height\" content=\"490\" \/>\n\t<meta property=\"og:image:type\" content=\"image\/png\" \/>\n<meta name=\"author\" content=\"Redacci\u00f3n\" \/>\n<meta name=\"twitter:card\" content=\"summary_large_image\" \/>\n<meta name=\"twitter:label1\" content=\"Escrito por\" \/>\n\t<meta name=\"twitter:data1\" content=\"Redacci\u00f3n\" \/>\n\t<meta name=\"twitter:label2\" content=\"Tiempo de lectura\" \/>\n\t<meta name=\"twitter:data2\" content=\"2 minutos\" \/>\n<script type=\"application\/ld+json\" class=\"yoast-schema-graph\">{\"@context\":\"https:\/\/schema.org\",\"@graph\":[{\"@type\":\"Article\",\"@id\":\"https:\/\/lareinanews.cl\/noticias\/index.php\/2017\/11\/11\/la-comunidad-expresa-su-opinion-sobre-el-futuro-de-la-aldea-del-encuentro\/#article\",\"isPartOf\":{\"@id\":\"https:\/\/lareinanews.cl\/noticias\/index.php\/2017\/11\/11\/la-comunidad-expresa-su-opinion-sobre-el-futuro-de-la-aldea-del-encuentro\/\"},\"author\":{\"name\":\"Redacci\u00f3n\",\"@id\":\"https:\/\/lareinanews.cl\/noticias\/#\/schema\/person\/3a12c4adeed52195fb4ab3cab65d7c4a\"},\"headline\":\"La comunidad expresa su opini\u00f3n sobre el futuro de la Aldea del Encuentro\",\"datePublished\":\"2017-11-11T20:18:38+00:00\",\"dateModified\":\"2017-11-11T22:15:19+00:00\",\"mainEntityOfPage\":{\"@id\":\"https:\/\/lareinanews.cl\/noticias\/index.php\/2017\/11\/11\/la-comunidad-expresa-su-opinion-sobre-el-futuro-de-la-aldea-del-encuentro\/\"},\"wordCount\":499,\"publisher\":{\"@id\":\"https:\/\/lareinanews.cl\/noticias\/#organization\"},\"image\":{\"@id\":\"https:\/\/lareinanews.cl\/noticias\/index.php\/2017\/11\/11\/la-comunidad-expresa-su-opinion-sobre-el-futuro-de-la-aldea-del-encuentro\/#primaryimage\"},\"thumbnailUrl\":\"https:\/\/lareinanews.cl\/noticias\/wp-content\/uploads\/2017\/11\/31.png\",\"keywords\":[\"aldea del encuentro\",\"comunidad\",\"la reina\"],\"articleSection\":[\"Destacados\",\"La Reina\"],\"inLanguage\":\"es\"},{\"@type\":\"WebPage\",\"@id\":\"https:\/\/lareinanews.cl\/noticias\/index.php\/2017\/11\/11\/la-comunidad-expresa-su-opinion-sobre-el-futuro-de-la-aldea-del-encuentro\/\",\"url\":\"https:\/\/lareinanews.cl\/noticias\/index.php\/2017\/11\/11\/la-comunidad-expresa-su-opinion-sobre-el-futuro-de-la-aldea-del-encuentro\/\",\"name\":\"La comunidad expresa su opini\u00f3n sobre el futuro de la Aldea del Encuentro\",\"isPartOf\":{\"@id\":\"https:\/\/lareinanews.cl\/noticias\/#website\"},\"primaryImageOfPage\":{\"@id\":\"https:\/\/lareinanews.cl\/noticias\/index.php\/2017\/11\/11\/la-comunidad-expresa-su-opinion-sobre-el-futuro-de-la-aldea-del-encuentro\/#primaryimage\"},\"image\":{\"@id\":\"https:\/\/lareinanews.cl\/noticias\/index.php\/2017\/11\/11\/la-comunidad-expresa-su-opinion-sobre-el-futuro-de-la-aldea-del-encuentro\/#primaryimage\"},\"thumbnailUrl\":\"https:\/\/lareinanews.cl\/noticias\/wp-content\/uploads\/2017\/11\/31.png\",\"datePublished\":\"2017-11-11T20:18:38+00:00\",\"dateModified\":\"2017-11-11T22:15:19+00:00\",\"breadcrumb\":{\"@id\":\"https:\/\/lareinanews.cl\/noticias\/index.php\/2017\/11\/11\/la-comunidad-expresa-su-opinion-sobre-el-futuro-de-la-aldea-del-encuentro\/#breadcrumb\"},\"inLanguage\":\"es\",\"potentialAction\":[{\"@type\":\"ReadAction\",\"target\":[\"https:\/\/lareinanews.cl\/noticias\/index.php\/2017\/11\/11\/la-comunidad-expresa-su-opinion-sobre-el-futuro-de-la-aldea-del-encuentro\/\"]}]},{\"@type\":\"ImageObject\",\"inLanguage\":\"es\",\"@id\":\"https:\/\/lareinanews.cl\/noticias\/index.php\/2017\/11\/11\/la-comunidad-expresa-su-opinion-sobre-el-futuro-de-la-aldea-del-encuentro\/#primaryimage\",\"url\":\"https:\/\/lareinanews.cl\/noticias\/wp-content\/uploads\/2017\/11\/31.png\",\"contentUrl\":\"https:\/\/lareinanews.cl\/noticias\/wp-content\/uploads\/2017\/11\/31.png\",\"width\":650,\"height\":490},{\"@type\":\"BreadcrumbList\",\"@id\":\"https:\/\/lareinanews.cl\/noticias\/index.php\/2017\/11\/11\/la-comunidad-expresa-su-opinion-sobre-el-futuro-de-la-aldea-del-encuentro\/#breadcrumb\",\"itemListElement\":[{\"@type\":\"ListItem\",\"position\":1,\"name\":\"Inicio\",\"item\":\"https:\/\/lareinanews.cl\/noticias\/\"},{\"@type\":\"ListItem\",\"position\":2,\"name\":\"La comunidad expresa su opini\u00f3n sobre el futuro de la Aldea del Encuentro\"}]},{\"@type\":\"WebSite\",\"@id\":\"https:\/\/lareinanews.cl\/noticias\/#website\",\"url\":\"https:\/\/lareinanews.cl\/noticias\/\",\"name\":\"Noticias La Reina\",\"description\":\"LaReina.news\",\"publisher\":{\"@id\":\"https:\/\/lareinanews.cl\/noticias\/#organization\"},\"potentialAction\":[{\"@type\":\"SearchAction\",\"target\":{\"@type\":\"EntryPoint\",\"urlTemplate\":\"https:\/\/lareinanews.cl\/noticias\/?s={search_term_string}\"},\"query-input\":{\"@type\":\"PropertyValueSpecification\",\"valueRequired\":true,\"valueName\":\"search_term_string\"}}],\"inLanguage\":\"es\"},{\"@type\":\"Organization\",\"@id\":\"https:\/\/lareinanews.cl\/noticias\/#organization\",\"name\":\"La Reina.news Peri\u00f3dico comunal de La Reina\",\"url\":\"https:\/\/lareinanews.cl\/noticias\/\",\"logo\":{\"@type\":\"ImageObject\",\"inLanguage\":\"es\",\"@id\":\"https:\/\/lareinanews.cl\/noticias\/#\/schema\/logo\/image\/\",\"url\":\"https:\/\/lareinanews.cl\/noticias\/wp-content\/uploads\/2020\/04\/logo_schema.png\",\"contentUrl\":\"https:\/\/lareinanews.cl\/noticias\/wp-content\/uploads\/2020\/04\/logo_schema.png\",\"width\":640,\"height\":360,\"caption\":\"La Reina.news Peri\u00f3dico comunal de La Reina\"},\"image\":{\"@id\":\"https:\/\/lareinanews.cl\/noticias\/#\/schema\/logo\/image\/\"},\"sameAs\":[\"https:\/\/www.facebook.com\/LaReinaNews\",\"https:\/\/www.instagram.com\/lareinanews\/\"]},{\"@type\":\"Person\",\"@id\":\"https:\/\/lareinanews.cl\/noticias\/#\/schema\/person\/3a12c4adeed52195fb4ab3cab65d7c4a\",\"name\":\"Redacci\u00f3n\",\"image\":{\"@type\":\"ImageObject\",\"inLanguage\":\"es\",\"@id\":\"https:\/\/lareinanews.cl\/noticias\/#\/schema\/person\/image\/\",\"url\":\"http:\/\/lareina.news\/noticias\/wp-content\/uploads\/2017\/10\/avatar_user_9_1507321806-96x96.png\",\"contentUrl\":\"http:\/\/lareina.news\/noticias\/wp-content\/uploads\/2017\/10\/avatar_user_9_1507321806-96x96.png\",\"caption\":\"Redacci\u00f3n\"},\"sameAs\":[\"http:\/\/lareina.news\"],\"url\":\"https:\/\/lareinanews.cl\/noticias\/index.php\/author\/staff\/\"}]}<\/script>\n<!-- \/ Yoast SEO plugin. -->","yoast_head_json":{"title":"La comunidad expresa su opini\u00f3n sobre el futuro de la Aldea del Encuentro","robots":{"index":"index","follow":"follow","max-snippet":"max-snippet:-1","max-image-preview":"max-image-preview:large","max-video-preview":"max-video-preview:-1"},"canonical":"https:\/\/lareinanews.cl\/noticias\/index.php\/2017\/11\/11\/la-comunidad-expresa-su-opinion-sobre-el-futuro-de-la-aldea-del-encuentro\/","og_locale":"es_ES","og_type":"article","og_title":"La comunidad expresa su opini\u00f3n sobre el futuro de la Aldea del Encuentro","og_description":"La Aldea del Encuentro ubicada en la avenida Alcalde Fernando Castillo Velasco 9750, naci\u00f3 como un lugar en que la comunidad de toda La Reina pudiese encontrarse en torno a la cultura y las artes. [...]","og_url":"https:\/\/lareinanews.cl\/noticias\/index.php\/2017\/11\/11\/la-comunidad-expresa-su-opinion-sobre-el-futuro-de-la-aldea-del-encuentro\/","og_site_name":"Noticias La Reina","article_publisher":"https:\/\/www.facebook.com\/LaReinaNews","article_published_time":"2017-11-11T20:18:38+00:00","article_modified_time":"2017-11-11T22:15:19+00:00","og_image":[{"width":650,"height":490,"url":"https:\/\/lareinanews.cl\/noticias\/wp-content\/uploads\/2017\/11\/31.png","type":"image\/png"}],"author":"Redacci\u00f3n","twitter_card":"summary_large_image","twitter_misc":{"Escrito por":"Redacci\u00f3n","Tiempo de lectura":"2 minutos"},"schema":{"@context":"https:\/\/schema.org","@graph":[{"@type":"Article","@id":"https:\/\/lareinanews.cl\/noticias\/index.php\/2017\/11\/11\/la-comunidad-expresa-su-opinion-sobre-el-futuro-de-la-aldea-del-encuentro\/#article","isPartOf":{"@id":"https:\/\/lareinanews.cl\/noticias\/index.php\/2017\/11\/11\/la-comunidad-expresa-su-opinion-sobre-el-futuro-de-la-aldea-del-encuentro\/"},"author":{"name":"Redacci\u00f3n","@id":"https:\/\/lareinanews.cl\/noticias\/#\/schema\/person\/3a12c4adeed52195fb4ab3cab65d7c4a"},"headline":"La comunidad expresa su opini\u00f3n sobre el futuro de la Aldea del Encuentro","datePublished":"2017-11-11T20:18:38+00:00","dateModified":"2017-11-11T22:15:19+00:00","mainEntityOfPage":{"@id":"https:\/\/lareinanews.cl\/noticias\/index.php\/2017\/11\/11\/la-comunidad-expresa-su-opinion-sobre-el-futuro-de-la-aldea-del-encuentro\/"},"wordCount":499,"publisher":{"@id":"https:\/\/lareinanews.cl\/noticias\/#organization"},"image":{"@id":"https:\/\/lareinanews.cl\/noticias\/index.php\/2017\/11\/11\/la-comunidad-expresa-su-opinion-sobre-el-futuro-de-la-aldea-del-encuentro\/#primaryimage"},"thumbnailUrl":"https:\/\/lareinanews.cl\/noticias\/wp-content\/uploads\/2017\/11\/31.png","keywords":["aldea del encuentro","comunidad","la reina"],"articleSection":["Destacados","La Reina"],"inLanguage":"es"},{"@type":"WebPage","@id":"https:\/\/lareinanews.cl\/noticias\/index.php\/2017\/11\/11\/la-comunidad-expresa-su-opinion-sobre-el-futuro-de-la-aldea-del-encuentro\/","url":"https:\/\/lareinanews.cl\/noticias\/index.php\/2017\/11\/11\/la-comunidad-expresa-su-opinion-sobre-el-futuro-de-la-aldea-del-encuentro\/","name":"La comunidad expresa su opini\u00f3n sobre el futuro de la Aldea del Encuentro","isPartOf":{"@id":"https:\/\/lareinanews.cl\/noticias\/#website"},"primaryImageOfPage":{"@id":"https:\/\/lareinanews.cl\/noticias\/index.php\/2017\/11\/11\/la-comunidad-expresa-su-opinion-sobre-el-futuro-de-la-aldea-del-encuentro\/#primaryimage"},"image":{"@id":"https:\/\/lareinanews.cl\/noticias\/index.php\/2017\/11\/11\/la-comunidad-expresa-su-opinion-sobre-el-futuro-de-la-aldea-del-encuentro\/#primaryimage"},"thumbnailUrl":"https:\/\/lareinanews.cl\/noticias\/wp-content\/uploads\/2017\/11\/31.png","datePublished":"2017-11-11T20:18:38+00:00","dateModified":"2017-11-11T22:15:19+00:00","breadcrumb":{"@id":"https:\/\/lareinanews.cl\/noticias\/index.php\/2017\/11\/11\/la-comunidad-expresa-su-opinion-sobre-el-futuro-de-la-aldea-del-encuentro\/#breadcrumb"},"inLanguage":"es","potentialAction":[{"@type":"ReadAction","target":["https:\/\/lareinanews.cl\/noticias\/index.php\/2017\/11\/11\/la-comunidad-expresa-su-opinion-sobre-el-futuro-de-la-aldea-del-encuentro\/"]}]},{"@type":"ImageObject","inLanguage":"es","@id":"https:\/\/lareinanews.cl\/noticias\/index.php\/2017\/11\/11\/la-comunidad-expresa-su-opinion-sobre-el-futuro-de-la-aldea-del-encuentro\/#primaryimage","url":"https:\/\/lareinanews.cl\/noticias\/wp-content\/uploads\/2017\/11\/31.png","contentUrl":"https:\/\/lareinanews.cl\/noticias\/wp-content\/uploads\/2017\/11\/31.png","width":650,"height":490},{"@type":"BreadcrumbList","@id":"https:\/\/lareinanews.cl\/noticias\/index.php\/2017\/11\/11\/la-comunidad-expresa-su-opinion-sobre-el-futuro-de-la-aldea-del-encuentro\/#breadcrumb","itemListElement":[{"@type":"ListItem","position":1,"name":"Inicio","item":"https:\/\/lareinanews.cl\/noticias\/"},{"@type":"ListItem","position":2,"name":"La comunidad expresa su opini\u00f3n sobre el futuro de la Aldea del Encuentro"}]},{"@type":"WebSite","@id":"https:\/\/lareinanews.cl\/noticias\/#website","url":"https:\/\/lareinanews.cl\/noticias\/","name":"Noticias La Reina","description":"LaReina.news","publisher":{"@id":"https:\/\/lareinanews.cl\/noticias\/#organization"},"potentialAction":[{"@type":"SearchAction","target":{"@type":"EntryPoint","urlTemplate":"https:\/\/lareinanews.cl\/noticias\/?s={search_term_string}"},"query-input":{"@type":"PropertyValueSpecification","valueRequired":true,"valueName":"search_term_string"}}],"inLanguage":"es"},{"@type":"Organization","@id":"https:\/\/lareinanews.cl\/noticias\/#organization","name":"La Reina.news Peri\u00f3dico comunal de La Reina","url":"https:\/\/lareinanews.cl\/noticias\/","logo":{"@type":"ImageObject","inLanguage":"es","@id":"https:\/\/lareinanews.cl\/noticias\/#\/schema\/logo\/image\/","url":"https:\/\/lareinanews.cl\/noticias\/wp-content\/uploads\/2020\/04\/logo_schema.png","contentUrl":"https:\/\/lareinanews.cl\/noticias\/wp-content\/uploads\/2020\/04\/logo_schema.png","width":640,"height":360,"caption":"La Reina.news Peri\u00f3dico comunal de La Reina"},"image":{"@id":"https:\/\/lareinanews.cl\/noticias\/#\/schema\/logo\/image\/"},"sameAs":["https:\/\/www.facebook.com\/LaReinaNews","https:\/\/www.instagram.com\/lareinanews\/"]},{"@type":"Person","@id":"https:\/\/lareinanews.cl\/noticias\/#\/schema\/person\/3a12c4adeed52195fb4ab3cab65d7c4a","name":"Redacci\u00f3n","image":{"@type":"ImageObject","inLanguage":"es","@id":"https:\/\/lareinanews.cl\/noticias\/#\/schema\/person\/image\/","url":"http:\/\/lareina.news\/noticias\/wp-content\/uploads\/2017\/10\/avatar_user_9_1507321806-96x96.png","contentUrl":"http:\/\/lareina.news\/noticias\/wp-content\/uploads\/2017\/10\/avatar_user_9_1507321806-96x96.png","caption":"Redacci\u00f3n"},"sameAs":["http:\/\/lareina.news"],"url":"https:\/\/lareinanews.cl\/noticias\/index.php\/author\/staff\/"}]}},"_links":{"self":[{"href":"https:\/\/lareinanews.cl\/noticias\/index.php\/wp-json\/wp\/v2\/posts\/771","targetHints":{"allow":["GET"]}}],"collection":[{"href":"https:\/\/lareinanews.cl\/noticias\/index.php\/wp-json\/wp\/v2\/posts"}],"about":[{"href":"https:\/\/lareinanews.cl\/noticias\/index.php\/wp-json\/wp\/v2\/types\/post"}],"author":[{"embeddable":true,"href":"https:\/\/lareinanews.cl\/noticias\/index.php\/wp-json\/wp\/v2\/users\/9"}],"replies":[{"embeddable":true,"href":"https:\/\/lareinanews.cl\/noticias\/index.php\/wp-json\/wp\/v2\/comments?post=771"}],"version-history":[{"count":10,"href":"https:\/\/lareinanews.cl\/noticias\/index.php\/wp-json\/wp\/v2\/posts\/771\/revisions"}],"predecessor-version":[{"id":789,"href":"https:\/\/lareinanews.cl\/noticias\/index.php\/wp-json\/wp\/v2\/posts\/771\/revisions\/789"}],"wp:featuredmedia":[{"embeddable":true,"href":"https:\/\/lareinanews.cl\/noticias\/index.php\/wp-json\/wp\/v2\/media\/780"}],"wp:attachment":[{"href":"https:\/\/lareinanews.cl\/noticias\/index.php\/wp-json\/wp\/v2\/media?parent=771"}],"wp:term":[{"taxonomy":"category","embeddable":true,"href":"https:\/\/lareinanews.cl\/noticias\/index.php\/wp-json\/wp\/v2\/categories?post=771"},{"taxonomy":"post_tag","embeddable":true,"href":"https:\/\/lareinanews.cl\/noticias\/index.php\/wp-json\/wp\/v2\/tags?post=771"}],"curies":[{"name":"wp","href":"https:\/\/api.w.org\/{rel}","templated":true}]}}