{"id":5408,"date":"2025-03-20T03:13:43","date_gmt":"2025-03-20T06:13:43","guid":{"rendered":"https:\/\/lareinanews.cl\/noticias\/?p=5408"},"modified":"2025-04-25T05:12:04","modified_gmt":"2025-04-25T08:12:04","slug":"el-uso-de-armas-no-letales","status":"publish","type":"post","link":"https:\/\/lareinanews.cl\/noticias\/index.php\/2025\/03\/20\/el-uso-de-armas-no-letales\/","title":{"rendered":"El uso de pistolas no letales"},"content":{"rendered":"<h3>Una Necesidad Urgente para la Seguridad Local<\/h3>\n<p>La seguridad se ha convertido en una de las principales preocupaciones de los vecinos de La Reina y del pa\u00eds en general. El aumento de la delincuencia y la violencia exige herramientas efectivas para enfrentar esta realidad, y una de ellas es la dotaci\u00f3n de pistolas no letales, como las Taser y las Byrna, para inspectores municipales y guardias de seguridad con curso OS-10. Sin embargo, a pesar de su probada eficacia en pa\u00edses desarrollados, en Chile la discusi\u00f3n sobre su implementaci\u00f3n sigue entrampada en debates legislativos sin avances concretos.<\/p>\n<h3>La efectividad de las armas no letales<\/h3>\n<p><img loading=\"lazy\" decoding=\"async\" class=\"size-medium wp-image-5412 alignright\" src=\"https:\/\/lareinanews.cl\/noticias\/wp-content\/uploads\/2025\/03\/arma_no_letal-300x300.png\" alt=\"Pistola El\u00e9ctrica (Taser)\" width=\"300\" height=\"300\" srcset=\"https:\/\/lareinanews.cl\/noticias\/wp-content\/uploads\/2025\/03\/arma_no_letal-300x300.png 300w, https:\/\/lareinanews.cl\/noticias\/wp-content\/uploads\/2025\/03\/arma_no_letal-150x150.png 150w, https:\/\/lareinanews.cl\/noticias\/wp-content\/uploads\/2025\/03\/arma_no_letal.png 539w\" sizes=\"auto, (max-width: 300px) 100vw, 300px\" \/>En pa\u00edses como Alemania, Canad\u00e1, Estados Unidos y varias naciones europeas, las pistolas no letales son parte esencial del equipamiento de las fuerzas de seguridad y, en algunos casos, de equipos de seguridad privada. El motivo es claro: estas herramientas permiten neutralizar agresores sin causar da\u00f1os permanentes, brindando una alternativa eficaz entre la persuasi\u00f3n verbal y el uso de armas de fuego.<\/p>\n<p>Las pistolas Taser, por ejemplo, utilizan impulsos el\u00e9ctricos que incapacitan temporalmente a una persona, reduciendo el riesgo de confrontaciones letales. Por otro lado, dispositivos como las Byrna ofrecen una opci\u00f3n adicional con proyectiles de gas irritante o impacto cin\u00e9tico, \u00fatiles para disuadir amenazas sin consecuencias fatales. Su implementaci\u00f3n en municipios y empresas de seguridad privada ha demostrado reducir la necesidad de enfrentamientos armados y aumentar la capacidad de respuesta ante situaciones de riesgo.<\/p>\n<h3>La urgencia de una regulaci\u00f3n clara<\/h3>\n<p>En Chile, los inspectores municipales y guardias de seguridad carecen de herramientas efectivas para enfrentar situaciones de violencia. Actualmente, los inspectores dependen \u00fanicamente de su presencia disuasiva y de la asistencia de Carabineros, cuyo tiempo de respuesta muchas veces es insuficiente para evitar delitos en desarrollo.<\/p>\n<p>A pesar de la creciente demanda por mayor seguridad, el debate sobre la autorizaci\u00f3n del uso de armas no letales sigue paralizado. Es imprescindible que las autoridades avancen en una normativa que permita su implementaci\u00f3n, estableciendo protocolos claros de uso, entrenamiento obligatorio y supervisi\u00f3n adecuada.<\/p>\n<h3>Abrir el debate sobre el uso de armas de fuego<\/h3>\n<p>Si bien el uso de dispositivos no letales es un paso en la direcci\u00f3n correcta, tambi\u00e9n es necesario abrir el debate sobre la posibilidad de que inspectores municipales debidamente capacitados puedan portar armas de fuego, siempre que cuenten con las medidas de protecci\u00f3n adecuadas y el respaldo legal necesario para desempe\u00f1ar su labor con seguridad y eficacia. La experiencia en otros pa\u00edses demuestra que la presencia de personal formado y con el equipamiento adecuado puede tener un impacto significativo en la reducci\u00f3n de delitos violentos.<\/p>\n<p>La seguridad de nuestros vecinos no puede seguir dependiendo de debates interminables y soluciones insuficientes. La incorporaci\u00f3n de pistolas no letales y la discusi\u00f3n sobre el rol de los inspectores en el uso de armas de fuego deben abordarse con visi\u00f3n y decisi\u00f3n pol\u00edtica.<\/p>\n<p>Ha llegado el momento de actuar<\/p>\n","protected":false},"excerpt":{"rendered":"<div class=\"mh-excerpt\"><p>Una Necesidad Urgente para la Seguridad Local La seguridad se ha convertido en una de las principales preocupaciones de los vecinos de La Reina y del pa\u00eds en general. El aumento de la delincuencia y <a class=\"mh-excerpt-more\" href=\"https:\/\/lareinanews.cl\/noticias\/index.php\/2025\/03\/20\/el-uso-de-armas-no-letales\/\" title=\"El uso de pistolas no letales\">[&#8230;]<\/a><\/p>\n<\/div>","protected":false},"author":47,"featured_media":5414,"comment_status":"closed","ping_status":"closed","sticky":false,"template":"","format":"standard","meta":{"_acf_changed":false,"footnotes":""},"categories":[355,18,159,31,2,14,271],"tags":[353,354,25],"class_list":{"0":"post-5408","1":"post","2":"type-post","3":"status-publish","4":"format-standard","5":"has-post-thumbnail","7":"category-armas-no-letales","8":"category-columnas","9":"category-concejo-municipal","10":"category-destacados","11":"category-comuna","12":"category-noticias","13":"category-seguridad-y-autocuidado","14":"tag-armas-no-letales","15":"tag-guardias","16":"tag-seguridad"},"acf":[],"yoast_head":"<!-- This site is optimized with the Yoast SEO plugin v27.1.1 - https:\/\/yoast.com\/product\/yoast-seo-wordpress\/ -->\n<title>El uso de pistolas no letales<\/title>\n<meta name=\"description\" content=\"El Uso de Pistolas No Letales, Una Necesidad Urgente para la Seguridad Local. \u00bfDeber\u00edan los inspectores municipales usar alg\u00fan tipo de arma?\" \/>\n<meta name=\"robots\" content=\"index, follow, max-snippet:-1, max-image-preview:large, max-video-preview:-1\" \/>\n<link rel=\"canonical\" href=\"https:\/\/lareinanews.cl\/noticias\/index.php\/2025\/03\/20\/el-uso-de-armas-no-letales\/\" \/>\n<meta property=\"og:locale\" content=\"es_ES\" \/>\n<meta property=\"og:type\" content=\"article\" \/>\n<meta property=\"og:title\" content=\"El uso de pistolas no letales\" \/>\n<meta property=\"og:description\" content=\"El Uso de Pistolas No Letales, Una Necesidad Urgente para la Seguridad Local. \u00bfDeber\u00edan los inspectores municipales usar alg\u00fan tipo de arma?\" \/>\n<meta property=\"og:url\" content=\"https:\/\/lareinanews.cl\/noticias\/index.php\/2025\/03\/20\/el-uso-de-armas-no-letales\/\" \/>\n<meta property=\"og:site_name\" content=\"Noticias La Reina\" \/>\n<meta property=\"article:publisher\" content=\"https:\/\/www.facebook.com\/LaReinaNews\" \/>\n<meta property=\"article:published_time\" content=\"2025-03-20T06:13:43+00:00\" \/>\n<meta property=\"article:modified_time\" content=\"2025-04-25T08:12:04+00:00\" \/>\n<meta property=\"og:image\" content=\"https:\/\/lareinanews.cl\/noticias\/wp-content\/uploads\/2023\/02\/taser_1.png\" \/>\n\t<meta property=\"og:image:width\" content=\"650\" \/>\n\t<meta property=\"og:image:height\" content=\"490\" \/>\n\t<meta property=\"og:image:type\" content=\"image\/png\" \/>\n<meta name=\"author\" content=\"Mauricio Martin\" \/>\n<meta name=\"twitter:card\" content=\"summary_large_image\" \/>\n<meta name=\"twitter:creator\" content=\"@mmartinhartwig\" \/>\n<meta name=\"twitter:label1\" content=\"Escrito por\" \/>\n\t<meta name=\"twitter:data1\" content=\"Mauricio Martin\" \/>\n\t<meta name=\"twitter:label2\" content=\"Tiempo de lectura\" \/>\n\t<meta name=\"twitter:data2\" content=\"3 minutos\" \/>\n<script type=\"application\/ld+json\" class=\"yoast-schema-graph\">{\"@context\":\"https:\/\/schema.org\",\"@graph\":[{\"@type\":\"Article\",\"@id\":\"https:\/\/lareinanews.cl\/noticias\/index.php\/2025\/03\/20\/el-uso-de-armas-no-letales\/#article\",\"isPartOf\":{\"@id\":\"https:\/\/lareinanews.cl\/noticias\/index.php\/2025\/03\/20\/el-uso-de-armas-no-letales\/\"},\"author\":{\"name\":\"Mauricio Martin\",\"@id\":\"https:\/\/lareinanews.cl\/noticias\/#\/schema\/person\/f999e26fce9eb463639b8473d0b2284c\"},\"headline\":\"El uso de pistolas no letales\",\"datePublished\":\"2025-03-20T06:13:43+00:00\",\"dateModified\":\"2025-04-25T08:12:04+00:00\",\"mainEntityOfPage\":{\"@id\":\"https:\/\/lareinanews.cl\/noticias\/index.php\/2025\/03\/20\/el-uso-de-armas-no-letales\/\"},\"wordCount\":514,\"publisher\":{\"@id\":\"https:\/\/lareinanews.cl\/noticias\/#organization\"},\"image\":{\"@id\":\"https:\/\/lareinanews.cl\/noticias\/index.php\/2025\/03\/20\/el-uso-de-armas-no-letales\/#primaryimage\"},\"thumbnailUrl\":\"https:\/\/lareinanews.cl\/noticias\/wp-content\/uploads\/2023\/02\/taser_1.png\",\"keywords\":[\"armas no letales\",\"guardias\",\"seguridad\"],\"articleSection\":[\"Armas no letales\",\"Columnas\",\"Concejo Municipal\",\"Destacados\",\"La Reina\",\"Noticias\",\"Seguridad y Autocuidado\"],\"inLanguage\":\"es\"},{\"@type\":\"WebPage\",\"@id\":\"https:\/\/lareinanews.cl\/noticias\/index.php\/2025\/03\/20\/el-uso-de-armas-no-letales\/\",\"url\":\"https:\/\/lareinanews.cl\/noticias\/index.php\/2025\/03\/20\/el-uso-de-armas-no-letales\/\",\"name\":\"El uso de pistolas no letales\",\"isPartOf\":{\"@id\":\"https:\/\/lareinanews.cl\/noticias\/#website\"},\"primaryImageOfPage\":{\"@id\":\"https:\/\/lareinanews.cl\/noticias\/index.php\/2025\/03\/20\/el-uso-de-armas-no-letales\/#primaryimage\"},\"image\":{\"@id\":\"https:\/\/lareinanews.cl\/noticias\/index.php\/2025\/03\/20\/el-uso-de-armas-no-letales\/#primaryimage\"},\"thumbnailUrl\":\"https:\/\/lareinanews.cl\/noticias\/wp-content\/uploads\/2023\/02\/taser_1.png\",\"datePublished\":\"2025-03-20T06:13:43+00:00\",\"dateModified\":\"2025-04-25T08:12:04+00:00\",\"description\":\"El Uso de Pistolas No Letales, Una Necesidad Urgente para la Seguridad Local. \u00bfDeber\u00edan los inspectores municipales usar alg\u00fan tipo de arma?\",\"breadcrumb\":{\"@id\":\"https:\/\/lareinanews.cl\/noticias\/index.php\/2025\/03\/20\/el-uso-de-armas-no-letales\/#breadcrumb\"},\"inLanguage\":\"es\",\"potentialAction\":[{\"@type\":\"ReadAction\",\"target\":[\"https:\/\/lareinanews.cl\/noticias\/index.php\/2025\/03\/20\/el-uso-de-armas-no-letales\/\"]}]},{\"@type\":\"ImageObject\",\"inLanguage\":\"es\",\"@id\":\"https:\/\/lareinanews.cl\/noticias\/index.php\/2025\/03\/20\/el-uso-de-armas-no-letales\/#primaryimage\",\"url\":\"https:\/\/lareinanews.cl\/noticias\/wp-content\/uploads\/2023\/02\/taser_1.png\",\"contentUrl\":\"https:\/\/lareinanews.cl\/noticias\/wp-content\/uploads\/2023\/02\/taser_1.png\",\"width\":650,\"height\":490},{\"@type\":\"BreadcrumbList\",\"@id\":\"https:\/\/lareinanews.cl\/noticias\/index.php\/2025\/03\/20\/el-uso-de-armas-no-letales\/#breadcrumb\",\"itemListElement\":[{\"@type\":\"ListItem\",\"position\":1,\"name\":\"Inicio\",\"item\":\"https:\/\/lareinanews.cl\/noticias\/\"},{\"@type\":\"ListItem\",\"position\":2,\"name\":\"El uso de pistolas no letales\"}]},{\"@type\":\"WebSite\",\"@id\":\"https:\/\/lareinanews.cl\/noticias\/#website\",\"url\":\"https:\/\/lareinanews.cl\/noticias\/\",\"name\":\"Noticias La Reina\",\"description\":\"LaReina.news\",\"publisher\":{\"@id\":\"https:\/\/lareinanews.cl\/noticias\/#organization\"},\"potentialAction\":[{\"@type\":\"SearchAction\",\"target\":{\"@type\":\"EntryPoint\",\"urlTemplate\":\"https:\/\/lareinanews.cl\/noticias\/?s={search_term_string}\"},\"query-input\":{\"@type\":\"PropertyValueSpecification\",\"valueRequired\":true,\"valueName\":\"search_term_string\"}}],\"inLanguage\":\"es\"},{\"@type\":\"Organization\",\"@id\":\"https:\/\/lareinanews.cl\/noticias\/#organization\",\"name\":\"La Reina.news Peri\u00f3dico comunal de La Reina\",\"url\":\"https:\/\/lareinanews.cl\/noticias\/\",\"logo\":{\"@type\":\"ImageObject\",\"inLanguage\":\"es\",\"@id\":\"https:\/\/lareinanews.cl\/noticias\/#\/schema\/logo\/image\/\",\"url\":\"https:\/\/lareinanews.cl\/noticias\/wp-content\/uploads\/2020\/04\/logo_schema.png\",\"contentUrl\":\"https:\/\/lareinanews.cl\/noticias\/wp-content\/uploads\/2020\/04\/logo_schema.png\",\"width\":640,\"height\":360,\"caption\":\"La Reina.news Peri\u00f3dico comunal de La Reina\"},\"image\":{\"@id\":\"https:\/\/lareinanews.cl\/noticias\/#\/schema\/logo\/image\/\"},\"sameAs\":[\"https:\/\/www.facebook.com\/LaReinaNews\",\"https:\/\/www.instagram.com\/lareinanews\/\"]},{\"@type\":\"Person\",\"@id\":\"https:\/\/lareinanews.cl\/noticias\/#\/schema\/person\/f999e26fce9eb463639b8473d0b2284c\",\"name\":\"Mauricio Martin\",\"image\":{\"@type\":\"ImageObject\",\"inLanguage\":\"es\",\"@id\":\"https:\/\/lareinanews.cl\/noticias\/#\/schema\/person\/image\/\",\"url\":\"https:\/\/lareinanews.cl\/noticias\/wp-content\/uploads\/2025\/03\/avatar_user_47_1742447256-96x96.png\",\"contentUrl\":\"https:\/\/lareinanews.cl\/noticias\/wp-content\/uploads\/2025\/03\/avatar_user_47_1742447256-96x96.png\",\"caption\":\"Mauricio Martin\"},\"description\":\"Me comprometo a seguir trabajando por todos y cada uno de ustedes, con el enfoque puesto en seguridad, que es prioridad. Tambi\u00e9n en el deporte, nuestros adultos mayores y ni\u00f1os, para tener una mejor comuna para todos\",\"sameAs\":[\"https:\/\/www.instagram.com\/mauricio_martinh\/\",\"https:\/\/x.com\/mmartinhartwig\"],\"url\":\"https:\/\/lareinanews.cl\/noticias\/index.php\/author\/mmartinh\/\"}]}<\/script>\n<!-- \/ Yoast SEO plugin. -->","yoast_head_json":{"title":"El uso de pistolas no letales","description":"El Uso de Pistolas No Letales, Una Necesidad Urgente para la Seguridad Local. \u00bfDeber\u00edan los inspectores municipales usar alg\u00fan tipo de arma?","robots":{"index":"index","follow":"follow","max-snippet":"max-snippet:-1","max-image-preview":"max-image-preview:large","max-video-preview":"max-video-preview:-1"},"canonical":"https:\/\/lareinanews.cl\/noticias\/index.php\/2025\/03\/20\/el-uso-de-armas-no-letales\/","og_locale":"es_ES","og_type":"article","og_title":"El uso de pistolas no letales","og_description":"El Uso de Pistolas No Letales, Una Necesidad Urgente para la Seguridad Local. \u00bfDeber\u00edan los inspectores municipales usar alg\u00fan tipo de arma?","og_url":"https:\/\/lareinanews.cl\/noticias\/index.php\/2025\/03\/20\/el-uso-de-armas-no-letales\/","og_site_name":"Noticias La Reina","article_publisher":"https:\/\/www.facebook.com\/LaReinaNews","article_published_time":"2025-03-20T06:13:43+00:00","article_modified_time":"2025-04-25T08:12:04+00:00","og_image":[{"width":650,"height":490,"url":"https:\/\/lareinanews.cl\/noticias\/wp-content\/uploads\/2023\/02\/taser_1.png","type":"image\/png"}],"author":"Mauricio Martin","twitter_card":"summary_large_image","twitter_creator":"@mmartinhartwig","twitter_misc":{"Escrito por":"Mauricio Martin","Tiempo de lectura":"3 minutos"},"schema":{"@context":"https:\/\/schema.org","@graph":[{"@type":"Article","@id":"https:\/\/lareinanews.cl\/noticias\/index.php\/2025\/03\/20\/el-uso-de-armas-no-letales\/#article","isPartOf":{"@id":"https:\/\/lareinanews.cl\/noticias\/index.php\/2025\/03\/20\/el-uso-de-armas-no-letales\/"},"author":{"name":"Mauricio Martin","@id":"https:\/\/lareinanews.cl\/noticias\/#\/schema\/person\/f999e26fce9eb463639b8473d0b2284c"},"headline":"El uso de pistolas no letales","datePublished":"2025-03-20T06:13:43+00:00","dateModified":"2025-04-25T08:12:04+00:00","mainEntityOfPage":{"@id":"https:\/\/lareinanews.cl\/noticias\/index.php\/2025\/03\/20\/el-uso-de-armas-no-letales\/"},"wordCount":514,"publisher":{"@id":"https:\/\/lareinanews.cl\/noticias\/#organization"},"image":{"@id":"https:\/\/lareinanews.cl\/noticias\/index.php\/2025\/03\/20\/el-uso-de-armas-no-letales\/#primaryimage"},"thumbnailUrl":"https:\/\/lareinanews.cl\/noticias\/wp-content\/uploads\/2023\/02\/taser_1.png","keywords":["armas no letales","guardias","seguridad"],"articleSection":["Armas no letales","Columnas","Concejo Municipal","Destacados","La Reina","Noticias","Seguridad y Autocuidado"],"inLanguage":"es"},{"@type":"WebPage","@id":"https:\/\/lareinanews.cl\/noticias\/index.php\/2025\/03\/20\/el-uso-de-armas-no-letales\/","url":"https:\/\/lareinanews.cl\/noticias\/index.php\/2025\/03\/20\/el-uso-de-armas-no-letales\/","name":"El uso de pistolas no letales","isPartOf":{"@id":"https:\/\/lareinanews.cl\/noticias\/#website"},"primaryImageOfPage":{"@id":"https:\/\/lareinanews.cl\/noticias\/index.php\/2025\/03\/20\/el-uso-de-armas-no-letales\/#primaryimage"},"image":{"@id":"https:\/\/lareinanews.cl\/noticias\/index.php\/2025\/03\/20\/el-uso-de-armas-no-letales\/#primaryimage"},"thumbnailUrl":"https:\/\/lareinanews.cl\/noticias\/wp-content\/uploads\/2023\/02\/taser_1.png","datePublished":"2025-03-20T06:13:43+00:00","dateModified":"2025-04-25T08:12:04+00:00","description":"El Uso de Pistolas No Letales, Una Necesidad Urgente para la Seguridad Local. \u00bfDeber\u00edan los inspectores municipales usar alg\u00fan tipo de arma?","breadcrumb":{"@id":"https:\/\/lareinanews.cl\/noticias\/index.php\/2025\/03\/20\/el-uso-de-armas-no-letales\/#breadcrumb"},"inLanguage":"es","potentialAction":[{"@type":"ReadAction","target":["https:\/\/lareinanews.cl\/noticias\/index.php\/2025\/03\/20\/el-uso-de-armas-no-letales\/"]}]},{"@type":"ImageObject","inLanguage":"es","@id":"https:\/\/lareinanews.cl\/noticias\/index.php\/2025\/03\/20\/el-uso-de-armas-no-letales\/#primaryimage","url":"https:\/\/lareinanews.cl\/noticias\/wp-content\/uploads\/2023\/02\/taser_1.png","contentUrl":"https:\/\/lareinanews.cl\/noticias\/wp-content\/uploads\/2023\/02\/taser_1.png","width":650,"height":490},{"@type":"BreadcrumbList","@id":"https:\/\/lareinanews.cl\/noticias\/index.php\/2025\/03\/20\/el-uso-de-armas-no-letales\/#breadcrumb","itemListElement":[{"@type":"ListItem","position":1,"name":"Inicio","item":"https:\/\/lareinanews.cl\/noticias\/"},{"@type":"ListItem","position":2,"name":"El uso de pistolas no letales"}]},{"@type":"WebSite","@id":"https:\/\/lareinanews.cl\/noticias\/#website","url":"https:\/\/lareinanews.cl\/noticias\/","name":"Noticias La Reina","description":"LaReina.news","publisher":{"@id":"https:\/\/lareinanews.cl\/noticias\/#organization"},"potentialAction":[{"@type":"SearchAction","target":{"@type":"EntryPoint","urlTemplate":"https:\/\/lareinanews.cl\/noticias\/?s={search_term_string}"},"query-input":{"@type":"PropertyValueSpecification","valueRequired":true,"valueName":"search_term_string"}}],"inLanguage":"es"},{"@type":"Organization","@id":"https:\/\/lareinanews.cl\/noticias\/#organization","name":"La Reina.news Peri\u00f3dico comunal de La Reina","url":"https:\/\/lareinanews.cl\/noticias\/","logo":{"@type":"ImageObject","inLanguage":"es","@id":"https:\/\/lareinanews.cl\/noticias\/#\/schema\/logo\/image\/","url":"https:\/\/lareinanews.cl\/noticias\/wp-content\/uploads\/2020\/04\/logo_schema.png","contentUrl":"https:\/\/lareinanews.cl\/noticias\/wp-content\/uploads\/2020\/04\/logo_schema.png","width":640,"height":360,"caption":"La Reina.news Peri\u00f3dico comunal de La Reina"},"image":{"@id":"https:\/\/lareinanews.cl\/noticias\/#\/schema\/logo\/image\/"},"sameAs":["https:\/\/www.facebook.com\/LaReinaNews","https:\/\/www.instagram.com\/lareinanews\/"]},{"@type":"Person","@id":"https:\/\/lareinanews.cl\/noticias\/#\/schema\/person\/f999e26fce9eb463639b8473d0b2284c","name":"Mauricio Martin","image":{"@type":"ImageObject","inLanguage":"es","@id":"https:\/\/lareinanews.cl\/noticias\/#\/schema\/person\/image\/","url":"https:\/\/lareinanews.cl\/noticias\/wp-content\/uploads\/2025\/03\/avatar_user_47_1742447256-96x96.png","contentUrl":"https:\/\/lareinanews.cl\/noticias\/wp-content\/uploads\/2025\/03\/avatar_user_47_1742447256-96x96.png","caption":"Mauricio Martin"},"description":"Me comprometo a seguir trabajando por todos y cada uno de ustedes, con el enfoque puesto en seguridad, que es prioridad. Tambi\u00e9n en el deporte, nuestros adultos mayores y ni\u00f1os, para tener una mejor comuna para todos","sameAs":["https:\/\/www.instagram.com\/mauricio_martinh\/","https:\/\/x.com\/mmartinhartwig"],"url":"https:\/\/lareinanews.cl\/noticias\/index.php\/author\/mmartinh\/"}]}},"_links":{"self":[{"href":"https:\/\/lareinanews.cl\/noticias\/index.php\/wp-json\/wp\/v2\/posts\/5408","targetHints":{"allow":["GET"]}}],"collection":[{"href":"https:\/\/lareinanews.cl\/noticias\/index.php\/wp-json\/wp\/v2\/posts"}],"about":[{"href":"https:\/\/lareinanews.cl\/noticias\/index.php\/wp-json\/wp\/v2\/types\/post"}],"author":[{"embeddable":true,"href":"https:\/\/lareinanews.cl\/noticias\/index.php\/wp-json\/wp\/v2\/users\/47"}],"replies":[{"embeddable":true,"href":"https:\/\/lareinanews.cl\/noticias\/index.php\/wp-json\/wp\/v2\/comments?post=5408"}],"version-history":[{"count":6,"href":"https:\/\/lareinanews.cl\/noticias\/index.php\/wp-json\/wp\/v2\/posts\/5408\/revisions"}],"predecessor-version":[{"id":5431,"href":"https:\/\/lareinanews.cl\/noticias\/index.php\/wp-json\/wp\/v2\/posts\/5408\/revisions\/5431"}],"wp:featuredmedia":[{"embeddable":true,"href":"https:\/\/lareinanews.cl\/noticias\/index.php\/wp-json\/wp\/v2\/media\/5414"}],"wp:attachment":[{"href":"https:\/\/lareinanews.cl\/noticias\/index.php\/wp-json\/wp\/v2\/media?parent=5408"}],"wp:term":[{"taxonomy":"category","embeddable":true,"href":"https:\/\/lareinanews.cl\/noticias\/index.php\/wp-json\/wp\/v2\/categories?post=5408"},{"taxonomy":"post_tag","embeddable":true,"href":"https:\/\/lareinanews.cl\/noticias\/index.php\/wp-json\/wp\/v2\/tags?post=5408"}],"curies":[{"name":"wp","href":"https:\/\/api.w.org\/{rel}","templated":true}]}}