{"id":5378,"date":"2023-06-12T19:36:02","date_gmt":"2023-06-12T22:36:02","guid":{"rendered":"https:\/\/lareinanews.cl\/noticias\/?p=5378"},"modified":"2023-06-12T19:36:02","modified_gmt":"2023-06-12T22:36:02","slug":"de-vuelta-a-la-red","status":"publish","type":"post","link":"https:\/\/lareinanews.cl\/noticias\/index.php\/2023\/06\/12\/de-vuelta-a-la-red\/","title":{"rendered":"De vuelta a la red"},"content":{"rendered":"<p><strong>La Reina News<\/strong> estuvo en una especie de hibernaci\u00f3n y reflexi\u00f3n que comenz\u00f3 m\u00e1s o menos con la pandemia que afect\u00f2 a nuestro planeta. Un per\u00edodo para meditar sobre el prop\u00f3sito de tener un medio que lleve el nombre de la comuna que habito. Terminado esta etapa, La Reina News retoma el camino con una visi\u00f3n un tanto diferente y por cierto con una mayor experiencia, no s\u00f3lo en el mundo de las comunicaciones sino de vida.<\/p>\n<h2>\u00bfPara qui\u00e9n escribir?<\/h2>\n<p><img loading=\"lazy\" decoding=\"async\" class=\"size-medium wp-image-5390 alignright\" src=\"https:\/\/lareinanews.cl\/noticias\/wp-content\/uploads\/2023\/06\/burbuja-300x165.png\" alt=\"\" width=\"300\" height=\"165\" srcset=\"https:\/\/lareinanews.cl\/noticias\/wp-content\/uploads\/2023\/06\/burbuja-300x165.png 300w, https:\/\/lareinanews.cl\/noticias\/wp-content\/uploads\/2023\/06\/burbuja.png 738w\" sizes=\"auto, (max-width: 300px) 100vw, 300px\" \/>Ya a finales del siglo 20 las comunicaciones radiales, v\u00eda sat\u00e9lite, la televisi\u00f3n y por cierto la internet comenzaron a borrar fronteras y el concepto del pueblo o en este caso,\u00a0 de comuna cambio para siempre. Las comunidades est\u00e1n cada vez m\u00e1s unidas a otras y los l\u00edmites f\u00edsicos pierden su fuerza, toda vez que condicionan cada vez menos las relaciones personales. No obstante el mismo fen\u00f3meno parece que nos ha aislado en lo que se denominan <em>\u00abburbujas informativas\u00bb<\/em> en donde un algoritmo de Google, Facebook o Twitter decide que debemos leer, no porque estime que lo necesitamos sino porque espera que nos atraiga y le dediquemos el mayor tiempo posible, que es lo que venden a sus anunciantes.<\/p>\n<p>En ese contexto conocemos m\u00e1s de la que sucede a kil\u00f3metros de nuestro hogar que de lo que pasa (o le pasa) a nuestro barrio, a nuestros vecinos, a nuestra comunidad. Por eso La Reina News pretender\u00e1 equilibrar en algo la situaci\u00f3n, sin desconocer la importancia de lo que sucede en el mundo, tampoco se permite ignorar lo que por ser m\u00e1s cercano, puede afectarnos, o en lo que podemos influir.<\/p>\n<h2>El peri\u00f3dico del pueblo<\/h2>\n<figure id=\"attachment_5379\" aria-describedby=\"caption-attachment-5379\" style=\"width: 300px\" class=\"wp-caption alignleft\"><a href=\"https:\/\/web.facebook.com\/FotosHistoricasDeChile\/photos\/a.209224165897991\/611889312298139\/?type=3&amp;p=44&amp;paipv=0&amp;eav=AfbkwrNJuJPN4B_QvSvKAll_mmvi5lFbZe0tB2X07WkuEltFFWsTQCJdrdvrQ3MOVkE&amp;_rdc=1&amp;_rdr\" target=\"_blank\" rel=\"noopener\"><img loading=\"lazy\" decoding=\"async\" class=\"wp-image-5379 size-medium\" src=\"https:\/\/lareinanews.cl\/noticias\/wp-content\/uploads\/2023\/06\/La-reina-campo-300x297.jpg\" alt=\"\" width=\"300\" height=\"297\" srcset=\"https:\/\/lareinanews.cl\/noticias\/wp-content\/uploads\/2023\/06\/La-reina-campo-300x297.jpg 300w, https:\/\/lareinanews.cl\/noticias\/wp-content\/uploads\/2023\/06\/La-reina-campo-150x150.jpg 150w, https:\/\/lareinanews.cl\/noticias\/wp-content\/uploads\/2023\/06\/La-reina-campo.jpg 600w\" sizes=\"auto, (max-width: 300px) 100vw, 300px\" \/><\/a><figcaption id=\"caption-attachment-5379\" class=\"wp-caption-text\">Alguna vez La Reina exist\u00eda casi aislada del resto de la ciudad, (Foto de 1940 por Luis Ladr\u00f3n de Guevara)<\/figcaption><\/figure>\n<p>Los medios locales suelen ser vistos como el pariente pobre de la prensa, y ciertamente al contar con cada vez menos recursos o a veces, al ser hechos \u00abad honorem\u00bb deben especializarse en ofrecer contenidos de real valor para su comunidad y para quienes deseen saber de esta. De otra forma carece de sentido su existencia y por lo mismo su importancia radica en que:<\/p>\n<h4>Aportan contenidos de calidad y relevancia local.<\/h4>\n<p>Los grandes medios est\u00e1n presionados por la inmediatez y la competencia con otros del mismo tama\u00f1o. Por lo tanto muchas veces sacrifican rigurozidad en pos de entregar primero la informaci\u00f3n, atraer lectores y anunciantes. Es cierto que cuando se de trata los grandes temas nacionales o mundiales, son estos mismos medios los que nos proveer\u00e1n de la mejor investigaci\u00f3n period\u00edstica y un medio como La Reina News no podr\u00e1 jam\u00e1s competir con estos en ese plano. Pero cuando la noticia es local, somos los m\u00e1s cercanos los motivados a la investigaci\u00f3n ( y los que normalmente tenemos la mejor red de contactos para hacerla ). Tambi\u00e9n somo los m\u00e1s interesados, afectados e interesados en lo que se informa.<\/p>\n<h4>Cuentan lo que importa<\/h4>\n<p>Lo que m\u00e1s <strong>nos<\/strong> importa no siempre es lo que en el contexto general o absoluto es m\u00e1s relevante. Si un accidente en Siberia provoca 30 muertos seguramente nos preocupar\u00e1 menos que si nuestro hijo se esguinza un pie. Nos afecta m\u00e1s lo que le sucede a quienes conocemos y queremos que a personas que permanecen an\u00f3nimas. Tambi\u00e9n es m\u00e1s problable que los hechos cercanos nos toquen de manera m\u00e1s relevante que los m\u00e1s lejanos. Aunque esto puede sonar ego\u00edsta, s\u00f3lo da cuenta de la limitaci\u00f3n propia de nuestra escencia como humanos. Nos somos seres omnipresentes ni demas\u00edado relevantes en el mundo, y si lleg\u00e1semos a tener alguna relevancia mundial, es s\u00f3lo por un corto per\u00edodo de tiempo en los miles de a\u00f1os de historia de la humanidad. As\u00ed que la declaraci\u00f3n de <strong>contar lo que de verdad nos importa<\/strong> no debe tomarse como una declaraci\u00f3n de \u00abreinacentrismo\u00bb o de miop\u00eda intelectual,\u00a0 tampoco como el nacimioento de una nueva burbuja, sino como una declaraci\u00f3n de modestia y de reconocimiento de los propios l\u00edmites.<\/p>\n<h4>Aportan al \u00abtejido social\u00bb<\/h4>\n<p><img loading=\"lazy\" decoding=\"async\" class=\"size-medium wp-image-5400 alignright\" src=\"https:\/\/lareinanews.cl\/noticias\/wp-content\/uploads\/2023\/06\/alma_de_barrio-300x203.png\" alt=\"\" width=\"300\" height=\"203\" srcset=\"https:\/\/lareinanews.cl\/noticias\/wp-content\/uploads\/2023\/06\/alma_de_barrio-300x203.png 300w, https:\/\/lareinanews.cl\/noticias\/wp-content\/uploads\/2023\/06\/alma_de_barrio.png 620w\" sizes=\"auto, (max-width: 300px) 100vw, 300px\" \/>El tejido social lo conforma un grupo de personas que se unen para satisfacer necesidades humanas elementales o superiores, p\u00f2r ejemplo: alimento, salud, educaci\u00f3n seguridad social, cultura, deporte, servicios p\u00fablicos, transporte y todo lo que represente mejor calidad de vida.\u00a0 Y en ese prop\u00f3sito en el que queremos aportar, fomentando el conocernos y por tanto respetarnos y apreciarnos. De la convivencia surgen todos los fen\u00f3menos propios de la naturaleza humana, afectos y rencores, respeto, oportunismo. Algunos ver\u00e1n en sus vecinos a amigos, compa\u00f1eros y otros querr\u00e1n utilizarlos\u00a0 para sus propios intereses. Pero eso es mejor que vivir aislado, es mejor la inteligencia natural con sus emociones y contradicciones que la artificial, es el mejor el barrio que la realidad virtual, el vecino que un avatar.<\/p>\n<h2>\n<p>El desaf\u00edo y la necesidad de ayuda<\/h2>\n<p>En este momento el editor, \u00abperiodista\u00bb, dise\u00f1ador y cualquier otro rol lo asume una sola persona, pero eso no es aceptable para lograr la calidad del medio propuesto. No es mi visi\u00f3n la \u00fanica que vale, tampoco son los hechos que conozco los \u00fanicos que importan o que suceden. Por esto mismo iremos construyendo canales de participaci\u00f3n abiertos a todo quien quiera aportar a la comunidad desde la buena fe y voluntad.<\/p>\n<p>Terminando esta reflexi\u00f3n comenzaremos la labor y ojal\u00e1 muchos se nos unan.<\/p>\n<p>&nbsp;<\/p>\n","protected":false},"excerpt":{"rendered":"<div class=\"mh-excerpt\"><p>La Reina News estuvo en una especie de hibernaci\u00f3n y reflexi\u00f3n que comenz\u00f3 m\u00e1s o menos con la pandemia que afect\u00f2 a nuestro planeta. Un per\u00edodo para meditar sobre el prop\u00f3sito de tener un medio <a class=\"mh-excerpt-more\" href=\"https:\/\/lareinanews.cl\/noticias\/index.php\/2023\/06\/12\/de-vuelta-a-la-red\/\" title=\"De vuelta a la red\">[&#8230;]<\/a><\/p>\n<\/div>","protected":false},"author":1,"featured_media":5402,"comment_status":"closed","ping_status":"closed","sticky":false,"template":"","format":"standard","meta":{"_acf_changed":false,"footnotes":""},"categories":[18,31,2,346],"tags":[6,7,4,33],"class_list":{"0":"post-5378","1":"post","2":"type-post","3":"status-publish","4":"format-standard","5":"has-post-thumbnail","7":"category-columnas","8":"category-destacados","9":"category-comuna","10":"category-participacion","11":"tag-comunidad","12":"tag-editoriales","13":"tag-la-reina","14":"tag-participacion-ciudadana"},"acf":[],"yoast_head":"<!-- This site is optimized with the Yoast SEO plugin v27.1.1 - https:\/\/yoast.com\/product\/yoast-seo-wordpress\/ -->\n<title>La Reina News vuelve a &quot;circular&quot;<\/title>\n<meta name=\"description\" content=\"\u00bfPor qu\u00e9 retomar un peri\u00f3dico ciudadano para una comuna de Santiago? La Reina News vuelve a publicar contenido desde y para La Reina\" \/>\n<meta name=\"robots\" content=\"index, follow, max-snippet:-1, max-image-preview:large, max-video-preview:-1\" \/>\n<link rel=\"canonical\" href=\"https:\/\/lareinanews.cl\/noticias\/index.php\/2023\/06\/12\/de-vuelta-a-la-red\/\" \/>\n<meta property=\"og:locale\" content=\"es_ES\" \/>\n<meta property=\"og:type\" content=\"article\" \/>\n<meta property=\"og:title\" content=\"La Reina News vuelve a &quot;circular&quot;\" \/>\n<meta property=\"og:description\" content=\"\u00bfPor qu\u00e9 retomar un peri\u00f3dico ciudadano para una comuna de Santiago? La Reina News vuelve a publicar contenido desde y para La Reina\" \/>\n<meta property=\"og:url\" content=\"https:\/\/lareinanews.cl\/noticias\/index.php\/2023\/06\/12\/de-vuelta-a-la-red\/\" \/>\n<meta property=\"og:site_name\" content=\"Noticias La Reina\" \/>\n<meta property=\"article:publisher\" content=\"https:\/\/www.facebook.com\/LaReinaNews\" \/>\n<meta property=\"article:published_time\" content=\"2023-06-12T22:36:02+00:00\" \/>\n<meta property=\"og:image\" content=\"https:\/\/lareinanews.cl\/noticias\/wp-content\/uploads\/2023\/06\/cerros-la-reina.jpg\" \/>\n\t<meta property=\"og:image:width\" content=\"650\" \/>\n\t<meta property=\"og:image:height\" content=\"490\" \/>\n\t<meta property=\"og:image:type\" content=\"image\/jpeg\" \/>\n<meta name=\"author\" content=\"J M Doren\" \/>\n<meta name=\"twitter:card\" content=\"summary_large_image\" \/>\n<meta name=\"twitter:creator\" content=\"@jmdoren\" \/>\n<meta name=\"twitter:label1\" content=\"Escrito por\" \/>\n\t<meta name=\"twitter:data1\" content=\"J M Doren\" \/>\n\t<meta name=\"twitter:label2\" content=\"Tiempo de lectura\" \/>\n\t<meta name=\"twitter:data2\" content=\"5 minutos\" \/>\n<script type=\"application\/ld+json\" class=\"yoast-schema-graph\">{\"@context\":\"https:\/\/schema.org\",\"@graph\":[{\"@type\":\"Article\",\"@id\":\"https:\/\/lareinanews.cl\/noticias\/index.php\/2023\/06\/12\/de-vuelta-a-la-red\/#article\",\"isPartOf\":{\"@id\":\"https:\/\/lareinanews.cl\/noticias\/index.php\/2023\/06\/12\/de-vuelta-a-la-red\/\"},\"author\":{\"name\":\"J M Doren\",\"@id\":\"https:\/\/lareinanews.cl\/noticias\/#\/schema\/person\/c697b5a3c8bc9dd1d94222e2d58209ed\"},\"headline\":\"De vuelta a la red\",\"datePublished\":\"2023-06-12T22:36:02+00:00\",\"mainEntityOfPage\":{\"@id\":\"https:\/\/lareinanews.cl\/noticias\/index.php\/2023\/06\/12\/de-vuelta-a-la-red\/\"},\"wordCount\":957,\"publisher\":{\"@id\":\"https:\/\/lareinanews.cl\/noticias\/#organization\"},\"image\":{\"@id\":\"https:\/\/lareinanews.cl\/noticias\/index.php\/2023\/06\/12\/de-vuelta-a-la-red\/#primaryimage\"},\"thumbnailUrl\":\"https:\/\/lareinanews.cl\/noticias\/wp-content\/uploads\/2023\/06\/cerros-la-reina.jpg\",\"keywords\":[\"comunidad\",\"editoriales\",\"la reina\",\"participaci\u00f3n ciudadana\"],\"articleSection\":[\"Columnas\",\"Destacados\",\"La Reina\",\"Participaci\u00f3n\"],\"inLanguage\":\"es\"},{\"@type\":\"WebPage\",\"@id\":\"https:\/\/lareinanews.cl\/noticias\/index.php\/2023\/06\/12\/de-vuelta-a-la-red\/\",\"url\":\"https:\/\/lareinanews.cl\/noticias\/index.php\/2023\/06\/12\/de-vuelta-a-la-red\/\",\"name\":\"La Reina News vuelve a \\\"circular\\\"\",\"isPartOf\":{\"@id\":\"https:\/\/lareinanews.cl\/noticias\/#website\"},\"primaryImageOfPage\":{\"@id\":\"https:\/\/lareinanews.cl\/noticias\/index.php\/2023\/06\/12\/de-vuelta-a-la-red\/#primaryimage\"},\"image\":{\"@id\":\"https:\/\/lareinanews.cl\/noticias\/index.php\/2023\/06\/12\/de-vuelta-a-la-red\/#primaryimage\"},\"thumbnailUrl\":\"https:\/\/lareinanews.cl\/noticias\/wp-content\/uploads\/2023\/06\/cerros-la-reina.jpg\",\"datePublished\":\"2023-06-12T22:36:02+00:00\",\"description\":\"\u00bfPor qu\u00e9 retomar un peri\u00f3dico ciudadano para una comuna de Santiago? La Reina News vuelve a publicar contenido desde y para La Reina\",\"breadcrumb\":{\"@id\":\"https:\/\/lareinanews.cl\/noticias\/index.php\/2023\/06\/12\/de-vuelta-a-la-red\/#breadcrumb\"},\"inLanguage\":\"es\",\"potentialAction\":[{\"@type\":\"ReadAction\",\"target\":[\"https:\/\/lareinanews.cl\/noticias\/index.php\/2023\/06\/12\/de-vuelta-a-la-red\/\"]}]},{\"@type\":\"ImageObject\",\"inLanguage\":\"es\",\"@id\":\"https:\/\/lareinanews.cl\/noticias\/index.php\/2023\/06\/12\/de-vuelta-a-la-red\/#primaryimage\",\"url\":\"https:\/\/lareinanews.cl\/noticias\/wp-content\/uploads\/2023\/06\/cerros-la-reina.jpg\",\"contentUrl\":\"https:\/\/lareinanews.cl\/noticias\/wp-content\/uploads\/2023\/06\/cerros-la-reina.jpg\",\"width\":650,\"height\":490},{\"@type\":\"BreadcrumbList\",\"@id\":\"https:\/\/lareinanews.cl\/noticias\/index.php\/2023\/06\/12\/de-vuelta-a-la-red\/#breadcrumb\",\"itemListElement\":[{\"@type\":\"ListItem\",\"position\":1,\"name\":\"Inicio\",\"item\":\"https:\/\/lareinanews.cl\/noticias\/\"},{\"@type\":\"ListItem\",\"position\":2,\"name\":\"De vuelta a la red\"}]},{\"@type\":\"WebSite\",\"@id\":\"https:\/\/lareinanews.cl\/noticias\/#website\",\"url\":\"https:\/\/lareinanews.cl\/noticias\/\",\"name\":\"Noticias La Reina\",\"description\":\"LaReina.news\",\"publisher\":{\"@id\":\"https:\/\/lareinanews.cl\/noticias\/#organization\"},\"potentialAction\":[{\"@type\":\"SearchAction\",\"target\":{\"@type\":\"EntryPoint\",\"urlTemplate\":\"https:\/\/lareinanews.cl\/noticias\/?s={search_term_string}\"},\"query-input\":{\"@type\":\"PropertyValueSpecification\",\"valueRequired\":true,\"valueName\":\"search_term_string\"}}],\"inLanguage\":\"es\"},{\"@type\":\"Organization\",\"@id\":\"https:\/\/lareinanews.cl\/noticias\/#organization\",\"name\":\"La Reina.news Peri\u00f3dico comunal de La Reina\",\"url\":\"https:\/\/lareinanews.cl\/noticias\/\",\"logo\":{\"@type\":\"ImageObject\",\"inLanguage\":\"es\",\"@id\":\"https:\/\/lareinanews.cl\/noticias\/#\/schema\/logo\/image\/\",\"url\":\"https:\/\/lareinanews.cl\/noticias\/wp-content\/uploads\/2020\/04\/logo_schema.png\",\"contentUrl\":\"https:\/\/lareinanews.cl\/noticias\/wp-content\/uploads\/2020\/04\/logo_schema.png\",\"width\":640,\"height\":360,\"caption\":\"La Reina.news Peri\u00f3dico comunal de La Reina\"},\"image\":{\"@id\":\"https:\/\/lareinanews.cl\/noticias\/#\/schema\/logo\/image\/\"},\"sameAs\":[\"https:\/\/www.facebook.com\/LaReinaNews\",\"https:\/\/www.instagram.com\/lareinanews\/\"]},{\"@type\":\"Person\",\"@id\":\"https:\/\/lareinanews.cl\/noticias\/#\/schema\/person\/c697b5a3c8bc9dd1d94222e2d58209ed\",\"name\":\"J M Doren\",\"image\":{\"@type\":\"ImageObject\",\"inLanguage\":\"es\",\"@id\":\"https:\/\/lareinanews.cl\/noticias\/#\/schema\/person\/image\/\",\"url\":\"http:\/\/lareina.news\/noticias\/wp-content\/uploads\/2019\/09\/avatar_user_1_1569272876-96x96.png\",\"contentUrl\":\"http:\/\/lareina.news\/noticias\/wp-content\/uploads\/2019\/09\/avatar_user_1_1569272876-96x96.png\",\"caption\":\"J M Doren\"},\"description\":\"Soy ingeniero en inform\u00e1tica, interesado en las humanidades. Fundador y director de La Reina.news y otros medios electr\u00f3nicos. Creo profundamente en que si dejamos de pensar y cuestionar(nos) no hay nada que nos diferencie de los primates. jmdoren@ok.cl Sitios de mi autor&iacute;a\",\"sameAs\":[\"https:\/\/www.ok.cl\/\",\"https:\/\/x.com\/@jmdoren\"],\"url\":\"https:\/\/lareinanews.cl\/noticias\/index.php\/author\/jmdoren\/\"}]}<\/script>\n<!-- \/ Yoast SEO plugin. -->","yoast_head_json":{"title":"La Reina News vuelve a \"circular\"","description":"\u00bfPor qu\u00e9 retomar un peri\u00f3dico ciudadano para una comuna de Santiago? La Reina News vuelve a publicar contenido desde y para La Reina","robots":{"index":"index","follow":"follow","max-snippet":"max-snippet:-1","max-image-preview":"max-image-preview:large","max-video-preview":"max-video-preview:-1"},"canonical":"https:\/\/lareinanews.cl\/noticias\/index.php\/2023\/06\/12\/de-vuelta-a-la-red\/","og_locale":"es_ES","og_type":"article","og_title":"La Reina News vuelve a \"circular\"","og_description":"\u00bfPor qu\u00e9 retomar un peri\u00f3dico ciudadano para una comuna de Santiago? La Reina News vuelve a publicar contenido desde y para La Reina","og_url":"https:\/\/lareinanews.cl\/noticias\/index.php\/2023\/06\/12\/de-vuelta-a-la-red\/","og_site_name":"Noticias La Reina","article_publisher":"https:\/\/www.facebook.com\/LaReinaNews","article_published_time":"2023-06-12T22:36:02+00:00","og_image":[{"width":650,"height":490,"url":"https:\/\/lareinanews.cl\/noticias\/wp-content\/uploads\/2023\/06\/cerros-la-reina.jpg","type":"image\/jpeg"}],"author":"J M Doren","twitter_card":"summary_large_image","twitter_creator":"@jmdoren","twitter_misc":{"Escrito por":"J M Doren","Tiempo de lectura":"5 minutos"},"schema":{"@context":"https:\/\/schema.org","@graph":[{"@type":"Article","@id":"https:\/\/lareinanews.cl\/noticias\/index.php\/2023\/06\/12\/de-vuelta-a-la-red\/#article","isPartOf":{"@id":"https:\/\/lareinanews.cl\/noticias\/index.php\/2023\/06\/12\/de-vuelta-a-la-red\/"},"author":{"name":"J M Doren","@id":"https:\/\/lareinanews.cl\/noticias\/#\/schema\/person\/c697b5a3c8bc9dd1d94222e2d58209ed"},"headline":"De vuelta a la red","datePublished":"2023-06-12T22:36:02+00:00","mainEntityOfPage":{"@id":"https:\/\/lareinanews.cl\/noticias\/index.php\/2023\/06\/12\/de-vuelta-a-la-red\/"},"wordCount":957,"publisher":{"@id":"https:\/\/lareinanews.cl\/noticias\/#organization"},"image":{"@id":"https:\/\/lareinanews.cl\/noticias\/index.php\/2023\/06\/12\/de-vuelta-a-la-red\/#primaryimage"},"thumbnailUrl":"https:\/\/lareinanews.cl\/noticias\/wp-content\/uploads\/2023\/06\/cerros-la-reina.jpg","keywords":["comunidad","editoriales","la reina","participaci\u00f3n ciudadana"],"articleSection":["Columnas","Destacados","La Reina","Participaci\u00f3n"],"inLanguage":"es"},{"@type":"WebPage","@id":"https:\/\/lareinanews.cl\/noticias\/index.php\/2023\/06\/12\/de-vuelta-a-la-red\/","url":"https:\/\/lareinanews.cl\/noticias\/index.php\/2023\/06\/12\/de-vuelta-a-la-red\/","name":"La Reina News vuelve a \"circular\"","isPartOf":{"@id":"https:\/\/lareinanews.cl\/noticias\/#website"},"primaryImageOfPage":{"@id":"https:\/\/lareinanews.cl\/noticias\/index.php\/2023\/06\/12\/de-vuelta-a-la-red\/#primaryimage"},"image":{"@id":"https:\/\/lareinanews.cl\/noticias\/index.php\/2023\/06\/12\/de-vuelta-a-la-red\/#primaryimage"},"thumbnailUrl":"https:\/\/lareinanews.cl\/noticias\/wp-content\/uploads\/2023\/06\/cerros-la-reina.jpg","datePublished":"2023-06-12T22:36:02+00:00","description":"\u00bfPor qu\u00e9 retomar un peri\u00f3dico ciudadano para una comuna de Santiago? La Reina News vuelve a publicar contenido desde y para La Reina","breadcrumb":{"@id":"https:\/\/lareinanews.cl\/noticias\/index.php\/2023\/06\/12\/de-vuelta-a-la-red\/#breadcrumb"},"inLanguage":"es","potentialAction":[{"@type":"ReadAction","target":["https:\/\/lareinanews.cl\/noticias\/index.php\/2023\/06\/12\/de-vuelta-a-la-red\/"]}]},{"@type":"ImageObject","inLanguage":"es","@id":"https:\/\/lareinanews.cl\/noticias\/index.php\/2023\/06\/12\/de-vuelta-a-la-red\/#primaryimage","url":"https:\/\/lareinanews.cl\/noticias\/wp-content\/uploads\/2023\/06\/cerros-la-reina.jpg","contentUrl":"https:\/\/lareinanews.cl\/noticias\/wp-content\/uploads\/2023\/06\/cerros-la-reina.jpg","width":650,"height":490},{"@type":"BreadcrumbList","@id":"https:\/\/lareinanews.cl\/noticias\/index.php\/2023\/06\/12\/de-vuelta-a-la-red\/#breadcrumb","itemListElement":[{"@type":"ListItem","position":1,"name":"Inicio","item":"https:\/\/lareinanews.cl\/noticias\/"},{"@type":"ListItem","position":2,"name":"De vuelta a la red"}]},{"@type":"WebSite","@id":"https:\/\/lareinanews.cl\/noticias\/#website","url":"https:\/\/lareinanews.cl\/noticias\/","name":"Noticias La Reina","description":"LaReina.news","publisher":{"@id":"https:\/\/lareinanews.cl\/noticias\/#organization"},"potentialAction":[{"@type":"SearchAction","target":{"@type":"EntryPoint","urlTemplate":"https:\/\/lareinanews.cl\/noticias\/?s={search_term_string}"},"query-input":{"@type":"PropertyValueSpecification","valueRequired":true,"valueName":"search_term_string"}}],"inLanguage":"es"},{"@type":"Organization","@id":"https:\/\/lareinanews.cl\/noticias\/#organization","name":"La Reina.news Peri\u00f3dico comunal de La Reina","url":"https:\/\/lareinanews.cl\/noticias\/","logo":{"@type":"ImageObject","inLanguage":"es","@id":"https:\/\/lareinanews.cl\/noticias\/#\/schema\/logo\/image\/","url":"https:\/\/lareinanews.cl\/noticias\/wp-content\/uploads\/2020\/04\/logo_schema.png","contentUrl":"https:\/\/lareinanews.cl\/noticias\/wp-content\/uploads\/2020\/04\/logo_schema.png","width":640,"height":360,"caption":"La Reina.news Peri\u00f3dico comunal de La Reina"},"image":{"@id":"https:\/\/lareinanews.cl\/noticias\/#\/schema\/logo\/image\/"},"sameAs":["https:\/\/www.facebook.com\/LaReinaNews","https:\/\/www.instagram.com\/lareinanews\/"]},{"@type":"Person","@id":"https:\/\/lareinanews.cl\/noticias\/#\/schema\/person\/c697b5a3c8bc9dd1d94222e2d58209ed","name":"J M Doren","image":{"@type":"ImageObject","inLanguage":"es","@id":"https:\/\/lareinanews.cl\/noticias\/#\/schema\/person\/image\/","url":"http:\/\/lareina.news\/noticias\/wp-content\/uploads\/2019\/09\/avatar_user_1_1569272876-96x96.png","contentUrl":"http:\/\/lareina.news\/noticias\/wp-content\/uploads\/2019\/09\/avatar_user_1_1569272876-96x96.png","caption":"J M Doren"},"description":"Soy ingeniero en inform\u00e1tica, interesado en las humanidades. Fundador y director de La Reina.news y otros medios electr\u00f3nicos. Creo profundamente en que si dejamos de pensar y cuestionar(nos) no hay nada que nos diferencie de los primates. jmdoren@ok.cl Sitios de mi autor&iacute;a","sameAs":["https:\/\/www.ok.cl\/","https:\/\/x.com\/@jmdoren"],"url":"https:\/\/lareinanews.cl\/noticias\/index.php\/author\/jmdoren\/"}]}},"_links":{"self":[{"href":"https:\/\/lareinanews.cl\/noticias\/index.php\/wp-json\/wp\/v2\/posts\/5378","targetHints":{"allow":["GET"]}}],"collection":[{"href":"https:\/\/lareinanews.cl\/noticias\/index.php\/wp-json\/wp\/v2\/posts"}],"about":[{"href":"https:\/\/lareinanews.cl\/noticias\/index.php\/wp-json\/wp\/v2\/types\/post"}],"author":[{"embeddable":true,"href":"https:\/\/lareinanews.cl\/noticias\/index.php\/wp-json\/wp\/v2\/users\/1"}],"replies":[{"embeddable":true,"href":"https:\/\/lareinanews.cl\/noticias\/index.php\/wp-json\/wp\/v2\/comments?post=5378"}],"version-history":[{"count":18,"href":"https:\/\/lareinanews.cl\/noticias\/index.php\/wp-json\/wp\/v2\/posts\/5378\/revisions"}],"predecessor-version":[{"id":5401,"href":"https:\/\/lareinanews.cl\/noticias\/index.php\/wp-json\/wp\/v2\/posts\/5378\/revisions\/5401"}],"wp:featuredmedia":[{"embeddable":true,"href":"https:\/\/lareinanews.cl\/noticias\/index.php\/wp-json\/wp\/v2\/media\/5402"}],"wp:attachment":[{"href":"https:\/\/lareinanews.cl\/noticias\/index.php\/wp-json\/wp\/v2\/media?parent=5378"}],"wp:term":[{"taxonomy":"category","embeddable":true,"href":"https:\/\/lareinanews.cl\/noticias\/index.php\/wp-json\/wp\/v2\/categories?post=5378"},{"taxonomy":"post_tag","embeddable":true,"href":"https:\/\/lareinanews.cl\/noticias\/index.php\/wp-json\/wp\/v2\/tags?post=5378"}],"curies":[{"name":"wp","href":"https:\/\/api.w.org\/{rel}","templated":true}]}}