{"id":5339,"date":"2023-02-23T15:43:55","date_gmt":"2023-02-23T18:43:55","guid":{"rendered":"https:\/\/lareinanews.cl\/noticias\/?p=5339"},"modified":"2023-02-23T19:41:33","modified_gmt":"2023-02-23T22:41:33","slug":"horas-extra-muy-extraordinarias-en-la-reina","status":"publish","type":"post","link":"https:\/\/lareinanews.cl\/noticias\/index.php\/2023\/02\/23\/horas-extra-muy-extraordinarias-en-la-reina\/","title":{"rendered":"Horas extra: \u00bfmuy extraordinarias en La Reina?"},"content":{"rendered":"<p>Este martes recibimos un comunicado de prensa del concejal Fernando Encina en que\u00a0 hace p\u00fablica la recepci\u00f3n de un <a href=\"\/d\/Informe-Final.pdf\" target=\"_blank\" rel=\"noopener\">informe de la Contralor\u00eda General de la Rep\u00fablica<\/a> en que se pronuncia sobre el pago de horas extra a funcionarios del la comuna<a href=\"\/d\/Informe-Final.pdf\" target=\"_blank\" rel=\"noopener\">.<\/a> El tema se toc\u00f3 en el <strong><a href=\"https:\/\/www.facebook.com\/watch\/live\/?ref=watch_permalink&amp;v=1158981041483779&amp;t=6370\" target=\"_blank\" rel=\"noopener\">Concejo Municipal de esta semana generando reacciones diversas<\/a><\/strong> de las cuales te contamos para que te puedas hacer tu propia opin\u00f3n.<\/p>\n<h2>Historia y Contexto<\/h2>\n<p>El a\u00f1o 2021 <a href=\"https:\/\/youtu.be\/K4sfywltICk?t=933\" target=\"_blank\" rel=\"noopener\">Mega emiti\u00f3 un reportaje<\/a> en donde mostr\u00f3 una investigaci\u00f3n sobre el pago de horas extra en las comunas del sector oriente, en este\u00a0 se mostraban irregularidades que deb\u00edan ser investigadas. Debemos recordar por ejemplo, el caso del <a href=\"https:\/\/es.wikipedia.org\/wiki\/Ra%C3%BAl_Torrealba\" target=\"_blank\" rel=\"noopener\">exalcalde Ra\u00fal Torrealba de Vitacura<\/a>,\u00a0 quien hoy est\u00e1 siendo perseguido por el ministerio p\u00fablico que lo acusa de la comisi\u00f3n de delitos en aquel municipio.<\/p>\n<p><img loading=\"lazy\" decoding=\"async\" class=\" wp-image-5345 alignleft\" src=\"https:\/\/lareinanews.cl\/noticias\/wp-content\/uploads\/2023\/02\/condorito-295x300.jpg\" alt=\"\" width=\"169\" height=\"172\" srcset=\"https:\/\/lareinanews.cl\/noticias\/wp-content\/uploads\/2023\/02\/condorito-295x300.jpg 295w, https:\/\/lareinanews.cl\/noticias\/wp-content\/uploads\/2023\/02\/condorito.jpg 300w\" sizes=\"auto, (max-width: 169px) 100vw, 169px\" \/>En La Reina y como respuesta a la pandemia la municipalidad ten\u00eda una carga de trabajo excepcional, recordemos que se requer\u00edan vacunatorios, ayuda social, medidas hig\u00e9nicas\u00a0 y no exist\u00eda experiencia de manejo de pandemias como esta.<\/p>\n<p>Por ejemplo el Cesfam Juan Pablo Segundo se habilit\u00f3 especialmente para enfermedades respiratorias y el Cepaso acogi\u00f3 el resto de las actividades del centro de salud familiar. Equipos municipales repart\u00edan ayudas sociales, vimos equipos rociando las calles con desinfectantes y podemos recordar la imagen de aquel tiempo en que coloquialmente al alcalde le llamaban \u00abCondorito\u00bb (por su m\u00e1scara naranja y chaqueta roja), presente de lunes a domingo en el territorio junto a numerosos funcionarios municipales. As\u00ed mismo se implement\u00f3 el programa <a href=\"https:\/\/www.lareina.cl\/la-reina-en-tu-casa\/\" target=\"_blank\" rel=\"noopener\">La Reina en tu casa<\/a>, un <a href=\"https:\/\/mobile.twitter.com\/munilareina\/status\/1365672314269028361\" target=\"_blank\" rel=\"noopener\">bus vacunatorio<\/a> apoyaba el proceso de inmunizaci\u00f3n y se vacunaba tambi\u00e9n en el Mall Plaza Ega\u00f1a.<\/p>\n<p><img loading=\"lazy\" decoding=\"async\" class=\" wp-image-5350 alignright\" src=\"https:\/\/lareinanews.cl\/noticias\/wp-content\/uploads\/2023\/02\/vacunamovil.jpg\" alt=\"\" width=\"161\" height=\"197\" \/>Sin duda ese contexto exig\u00eda la realizaci\u00f3n de mucho trabajo extra del que todos fuimos testigos, donde equipos de salud y municipales trabajaban muy exigidos. En esas circunstancias y relacionado con las horas extra pasan dos situaciones;<\/p>\n<ul>\n<li>Se necesita realizar con urgencia horas extra por lo cual la burocracia puede ser un obst\u00e1culo<\/li>\n<li>Se requiere el trabajo con premura por lo cual hay una oportunidad para el abuso<\/li>\n<\/ul>\n<h2>Investigaci\u00f3n de la Contralor\u00eda<\/h2>\n<p>En ese momento seg\u00fan consigna el informe, el concejal Encina Plante\u00f3 tres preguntas a la Contralor\u00eda General de la Rep\u00fablica<\/p>\n<ul>\n<li>\n<blockquote><p><span dir=\"ltr\" role=\"presentation\">\u00bf<\/span><span dir=\"ltr\" role=\"presentation\">Dispuso<\/span> <span dir=\"ltr\" role=\"presentation\">la<\/span> <span dir=\"ltr\" role=\"presentation\">Municipalidad<\/span> <span dir=\"ltr\" role=\"presentation\">de<\/span> <span dir=\"ltr\" role=\"presentation\">La<\/span> <span dir=\"ltr\" role=\"presentation\">Reina<\/span> <span dir=\"ltr\" role=\"presentation\">de<\/span> <span dir=\"ltr\" role=\"presentation\">controles<\/span> <span dir=\"ltr\" role=\"presentation\">que<\/span> <span dir=\"ltr\" role=\"presentation\">acreditaran<\/span> <span dir=\"ltr\" role=\"presentation\">el <\/span><span dir=\"ltr\" role=\"presentation\">cumplimiento de la jornada extraordinaria de los directivos?<\/span><\/p><\/blockquote>\n<\/li>\n<li>\n<blockquote><p>\u00a0<span dir=\"ltr\" role=\"presentation\">\u00bfDio cumplimiento el municipio a la normativa vigente que rige la materia de <\/span><span dir=\"ltr\" role=\"presentation\">asignaci\u00f3n y pago de horas extraordinarias?<\/span><\/p><\/blockquote>\n<\/li>\n<li>\n<blockquote><p>\u00a0<span dir=\"ltr\" role=\"presentation\">\u00bfExisti\u00f3 control de la seguridad de la informaci\u00f3n relativa a los registros de<\/span> <span dir=\"ltr\" role=\"presentation\">asistencia de los directivos?<\/span><\/p><\/blockquote>\n<\/li>\n<\/ul>\n<h3>El informe de 65 p\u00e1ginas llega a est\u00e1s conclusiones principales<\/h3>\n<p>&nbsp;<\/p>\n<blockquote><p><span dir=\"ltr\" role=\"presentation\">Se<\/span> <span dir=\"ltr\" role=\"presentation\">constataron<\/span> <span dir=\"ltr\" role=\"presentation\">horas<\/span> <span dir=\"ltr\" role=\"presentation\">extraordinarias<\/span> <span dir=\"ltr\" role=\"presentation\">pagadas<\/span> <span dir=\"ltr\" role=\"presentation\">en<\/span> <span dir=\"ltr\" role=\"presentation\">exceso<\/span> <span dir=\"ltr\" role=\"presentation\">mayores<\/span> <span dir=\"ltr\" role=\"presentation\">a<\/span> <span dir=\"ltr\" role=\"presentation\">las <\/span><span dir=\"ltr\" role=\"presentation\">autorizadas y\/o realizadas, por la suma de <strong>$582.167<\/strong>, y pagos improcedentes de <\/span><span dir=\"ltr\" role=\"presentation\">remuneraciones, asociados a incumplimientos de la jornada laboral por <strong>$1.046.326<\/strong>.<\/span><\/p>\n<p><span dir=\"ltr\" role=\"presentation\">La Municipalidad de La Reina deber\u00e1 adoptar las medidas que correspondan para <\/span><span dir=\"ltr\" role=\"presentation\">iniciar un proceso de regularizaci\u00f3n de lo observado <\/span><span dir=\"ltr\" role=\"presentation\">[&#8230;]<\/span><\/p>\n<hr \/>\n<\/blockquote>\n<blockquote><p><span dir=\"ltr\" role=\"presentation\">\u00a0Se verificaron modificaciones de la hora de ingreso o salida sin la debida <\/span><span dir=\"ltr\" role=\"presentation\">justificaci\u00f3n, como tambi\u00e9n, cambios reiterados en la hora de ingreso. <\/span><span dir=\"ltr\" role=\"presentation\">Esa entidad edilicia deber\u00e1 implementar las medidas necesarias para controlar la <\/span><span dir=\"ltr\" role=\"presentation\">marcaci\u00f3n de cada funcionario, exigiendo y verificando que las modificaciones a estas <\/span><span dir=\"ltr\" role=\"presentation\">sean excepcionales, y cuenten con las debidas justificaciones, [&#8230;]<\/span><\/p><\/blockquote>\n<blockquote>\n<hr \/>\n<p><span dir=\"ltr\" role=\"presentation\">Se<\/span> <span dir=\"ltr\" role=\"presentation\">constat\u00f3<\/span> <span dir=\"ltr\" role=\"presentation\">que<\/span> <span dir=\"ltr\" role=\"presentation\">se<\/span> <span dir=\"ltr\" role=\"presentation\">mantienen<\/span> <span dir=\"ltr\" role=\"presentation\">variados<\/span> <span dir=\"ltr\" role=\"presentation\">usuarios<\/span> <span dir=\"ltr\" role=\"presentation\">con<\/span> <span dir=\"ltr\" role=\"presentation\">funciones<\/span> <span dir=\"ltr\" role=\"presentation\">de <\/span><span dir=\"ltr\" role=\"presentation\">\u201cAdministraci\u00f3n<\/span> <span dir=\"ltr\" role=\"presentation\">del<\/span> <span dir=\"ltr\" role=\"presentation\">Sistema\u201d<\/span> <span dir=\"ltr\" role=\"presentation\">entre<\/span> <span dir=\"ltr\" role=\"presentation\">los<\/span> <span dir=\"ltr\" role=\"presentation\">cuales<\/span> <span dir=\"ltr\" role=\"presentation\">se<\/span> <span dir=\"ltr\" role=\"presentation\">encontraba<\/span> <span dir=\"ltr\" role=\"presentation\">personal<\/span> <span dir=\"ltr\" role=\"presentation\">que<\/span> <span dir=\"ltr\" role=\"presentation\">no <\/span><span dir=\"ltr\" role=\"presentation\">pertenec\u00eda al departamento de recursos humanos; al igual que la existencia de<\/span> <span dir=\"ltr\" role=\"presentation\">duplicidad de cuentas de usuarios; y usuario de pruebas en ambiente productivo, lo q<\/span><span dir=\"ltr\" role=\"presentation\">ue genera un riesgo de que se creen accesos en forma no autorizada [&#8230;]<\/span><\/p>\n<hr \/>\n<p><span dir=\"ltr\" role=\"presentation\">Se observ\u00f3 falta de interoperabilidad entre el sistema biom\u00e9trico reloj control <\/span><span dir=\"ltr\" role=\"presentation\">de la empresa VIGATEC y el Sistema de Remuneraciones y Personal de PROEXSI. [&#8230;]<\/span><\/p><\/blockquote>\n<p>&nbsp;<\/p>\n<h2>Las reacciones en el Concejo Municipal<\/h2>\n<figure id=\"attachment_5360\" aria-describedby=\"caption-attachment-5360\" style=\"width: 300px\" class=\"wp-caption alignleft\"><a href=\"https:\/\/www.facebook.com\/watch\/live\/?ref=watch_permalink&amp;v=1158981041483779&amp;t=6370\" target=\"_blank\" rel=\"noopener\"><img loading=\"lazy\" decoding=\"async\" class=\"wp-image-5360 size-medium\" src=\"https:\/\/lareinanews.cl\/noticias\/wp-content\/uploads\/2023\/02\/concejo-300x169.png\" alt=\"\" width=\"300\" height=\"169\" data-wp-editing=\"1\" srcset=\"https:\/\/lareinanews.cl\/noticias\/wp-content\/uploads\/2023\/02\/concejo-300x169.png 300w, https:\/\/lareinanews.cl\/noticias\/wp-content\/uploads\/2023\/02\/concejo.png 400w\" sizes=\"auto, (max-width: 300px) 100vw, 300px\" \/><\/a><figcaption id=\"caption-attachment-5360\" class=\"wp-caption-text\">haz click en la imagen para ver la discusi\u00f2n del punto en el Concejo Municipal del d\u00eda 21 de febrero de 2023<\/figcaption><\/figure>\n<p>Las reacciones de los concejales fueron en general por el lado de llamar a no usar la Contralor\u00eda como un ente inquisidor sino m\u00e1s bien fiscalizador y comentando que no exist\u00eda la necesidad de recurrir a esta\u00a0 toda vez que se podr\u00eda hacer un auditor\u00eda interna. Una fiscalizaci\u00f3n de la Contralor\u00eda genera gastos de tiempo y recuros extra al estado lo cual puede evitarse.<\/p>\n<p>Tambi\u00e9n se destac\u00f3 que la cifra cuestionada es muy menor tomando en cuenta que se trata de un per\u00edodo de varios meses, donde adem\u00e1s la premura por la salud hizo que en momentos se privilegiara la eficiencia por sobre la burocracia.<\/p>\n<p>La directora Jur\u00eddica sra. Andrea D\u00edaz expres\u00f3 que en cuanto al exceso de horas es probable que los directores y funcionarios vuelvan a exceder los l\u00ecmites cuando existan situaciones de emergencia.<\/p>\n<p>El concejal del Canto agradeci\u00f3 al concejal Encina por haber puesto el punto y felicit\u00f3 su valentia al hacerlo.<\/p>\n<p>Tambi\u00e9n se felicit\u00f3 a los funcionarios que estuvieron presentes en el trabajo que se hizo durante la pandemia.<\/p>\n<p>Puedes ver <a href=\"https:\/\/www.facebook.com\/watch\/live\/?ref=watch_permalink&amp;v=1158981041483779&amp;t=6370\" target=\"_blank\" rel=\"noopener\">este concejo<\/a> (y anteriores) en la p\u00e1gina de facebook de la municipalidad.<\/p>\n<p>&nbsp;<\/p>\n<p>&nbsp;<\/p>\n","protected":false},"excerpt":{"rendered":"<div class=\"mh-excerpt\"><p>Este martes recibimos un comunicado de prensa del concejal Fernando Encina en que\u00a0 hace p\u00fablica la recepci\u00f3n de un informe de la Contralor\u00eda General de la Rep\u00fablica en que se pronuncia sobre el pago de <a class=\"mh-excerpt-more\" href=\"https:\/\/lareinanews.cl\/noticias\/index.php\/2023\/02\/23\/horas-extra-muy-extraordinarias-en-la-reina\/\" title=\"Horas extra: \u00bfmuy extraordinarias en La Reina?\">[&#8230;]<\/a><\/p>\n<\/div>","protected":false},"author":1,"featured_media":5364,"comment_status":"closed","ping_status":"closed","sticky":false,"template":"","format":"standard","meta":{"_acf_changed":false,"footnotes":""},"categories":[191,349,159,326,31,2,14,260],"tags":[16,17,352,4],"class_list":{"0":"post-5339","1":"post","2":"type-post","3":"status-publish","4":"format-standard","5":"has-post-thumbnail","7":"category-alcalde","8":"category-comunicados-de-prensa","9":"category-concejo-municipal","10":"category-denuncias","11":"category-destacados","12":"category-comuna","13":"category-noticias","14":"category-trabajadores-municipales","15":"tag-concejales","16":"tag-concejo","17":"tag-cotraloria","18":"tag-la-reina"},"acf":[],"yoast_head":"<!-- This site is optimized with the Yoast SEO plugin v27.1.1 - https:\/\/yoast.com\/product\/yoast-seo-wordpress\/ -->\n<title>Horas extra: \u00bfmuy extraordinarias en La Reina?<\/title>\n<meta name=\"description\" content=\"La Contralor\u00eca general de la Rep\u00f9blica entrego su informe sobre la realizaci\u00f2n de horas extra en la comuna de La Reina\" \/>\n<meta name=\"robots\" content=\"index, follow, max-snippet:-1, max-image-preview:large, max-video-preview:-1\" \/>\n<link rel=\"canonical\" href=\"https:\/\/lareinanews.cl\/noticias\/index.php\/2023\/02\/23\/horas-extra-muy-extraordinarias-en-la-reina\/\" \/>\n<meta property=\"og:locale\" content=\"es_ES\" \/>\n<meta property=\"og:type\" content=\"article\" \/>\n<meta property=\"og:title\" content=\"Horas extra: \u00bfmuy extraordinarias en La Reina?\" \/>\n<meta property=\"og:description\" content=\"La Contralor\u00eca general de la Rep\u00f9blica entrego su informe sobre la realizaci\u00f2n de horas extra en la comuna de La Reina\" \/>\n<meta property=\"og:url\" content=\"https:\/\/lareinanews.cl\/noticias\/index.php\/2023\/02\/23\/horas-extra-muy-extraordinarias-en-la-reina\/\" \/>\n<meta property=\"og:site_name\" content=\"Noticias La Reina\" \/>\n<meta property=\"article:publisher\" content=\"https:\/\/www.facebook.com\/LaReinaNews\" \/>\n<meta property=\"article:published_time\" content=\"2023-02-23T18:43:55+00:00\" \/>\n<meta property=\"article:modified_time\" content=\"2023-02-23T22:41:33+00:00\" \/>\n<meta property=\"og:image\" content=\"https:\/\/lareinanews.cl\/noticias\/wp-content\/uploads\/2023\/02\/horasextra.png\" \/>\n\t<meta property=\"og:image:width\" content=\"650\" \/>\n\t<meta property=\"og:image:height\" content=\"490\" \/>\n\t<meta property=\"og:image:type\" content=\"image\/png\" \/>\n<meta name=\"author\" content=\"J M Doren\" \/>\n<meta name=\"twitter:card\" content=\"summary_large_image\" \/>\n<meta name=\"twitter:creator\" content=\"@jmdoren\" \/>\n<meta name=\"twitter:label1\" content=\"Escrito por\" \/>\n\t<meta name=\"twitter:data1\" content=\"J M Doren\" \/>\n\t<meta name=\"twitter:label2\" content=\"Tiempo de lectura\" \/>\n\t<meta name=\"twitter:data2\" content=\"4 minutos\" \/>\n<script type=\"application\/ld+json\" class=\"yoast-schema-graph\">{\"@context\":\"https:\/\/schema.org\",\"@graph\":[{\"@type\":\"Article\",\"@id\":\"https:\/\/lareinanews.cl\/noticias\/index.php\/2023\/02\/23\/horas-extra-muy-extraordinarias-en-la-reina\/#article\",\"isPartOf\":{\"@id\":\"https:\/\/lareinanews.cl\/noticias\/index.php\/2023\/02\/23\/horas-extra-muy-extraordinarias-en-la-reina\/\"},\"author\":{\"name\":\"J M Doren\",\"@id\":\"https:\/\/lareinanews.cl\/noticias\/#\/schema\/person\/c697b5a3c8bc9dd1d94222e2d58209ed\"},\"headline\":\"Horas extra: \u00bfmuy extraordinarias en La Reina?\",\"datePublished\":\"2023-02-23T18:43:55+00:00\",\"dateModified\":\"2023-02-23T22:41:33+00:00\",\"mainEntityOfPage\":{\"@id\":\"https:\/\/lareinanews.cl\/noticias\/index.php\/2023\/02\/23\/horas-extra-muy-extraordinarias-en-la-reina\/\"},\"wordCount\":907,\"publisher\":{\"@id\":\"https:\/\/lareinanews.cl\/noticias\/#organization\"},\"image\":{\"@id\":\"https:\/\/lareinanews.cl\/noticias\/index.php\/2023\/02\/23\/horas-extra-muy-extraordinarias-en-la-reina\/#primaryimage\"},\"thumbnailUrl\":\"https:\/\/lareinanews.cl\/noticias\/wp-content\/uploads\/2023\/02\/horasextra.png\",\"keywords\":[\"concejales\",\"concejo\",\"cotraloria\",\"la reina\"],\"articleSection\":[\"Alcalde\",\"Comunicados de Prensa\",\"Concejo Municipal\",\"Denuncias\",\"Destacados\",\"La Reina\",\"Noticias\",\"Trabajadores Municipales\"],\"inLanguage\":\"es\"},{\"@type\":\"WebPage\",\"@id\":\"https:\/\/lareinanews.cl\/noticias\/index.php\/2023\/02\/23\/horas-extra-muy-extraordinarias-en-la-reina\/\",\"url\":\"https:\/\/lareinanews.cl\/noticias\/index.php\/2023\/02\/23\/horas-extra-muy-extraordinarias-en-la-reina\/\",\"name\":\"Horas extra: \u00bfmuy extraordinarias en La Reina?\",\"isPartOf\":{\"@id\":\"https:\/\/lareinanews.cl\/noticias\/#website\"},\"primaryImageOfPage\":{\"@id\":\"https:\/\/lareinanews.cl\/noticias\/index.php\/2023\/02\/23\/horas-extra-muy-extraordinarias-en-la-reina\/#primaryimage\"},\"image\":{\"@id\":\"https:\/\/lareinanews.cl\/noticias\/index.php\/2023\/02\/23\/horas-extra-muy-extraordinarias-en-la-reina\/#primaryimage\"},\"thumbnailUrl\":\"https:\/\/lareinanews.cl\/noticias\/wp-content\/uploads\/2023\/02\/horasextra.png\",\"datePublished\":\"2023-02-23T18:43:55+00:00\",\"dateModified\":\"2023-02-23T22:41:33+00:00\",\"description\":\"La Contralor\u00eca general de la Rep\u00f9blica entrego su informe sobre la realizaci\u00f2n de horas extra en la comuna de La Reina\",\"breadcrumb\":{\"@id\":\"https:\/\/lareinanews.cl\/noticias\/index.php\/2023\/02\/23\/horas-extra-muy-extraordinarias-en-la-reina\/#breadcrumb\"},\"inLanguage\":\"es\",\"potentialAction\":[{\"@type\":\"ReadAction\",\"target\":[\"https:\/\/lareinanews.cl\/noticias\/index.php\/2023\/02\/23\/horas-extra-muy-extraordinarias-en-la-reina\/\"]}]},{\"@type\":\"ImageObject\",\"inLanguage\":\"es\",\"@id\":\"https:\/\/lareinanews.cl\/noticias\/index.php\/2023\/02\/23\/horas-extra-muy-extraordinarias-en-la-reina\/#primaryimage\",\"url\":\"https:\/\/lareinanews.cl\/noticias\/wp-content\/uploads\/2023\/02\/horasextra.png\",\"contentUrl\":\"https:\/\/lareinanews.cl\/noticias\/wp-content\/uploads\/2023\/02\/horasextra.png\",\"width\":650,\"height\":490},{\"@type\":\"BreadcrumbList\",\"@id\":\"https:\/\/lareinanews.cl\/noticias\/index.php\/2023\/02\/23\/horas-extra-muy-extraordinarias-en-la-reina\/#breadcrumb\",\"itemListElement\":[{\"@type\":\"ListItem\",\"position\":1,\"name\":\"Inicio\",\"item\":\"https:\/\/lareinanews.cl\/noticias\/\"},{\"@type\":\"ListItem\",\"position\":2,\"name\":\"Horas extra: \u00bfmuy extraordinarias en La Reina?\"}]},{\"@type\":\"WebSite\",\"@id\":\"https:\/\/lareinanews.cl\/noticias\/#website\",\"url\":\"https:\/\/lareinanews.cl\/noticias\/\",\"name\":\"Noticias La Reina\",\"description\":\"LaReina.news\",\"publisher\":{\"@id\":\"https:\/\/lareinanews.cl\/noticias\/#organization\"},\"potentialAction\":[{\"@type\":\"SearchAction\",\"target\":{\"@type\":\"EntryPoint\",\"urlTemplate\":\"https:\/\/lareinanews.cl\/noticias\/?s={search_term_string}\"},\"query-input\":{\"@type\":\"PropertyValueSpecification\",\"valueRequired\":true,\"valueName\":\"search_term_string\"}}],\"inLanguage\":\"es\"},{\"@type\":\"Organization\",\"@id\":\"https:\/\/lareinanews.cl\/noticias\/#organization\",\"name\":\"La Reina.news Peri\u00f3dico comunal de La Reina\",\"url\":\"https:\/\/lareinanews.cl\/noticias\/\",\"logo\":{\"@type\":\"ImageObject\",\"inLanguage\":\"es\",\"@id\":\"https:\/\/lareinanews.cl\/noticias\/#\/schema\/logo\/image\/\",\"url\":\"https:\/\/lareinanews.cl\/noticias\/wp-content\/uploads\/2020\/04\/logo_schema.png\",\"contentUrl\":\"https:\/\/lareinanews.cl\/noticias\/wp-content\/uploads\/2020\/04\/logo_schema.png\",\"width\":640,\"height\":360,\"caption\":\"La Reina.news Peri\u00f3dico comunal de La Reina\"},\"image\":{\"@id\":\"https:\/\/lareinanews.cl\/noticias\/#\/schema\/logo\/image\/\"},\"sameAs\":[\"https:\/\/www.facebook.com\/LaReinaNews\",\"https:\/\/www.instagram.com\/lareinanews\/\"]},{\"@type\":\"Person\",\"@id\":\"https:\/\/lareinanews.cl\/noticias\/#\/schema\/person\/c697b5a3c8bc9dd1d94222e2d58209ed\",\"name\":\"J M Doren\",\"image\":{\"@type\":\"ImageObject\",\"inLanguage\":\"es\",\"@id\":\"https:\/\/lareinanews.cl\/noticias\/#\/schema\/person\/image\/\",\"url\":\"http:\/\/lareina.news\/noticias\/wp-content\/uploads\/2019\/09\/avatar_user_1_1569272876-96x96.png\",\"contentUrl\":\"http:\/\/lareina.news\/noticias\/wp-content\/uploads\/2019\/09\/avatar_user_1_1569272876-96x96.png\",\"caption\":\"J M Doren\"},\"description\":\"Soy ingeniero en inform\u00e1tica, interesado en las humanidades. Fundador y director de La Reina.news y otros medios electr\u00f3nicos. Creo profundamente en que si dejamos de pensar y cuestionar(nos) no hay nada que nos diferencie de los primates. jmdoren@ok.cl Sitios de mi autor&iacute;a\",\"sameAs\":[\"https:\/\/www.ok.cl\/\",\"https:\/\/x.com\/@jmdoren\"],\"url\":\"https:\/\/lareinanews.cl\/noticias\/index.php\/author\/jmdoren\/\"}]}<\/script>\n<!-- \/ Yoast SEO plugin. -->","yoast_head_json":{"title":"Horas extra: \u00bfmuy extraordinarias en La Reina?","description":"La Contralor\u00eca general de la Rep\u00f9blica entrego su informe sobre la realizaci\u00f2n de horas extra en la comuna de La Reina","robots":{"index":"index","follow":"follow","max-snippet":"max-snippet:-1","max-image-preview":"max-image-preview:large","max-video-preview":"max-video-preview:-1"},"canonical":"https:\/\/lareinanews.cl\/noticias\/index.php\/2023\/02\/23\/horas-extra-muy-extraordinarias-en-la-reina\/","og_locale":"es_ES","og_type":"article","og_title":"Horas extra: \u00bfmuy extraordinarias en La Reina?","og_description":"La Contralor\u00eca general de la Rep\u00f9blica entrego su informe sobre la realizaci\u00f2n de horas extra en la comuna de La Reina","og_url":"https:\/\/lareinanews.cl\/noticias\/index.php\/2023\/02\/23\/horas-extra-muy-extraordinarias-en-la-reina\/","og_site_name":"Noticias La Reina","article_publisher":"https:\/\/www.facebook.com\/LaReinaNews","article_published_time":"2023-02-23T18:43:55+00:00","article_modified_time":"2023-02-23T22:41:33+00:00","og_image":[{"width":650,"height":490,"url":"https:\/\/lareinanews.cl\/noticias\/wp-content\/uploads\/2023\/02\/horasextra.png","type":"image\/png"}],"author":"J M Doren","twitter_card":"summary_large_image","twitter_creator":"@jmdoren","twitter_misc":{"Escrito por":"J M Doren","Tiempo de lectura":"4 minutos"},"schema":{"@context":"https:\/\/schema.org","@graph":[{"@type":"Article","@id":"https:\/\/lareinanews.cl\/noticias\/index.php\/2023\/02\/23\/horas-extra-muy-extraordinarias-en-la-reina\/#article","isPartOf":{"@id":"https:\/\/lareinanews.cl\/noticias\/index.php\/2023\/02\/23\/horas-extra-muy-extraordinarias-en-la-reina\/"},"author":{"name":"J M Doren","@id":"https:\/\/lareinanews.cl\/noticias\/#\/schema\/person\/c697b5a3c8bc9dd1d94222e2d58209ed"},"headline":"Horas extra: \u00bfmuy extraordinarias en La Reina?","datePublished":"2023-02-23T18:43:55+00:00","dateModified":"2023-02-23T22:41:33+00:00","mainEntityOfPage":{"@id":"https:\/\/lareinanews.cl\/noticias\/index.php\/2023\/02\/23\/horas-extra-muy-extraordinarias-en-la-reina\/"},"wordCount":907,"publisher":{"@id":"https:\/\/lareinanews.cl\/noticias\/#organization"},"image":{"@id":"https:\/\/lareinanews.cl\/noticias\/index.php\/2023\/02\/23\/horas-extra-muy-extraordinarias-en-la-reina\/#primaryimage"},"thumbnailUrl":"https:\/\/lareinanews.cl\/noticias\/wp-content\/uploads\/2023\/02\/horasextra.png","keywords":["concejales","concejo","cotraloria","la reina"],"articleSection":["Alcalde","Comunicados de Prensa","Concejo Municipal","Denuncias","Destacados","La Reina","Noticias","Trabajadores Municipales"],"inLanguage":"es"},{"@type":"WebPage","@id":"https:\/\/lareinanews.cl\/noticias\/index.php\/2023\/02\/23\/horas-extra-muy-extraordinarias-en-la-reina\/","url":"https:\/\/lareinanews.cl\/noticias\/index.php\/2023\/02\/23\/horas-extra-muy-extraordinarias-en-la-reina\/","name":"Horas extra: \u00bfmuy extraordinarias en La Reina?","isPartOf":{"@id":"https:\/\/lareinanews.cl\/noticias\/#website"},"primaryImageOfPage":{"@id":"https:\/\/lareinanews.cl\/noticias\/index.php\/2023\/02\/23\/horas-extra-muy-extraordinarias-en-la-reina\/#primaryimage"},"image":{"@id":"https:\/\/lareinanews.cl\/noticias\/index.php\/2023\/02\/23\/horas-extra-muy-extraordinarias-en-la-reina\/#primaryimage"},"thumbnailUrl":"https:\/\/lareinanews.cl\/noticias\/wp-content\/uploads\/2023\/02\/horasextra.png","datePublished":"2023-02-23T18:43:55+00:00","dateModified":"2023-02-23T22:41:33+00:00","description":"La Contralor\u00eca general de la Rep\u00f9blica entrego su informe sobre la realizaci\u00f2n de horas extra en la comuna de La Reina","breadcrumb":{"@id":"https:\/\/lareinanews.cl\/noticias\/index.php\/2023\/02\/23\/horas-extra-muy-extraordinarias-en-la-reina\/#breadcrumb"},"inLanguage":"es","potentialAction":[{"@type":"ReadAction","target":["https:\/\/lareinanews.cl\/noticias\/index.php\/2023\/02\/23\/horas-extra-muy-extraordinarias-en-la-reina\/"]}]},{"@type":"ImageObject","inLanguage":"es","@id":"https:\/\/lareinanews.cl\/noticias\/index.php\/2023\/02\/23\/horas-extra-muy-extraordinarias-en-la-reina\/#primaryimage","url":"https:\/\/lareinanews.cl\/noticias\/wp-content\/uploads\/2023\/02\/horasextra.png","contentUrl":"https:\/\/lareinanews.cl\/noticias\/wp-content\/uploads\/2023\/02\/horasextra.png","width":650,"height":490},{"@type":"BreadcrumbList","@id":"https:\/\/lareinanews.cl\/noticias\/index.php\/2023\/02\/23\/horas-extra-muy-extraordinarias-en-la-reina\/#breadcrumb","itemListElement":[{"@type":"ListItem","position":1,"name":"Inicio","item":"https:\/\/lareinanews.cl\/noticias\/"},{"@type":"ListItem","position":2,"name":"Horas extra: \u00bfmuy extraordinarias en La Reina?"}]},{"@type":"WebSite","@id":"https:\/\/lareinanews.cl\/noticias\/#website","url":"https:\/\/lareinanews.cl\/noticias\/","name":"Noticias La Reina","description":"LaReina.news","publisher":{"@id":"https:\/\/lareinanews.cl\/noticias\/#organization"},"potentialAction":[{"@type":"SearchAction","target":{"@type":"EntryPoint","urlTemplate":"https:\/\/lareinanews.cl\/noticias\/?s={search_term_string}"},"query-input":{"@type":"PropertyValueSpecification","valueRequired":true,"valueName":"search_term_string"}}],"inLanguage":"es"},{"@type":"Organization","@id":"https:\/\/lareinanews.cl\/noticias\/#organization","name":"La Reina.news Peri\u00f3dico comunal de La Reina","url":"https:\/\/lareinanews.cl\/noticias\/","logo":{"@type":"ImageObject","inLanguage":"es","@id":"https:\/\/lareinanews.cl\/noticias\/#\/schema\/logo\/image\/","url":"https:\/\/lareinanews.cl\/noticias\/wp-content\/uploads\/2020\/04\/logo_schema.png","contentUrl":"https:\/\/lareinanews.cl\/noticias\/wp-content\/uploads\/2020\/04\/logo_schema.png","width":640,"height":360,"caption":"La Reina.news Peri\u00f3dico comunal de La Reina"},"image":{"@id":"https:\/\/lareinanews.cl\/noticias\/#\/schema\/logo\/image\/"},"sameAs":["https:\/\/www.facebook.com\/LaReinaNews","https:\/\/www.instagram.com\/lareinanews\/"]},{"@type":"Person","@id":"https:\/\/lareinanews.cl\/noticias\/#\/schema\/person\/c697b5a3c8bc9dd1d94222e2d58209ed","name":"J M Doren","image":{"@type":"ImageObject","inLanguage":"es","@id":"https:\/\/lareinanews.cl\/noticias\/#\/schema\/person\/image\/","url":"http:\/\/lareina.news\/noticias\/wp-content\/uploads\/2019\/09\/avatar_user_1_1569272876-96x96.png","contentUrl":"http:\/\/lareina.news\/noticias\/wp-content\/uploads\/2019\/09\/avatar_user_1_1569272876-96x96.png","caption":"J M Doren"},"description":"Soy ingeniero en inform\u00e1tica, interesado en las humanidades. Fundador y director de La Reina.news y otros medios electr\u00f3nicos. Creo profundamente en que si dejamos de pensar y cuestionar(nos) no hay nada que nos diferencie de los primates. jmdoren@ok.cl Sitios de mi autor&iacute;a","sameAs":["https:\/\/www.ok.cl\/","https:\/\/x.com\/@jmdoren"],"url":"https:\/\/lareinanews.cl\/noticias\/index.php\/author\/jmdoren\/"}]}},"_links":{"self":[{"href":"https:\/\/lareinanews.cl\/noticias\/index.php\/wp-json\/wp\/v2\/posts\/5339","targetHints":{"allow":["GET"]}}],"collection":[{"href":"https:\/\/lareinanews.cl\/noticias\/index.php\/wp-json\/wp\/v2\/posts"}],"about":[{"href":"https:\/\/lareinanews.cl\/noticias\/index.php\/wp-json\/wp\/v2\/types\/post"}],"author":[{"embeddable":true,"href":"https:\/\/lareinanews.cl\/noticias\/index.php\/wp-json\/wp\/v2\/users\/1"}],"replies":[{"embeddable":true,"href":"https:\/\/lareinanews.cl\/noticias\/index.php\/wp-json\/wp\/v2\/comments?post=5339"}],"version-history":[{"count":26,"href":"https:\/\/lareinanews.cl\/noticias\/index.php\/wp-json\/wp\/v2\/posts\/5339\/revisions"}],"predecessor-version":[{"id":5369,"href":"https:\/\/lareinanews.cl\/noticias\/index.php\/wp-json\/wp\/v2\/posts\/5339\/revisions\/5369"}],"wp:featuredmedia":[{"embeddable":true,"href":"https:\/\/lareinanews.cl\/noticias\/index.php\/wp-json\/wp\/v2\/media\/5364"}],"wp:attachment":[{"href":"https:\/\/lareinanews.cl\/noticias\/index.php\/wp-json\/wp\/v2\/media?parent=5339"}],"wp:term":[{"taxonomy":"category","embeddable":true,"href":"https:\/\/lareinanews.cl\/noticias\/index.php\/wp-json\/wp\/v2\/categories?post=5339"},{"taxonomy":"post_tag","embeddable":true,"href":"https:\/\/lareinanews.cl\/noticias\/index.php\/wp-json\/wp\/v2\/tags?post=5339"}],"curies":[{"name":"wp","href":"https:\/\/api.w.org\/{rel}","templated":true}]}}