{"id":5299,"date":"2023-02-03T12:23:29","date_gmt":"2023-02-03T15:23:29","guid":{"rendered":"https:\/\/lareinanews.cl\/noticias\/?p=5299"},"modified":"2023-02-03T12:51:16","modified_gmt":"2023-02-03T15:51:16","slug":"consulta-electronica-en-la-reina-de-dulce-y-agraz","status":"publish","type":"post","link":"https:\/\/lareinanews.cl\/noticias\/index.php\/2023\/02\/03\/consulta-electronica-en-la-reina-de-dulce-y-agraz\/","title":{"rendered":"Consulta electr\u00f3nica en La Reina, de dulce y agraz."},"content":{"rendered":"<p>La Municipaliad de La Reina ha lanzado un <a href=\"https:\/\/participa.lareina.cl\/es-CL\/\" target=\"_blank\" rel=\"noopener\">sistema de consulta electr\u00f3nica<\/a>, en donde se espera que los vecinos podamos contestar preguntas de inter\u00e9s para la comuna. Sin duda alguna un avance deseable y esperado en los tiempos del block chain y los nft,\u00a0 sin embargo este lanzamiento ha generado una serie de pol\u00e9micas.\u00a0 Las principales son:<\/p>\n<ul>\n<li><strong>Oportunidad<\/strong>: Lanzar una consulta justo en el per\u00edodo en que la mayor\u00eda de las personas (inclu\u00eddos muchos funcionarios municipales y el alcalde) est\u00e1n de vacaciones.<\/li>\n<li><strong>Materia<\/strong>: Se pregunta por uno de los temas m\u00e1s controvertidos en la discusi\u00f3n comunal, la construcci\u00f3n de un memorial de derechos humanos frente al <a href=\"https:\/\/villagrimaldi.cl\/noticias\/un-memorial-para-tobalaba-el-aerodromo-de-los-vuelos-de-la-muerte\/\" target=\"_blank\" rel=\"noopener\">Aer\u00f3dromo de Tobalba<\/a>.<\/li>\n<li><strong>Legitimidad<\/strong>: <a href=\"https:\/\/twitter.com\/MuniLaReina\/status\/1619047133046517761\" target=\"_blank\" rel=\"noopener\">Mediante twitter la municipalidad indica que esta consulta es vinculante<\/a> toda vez que hay un proyecto de ley que se est\u00e1 discutiendo sobre la materia y que la legislaci\u00f3n sobre plebscitos comunales define una serie de requisitos que al parecer no se estar\u00edan cumpliendo.<\/li>\n<\/ul>\n<h2>El sistema de votaci\u00f3n<\/h2>\n<p>El sistema de votaci\u00f3n que se est\u00e1 utilizando se basa en un <a href=\"https:\/\/www.citizenlab.co\/es\/open-source\" target=\"_blank\" rel=\"noopener\">programa de libre acceso provisto por la empresa Citizen Lab<\/a>, con sede en B\u00e9lgica. La empresa dice tener entre sus clientes en Chile al <a href=\"https:\/\/www.citizenlab.co\/blog\/casos-de-estudio\/el-injuv-empodera-a-28-250-jovenes-para-que-discutan-ideas-de-desarrollo-sostenible-en-chile\/?lang=es\" target=\"_blank\" rel=\"noopener\">INJUV<\/a> , y la <a href=\"https:\/\/www.citizenlab.co\/blog\/casos-de-estudio\/24-450-ciudadanos-participan-en-el-presupuesto-participativo-de-penalolen\/?lang=es\" target=\"_blank\" rel=\"noopener\">Municipalidad de Pe\u00f1alol\u00e9n<\/a>, por lo que, sumado a una extensa lista de clientes en el mundo podemos suponer que posee la experiencia suficiente para asesorar y garantizar el buen funcionamiento del sistema. Nos concetraremos en este art\u00edculo en dos puntos escenciales, <strong>tratamiento de la informaci\u00f3n y padr\u00f3n electoral<\/strong>.<\/p>\n<h3>Tratamiento de la Informaci\u00f3n.<\/h3>\n<p>Consultada la empresa proveedora nos remiti\u00f3 a la p\u00e1gina de <a href=\"https:\/\/participa.lareina.cl\/es-CL\/pages\/privacy-policy\" target=\"_blank\" rel=\"noopener\">pol\u00edticas de privacidad<\/a> de la misma consulta, en esta se declara (negritas nuestras):<\/p>\n<blockquote><p><em><strong>Cada acci\u00f3n que realizas en la plataforma<\/strong> (votar, publicar una idea, escribir un comentario, responder a una encuesta, &#8230;) <strong>es registrada y almacenada<\/strong>. Estos datos tambi\u00e9n est\u00e1n vinculados a tus datos de registro (3.1), lo que implica que<strong> la organizaci\u00f3n puede vincular tu perfil de la plataforma a estos datos de participaci\u00f3n<\/strong>.<\/em><\/p>\n<p><em><strong>Compartimos sus datos personales con la organizaci\u00f3n en cuyo nombre los recogemos. Compartimos sus datos con los sub-procesadores que trabajan en nuestro nombre.<\/strong> Nunca venderemos o alquilaremos sus datos personales a otros proveedores de servicios, ni compartiremos sus datos personales con ning\u00fan proveedor de servicios que no cumpla con la normativa GDPR.<\/em><\/p>\n<p><em>S\u00f3lo transferimos sus Datos Personales a proveedores de servicios establecidos fuera del Espacio Econ\u00f3mico Europeo si cumplen con el art. 44 de la Ley de Protecci\u00f3n de Datos.<\/em><\/p>\n<p><em>Puede ejercer sus derechos poni\u00e9ndose en contacto con Citizenlab a tal efecto, ya sea por correo electr\u00f3nico a\u00a0<a tabindex=\"0\" href=\"mailto:support@citizenlab.co\" target=\"_blank\" rel=\"noreferrer noopener nofollow\">support@citizenlab.co<\/a>, por correo postal a <strong>Meusegemstraat 105, 1861 Wolvertem, B\u00e9lgica<\/strong> o mediante el formulario \u00abCont\u00e1ctenos\u00bb de nuestro sitio web, siempre que adjunte una copia del anverso de su documento de identidad.<\/em><\/p><\/blockquote>\n<p><strong>En resumen:<\/strong> las pol\u00edticas son las de la empresa proveedora regida por las leyes de B\u00e9lgica y las de la Uni\u00f3n Europea, <strong>no nos fue posible obtener una definici\u00f3n sobre el anonimato del voto,<\/strong> punto que nos parece escencial en especial en esta primera consulta.<\/p>\n<h3>Padr\u00f3n electoral<\/h3>\n<p><a href=\"https:\/\/lareinanews.cl\/noticias\/wp-content\/uploads\/2023\/02\/baja.jpg\"><img loading=\"lazy\" decoding=\"async\" class=\"alignleft wp-image-5316 size-medium\" src=\"https:\/\/lareinanews.cl\/noticias\/wp-content\/uploads\/2023\/02\/baja-300x300.jpg\" alt=\"\" width=\"300\" height=\"300\" srcset=\"https:\/\/lareinanews.cl\/noticias\/wp-content\/uploads\/2023\/02\/baja-300x300.jpg 300w, https:\/\/lareinanews.cl\/noticias\/wp-content\/uploads\/2023\/02\/baja-150x150.jpg 150w, https:\/\/lareinanews.cl\/noticias\/wp-content\/uploads\/2023\/02\/baja.jpg 680w\" sizes=\"auto, (max-width: 300px) 100vw, 300px\" \/><\/a>La consulta debi\u00f3 ser relanzada despu\u00e9s que en la primera oportunidad permitiera votar a cualquier persona, esto es un comportamiento indeseado ya que la consulta fue definida s\u00f3lo para habitantes de La Reina. Las provisiones para asegurar que voten s\u00f3lo las personas que tienen ese derecho deben estar a la altura de la importancia de la consulta. Ning\u00fan sistema es perfecto, incluso en el caso del voto presencial existe una m\u00ednima posiblildad de suplantaci\u00f3n de identidad. En el caso del voto electr\u00f3nico el desaf\u00edo es mayor y las providencias que se deben tomar son as\u00ed mismo mayores mientras mayor sea la importancia del voto.<\/p>\n<p>Si se tratase de las elecciones presidenciales de los Estados Unidos, podemos tener la certeza de que agencias de inteligencia de Rusia, China, y muchos otros pa\u00edses y organizaciones estar\u00edan intentando manipular el sistema, Ac\u00e1 no hablamos de algo tan relevante, pero tampoco la pregunta es sobre algo de simple gusto como de que color pintar los bancos de la plaza. As\u00ed que hicimos un experimento donde quer\u00edamos comprobar si pueden votar solamente personas de La Reina.<\/p>\n<h3>\u00bfPueden votar solamente personas de La Reina?<\/h3>\n<p>Para esta pregunta la primera definici\u00f3n es: \u00bfqui\u00e9n es una persona de La Reina? y la municipalidad decidi\u00f3 que son aquellas personas inscritas en el <a href=\"https:\/\/cdn.servel.cl\/padron\/A13113.pdf\" target=\"_blank\" rel=\"noopener\">padr\u00f3n electoral del SERVEL en la comuna<\/a>, aunque esto no es 100% exacto es suficentemente acotado y concordamos con dicha restricci\u00f3n.\u00a0 Por lo tanto:<\/p>\n<p><span style=\"color: #003300;\"><strong><img loading=\"lazy\" decoding=\"async\" class=\"size-medium wp-image-5308 alignleft\" src=\"https:\/\/lareinanews.cl\/noticias\/wp-content\/uploads\/2023\/02\/otracomuna-300x207.png\" alt=\"\" width=\"300\" height=\"207\" srcset=\"https:\/\/lareinanews.cl\/noticias\/wp-content\/uploads\/2023\/02\/otracomuna-300x207.png 300w, https:\/\/lareinanews.cl\/noticias\/wp-content\/uploads\/2023\/02\/otracomuna.png 419w\" sizes=\"auto, (max-width: 300px) 100vw, 300px\" \/>\u2714 intentamos inscribirnos con una c\u00e9dula de identidad de un elector de otra comuna y el sistema lo rechaz\u00f3<\/strong><\/span><\/p>\n<p><strong><span style=\"color: #339966;\"><span style=\"color: #003300;\">\u2714 nos inscribimos con nuestros datos y c\u00e9dula de identidad, los que s\u00ed nos permiti\u00f3 entrar a votar<\/span>\u00a0<\/span><\/strong><\/p>\n<p><strong><span style=\"color: #800000;\">\u274c intentamos suplantar a alguien de la comuna<\/span><\/strong> para esto usamos un nombre ficticio y averiguamos la c\u00e9dula de identidad de una persona de La Reina, (la persona en cuesti\u00f3n es un familiar que nos autoriz\u00f3). No vamos a dar detalles de como se hizo pero si le pregunta a cualquier ni\u00f1o mayor de 10 a\u00f1os sabr\u00e1 hacerlo. En esta prueba logramos suplantar a la persona en cuesti\u00f3n. El sistema nos di\u00f3 acceso a votar, lo que no hicimos pero no porque el sistema detectara el fraude. Esta falla nos parece ins\u00f3lita para una empresa internacional que lleva a\u00f1os en el rubro.<\/p>\n<p>&nbsp;<\/p>\n<h3>Conclusi\u00f3n<\/h3>\n<p>A la pregunta de \u00bfPueden votar solamente personas de La Reina? y siendo moderado en las exigencias de seguridad la respuesta es un definitivo no,<strong> ya que cualquiera puede suplantar a quien desee<\/strong>, emitiendo adem\u00e1s todos los votos que quiera (aunque uno\u00a0 por cada identidad suplantada). Este fallo es inexcusable ya que se puede facilmente verificar la identidad de la persona pidiendo la <a href=\"https:\/\/claveunica.gob.cl\/instituciones\" target=\"_blank\" rel=\"noopener\">clave \u00fanica<\/a> o el n\u00famero de serie del carn\u00e9 de identidad. Ambos m\u00e9todos violables tambi\u00e9n pero para el nivel de seguridad e importancia asociado al tipo de consulta parecen ser los m\u00e1s razonables.<\/p>\n<p>Creemos que m\u00e1as all\u00e1 de las preguntas que se planeen hacer la municipalidad debe mejorar los m\u00e9todos de autentificaci\u00f3n y transparentar el uso que se le dar\u00e1 a los datos y el nivel anonimato que tienen las votaciones explicitando las salvaguardas t\u00e9cnicas y las garant\u00edas y auditor\u00edas que den seguridad al votante.<\/p>\n<p>Felicitamos la iniciativa de teenr una v\u00eda de consulta con los vecinos, m\u00e1s a\u00fan que se lanze cuando la comuna cumple 60 a\u00f1os y se nota un trabajo por la modernizaci\u00f3n. Esperamos que se transparente la forma en que se maneja la informaci\u00f3n, que las medidas de seguridad est\u00e9n a la altura de la instituci\u00f3n y sugerimos que los vecinos pueda tambi\u00e9n utilizar la plataforma para levantar consultas relevantes para la comunidad.<\/p>\n<p>&nbsp;<\/p>\n<p>&nbsp;<\/p>\n","protected":false},"excerpt":{"rendered":"<div class=\"mh-excerpt\"><p>La Municipaliad de La Reina ha lanzado un sistema de consulta electr\u00f3nica, en donde se espera que los vecinos podamos contestar preguntas de inter\u00e9s para la comuna. Sin duda alguna un avance deseable y esperado <a class=\"mh-excerpt-more\" href=\"https:\/\/lareinanews.cl\/noticias\/index.php\/2023\/02\/03\/consulta-electronica-en-la-reina-de-dulce-y-agraz\/\" title=\"Consulta electr\u00f3nica en La Reina, de dulce y agraz.\">[&#8230;]<\/a><\/p>\n<\/div>","protected":false},"author":1,"featured_media":5318,"comment_status":"open","ping_status":"closed","sticky":false,"template":"","format":"standard","meta":{"_acf_changed":false,"footnotes":""},"categories":[31,2,14,346],"tags":[69,6,233,4,347,22],"class_list":{"0":"post-5299","1":"post","2":"type-post","3":"status-publish","4":"format-standard","5":"has-post-thumbnail","7":"category-destacados","8":"category-comuna","9":"category-noticias","10":"category-participacion","11":"tag-aerodromo","12":"tag-comunidad","13":"tag-consulta-ciudadana","14":"tag-la-reina","15":"tag-memorial","16":"tag-vecinos"},"acf":[],"yoast_head":"<!-- This site is optimized with the Yoast SEO plugin v27.1.1 - https:\/\/yoast.com\/product\/yoast-seo-wordpress\/ -->\n<title>Consulta electr\u00f3nica en La Reina, de dulce y agraz.<\/title>\n<meta name=\"description\" content=\"La Reina inaugura un sistema de votaci\u00f3n electr\u00f3nico, probamos lo que nos parece el est\u00e1ndar m\u00ednimo de seguridad y .....\" \/>\n<meta name=\"robots\" content=\"index, follow, max-snippet:-1, max-image-preview:large, max-video-preview:-1\" \/>\n<link rel=\"canonical\" href=\"https:\/\/lareinanews.cl\/noticias\/index.php\/2023\/02\/03\/consulta-electronica-en-la-reina-de-dulce-y-agraz\/\" \/>\n<meta property=\"og:locale\" content=\"es_ES\" \/>\n<meta property=\"og:type\" content=\"article\" \/>\n<meta property=\"og:title\" content=\"Consulta electr\u00f3nica en La Reina, de dulce y agraz.\" \/>\n<meta property=\"og:description\" content=\"La Reina inaugura un sistema de votaci\u00f3n electr\u00f3nico, probamos lo que nos parece el est\u00e1ndar m\u00ednimo de seguridad y .....\" \/>\n<meta property=\"og:url\" content=\"https:\/\/lareinanews.cl\/noticias\/index.php\/2023\/02\/03\/consulta-electronica-en-la-reina-de-dulce-y-agraz\/\" \/>\n<meta property=\"og:site_name\" content=\"Noticias La Reina\" \/>\n<meta property=\"article:publisher\" content=\"https:\/\/www.facebook.com\/LaReinaNews\" \/>\n<meta property=\"article:published_time\" content=\"2023-02-03T15:23:29+00:00\" \/>\n<meta property=\"article:modified_time\" content=\"2023-02-03T15:51:16+00:00\" \/>\n<meta property=\"og:image\" content=\"https:\/\/lareinanews.cl\/noticias\/wp-content\/uploads\/2023\/02\/votoe.jpg\" \/>\n\t<meta property=\"og:image:width\" content=\"650\" \/>\n\t<meta property=\"og:image:height\" content=\"490\" \/>\n\t<meta property=\"og:image:type\" content=\"image\/jpeg\" \/>\n<meta name=\"author\" content=\"J M Doren\" \/>\n<meta name=\"twitter:card\" content=\"summary_large_image\" \/>\n<meta name=\"twitter:creator\" content=\"@jmdoren\" \/>\n<meta name=\"twitter:label1\" content=\"Escrito por\" \/>\n\t<meta name=\"twitter:data1\" content=\"J M Doren\" \/>\n\t<meta name=\"twitter:label2\" content=\"Tiempo de lectura\" \/>\n\t<meta name=\"twitter:data2\" content=\"6 minutos\" \/>\n<script type=\"application\/ld+json\" class=\"yoast-schema-graph\">{\"@context\":\"https:\/\/schema.org\",\"@graph\":[{\"@type\":\"Article\",\"@id\":\"https:\/\/lareinanews.cl\/noticias\/index.php\/2023\/02\/03\/consulta-electronica-en-la-reina-de-dulce-y-agraz\/#article\",\"isPartOf\":{\"@id\":\"https:\/\/lareinanews.cl\/noticias\/index.php\/2023\/02\/03\/consulta-electronica-en-la-reina-de-dulce-y-agraz\/\"},\"author\":{\"name\":\"J M Doren\",\"@id\":\"https:\/\/lareinanews.cl\/noticias\/#\/schema\/person\/c697b5a3c8bc9dd1d94222e2d58209ed\"},\"headline\":\"Consulta electr\u00f3nica en La Reina, de dulce y agraz.\",\"datePublished\":\"2023-02-03T15:23:29+00:00\",\"dateModified\":\"2023-02-03T15:51:16+00:00\",\"mainEntityOfPage\":{\"@id\":\"https:\/\/lareinanews.cl\/noticias\/index.php\/2023\/02\/03\/consulta-electronica-en-la-reina-de-dulce-y-agraz\/\"},\"wordCount\":1189,\"commentCount\":0,\"publisher\":{\"@id\":\"https:\/\/lareinanews.cl\/noticias\/#organization\"},\"image\":{\"@id\":\"https:\/\/lareinanews.cl\/noticias\/index.php\/2023\/02\/03\/consulta-electronica-en-la-reina-de-dulce-y-agraz\/#primaryimage\"},\"thumbnailUrl\":\"https:\/\/lareinanews.cl\/noticias\/wp-content\/uploads\/2023\/02\/votoe.jpg\",\"keywords\":[\"aer\u00f3dromo\",\"comunidad\",\"consulta ciudadana\",\"la reina\",\"memorial\",\"vecinos\"],\"articleSection\":[\"Destacados\",\"La Reina\",\"Noticias\",\"Participaci\u00f3n\"],\"inLanguage\":\"es\",\"potentialAction\":[{\"@type\":\"CommentAction\",\"name\":\"Comment\",\"target\":[\"https:\/\/lareinanews.cl\/noticias\/index.php\/2023\/02\/03\/consulta-electronica-en-la-reina-de-dulce-y-agraz\/#respond\"]}]},{\"@type\":\"WebPage\",\"@id\":\"https:\/\/lareinanews.cl\/noticias\/index.php\/2023\/02\/03\/consulta-electronica-en-la-reina-de-dulce-y-agraz\/\",\"url\":\"https:\/\/lareinanews.cl\/noticias\/index.php\/2023\/02\/03\/consulta-electronica-en-la-reina-de-dulce-y-agraz\/\",\"name\":\"Consulta electr\u00f3nica en La Reina, de dulce y agraz.\",\"isPartOf\":{\"@id\":\"https:\/\/lareinanews.cl\/noticias\/#website\"},\"primaryImageOfPage\":{\"@id\":\"https:\/\/lareinanews.cl\/noticias\/index.php\/2023\/02\/03\/consulta-electronica-en-la-reina-de-dulce-y-agraz\/#primaryimage\"},\"image\":{\"@id\":\"https:\/\/lareinanews.cl\/noticias\/index.php\/2023\/02\/03\/consulta-electronica-en-la-reina-de-dulce-y-agraz\/#primaryimage\"},\"thumbnailUrl\":\"https:\/\/lareinanews.cl\/noticias\/wp-content\/uploads\/2023\/02\/votoe.jpg\",\"datePublished\":\"2023-02-03T15:23:29+00:00\",\"dateModified\":\"2023-02-03T15:51:16+00:00\",\"description\":\"La Reina inaugura un sistema de votaci\u00f3n electr\u00f3nico, probamos lo que nos parece el est\u00e1ndar m\u00ednimo de seguridad y .....\",\"breadcrumb\":{\"@id\":\"https:\/\/lareinanews.cl\/noticias\/index.php\/2023\/02\/03\/consulta-electronica-en-la-reina-de-dulce-y-agraz\/#breadcrumb\"},\"inLanguage\":\"es\",\"potentialAction\":[{\"@type\":\"ReadAction\",\"target\":[\"https:\/\/lareinanews.cl\/noticias\/index.php\/2023\/02\/03\/consulta-electronica-en-la-reina-de-dulce-y-agraz\/\"]}]},{\"@type\":\"ImageObject\",\"inLanguage\":\"es\",\"@id\":\"https:\/\/lareinanews.cl\/noticias\/index.php\/2023\/02\/03\/consulta-electronica-en-la-reina-de-dulce-y-agraz\/#primaryimage\",\"url\":\"https:\/\/lareinanews.cl\/noticias\/wp-content\/uploads\/2023\/02\/votoe.jpg\",\"contentUrl\":\"https:\/\/lareinanews.cl\/noticias\/wp-content\/uploads\/2023\/02\/votoe.jpg\",\"width\":650,\"height\":490},{\"@type\":\"BreadcrumbList\",\"@id\":\"https:\/\/lareinanews.cl\/noticias\/index.php\/2023\/02\/03\/consulta-electronica-en-la-reina-de-dulce-y-agraz\/#breadcrumb\",\"itemListElement\":[{\"@type\":\"ListItem\",\"position\":1,\"name\":\"Inicio\",\"item\":\"https:\/\/lareinanews.cl\/noticias\/\"},{\"@type\":\"ListItem\",\"position\":2,\"name\":\"Consulta electr\u00f3nica en La Reina, de dulce y agraz.\"}]},{\"@type\":\"WebSite\",\"@id\":\"https:\/\/lareinanews.cl\/noticias\/#website\",\"url\":\"https:\/\/lareinanews.cl\/noticias\/\",\"name\":\"Noticias La Reina\",\"description\":\"LaReina.news\",\"publisher\":{\"@id\":\"https:\/\/lareinanews.cl\/noticias\/#organization\"},\"potentialAction\":[{\"@type\":\"SearchAction\",\"target\":{\"@type\":\"EntryPoint\",\"urlTemplate\":\"https:\/\/lareinanews.cl\/noticias\/?s={search_term_string}\"},\"query-input\":{\"@type\":\"PropertyValueSpecification\",\"valueRequired\":true,\"valueName\":\"search_term_string\"}}],\"inLanguage\":\"es\"},{\"@type\":\"Organization\",\"@id\":\"https:\/\/lareinanews.cl\/noticias\/#organization\",\"name\":\"La Reina.news Peri\u00f3dico comunal de La Reina\",\"url\":\"https:\/\/lareinanews.cl\/noticias\/\",\"logo\":{\"@type\":\"ImageObject\",\"inLanguage\":\"es\",\"@id\":\"https:\/\/lareinanews.cl\/noticias\/#\/schema\/logo\/image\/\",\"url\":\"https:\/\/lareinanews.cl\/noticias\/wp-content\/uploads\/2020\/04\/logo_schema.png\",\"contentUrl\":\"https:\/\/lareinanews.cl\/noticias\/wp-content\/uploads\/2020\/04\/logo_schema.png\",\"width\":640,\"height\":360,\"caption\":\"La Reina.news Peri\u00f3dico comunal de La Reina\"},\"image\":{\"@id\":\"https:\/\/lareinanews.cl\/noticias\/#\/schema\/logo\/image\/\"},\"sameAs\":[\"https:\/\/www.facebook.com\/LaReinaNews\",\"https:\/\/www.instagram.com\/lareinanews\/\"]},{\"@type\":\"Person\",\"@id\":\"https:\/\/lareinanews.cl\/noticias\/#\/schema\/person\/c697b5a3c8bc9dd1d94222e2d58209ed\",\"name\":\"J M Doren\",\"image\":{\"@type\":\"ImageObject\",\"inLanguage\":\"es\",\"@id\":\"https:\/\/lareinanews.cl\/noticias\/#\/schema\/person\/image\/\",\"url\":\"http:\/\/lareina.news\/noticias\/wp-content\/uploads\/2019\/09\/avatar_user_1_1569272876-96x96.png\",\"contentUrl\":\"http:\/\/lareina.news\/noticias\/wp-content\/uploads\/2019\/09\/avatar_user_1_1569272876-96x96.png\",\"caption\":\"J M Doren\"},\"description\":\"Soy ingeniero en inform\u00e1tica, interesado en las humanidades. Fundador y director de La Reina.news y otros medios electr\u00f3nicos. Creo profundamente en que si dejamos de pensar y cuestionar(nos) no hay nada que nos diferencie de los primates. jmdoren@ok.cl Sitios de mi autor&iacute;a\",\"sameAs\":[\"https:\/\/www.ok.cl\/\",\"https:\/\/x.com\/@jmdoren\"],\"url\":\"https:\/\/lareinanews.cl\/noticias\/index.php\/author\/jmdoren\/\"}]}<\/script>\n<!-- \/ Yoast SEO plugin. -->","yoast_head_json":{"title":"Consulta electr\u00f3nica en La Reina, de dulce y agraz.","description":"La Reina inaugura un sistema de votaci\u00f3n electr\u00f3nico, probamos lo que nos parece el est\u00e1ndar m\u00ednimo de seguridad y .....","robots":{"index":"index","follow":"follow","max-snippet":"max-snippet:-1","max-image-preview":"max-image-preview:large","max-video-preview":"max-video-preview:-1"},"canonical":"https:\/\/lareinanews.cl\/noticias\/index.php\/2023\/02\/03\/consulta-electronica-en-la-reina-de-dulce-y-agraz\/","og_locale":"es_ES","og_type":"article","og_title":"Consulta electr\u00f3nica en La Reina, de dulce y agraz.","og_description":"La Reina inaugura un sistema de votaci\u00f3n electr\u00f3nico, probamos lo que nos parece el est\u00e1ndar m\u00ednimo de seguridad y .....","og_url":"https:\/\/lareinanews.cl\/noticias\/index.php\/2023\/02\/03\/consulta-electronica-en-la-reina-de-dulce-y-agraz\/","og_site_name":"Noticias La Reina","article_publisher":"https:\/\/www.facebook.com\/LaReinaNews","article_published_time":"2023-02-03T15:23:29+00:00","article_modified_time":"2023-02-03T15:51:16+00:00","og_image":[{"width":650,"height":490,"url":"https:\/\/lareinanews.cl\/noticias\/wp-content\/uploads\/2023\/02\/votoe.jpg","type":"image\/jpeg"}],"author":"J M Doren","twitter_card":"summary_large_image","twitter_creator":"@jmdoren","twitter_misc":{"Escrito por":"J M Doren","Tiempo de lectura":"6 minutos"},"schema":{"@context":"https:\/\/schema.org","@graph":[{"@type":"Article","@id":"https:\/\/lareinanews.cl\/noticias\/index.php\/2023\/02\/03\/consulta-electronica-en-la-reina-de-dulce-y-agraz\/#article","isPartOf":{"@id":"https:\/\/lareinanews.cl\/noticias\/index.php\/2023\/02\/03\/consulta-electronica-en-la-reina-de-dulce-y-agraz\/"},"author":{"name":"J M Doren","@id":"https:\/\/lareinanews.cl\/noticias\/#\/schema\/person\/c697b5a3c8bc9dd1d94222e2d58209ed"},"headline":"Consulta electr\u00f3nica en La Reina, de dulce y agraz.","datePublished":"2023-02-03T15:23:29+00:00","dateModified":"2023-02-03T15:51:16+00:00","mainEntityOfPage":{"@id":"https:\/\/lareinanews.cl\/noticias\/index.php\/2023\/02\/03\/consulta-electronica-en-la-reina-de-dulce-y-agraz\/"},"wordCount":1189,"commentCount":0,"publisher":{"@id":"https:\/\/lareinanews.cl\/noticias\/#organization"},"image":{"@id":"https:\/\/lareinanews.cl\/noticias\/index.php\/2023\/02\/03\/consulta-electronica-en-la-reina-de-dulce-y-agraz\/#primaryimage"},"thumbnailUrl":"https:\/\/lareinanews.cl\/noticias\/wp-content\/uploads\/2023\/02\/votoe.jpg","keywords":["aer\u00f3dromo","comunidad","consulta ciudadana","la reina","memorial","vecinos"],"articleSection":["Destacados","La Reina","Noticias","Participaci\u00f3n"],"inLanguage":"es","potentialAction":[{"@type":"CommentAction","name":"Comment","target":["https:\/\/lareinanews.cl\/noticias\/index.php\/2023\/02\/03\/consulta-electronica-en-la-reina-de-dulce-y-agraz\/#respond"]}]},{"@type":"WebPage","@id":"https:\/\/lareinanews.cl\/noticias\/index.php\/2023\/02\/03\/consulta-electronica-en-la-reina-de-dulce-y-agraz\/","url":"https:\/\/lareinanews.cl\/noticias\/index.php\/2023\/02\/03\/consulta-electronica-en-la-reina-de-dulce-y-agraz\/","name":"Consulta electr\u00f3nica en La Reina, de dulce y agraz.","isPartOf":{"@id":"https:\/\/lareinanews.cl\/noticias\/#website"},"primaryImageOfPage":{"@id":"https:\/\/lareinanews.cl\/noticias\/index.php\/2023\/02\/03\/consulta-electronica-en-la-reina-de-dulce-y-agraz\/#primaryimage"},"image":{"@id":"https:\/\/lareinanews.cl\/noticias\/index.php\/2023\/02\/03\/consulta-electronica-en-la-reina-de-dulce-y-agraz\/#primaryimage"},"thumbnailUrl":"https:\/\/lareinanews.cl\/noticias\/wp-content\/uploads\/2023\/02\/votoe.jpg","datePublished":"2023-02-03T15:23:29+00:00","dateModified":"2023-02-03T15:51:16+00:00","description":"La Reina inaugura un sistema de votaci\u00f3n electr\u00f3nico, probamos lo que nos parece el est\u00e1ndar m\u00ednimo de seguridad y .....","breadcrumb":{"@id":"https:\/\/lareinanews.cl\/noticias\/index.php\/2023\/02\/03\/consulta-electronica-en-la-reina-de-dulce-y-agraz\/#breadcrumb"},"inLanguage":"es","potentialAction":[{"@type":"ReadAction","target":["https:\/\/lareinanews.cl\/noticias\/index.php\/2023\/02\/03\/consulta-electronica-en-la-reina-de-dulce-y-agraz\/"]}]},{"@type":"ImageObject","inLanguage":"es","@id":"https:\/\/lareinanews.cl\/noticias\/index.php\/2023\/02\/03\/consulta-electronica-en-la-reina-de-dulce-y-agraz\/#primaryimage","url":"https:\/\/lareinanews.cl\/noticias\/wp-content\/uploads\/2023\/02\/votoe.jpg","contentUrl":"https:\/\/lareinanews.cl\/noticias\/wp-content\/uploads\/2023\/02\/votoe.jpg","width":650,"height":490},{"@type":"BreadcrumbList","@id":"https:\/\/lareinanews.cl\/noticias\/index.php\/2023\/02\/03\/consulta-electronica-en-la-reina-de-dulce-y-agraz\/#breadcrumb","itemListElement":[{"@type":"ListItem","position":1,"name":"Inicio","item":"https:\/\/lareinanews.cl\/noticias\/"},{"@type":"ListItem","position":2,"name":"Consulta electr\u00f3nica en La Reina, de dulce y agraz."}]},{"@type":"WebSite","@id":"https:\/\/lareinanews.cl\/noticias\/#website","url":"https:\/\/lareinanews.cl\/noticias\/","name":"Noticias La Reina","description":"LaReina.news","publisher":{"@id":"https:\/\/lareinanews.cl\/noticias\/#organization"},"potentialAction":[{"@type":"SearchAction","target":{"@type":"EntryPoint","urlTemplate":"https:\/\/lareinanews.cl\/noticias\/?s={search_term_string}"},"query-input":{"@type":"PropertyValueSpecification","valueRequired":true,"valueName":"search_term_string"}}],"inLanguage":"es"},{"@type":"Organization","@id":"https:\/\/lareinanews.cl\/noticias\/#organization","name":"La Reina.news Peri\u00f3dico comunal de La Reina","url":"https:\/\/lareinanews.cl\/noticias\/","logo":{"@type":"ImageObject","inLanguage":"es","@id":"https:\/\/lareinanews.cl\/noticias\/#\/schema\/logo\/image\/","url":"https:\/\/lareinanews.cl\/noticias\/wp-content\/uploads\/2020\/04\/logo_schema.png","contentUrl":"https:\/\/lareinanews.cl\/noticias\/wp-content\/uploads\/2020\/04\/logo_schema.png","width":640,"height":360,"caption":"La Reina.news Peri\u00f3dico comunal de La Reina"},"image":{"@id":"https:\/\/lareinanews.cl\/noticias\/#\/schema\/logo\/image\/"},"sameAs":["https:\/\/www.facebook.com\/LaReinaNews","https:\/\/www.instagram.com\/lareinanews\/"]},{"@type":"Person","@id":"https:\/\/lareinanews.cl\/noticias\/#\/schema\/person\/c697b5a3c8bc9dd1d94222e2d58209ed","name":"J M Doren","image":{"@type":"ImageObject","inLanguage":"es","@id":"https:\/\/lareinanews.cl\/noticias\/#\/schema\/person\/image\/","url":"http:\/\/lareina.news\/noticias\/wp-content\/uploads\/2019\/09\/avatar_user_1_1569272876-96x96.png","contentUrl":"http:\/\/lareina.news\/noticias\/wp-content\/uploads\/2019\/09\/avatar_user_1_1569272876-96x96.png","caption":"J M Doren"},"description":"Soy ingeniero en inform\u00e1tica, interesado en las humanidades. Fundador y director de La Reina.news y otros medios electr\u00f3nicos. Creo profundamente en que si dejamos de pensar y cuestionar(nos) no hay nada que nos diferencie de los primates. jmdoren@ok.cl Sitios de mi autor&iacute;a","sameAs":["https:\/\/www.ok.cl\/","https:\/\/x.com\/@jmdoren"],"url":"https:\/\/lareinanews.cl\/noticias\/index.php\/author\/jmdoren\/"}]}},"_links":{"self":[{"href":"https:\/\/lareinanews.cl\/noticias\/index.php\/wp-json\/wp\/v2\/posts\/5299","targetHints":{"allow":["GET"]}}],"collection":[{"href":"https:\/\/lareinanews.cl\/noticias\/index.php\/wp-json\/wp\/v2\/posts"}],"about":[{"href":"https:\/\/lareinanews.cl\/noticias\/index.php\/wp-json\/wp\/v2\/types\/post"}],"author":[{"embeddable":true,"href":"https:\/\/lareinanews.cl\/noticias\/index.php\/wp-json\/wp\/v2\/users\/1"}],"replies":[{"embeddable":true,"href":"https:\/\/lareinanews.cl\/noticias\/index.php\/wp-json\/wp\/v2\/comments?post=5299"}],"version-history":[{"count":18,"href":"https:\/\/lareinanews.cl\/noticias\/index.php\/wp-json\/wp\/v2\/posts\/5299\/revisions"}],"predecessor-version":[{"id":5320,"href":"https:\/\/lareinanews.cl\/noticias\/index.php\/wp-json\/wp\/v2\/posts\/5299\/revisions\/5320"}],"wp:featuredmedia":[{"embeddable":true,"href":"https:\/\/lareinanews.cl\/noticias\/index.php\/wp-json\/wp\/v2\/media\/5318"}],"wp:attachment":[{"href":"https:\/\/lareinanews.cl\/noticias\/index.php\/wp-json\/wp\/v2\/media?parent=5299"}],"wp:term":[{"taxonomy":"category","embeddable":true,"href":"https:\/\/lareinanews.cl\/noticias\/index.php\/wp-json\/wp\/v2\/categories?post=5299"},{"taxonomy":"post_tag","embeddable":true,"href":"https:\/\/lareinanews.cl\/noticias\/index.php\/wp-json\/wp\/v2\/tags?post=5299"}],"curies":[{"name":"wp","href":"https:\/\/api.w.org\/{rel}","templated":true}]}}