{"id":5203,"date":"2022-03-21T13:04:40","date_gmt":"2022-03-21T16:04:40","guid":{"rendered":"https:\/\/lareinanews.cl\/noticias\/?p=5203"},"modified":"2022-03-21T13:04:40","modified_gmt":"2022-03-21T16:04:40","slug":"fin-a-la-planta-de-aridos-en-la-reina","status":"publish","type":"post","link":"https:\/\/lareinanews.cl\/noticias\/index.php\/2022\/03\/21\/fin-a-la-planta-de-aridos-en-la-reina\/","title":{"rendered":"Fin a la planta de \u00e1ridos en La Reina"},"content":{"rendered":"<figure id=\"attachment_5205\" aria-describedby=\"caption-attachment-5205\" style=\"width: 300px\" class=\"wp-caption alignright\"><a href=\"https:\/\/scl.lareinanews.cl\/k-lrn\/i\/2022\/03\/planta-de-aridos-la-teina.jpg\"><img loading=\"lazy\" decoding=\"async\" class=\"wp-image-5205 size-medium\" src=\"https:\/\/scl.lareinanews.cl\/k-lrn\/i\/2022\/03\/planta-de-aridos-la-teina-300x170.jpg\" alt=\"\" width=\"300\" height=\"170\" srcset=\"https:\/\/lareinanews.cl\/noticias\/wp-content\/uploads\/2022\/03\/planta-de-aridos-la-teina-300x170.jpg 300w, https:\/\/lareinanews.cl\/noticias\/wp-content\/uploads\/2022\/03\/planta-de-aridos-la-teina-768x434.jpg 768w, https:\/\/lareinanews.cl\/noticias\/wp-content\/uploads\/2022\/03\/planta-de-aridos-la-teina-678x381.jpg 678w, https:\/\/lareinanews.cl\/noticias\/wp-content\/uploads\/2022\/03\/planta-de-aridos-la-teina.jpg 789w\" sizes=\"auto, (max-width: 300px) 100vw, 300px\" \/><\/a><figcaption id=\"caption-attachment-5205\" class=\"wp-caption-text\">La planta ocupa una importante superficie del parque<\/figcaption><\/figure>\n<p>Aunque no muy conocido en el resto de la comuna, los vecinos del sector de Valenzuela Puelma con Av. Padre Hurtado ( al costado sur oriente del parque),\u00a0 tienen plena conciencia de la existencia de que en su barrio funciona una planta de \u00e1ridos, fuente de poluci\u00f3n del aire y de molestos ruidos. Esta planta que inicialmente ten\u00eda un contrato para extraer el material que era arrastrado por el canal de Ram\u00f3n,\u00a0 seg\u00fan algunos informes, estaba almacenando, procesando y comercializando \u00e1ridos de otras fuentes.<\/p>\n<p>Uno de los compromisos de campa\u00f1a del concejal <a href=\"\/noticias\/index.php\/author\/mcovarrubias\/\">Manuel Jos\u00e9 Covarrubias<\/a> era trabajar para que esta planta terminara sus actividades. La planta\u00a0 pagaba al parque un arriendo de unos 80 millones de pesos al a\u00f1o. El d\u00eda viernes el concejal anunci\u00f3 por sus redes sociales que por fin la planta dejar\u00e1 de funcionar en el sector.<\/p>\n<p>Ahora hay que recuperar este espacio (<strong>apr\u00f3ximadamente un 30% del parque<\/strong>) para el uso de la comunidad.<\/p>\n<p>&nbsp;<\/p>\n<p>&nbsp;<\/p>\n<p><iframe loading=\"lazy\" style=\"border: none; overflow: hidden;\" src=\"https:\/\/www.facebook.com\/plugins\/post.php?href=https%3A%2F%2Fwww.facebook.com%2Fpermalink.php%3Fstory_fbid%3D3077278795864766%26id%3D1671757503083576&amp;show_text=false&amp;width=500\" width=\"500\" height=\"285\" frameborder=\"0\" scrolling=\"no\" allowfullscreen=\"allowfullscreen\"><\/iframe><br \/>\n<iframe loading=\"lazy\" style=\"border: none; overflow: hidden;\" src=\"https:\/\/www.facebook.com\/plugins\/video.php?height=311&amp;href=https%3A%2F%2Fwww.facebook.com%2F1671757503083576%2Fvideos%2F141352961249664%2F&amp;show_text=false&amp;width=560&amp;t=0\" width=\"560\" height=\"311\" frameborder=\"0\" scrolling=\"no\" allowfullscreen=\"allowfullscreen\"><\/iframe><\/p>\n","protected":false},"excerpt":{"rendered":"<div class=\"mh-excerpt\"><p>Aunque no muy conocido en el resto de la comuna, los vecinos del sector de Valenzuela Puelma con Av. Padre Hurtado ( al costado sur oriente del parque),\u00a0 tienen plena conciencia de la existencia de <a class=\"mh-excerpt-more\" href=\"https:\/\/lareinanews.cl\/noticias\/index.php\/2022\/03\/21\/fin-a-la-planta-de-aridos-en-la-reina\/\" title=\"Fin a la planta de \u00e1ridos en La Reina\">[&#8230;]<\/a><\/p>\n<\/div>","protected":false},"author":9,"featured_media":5210,"comment_status":"open","ping_status":"closed","sticky":false,"template":"","format":"standard","meta":{"_acf_changed":false,"footnotes":""},"categories":[159,31,2,14],"tags":[6,4,186,286],"class_list":{"0":"post-5203","1":"post","2":"type-post","3":"status-publish","4":"format-standard","5":"has-post-thumbnail","7":"category-concejo-municipal","8":"category-destacados","9":"category-comuna","10":"category-noticias","11":"tag-comunidad","12":"tag-la-reina","13":"tag-parque-alberto-hurtad","14":"tag-parque-intercomunal"},"acf":[],"yoast_head":"<!-- This site is optimized with the Yoast SEO plugin v27.1.1 - https:\/\/yoast.com\/product\/yoast-seo-wordpress\/ -->\n<title>Fin a la planta de \u00e1ridos en La Reina<\/title>\n<meta name=\"description\" content=\"Pronto una importante fuente de poluci\u00f3n en lo alto de la comuna de La Reina dejar\u00e1 de funcionar y el espacio podr\u00e1 recuperarse\" \/>\n<meta name=\"robots\" content=\"index, follow, max-snippet:-1, max-image-preview:large, max-video-preview:-1\" \/>\n<link rel=\"canonical\" href=\"https:\/\/lareinanews.cl\/noticias\/index.php\/2022\/03\/21\/fin-a-la-planta-de-aridos-en-la-reina\/\" \/>\n<meta property=\"og:locale\" content=\"es_ES\" \/>\n<meta property=\"og:type\" content=\"article\" \/>\n<meta property=\"og:title\" content=\"Fin a la planta de \u00e1ridos en La Reina\" \/>\n<meta property=\"og:description\" content=\"Pronto una importante fuente de poluci\u00f3n en lo alto de la comuna de La Reina dejar\u00e1 de funcionar y el espacio podr\u00e1 recuperarse\" \/>\n<meta property=\"og:url\" content=\"https:\/\/lareinanews.cl\/noticias\/index.php\/2022\/03\/21\/fin-a-la-planta-de-aridos-en-la-reina\/\" \/>\n<meta property=\"og:site_name\" content=\"Noticias La Reina\" \/>\n<meta property=\"article:publisher\" content=\"https:\/\/www.facebook.com\/LaReinaNews\" \/>\n<meta property=\"article:published_time\" content=\"2022-03-21T16:04:40+00:00\" \/>\n<meta property=\"og:image\" content=\"https:\/\/lareinanews.cl\/noticias\/wp-content\/uploads\/2022\/03\/planta-de-aridos-la-reina.jpg\" \/>\n\t<meta property=\"og:image:width\" content=\"650\" \/>\n\t<meta property=\"og:image:height\" content=\"490\" \/>\n\t<meta property=\"og:image:type\" content=\"image\/jpeg\" \/>\n<meta name=\"author\" content=\"Redacci\u00f3n\" \/>\n<meta name=\"twitter:card\" content=\"summary_large_image\" \/>\n<meta name=\"twitter:label1\" content=\"Escrito por\" \/>\n\t<meta name=\"twitter:data1\" content=\"Redacci\u00f3n\" \/>\n\t<meta name=\"twitter:label2\" content=\"Tiempo de lectura\" \/>\n\t<meta name=\"twitter:data2\" content=\"1 minuto\" \/>\n<script type=\"application\/ld+json\" class=\"yoast-schema-graph\">{\"@context\":\"https:\/\/schema.org\",\"@graph\":[{\"@type\":\"Article\",\"@id\":\"https:\/\/lareinanews.cl\/noticias\/index.php\/2022\/03\/21\/fin-a-la-planta-de-aridos-en-la-reina\/#article\",\"isPartOf\":{\"@id\":\"https:\/\/lareinanews.cl\/noticias\/index.php\/2022\/03\/21\/fin-a-la-planta-de-aridos-en-la-reina\/\"},\"author\":{\"name\":\"Redacci\u00f3n\",\"@id\":\"https:\/\/lareinanews.cl\/noticias\/#\/schema\/person\/3a12c4adeed52195fb4ab3cab65d7c4a\"},\"headline\":\"Fin a la planta de \u00e1ridos en La Reina\",\"datePublished\":\"2022-03-21T16:04:40+00:00\",\"mainEntityOfPage\":{\"@id\":\"https:\/\/lareinanews.cl\/noticias\/index.php\/2022\/03\/21\/fin-a-la-planta-de-aridos-en-la-reina\/\"},\"wordCount\":188,\"commentCount\":0,\"publisher\":{\"@id\":\"https:\/\/lareinanews.cl\/noticias\/#organization\"},\"image\":{\"@id\":\"https:\/\/lareinanews.cl\/noticias\/index.php\/2022\/03\/21\/fin-a-la-planta-de-aridos-en-la-reina\/#primaryimage\"},\"thumbnailUrl\":\"https:\/\/lareinanews.cl\/noticias\/wp-content\/uploads\/2022\/03\/planta-de-aridos-la-reina.jpg\",\"keywords\":[\"comunidad\",\"la reina\",\"parque alberto hurtado\",\"parque intercomunal\"],\"articleSection\":[\"Concejo Municipal\",\"Destacados\",\"La Reina\",\"Noticias\"],\"inLanguage\":\"es\",\"potentialAction\":[{\"@type\":\"CommentAction\",\"name\":\"Comment\",\"target\":[\"https:\/\/lareinanews.cl\/noticias\/index.php\/2022\/03\/21\/fin-a-la-planta-de-aridos-en-la-reina\/#respond\"]}]},{\"@type\":\"WebPage\",\"@id\":\"https:\/\/lareinanews.cl\/noticias\/index.php\/2022\/03\/21\/fin-a-la-planta-de-aridos-en-la-reina\/\",\"url\":\"https:\/\/lareinanews.cl\/noticias\/index.php\/2022\/03\/21\/fin-a-la-planta-de-aridos-en-la-reina\/\",\"name\":\"Fin a la planta de \u00e1ridos en La Reina\",\"isPartOf\":{\"@id\":\"https:\/\/lareinanews.cl\/noticias\/#website\"},\"primaryImageOfPage\":{\"@id\":\"https:\/\/lareinanews.cl\/noticias\/index.php\/2022\/03\/21\/fin-a-la-planta-de-aridos-en-la-reina\/#primaryimage\"},\"image\":{\"@id\":\"https:\/\/lareinanews.cl\/noticias\/index.php\/2022\/03\/21\/fin-a-la-planta-de-aridos-en-la-reina\/#primaryimage\"},\"thumbnailUrl\":\"https:\/\/lareinanews.cl\/noticias\/wp-content\/uploads\/2022\/03\/planta-de-aridos-la-reina.jpg\",\"datePublished\":\"2022-03-21T16:04:40+00:00\",\"description\":\"Pronto una importante fuente de poluci\u00f3n en lo alto de la comuna de La Reina dejar\u00e1 de funcionar y el espacio podr\u00e1 recuperarse\",\"breadcrumb\":{\"@id\":\"https:\/\/lareinanews.cl\/noticias\/index.php\/2022\/03\/21\/fin-a-la-planta-de-aridos-en-la-reina\/#breadcrumb\"},\"inLanguage\":\"es\",\"potentialAction\":[{\"@type\":\"ReadAction\",\"target\":[\"https:\/\/lareinanews.cl\/noticias\/index.php\/2022\/03\/21\/fin-a-la-planta-de-aridos-en-la-reina\/\"]}]},{\"@type\":\"ImageObject\",\"inLanguage\":\"es\",\"@id\":\"https:\/\/lareinanews.cl\/noticias\/index.php\/2022\/03\/21\/fin-a-la-planta-de-aridos-en-la-reina\/#primaryimage\",\"url\":\"https:\/\/lareinanews.cl\/noticias\/wp-content\/uploads\/2022\/03\/planta-de-aridos-la-reina.jpg\",\"contentUrl\":\"https:\/\/lareinanews.cl\/noticias\/wp-content\/uploads\/2022\/03\/planta-de-aridos-la-reina.jpg\",\"width\":650,\"height\":490},{\"@type\":\"BreadcrumbList\",\"@id\":\"https:\/\/lareinanews.cl\/noticias\/index.php\/2022\/03\/21\/fin-a-la-planta-de-aridos-en-la-reina\/#breadcrumb\",\"itemListElement\":[{\"@type\":\"ListItem\",\"position\":1,\"name\":\"Inicio\",\"item\":\"https:\/\/lareinanews.cl\/noticias\/\"},{\"@type\":\"ListItem\",\"position\":2,\"name\":\"Fin a la planta de \u00e1ridos en La Reina\"}]},{\"@type\":\"WebSite\",\"@id\":\"https:\/\/lareinanews.cl\/noticias\/#website\",\"url\":\"https:\/\/lareinanews.cl\/noticias\/\",\"name\":\"Noticias La Reina\",\"description\":\"LaReina.news\",\"publisher\":{\"@id\":\"https:\/\/lareinanews.cl\/noticias\/#organization\"},\"potentialAction\":[{\"@type\":\"SearchAction\",\"target\":{\"@type\":\"EntryPoint\",\"urlTemplate\":\"https:\/\/lareinanews.cl\/noticias\/?s={search_term_string}\"},\"query-input\":{\"@type\":\"PropertyValueSpecification\",\"valueRequired\":true,\"valueName\":\"search_term_string\"}}],\"inLanguage\":\"es\"},{\"@type\":\"Organization\",\"@id\":\"https:\/\/lareinanews.cl\/noticias\/#organization\",\"name\":\"La Reina.news Peri\u00f3dico comunal de La Reina\",\"url\":\"https:\/\/lareinanews.cl\/noticias\/\",\"logo\":{\"@type\":\"ImageObject\",\"inLanguage\":\"es\",\"@id\":\"https:\/\/lareinanews.cl\/noticias\/#\/schema\/logo\/image\/\",\"url\":\"https:\/\/lareinanews.cl\/noticias\/wp-content\/uploads\/2020\/04\/logo_schema.png\",\"contentUrl\":\"https:\/\/lareinanews.cl\/noticias\/wp-content\/uploads\/2020\/04\/logo_schema.png\",\"width\":640,\"height\":360,\"caption\":\"La Reina.news Peri\u00f3dico comunal de La Reina\"},\"image\":{\"@id\":\"https:\/\/lareinanews.cl\/noticias\/#\/schema\/logo\/image\/\"},\"sameAs\":[\"https:\/\/www.facebook.com\/LaReinaNews\",\"https:\/\/www.instagram.com\/lareinanews\/\"]},{\"@type\":\"Person\",\"@id\":\"https:\/\/lareinanews.cl\/noticias\/#\/schema\/person\/3a12c4adeed52195fb4ab3cab65d7c4a\",\"name\":\"Redacci\u00f3n\",\"image\":{\"@type\":\"ImageObject\",\"inLanguage\":\"es\",\"@id\":\"https:\/\/lareinanews.cl\/noticias\/#\/schema\/person\/image\/\",\"url\":\"http:\/\/lareina.news\/noticias\/wp-content\/uploads\/2017\/10\/avatar_user_9_1507321806-96x96.png\",\"contentUrl\":\"http:\/\/lareina.news\/noticias\/wp-content\/uploads\/2017\/10\/avatar_user_9_1507321806-96x96.png\",\"caption\":\"Redacci\u00f3n\"},\"sameAs\":[\"http:\/\/lareina.news\"],\"url\":\"https:\/\/lareinanews.cl\/noticias\/index.php\/author\/staff\/\"}]}<\/script>\n<!-- \/ Yoast SEO plugin. -->","yoast_head_json":{"title":"Fin a la planta de \u00e1ridos en La Reina","description":"Pronto una importante fuente de poluci\u00f3n en lo alto de la comuna de La Reina dejar\u00e1 de funcionar y el espacio podr\u00e1 recuperarse","robots":{"index":"index","follow":"follow","max-snippet":"max-snippet:-1","max-image-preview":"max-image-preview:large","max-video-preview":"max-video-preview:-1"},"canonical":"https:\/\/lareinanews.cl\/noticias\/index.php\/2022\/03\/21\/fin-a-la-planta-de-aridos-en-la-reina\/","og_locale":"es_ES","og_type":"article","og_title":"Fin a la planta de \u00e1ridos en La Reina","og_description":"Pronto una importante fuente de poluci\u00f3n en lo alto de la comuna de La Reina dejar\u00e1 de funcionar y el espacio podr\u00e1 recuperarse","og_url":"https:\/\/lareinanews.cl\/noticias\/index.php\/2022\/03\/21\/fin-a-la-planta-de-aridos-en-la-reina\/","og_site_name":"Noticias La Reina","article_publisher":"https:\/\/www.facebook.com\/LaReinaNews","article_published_time":"2022-03-21T16:04:40+00:00","og_image":[{"width":650,"height":490,"url":"https:\/\/lareinanews.cl\/noticias\/wp-content\/uploads\/2022\/03\/planta-de-aridos-la-reina.jpg","type":"image\/jpeg"}],"author":"Redacci\u00f3n","twitter_card":"summary_large_image","twitter_misc":{"Escrito por":"Redacci\u00f3n","Tiempo de lectura":"1 minuto"},"schema":{"@context":"https:\/\/schema.org","@graph":[{"@type":"Article","@id":"https:\/\/lareinanews.cl\/noticias\/index.php\/2022\/03\/21\/fin-a-la-planta-de-aridos-en-la-reina\/#article","isPartOf":{"@id":"https:\/\/lareinanews.cl\/noticias\/index.php\/2022\/03\/21\/fin-a-la-planta-de-aridos-en-la-reina\/"},"author":{"name":"Redacci\u00f3n","@id":"https:\/\/lareinanews.cl\/noticias\/#\/schema\/person\/3a12c4adeed52195fb4ab3cab65d7c4a"},"headline":"Fin a la planta de \u00e1ridos en La Reina","datePublished":"2022-03-21T16:04:40+00:00","mainEntityOfPage":{"@id":"https:\/\/lareinanews.cl\/noticias\/index.php\/2022\/03\/21\/fin-a-la-planta-de-aridos-en-la-reina\/"},"wordCount":188,"commentCount":0,"publisher":{"@id":"https:\/\/lareinanews.cl\/noticias\/#organization"},"image":{"@id":"https:\/\/lareinanews.cl\/noticias\/index.php\/2022\/03\/21\/fin-a-la-planta-de-aridos-en-la-reina\/#primaryimage"},"thumbnailUrl":"https:\/\/lareinanews.cl\/noticias\/wp-content\/uploads\/2022\/03\/planta-de-aridos-la-reina.jpg","keywords":["comunidad","la reina","parque alberto hurtado","parque intercomunal"],"articleSection":["Concejo Municipal","Destacados","La Reina","Noticias"],"inLanguage":"es","potentialAction":[{"@type":"CommentAction","name":"Comment","target":["https:\/\/lareinanews.cl\/noticias\/index.php\/2022\/03\/21\/fin-a-la-planta-de-aridos-en-la-reina\/#respond"]}]},{"@type":"WebPage","@id":"https:\/\/lareinanews.cl\/noticias\/index.php\/2022\/03\/21\/fin-a-la-planta-de-aridos-en-la-reina\/","url":"https:\/\/lareinanews.cl\/noticias\/index.php\/2022\/03\/21\/fin-a-la-planta-de-aridos-en-la-reina\/","name":"Fin a la planta de \u00e1ridos en La Reina","isPartOf":{"@id":"https:\/\/lareinanews.cl\/noticias\/#website"},"primaryImageOfPage":{"@id":"https:\/\/lareinanews.cl\/noticias\/index.php\/2022\/03\/21\/fin-a-la-planta-de-aridos-en-la-reina\/#primaryimage"},"image":{"@id":"https:\/\/lareinanews.cl\/noticias\/index.php\/2022\/03\/21\/fin-a-la-planta-de-aridos-en-la-reina\/#primaryimage"},"thumbnailUrl":"https:\/\/lareinanews.cl\/noticias\/wp-content\/uploads\/2022\/03\/planta-de-aridos-la-reina.jpg","datePublished":"2022-03-21T16:04:40+00:00","description":"Pronto una importante fuente de poluci\u00f3n en lo alto de la comuna de La Reina dejar\u00e1 de funcionar y el espacio podr\u00e1 recuperarse","breadcrumb":{"@id":"https:\/\/lareinanews.cl\/noticias\/index.php\/2022\/03\/21\/fin-a-la-planta-de-aridos-en-la-reina\/#breadcrumb"},"inLanguage":"es","potentialAction":[{"@type":"ReadAction","target":["https:\/\/lareinanews.cl\/noticias\/index.php\/2022\/03\/21\/fin-a-la-planta-de-aridos-en-la-reina\/"]}]},{"@type":"ImageObject","inLanguage":"es","@id":"https:\/\/lareinanews.cl\/noticias\/index.php\/2022\/03\/21\/fin-a-la-planta-de-aridos-en-la-reina\/#primaryimage","url":"https:\/\/lareinanews.cl\/noticias\/wp-content\/uploads\/2022\/03\/planta-de-aridos-la-reina.jpg","contentUrl":"https:\/\/lareinanews.cl\/noticias\/wp-content\/uploads\/2022\/03\/planta-de-aridos-la-reina.jpg","width":650,"height":490},{"@type":"BreadcrumbList","@id":"https:\/\/lareinanews.cl\/noticias\/index.php\/2022\/03\/21\/fin-a-la-planta-de-aridos-en-la-reina\/#breadcrumb","itemListElement":[{"@type":"ListItem","position":1,"name":"Inicio","item":"https:\/\/lareinanews.cl\/noticias\/"},{"@type":"ListItem","position":2,"name":"Fin a la planta de \u00e1ridos en La Reina"}]},{"@type":"WebSite","@id":"https:\/\/lareinanews.cl\/noticias\/#website","url":"https:\/\/lareinanews.cl\/noticias\/","name":"Noticias La Reina","description":"LaReina.news","publisher":{"@id":"https:\/\/lareinanews.cl\/noticias\/#organization"},"potentialAction":[{"@type":"SearchAction","target":{"@type":"EntryPoint","urlTemplate":"https:\/\/lareinanews.cl\/noticias\/?s={search_term_string}"},"query-input":{"@type":"PropertyValueSpecification","valueRequired":true,"valueName":"search_term_string"}}],"inLanguage":"es"},{"@type":"Organization","@id":"https:\/\/lareinanews.cl\/noticias\/#organization","name":"La Reina.news Peri\u00f3dico comunal de La Reina","url":"https:\/\/lareinanews.cl\/noticias\/","logo":{"@type":"ImageObject","inLanguage":"es","@id":"https:\/\/lareinanews.cl\/noticias\/#\/schema\/logo\/image\/","url":"https:\/\/lareinanews.cl\/noticias\/wp-content\/uploads\/2020\/04\/logo_schema.png","contentUrl":"https:\/\/lareinanews.cl\/noticias\/wp-content\/uploads\/2020\/04\/logo_schema.png","width":640,"height":360,"caption":"La Reina.news Peri\u00f3dico comunal de La Reina"},"image":{"@id":"https:\/\/lareinanews.cl\/noticias\/#\/schema\/logo\/image\/"},"sameAs":["https:\/\/www.facebook.com\/LaReinaNews","https:\/\/www.instagram.com\/lareinanews\/"]},{"@type":"Person","@id":"https:\/\/lareinanews.cl\/noticias\/#\/schema\/person\/3a12c4adeed52195fb4ab3cab65d7c4a","name":"Redacci\u00f3n","image":{"@type":"ImageObject","inLanguage":"es","@id":"https:\/\/lareinanews.cl\/noticias\/#\/schema\/person\/image\/","url":"http:\/\/lareina.news\/noticias\/wp-content\/uploads\/2017\/10\/avatar_user_9_1507321806-96x96.png","contentUrl":"http:\/\/lareina.news\/noticias\/wp-content\/uploads\/2017\/10\/avatar_user_9_1507321806-96x96.png","caption":"Redacci\u00f3n"},"sameAs":["http:\/\/lareina.news"],"url":"https:\/\/lareinanews.cl\/noticias\/index.php\/author\/staff\/"}]}},"_links":{"self":[{"href":"https:\/\/lareinanews.cl\/noticias\/index.php\/wp-json\/wp\/v2\/posts\/5203","targetHints":{"allow":["GET"]}}],"collection":[{"href":"https:\/\/lareinanews.cl\/noticias\/index.php\/wp-json\/wp\/v2\/posts"}],"about":[{"href":"https:\/\/lareinanews.cl\/noticias\/index.php\/wp-json\/wp\/v2\/types\/post"}],"author":[{"embeddable":true,"href":"https:\/\/lareinanews.cl\/noticias\/index.php\/wp-json\/wp\/v2\/users\/9"}],"replies":[{"embeddable":true,"href":"https:\/\/lareinanews.cl\/noticias\/index.php\/wp-json\/wp\/v2\/comments?post=5203"}],"version-history":[{"count":8,"href":"https:\/\/lareinanews.cl\/noticias\/index.php\/wp-json\/wp\/v2\/posts\/5203\/revisions"}],"predecessor-version":[{"id":5213,"href":"https:\/\/lareinanews.cl\/noticias\/index.php\/wp-json\/wp\/v2\/posts\/5203\/revisions\/5213"}],"wp:featuredmedia":[{"embeddable":true,"href":"https:\/\/lareinanews.cl\/noticias\/index.php\/wp-json\/wp\/v2\/media\/5210"}],"wp:attachment":[{"href":"https:\/\/lareinanews.cl\/noticias\/index.php\/wp-json\/wp\/v2\/media?parent=5203"}],"wp:term":[{"taxonomy":"category","embeddable":true,"href":"https:\/\/lareinanews.cl\/noticias\/index.php\/wp-json\/wp\/v2\/categories?post=5203"},{"taxonomy":"post_tag","embeddable":true,"href":"https:\/\/lareinanews.cl\/noticias\/index.php\/wp-json\/wp\/v2\/tags?post=5203"}],"curies":[{"name":"wp","href":"https:\/\/api.w.org\/{rel}","templated":true}]}}