{"id":5137,"date":"2021-09-02T13:17:51","date_gmt":"2021-09-02T16:17:51","guid":{"rendered":"https:\/\/lareinanews.cl\/noticias\/?p=5137"},"modified":"2021-09-08T02:23:41","modified_gmt":"2021-09-08T05:23:41","slug":"san-ramon-la-falla-que-nos-acompana","status":"publish","type":"post","link":"https:\/\/lareinanews.cl\/noticias\/index.php\/2021\/09\/02\/san-ramon-la-falla-que-nos-acompana\/","title":{"rendered":"San Ram\u00f3n, la falla que nos acompa\u00f1a"},"content":{"rendered":"<p>Este mi\u00e9rcoles, organizado por el <a href=\"https:\/\/caclareina.cl\/\">CAC Comit\u00e9 Ambiental Comunal La Reina<\/a>, se realiz\u00f3 un interesante conversatorio sobre la <a href=\"https:\/\/es.wikipedia.org\/wiki\/Falla_de_Ram%C3%B3n\">falla de Ram\u00f3n (o San Ram\u00f3n),<\/a> fen\u00f3meno geol\u00f3gico que atraviesa la precordillera de varias comunas incluyendo La Reina. En nuestro caso est\u00e1 a la altura del donde se divisan las \u00faltimas construcciones y en algunas partes es claramente notoria pues se expresa con un desnivel de hasta unos cuatro metros.<\/p>\n<p><img loading=\"lazy\" decoding=\"async\" class=\"size-medium wp-image-5138 alignleft\" src=\"https:\/\/scl.lareinanews.cl\/k-lrn\/i\/2021\/09\/sanRamon-UAI-300x195.png\" alt=\"\" width=\"300\" height=\"195\" srcset=\"https:\/\/lareinanews.cl\/noticias\/wp-content\/uploads\/2021\/09\/sanRamon-UAI-300x195.png 300w, https:\/\/lareinanews.cl\/noticias\/wp-content\/uploads\/2021\/09\/sanRamon-UAI.png 729w\" sizes=\"auto, (max-width: 300px) 100vw, 300px\" \/>Cerca de esta falla e incluso sobre esta, se han construido viviendas, centros educacionales, una planta de gas en Pe\u00f1alol\u00e9n y existe un <a href=\"https:\/\/www.cchen.cl\/?page_id=156\">reactor nuclear<\/a> perteneciente a la Comisi\u00f3n Chilena de Energ\u00eda Nuclear construido\u00a0 muy cerca de la misma.<\/p>\n<p>En el conversatorio que tuvo como invitados al concejal de La Reina, el arquitecto <a href=\"https:\/\/www.facebook.com\/cristian.delcanto.3\">Cristi\u00e1n del Canto<\/a> y al ge\u00f3logo y doctor en ciencias menci\u00f3n geolog\u00eda, <a href=\"https:\/\/www.xterrae.cl\/staff\/rodrigo-rauld-p\/\">Rodrigo Rauld<\/a> de la Sociedad Geol\u00f3gica de Chile.<\/p>\n<p>Durante el conversatorio se intent\u00f3 contestar la pregunta que probablemente todos nos hacemos \u00bfQu\u00e9 peligro corremos al vivir en La Reina?<\/p>\n<h2>Predicciones sobre la falla de San Ram\u00f3n<\/h2>\n<p>Los participantes recordaron que esta falla reci\u00e9n se viene conociendo desde mediados del siglo 20, por lo que no hay demasiadas mediciones y los datos que entrega la geolog\u00eda son que hace 10.000 provoc\u00f3 un terremoto y que luego lo hizo hace 8.000 a\u00f1os. Con esos datos predecir un futuro evento cae m\u00e1s bien en el terreno de la especulaci\u00f3n y que podr\u00edamos hablar de los pr\u00f3ximos 20 a\u00f1os con la misma seriedad que si dij\u00e9ramos los pr\u00f3ximos 100.000. Con el conocimiento que existe hasta ahora se piensa que los eventos anteriores provocaron sismos de entre 6,8 y 7,2 grados, por lo que la zona afectada gravemente por un evento de estas caracter\u00edsticas abarcar\u00eda especialmente hasta aproximadamente la mitad de la comuna de \u00d1u\u00f1oa, a la altura del Estadio Nacional. No obstante esto no es preciso y tampoco existe la experiencia para afirmar si la norma construcci\u00f3n antis\u00edsmica actual es suficiente para confiar en que no ocurrir\u00edan da\u00f1os de mayor magnitud.<\/p>\n<p>El v\u00eddeo de este <a href=\"https:\/\/www.facebook.com\/1637281773228113\/videos\/560950325146699\">conversatorio est\u00e1 disponible en la p\u00e1gina del CAC La Reina<\/a>,<\/p>\n<p>&nbsp;<\/p>\n","protected":false},"excerpt":{"rendered":"<div class=\"mh-excerpt\"><p>Este mi\u00e9rcoles, organizado por el CAC Comit\u00e9 Ambiental Comunal La Reina, se realiz\u00f3 un interesante conversatorio sobre la falla de Ram\u00f3n (o San Ram\u00f3n), fen\u00f3meno geol\u00f3gico que atraviesa la precordillera de varias comunas incluyendo La <a class=\"mh-excerpt-more\" href=\"https:\/\/lareinanews.cl\/noticias\/index.php\/2021\/09\/02\/san-ramon-la-falla-que-nos-acompana\/\" title=\"San Ram\u00f3n, la falla que nos acompa\u00f1a\">[&#8230;]<\/a><\/p>\n<\/div>","protected":false},"author":1,"featured_media":5142,"comment_status":"open","ping_status":"closed","sticky":false,"template":"","format":"standard","meta":{"_acf_changed":false,"footnotes":""},"categories":[31,2,14,271],"tags":[6,4,187,25],"class_list":{"0":"post-5137","1":"post","2":"type-post","3":"status-publish","4":"format-standard","5":"has-post-thumbnail","7":"category-destacados","8":"category-comuna","9":"category-noticias","10":"category-seguridad-y-autocuidado","11":"tag-comunidad","12":"tag-la-reina","13":"tag-las-condes","14":"tag-seguridad"},"acf":[],"yoast_head":"<!-- This site is optimized with the Yoast SEO plugin v27.1.1 - https:\/\/yoast.com\/product\/yoast-seo-wordpress\/ -->\n<title>San Ram\u00f3n, la falla que nos acompa\u00f1a<\/title>\n<meta name=\"description\" content=\"La falla de San Ram\u00f3n y las predicciones que razonablemente se pueden hacer sobre ella en un conversatorio del CAC de La Reina\" \/>\n<meta name=\"robots\" content=\"index, follow, max-snippet:-1, max-image-preview:large, max-video-preview:-1\" \/>\n<link rel=\"canonical\" href=\"https:\/\/lareinanews.cl\/noticias\/index.php\/2021\/09\/02\/san-ramon-la-falla-que-nos-acompana\/\" \/>\n<meta property=\"og:locale\" content=\"es_ES\" \/>\n<meta property=\"og:type\" content=\"article\" \/>\n<meta property=\"og:title\" content=\"San Ram\u00f3n, la falla que nos acompa\u00f1a\" \/>\n<meta property=\"og:description\" content=\"La falla de San Ram\u00f3n y las predicciones que razonablemente se pueden hacer sobre ella en un conversatorio del CAC de La Reina\" \/>\n<meta property=\"og:url\" content=\"https:\/\/lareinanews.cl\/noticias\/index.php\/2021\/09\/02\/san-ramon-la-falla-que-nos-acompana\/\" \/>\n<meta property=\"og:site_name\" content=\"Noticias La Reina\" \/>\n<meta property=\"article:publisher\" content=\"https:\/\/www.facebook.com\/LaReinaNews\" \/>\n<meta property=\"article:published_time\" content=\"2021-09-02T16:17:51+00:00\" \/>\n<meta property=\"article:modified_time\" content=\"2021-09-08T05:23:41+00:00\" \/>\n<meta property=\"og:image\" content=\"https:\/\/lareinanews.cl\/noticias\/wp-content\/uploads\/2021\/09\/FallaSanRamon.png\" \/>\n\t<meta property=\"og:image:width\" content=\"650\" \/>\n\t<meta property=\"og:image:height\" content=\"490\" \/>\n\t<meta property=\"og:image:type\" content=\"image\/png\" \/>\n<meta name=\"author\" content=\"J M Doren\" \/>\n<meta name=\"twitter:card\" content=\"summary_large_image\" \/>\n<meta name=\"twitter:creator\" content=\"@jmdoren\" \/>\n<meta name=\"twitter:label1\" content=\"Escrito por\" \/>\n\t<meta name=\"twitter:data1\" content=\"J M Doren\" \/>\n\t<meta name=\"twitter:label2\" content=\"Tiempo de lectura\" \/>\n\t<meta name=\"twitter:data2\" content=\"2 minutos\" \/>\n<script type=\"application\/ld+json\" class=\"yoast-schema-graph\">{\"@context\":\"https:\/\/schema.org\",\"@graph\":[{\"@type\":\"Article\",\"@id\":\"https:\/\/lareinanews.cl\/noticias\/index.php\/2021\/09\/02\/san-ramon-la-falla-que-nos-acompana\/#article\",\"isPartOf\":{\"@id\":\"https:\/\/lareinanews.cl\/noticias\/index.php\/2021\/09\/02\/san-ramon-la-falla-que-nos-acompana\/\"},\"author\":{\"name\":\"J M Doren\",\"@id\":\"https:\/\/lareinanews.cl\/noticias\/#\/schema\/person\/c697b5a3c8bc9dd1d94222e2d58209ed\"},\"headline\":\"San Ram\u00f3n, la falla que nos acompa\u00f1a\",\"datePublished\":\"2021-09-02T16:17:51+00:00\",\"dateModified\":\"2021-09-08T05:23:41+00:00\",\"mainEntityOfPage\":{\"@id\":\"https:\/\/lareinanews.cl\/noticias\/index.php\/2021\/09\/02\/san-ramon-la-falla-que-nos-acompana\/\"},\"wordCount\":381,\"commentCount\":0,\"publisher\":{\"@id\":\"https:\/\/lareinanews.cl\/noticias\/#organization\"},\"image\":{\"@id\":\"https:\/\/lareinanews.cl\/noticias\/index.php\/2021\/09\/02\/san-ramon-la-falla-que-nos-acompana\/#primaryimage\"},\"thumbnailUrl\":\"https:\/\/lareinanews.cl\/noticias\/wp-content\/uploads\/2021\/09\/FallaSanRamon.png\",\"keywords\":[\"comunidad\",\"la reina\",\"las condes\",\"seguridad\"],\"articleSection\":[\"Destacados\",\"La Reina\",\"Noticias\",\"Seguridad y Autocuidado\"],\"inLanguage\":\"es\",\"potentialAction\":[{\"@type\":\"CommentAction\",\"name\":\"Comment\",\"target\":[\"https:\/\/lareinanews.cl\/noticias\/index.php\/2021\/09\/02\/san-ramon-la-falla-que-nos-acompana\/#respond\"]}]},{\"@type\":\"WebPage\",\"@id\":\"https:\/\/lareinanews.cl\/noticias\/index.php\/2021\/09\/02\/san-ramon-la-falla-que-nos-acompana\/\",\"url\":\"https:\/\/lareinanews.cl\/noticias\/index.php\/2021\/09\/02\/san-ramon-la-falla-que-nos-acompana\/\",\"name\":\"San Ram\u00f3n, la falla que nos acompa\u00f1a\",\"isPartOf\":{\"@id\":\"https:\/\/lareinanews.cl\/noticias\/#website\"},\"primaryImageOfPage\":{\"@id\":\"https:\/\/lareinanews.cl\/noticias\/index.php\/2021\/09\/02\/san-ramon-la-falla-que-nos-acompana\/#primaryimage\"},\"image\":{\"@id\":\"https:\/\/lareinanews.cl\/noticias\/index.php\/2021\/09\/02\/san-ramon-la-falla-que-nos-acompana\/#primaryimage\"},\"thumbnailUrl\":\"https:\/\/lareinanews.cl\/noticias\/wp-content\/uploads\/2021\/09\/FallaSanRamon.png\",\"datePublished\":\"2021-09-02T16:17:51+00:00\",\"dateModified\":\"2021-09-08T05:23:41+00:00\",\"description\":\"La falla de San Ram\u00f3n y las predicciones que razonablemente se pueden hacer sobre ella en un conversatorio del CAC de La Reina\",\"breadcrumb\":{\"@id\":\"https:\/\/lareinanews.cl\/noticias\/index.php\/2021\/09\/02\/san-ramon-la-falla-que-nos-acompana\/#breadcrumb\"},\"inLanguage\":\"es\",\"potentialAction\":[{\"@type\":\"ReadAction\",\"target\":[\"https:\/\/lareinanews.cl\/noticias\/index.php\/2021\/09\/02\/san-ramon-la-falla-que-nos-acompana\/\"]}]},{\"@type\":\"ImageObject\",\"inLanguage\":\"es\",\"@id\":\"https:\/\/lareinanews.cl\/noticias\/index.php\/2021\/09\/02\/san-ramon-la-falla-que-nos-acompana\/#primaryimage\",\"url\":\"https:\/\/lareinanews.cl\/noticias\/wp-content\/uploads\/2021\/09\/FallaSanRamon.png\",\"contentUrl\":\"https:\/\/lareinanews.cl\/noticias\/wp-content\/uploads\/2021\/09\/FallaSanRamon.png\",\"width\":650,\"height\":490},{\"@type\":\"BreadcrumbList\",\"@id\":\"https:\/\/lareinanews.cl\/noticias\/index.php\/2021\/09\/02\/san-ramon-la-falla-que-nos-acompana\/#breadcrumb\",\"itemListElement\":[{\"@type\":\"ListItem\",\"position\":1,\"name\":\"Inicio\",\"item\":\"https:\/\/lareinanews.cl\/noticias\/\"},{\"@type\":\"ListItem\",\"position\":2,\"name\":\"San Ram\u00f3n, la falla que nos acompa\u00f1a\"}]},{\"@type\":\"WebSite\",\"@id\":\"https:\/\/lareinanews.cl\/noticias\/#website\",\"url\":\"https:\/\/lareinanews.cl\/noticias\/\",\"name\":\"Noticias La Reina\",\"description\":\"LaReina.news\",\"publisher\":{\"@id\":\"https:\/\/lareinanews.cl\/noticias\/#organization\"},\"potentialAction\":[{\"@type\":\"SearchAction\",\"target\":{\"@type\":\"EntryPoint\",\"urlTemplate\":\"https:\/\/lareinanews.cl\/noticias\/?s={search_term_string}\"},\"query-input\":{\"@type\":\"PropertyValueSpecification\",\"valueRequired\":true,\"valueName\":\"search_term_string\"}}],\"inLanguage\":\"es\"},{\"@type\":\"Organization\",\"@id\":\"https:\/\/lareinanews.cl\/noticias\/#organization\",\"name\":\"La Reina.news Peri\u00f3dico comunal de La Reina\",\"url\":\"https:\/\/lareinanews.cl\/noticias\/\",\"logo\":{\"@type\":\"ImageObject\",\"inLanguage\":\"es\",\"@id\":\"https:\/\/lareinanews.cl\/noticias\/#\/schema\/logo\/image\/\",\"url\":\"https:\/\/lareinanews.cl\/noticias\/wp-content\/uploads\/2020\/04\/logo_schema.png\",\"contentUrl\":\"https:\/\/lareinanews.cl\/noticias\/wp-content\/uploads\/2020\/04\/logo_schema.png\",\"width\":640,\"height\":360,\"caption\":\"La Reina.news Peri\u00f3dico comunal de La Reina\"},\"image\":{\"@id\":\"https:\/\/lareinanews.cl\/noticias\/#\/schema\/logo\/image\/\"},\"sameAs\":[\"https:\/\/www.facebook.com\/LaReinaNews\",\"https:\/\/www.instagram.com\/lareinanews\/\"]},{\"@type\":\"Person\",\"@id\":\"https:\/\/lareinanews.cl\/noticias\/#\/schema\/person\/c697b5a3c8bc9dd1d94222e2d58209ed\",\"name\":\"J M Doren\",\"image\":{\"@type\":\"ImageObject\",\"inLanguage\":\"es\",\"@id\":\"https:\/\/lareinanews.cl\/noticias\/#\/schema\/person\/image\/\",\"url\":\"http:\/\/lareina.news\/noticias\/wp-content\/uploads\/2019\/09\/avatar_user_1_1569272876-96x96.png\",\"contentUrl\":\"http:\/\/lareina.news\/noticias\/wp-content\/uploads\/2019\/09\/avatar_user_1_1569272876-96x96.png\",\"caption\":\"J M Doren\"},\"description\":\"Soy ingeniero en inform\u00e1tica, interesado en las humanidades. Fundador y director de La Reina.news y otros medios electr\u00f3nicos. Creo profundamente en que si dejamos de pensar y cuestionar(nos) no hay nada que nos diferencie de los primates. jmdoren@ok.cl Sitios de mi autor&iacute;a\",\"sameAs\":[\"https:\/\/www.ok.cl\/\",\"https:\/\/x.com\/@jmdoren\"],\"url\":\"https:\/\/lareinanews.cl\/noticias\/index.php\/author\/jmdoren\/\"}]}<\/script>\n<!-- \/ Yoast SEO plugin. -->","yoast_head_json":{"title":"San Ram\u00f3n, la falla que nos acompa\u00f1a","description":"La falla de San Ram\u00f3n y las predicciones que razonablemente se pueden hacer sobre ella en un conversatorio del CAC de La Reina","robots":{"index":"index","follow":"follow","max-snippet":"max-snippet:-1","max-image-preview":"max-image-preview:large","max-video-preview":"max-video-preview:-1"},"canonical":"https:\/\/lareinanews.cl\/noticias\/index.php\/2021\/09\/02\/san-ramon-la-falla-que-nos-acompana\/","og_locale":"es_ES","og_type":"article","og_title":"San Ram\u00f3n, la falla que nos acompa\u00f1a","og_description":"La falla de San Ram\u00f3n y las predicciones que razonablemente se pueden hacer sobre ella en un conversatorio del CAC de La Reina","og_url":"https:\/\/lareinanews.cl\/noticias\/index.php\/2021\/09\/02\/san-ramon-la-falla-que-nos-acompana\/","og_site_name":"Noticias La Reina","article_publisher":"https:\/\/www.facebook.com\/LaReinaNews","article_published_time":"2021-09-02T16:17:51+00:00","article_modified_time":"2021-09-08T05:23:41+00:00","og_image":[{"width":650,"height":490,"url":"https:\/\/lareinanews.cl\/noticias\/wp-content\/uploads\/2021\/09\/FallaSanRamon.png","type":"image\/png"}],"author":"J M Doren","twitter_card":"summary_large_image","twitter_creator":"@jmdoren","twitter_misc":{"Escrito por":"J M Doren","Tiempo de lectura":"2 minutos"},"schema":{"@context":"https:\/\/schema.org","@graph":[{"@type":"Article","@id":"https:\/\/lareinanews.cl\/noticias\/index.php\/2021\/09\/02\/san-ramon-la-falla-que-nos-acompana\/#article","isPartOf":{"@id":"https:\/\/lareinanews.cl\/noticias\/index.php\/2021\/09\/02\/san-ramon-la-falla-que-nos-acompana\/"},"author":{"name":"J M Doren","@id":"https:\/\/lareinanews.cl\/noticias\/#\/schema\/person\/c697b5a3c8bc9dd1d94222e2d58209ed"},"headline":"San Ram\u00f3n, la falla que nos acompa\u00f1a","datePublished":"2021-09-02T16:17:51+00:00","dateModified":"2021-09-08T05:23:41+00:00","mainEntityOfPage":{"@id":"https:\/\/lareinanews.cl\/noticias\/index.php\/2021\/09\/02\/san-ramon-la-falla-que-nos-acompana\/"},"wordCount":381,"commentCount":0,"publisher":{"@id":"https:\/\/lareinanews.cl\/noticias\/#organization"},"image":{"@id":"https:\/\/lareinanews.cl\/noticias\/index.php\/2021\/09\/02\/san-ramon-la-falla-que-nos-acompana\/#primaryimage"},"thumbnailUrl":"https:\/\/lareinanews.cl\/noticias\/wp-content\/uploads\/2021\/09\/FallaSanRamon.png","keywords":["comunidad","la reina","las condes","seguridad"],"articleSection":["Destacados","La Reina","Noticias","Seguridad y Autocuidado"],"inLanguage":"es","potentialAction":[{"@type":"CommentAction","name":"Comment","target":["https:\/\/lareinanews.cl\/noticias\/index.php\/2021\/09\/02\/san-ramon-la-falla-que-nos-acompana\/#respond"]}]},{"@type":"WebPage","@id":"https:\/\/lareinanews.cl\/noticias\/index.php\/2021\/09\/02\/san-ramon-la-falla-que-nos-acompana\/","url":"https:\/\/lareinanews.cl\/noticias\/index.php\/2021\/09\/02\/san-ramon-la-falla-que-nos-acompana\/","name":"San Ram\u00f3n, la falla que nos acompa\u00f1a","isPartOf":{"@id":"https:\/\/lareinanews.cl\/noticias\/#website"},"primaryImageOfPage":{"@id":"https:\/\/lareinanews.cl\/noticias\/index.php\/2021\/09\/02\/san-ramon-la-falla-que-nos-acompana\/#primaryimage"},"image":{"@id":"https:\/\/lareinanews.cl\/noticias\/index.php\/2021\/09\/02\/san-ramon-la-falla-que-nos-acompana\/#primaryimage"},"thumbnailUrl":"https:\/\/lareinanews.cl\/noticias\/wp-content\/uploads\/2021\/09\/FallaSanRamon.png","datePublished":"2021-09-02T16:17:51+00:00","dateModified":"2021-09-08T05:23:41+00:00","description":"La falla de San Ram\u00f3n y las predicciones que razonablemente se pueden hacer sobre ella en un conversatorio del CAC de La Reina","breadcrumb":{"@id":"https:\/\/lareinanews.cl\/noticias\/index.php\/2021\/09\/02\/san-ramon-la-falla-que-nos-acompana\/#breadcrumb"},"inLanguage":"es","potentialAction":[{"@type":"ReadAction","target":["https:\/\/lareinanews.cl\/noticias\/index.php\/2021\/09\/02\/san-ramon-la-falla-que-nos-acompana\/"]}]},{"@type":"ImageObject","inLanguage":"es","@id":"https:\/\/lareinanews.cl\/noticias\/index.php\/2021\/09\/02\/san-ramon-la-falla-que-nos-acompana\/#primaryimage","url":"https:\/\/lareinanews.cl\/noticias\/wp-content\/uploads\/2021\/09\/FallaSanRamon.png","contentUrl":"https:\/\/lareinanews.cl\/noticias\/wp-content\/uploads\/2021\/09\/FallaSanRamon.png","width":650,"height":490},{"@type":"BreadcrumbList","@id":"https:\/\/lareinanews.cl\/noticias\/index.php\/2021\/09\/02\/san-ramon-la-falla-que-nos-acompana\/#breadcrumb","itemListElement":[{"@type":"ListItem","position":1,"name":"Inicio","item":"https:\/\/lareinanews.cl\/noticias\/"},{"@type":"ListItem","position":2,"name":"San Ram\u00f3n, la falla que nos acompa\u00f1a"}]},{"@type":"WebSite","@id":"https:\/\/lareinanews.cl\/noticias\/#website","url":"https:\/\/lareinanews.cl\/noticias\/","name":"Noticias La Reina","description":"LaReina.news","publisher":{"@id":"https:\/\/lareinanews.cl\/noticias\/#organization"},"potentialAction":[{"@type":"SearchAction","target":{"@type":"EntryPoint","urlTemplate":"https:\/\/lareinanews.cl\/noticias\/?s={search_term_string}"},"query-input":{"@type":"PropertyValueSpecification","valueRequired":true,"valueName":"search_term_string"}}],"inLanguage":"es"},{"@type":"Organization","@id":"https:\/\/lareinanews.cl\/noticias\/#organization","name":"La Reina.news Peri\u00f3dico comunal de La Reina","url":"https:\/\/lareinanews.cl\/noticias\/","logo":{"@type":"ImageObject","inLanguage":"es","@id":"https:\/\/lareinanews.cl\/noticias\/#\/schema\/logo\/image\/","url":"https:\/\/lareinanews.cl\/noticias\/wp-content\/uploads\/2020\/04\/logo_schema.png","contentUrl":"https:\/\/lareinanews.cl\/noticias\/wp-content\/uploads\/2020\/04\/logo_schema.png","width":640,"height":360,"caption":"La Reina.news Peri\u00f3dico comunal de La Reina"},"image":{"@id":"https:\/\/lareinanews.cl\/noticias\/#\/schema\/logo\/image\/"},"sameAs":["https:\/\/www.facebook.com\/LaReinaNews","https:\/\/www.instagram.com\/lareinanews\/"]},{"@type":"Person","@id":"https:\/\/lareinanews.cl\/noticias\/#\/schema\/person\/c697b5a3c8bc9dd1d94222e2d58209ed","name":"J M Doren","image":{"@type":"ImageObject","inLanguage":"es","@id":"https:\/\/lareinanews.cl\/noticias\/#\/schema\/person\/image\/","url":"http:\/\/lareina.news\/noticias\/wp-content\/uploads\/2019\/09\/avatar_user_1_1569272876-96x96.png","contentUrl":"http:\/\/lareina.news\/noticias\/wp-content\/uploads\/2019\/09\/avatar_user_1_1569272876-96x96.png","caption":"J M Doren"},"description":"Soy ingeniero en inform\u00e1tica, interesado en las humanidades. Fundador y director de La Reina.news y otros medios electr\u00f3nicos. Creo profundamente en que si dejamos de pensar y cuestionar(nos) no hay nada que nos diferencie de los primates. jmdoren@ok.cl Sitios de mi autor&iacute;a","sameAs":["https:\/\/www.ok.cl\/","https:\/\/x.com\/@jmdoren"],"url":"https:\/\/lareinanews.cl\/noticias\/index.php\/author\/jmdoren\/"}]}},"_links":{"self":[{"href":"https:\/\/lareinanews.cl\/noticias\/index.php\/wp-json\/wp\/v2\/posts\/5137","targetHints":{"allow":["GET"]}}],"collection":[{"href":"https:\/\/lareinanews.cl\/noticias\/index.php\/wp-json\/wp\/v2\/posts"}],"about":[{"href":"https:\/\/lareinanews.cl\/noticias\/index.php\/wp-json\/wp\/v2\/types\/post"}],"author":[{"embeddable":true,"href":"https:\/\/lareinanews.cl\/noticias\/index.php\/wp-json\/wp\/v2\/users\/1"}],"replies":[{"embeddable":true,"href":"https:\/\/lareinanews.cl\/noticias\/index.php\/wp-json\/wp\/v2\/comments?post=5137"}],"version-history":[{"count":7,"href":"https:\/\/lareinanews.cl\/noticias\/index.php\/wp-json\/wp\/v2\/posts\/5137\/revisions"}],"predecessor-version":[{"id":5146,"href":"https:\/\/lareinanews.cl\/noticias\/index.php\/wp-json\/wp\/v2\/posts\/5137\/revisions\/5146"}],"wp:featuredmedia":[{"embeddable":true,"href":"https:\/\/lareinanews.cl\/noticias\/index.php\/wp-json\/wp\/v2\/media\/5142"}],"wp:attachment":[{"href":"https:\/\/lareinanews.cl\/noticias\/index.php\/wp-json\/wp\/v2\/media?parent=5137"}],"wp:term":[{"taxonomy":"category","embeddable":true,"href":"https:\/\/lareinanews.cl\/noticias\/index.php\/wp-json\/wp\/v2\/categories?post=5137"},{"taxonomy":"post_tag","embeddable":true,"href":"https:\/\/lareinanews.cl\/noticias\/index.php\/wp-json\/wp\/v2\/tags?post=5137"}],"curies":[{"name":"wp","href":"https:\/\/api.w.org\/{rel}","templated":true}]}}