{"id":5109,"date":"2021-06-07T13:19:48","date_gmt":"2021-06-07T16:19:48","guid":{"rendered":"https:\/\/lareina.news\/noticias\/?p=5109"},"modified":"2022-03-17T19:57:59","modified_gmt":"2022-03-17T22:57:59","slug":"violencia-de-genero-consecuencias","status":"publish","type":"post","link":"https:\/\/lareinanews.cl\/noticias\/index.php\/2021\/06\/07\/violencia-de-genero-consecuencias\/","title":{"rendered":"Consecuencias de la violencia de g\u00e9nero en nuestra sociedad"},"content":{"rendered":"<p align=\"JUSTIFY\">La violencia nos genera impacto, nos afecta, nos vuelve violentxs y nos hace da\u00f1o. Una profesora me dijo una vez, con mucha sabidur\u00eda, que el problema de la violencia radicaba en el var\u00f3n, ya que tanto quienes ejerc\u00edan como recib\u00edan mayor violencia, eran los varones. Y claro, toda esa violencia acumulada desde las masculinidades, nos llegaba a las mujeres en forma de violencia simb\u00f3lica, laboral, econ\u00f3mica, y f\u00edsica, s\u00f3lo por el hecho de ser mujeres, porque el patriarcado decidi\u00f3 que \u00e9ramos inferiores.<\/p>\n<p align=\"JUSTIFY\">Este es un problema que nos afecta a todxs, y es nuestra responsabilidad cambiar nuestro sistema social desde el feminismo, que como bien dijo nuestra constituyente Constanza Sch\u00f6nhaut \u201c<i>El feminismo no representa solo la agenda de las mujeres, representa un proyecto de sociedad<\/i>\u201d y ese proyecto de sociedad, nos pide a gritos que detengamos la violencia patriarcal, partiendo por el piso b\u00e1sico, la violencia f\u00edsica contra la mujer. La violencia femicida, que nos mantiene siempre alerta, cuando frente a nosotras, un hombre se enoja.<\/p>\n<p align=\"JUSTIFY\">Si bien, la violencia leg\u00edtimamente nos impacta, seguimos con la tendencia como sociedad a minimizarla, justificarla y perdonarla. Por que tenemos un profundo desconocimiento de las graves consecuencias f\u00edsicas y psicol\u00f3gicas que puede tener para su victima, o a veces solo falta de empat\u00eda.<\/p>\n<p align=\"JUSTIFY\">La violencia tiene consecuencias graves en nuestra salud mental, y cuando esta es reiterada en el tiempo, puede generar secuelas de por vida, con las que tendr\u00e1 que aprender a vivir quien fue victima. Existen, a modo de s\u00edntesis, dos tipos de violencia f\u00edsica contra la mujer, la violencia de parte de un hombre desconocido o fuera del circulo de confianza y la violencia intrafamiliar. Ambas tienen consecuencias diferentes para quien sea victima.<\/p>\n<p align=\"JUSTIFY\">La primera, en la mayor\u00eda de los casos genera un cuadro de estr\u00e9s agudo, que, si no se trata, podr\u00eda transformarse en un estr\u00e9s post traum\u00e1tico. Ambos tienen como s\u00edntomas: no poder dejar de pensar en el trauma, sentir que se est\u00e1 viviendo de nuevo, miedo, sensaci\u00f3n de inseguridad, pesadillas, entre otros\u2026<\/p>\n<p align=\"JUSTIFY\">La segunda manifiesta s\u00edntomas muy inespec\u00edficos, pudiendo aparecer en algunos casos los mencionados arriba y otros m\u00e1s complejos, como verg\u00fcenza por ser victima, culpa, desesperanza, adecuaci\u00f3n a la violencia (como forma de sobrevivir) y aumento de la dependencia, por sentirse incapaz, insegura y con miedo.<\/p>\n<p align=\"JUSTIFY\">Pasados los a\u00f1os viviendo situaciones de violencia, siendo denostada y menospreciada por alguien a quien amamos (pareja) nos genera un nivel de da\u00f1o que nos quita incluso las ganas de luchar. Por que el problema es que a todo esto, que ya es tan dif\u00edcil de hablar, le agregamos exposici\u00f3n al denunciar, cuestionamientos y criticas que se acompa\u00f1an de la obsesi\u00f3n de pedir una prueba de que ocurri\u00f3 violencia, cuando es uno de los delitos m\u00e1s dif\u00edciles de probar, ya que si adem\u00e1s nos encontramos con una mujer que ha sufrido a\u00f1os de violencia, lo mas probable es que al m\u00ednimo cuestionamiento, se retracte y prefiera volver a su forma de vida violenta, porque ya est\u00e1 acostumbrada (s\u00edndrome de adecuaci\u00f3n al maltrato) y adem\u00e1s siente verg\u00fcenza. Porque cuando piden pruebas \u00bfqu\u00e9 esperan? El relato y la sintomatolog\u00eda son las pruebas, especialmente en los casos de violencia cr\u00f3nica, en que pocas veces se alcanza a detectar el da\u00f1o f\u00edsico.<\/p>\n<p align=\"JUSTIFY\">As\u00ed que vamos cambiando esta sociedad patriarcal y violenta, partiendo por escuchar en silencio cuando alguien nos cuenta lo que est\u00e1 viviendo, preocup\u00e1ndonos de no cuestionar a una mujer, que no ha dejado de ser cuestionada por su agresor en muchos a\u00f1os.<\/p>\n<blockquote>\n<p align=\"JUSTIFY\">Nota del Editor.<\/p>\n<p align=\"JUSTIFY\">Podemos recomendar que junto con acudir a personas de confianza, autoridades o profesionales, si tienes problemas de autoestima realices alg\u00fan <a href=\"https:\/\/tumasterclass.online\/index.php\/product\/curso-de-autoestima-para-mujeres\/\">curso de autoestima<\/a> o taller que te sea asequible.<\/p>\n<\/blockquote>\n","protected":false},"excerpt":{"rendered":"<div class=\"mh-excerpt\"><p>La violencia nos genera impacto, nos afecta, nos vuelve violentxs y nos hace da\u00f1o. Una profesora me dijo una vez, con mucha sabidur\u00eda, que el problema de la violencia radicaba en el var\u00f3n, ya que <a class=\"mh-excerpt-more\" href=\"https:\/\/lareinanews.cl\/noticias\/index.php\/2021\/06\/07\/violencia-de-genero-consecuencias\/\" title=\"Consecuencias de la violencia de g\u00e9nero en nuestra sociedad\">[&#8230;]<\/a><\/p>\n<\/div>","protected":false},"author":42,"featured_media":5111,"comment_status":"open","ping_status":"closed","sticky":false,"template":"","format":"standard","meta":{"_acf_changed":false,"footnotes":""},"categories":[18,31,250,308,309,248,255,271],"tags":[6,324,298,47],"class_list":{"0":"post-5109","1":"post","2":"type-post","3":"status-publish","4":"format-standard","5":"has-post-thumbnail","7":"category-columnas","8":"category-destacados","9":"category-familia","10":"category-feminismo","11":"category-mujeres","12":"category-ninas","13":"category-salud","14":"category-seguridad-y-autocuidado","15":"tag-comunidad","16":"tag-feminismo","17":"tag-mujeres","18":"tag-sociedad"},"acf":[],"yoast_head":"<!-- This site is optimized with the Yoast SEO plugin v27.1.1 - https:\/\/yoast.com\/product\/yoast-seo-wordpress\/ -->\n<title>Consecuencias de la violencia de g\u00e9nero en nuestra sociedad<\/title>\n<meta name=\"description\" content=\"La psic\u00f3loga Manuela G\u00e1tica nos habla sobre las consecuencias de la violencia de g\u00e9nero en nuestra sociedad.\" \/>\n<meta name=\"robots\" content=\"index, follow, max-snippet:-1, max-image-preview:large, max-video-preview:-1\" \/>\n<link rel=\"canonical\" href=\"https:\/\/lareinanews.cl\/noticias\/index.php\/2021\/06\/07\/violencia-de-genero-consecuencias\/\" \/>\n<meta property=\"og:locale\" content=\"es_ES\" \/>\n<meta property=\"og:type\" content=\"article\" \/>\n<meta property=\"og:title\" content=\"Consecuencias de la violencia de g\u00e9nero en nuestra sociedad\" \/>\n<meta property=\"og:description\" content=\"La psic\u00f3loga Manuela G\u00e1tica nos habla sobre las consecuencias de la violencia de g\u00e9nero en nuestra sociedad.\" \/>\n<meta property=\"og:url\" content=\"https:\/\/lareinanews.cl\/noticias\/index.php\/2021\/06\/07\/violencia-de-genero-consecuencias\/\" \/>\n<meta property=\"og:site_name\" content=\"Noticias La Reina\" \/>\n<meta property=\"article:publisher\" content=\"https:\/\/www.facebook.com\/LaReinaNews\" \/>\n<meta property=\"article:published_time\" content=\"2021-06-07T16:19:48+00:00\" \/>\n<meta property=\"article:modified_time\" content=\"2022-03-17T22:57:59+00:00\" \/>\n<meta property=\"og:image\" content=\"https:\/\/lareinanews.cl\/noticias\/wp-content\/uploads\/2021\/06\/violencia_de_genero.jpg\" \/>\n\t<meta property=\"og:image:width\" content=\"650\" \/>\n\t<meta property=\"og:image:height\" content=\"490\" \/>\n\t<meta property=\"og:image:type\" content=\"image\/jpeg\" \/>\n<meta name=\"author\" content=\"Manuela Gatica\" \/>\n<meta name=\"twitter:card\" content=\"summary_large_image\" \/>\n<meta name=\"twitter:label1\" content=\"Escrito por\" \/>\n\t<meta name=\"twitter:data1\" content=\"Manuela Gatica\" \/>\n\t<meta name=\"twitter:label2\" content=\"Tiempo de lectura\" \/>\n\t<meta name=\"twitter:data2\" content=\"3 minutos\" \/>\n<script type=\"application\/ld+json\" class=\"yoast-schema-graph\">{\"@context\":\"https:\/\/schema.org\",\"@graph\":[{\"@type\":\"Article\",\"@id\":\"https:\/\/lareinanews.cl\/noticias\/index.php\/2021\/06\/07\/violencia-de-genero-consecuencias\/#article\",\"isPartOf\":{\"@id\":\"https:\/\/lareinanews.cl\/noticias\/index.php\/2021\/06\/07\/violencia-de-genero-consecuencias\/\"},\"author\":{\"name\":\"Manuela Gatica\",\"@id\":\"https:\/\/lareinanews.cl\/noticias\/#\/schema\/person\/d5261a8ce4984fa7144787cc21790a4f\"},\"headline\":\"Consecuencias de la violencia de g\u00e9nero en nuestra sociedad\",\"datePublished\":\"2021-06-07T16:19:48+00:00\",\"dateModified\":\"2022-03-17T22:57:59+00:00\",\"mainEntityOfPage\":{\"@id\":\"https:\/\/lareinanews.cl\/noticias\/index.php\/2021\/06\/07\/violencia-de-genero-consecuencias\/\"},\"wordCount\":674,\"commentCount\":0,\"publisher\":{\"@id\":\"https:\/\/lareinanews.cl\/noticias\/#organization\"},\"image\":{\"@id\":\"https:\/\/lareinanews.cl\/noticias\/index.php\/2021\/06\/07\/violencia-de-genero-consecuencias\/#primaryimage\"},\"thumbnailUrl\":\"https:\/\/lareinanews.cl\/noticias\/wp-content\/uploads\/2021\/06\/violencia_de_genero.jpg\",\"keywords\":[\"comunidad\",\"feminismo\",\"Mujeres\",\"sociedad\"],\"articleSection\":[\"Columnas\",\"Destacados\",\"Familia\",\"Feminismo\",\"mujeres\",\"Ni\u00f1as\",\"Salud\",\"Seguridad y Autocuidado\"],\"inLanguage\":\"es\",\"potentialAction\":[{\"@type\":\"CommentAction\",\"name\":\"Comment\",\"target\":[\"https:\/\/lareinanews.cl\/noticias\/index.php\/2021\/06\/07\/violencia-de-genero-consecuencias\/#respond\"]}]},{\"@type\":\"WebPage\",\"@id\":\"https:\/\/lareinanews.cl\/noticias\/index.php\/2021\/06\/07\/violencia-de-genero-consecuencias\/\",\"url\":\"https:\/\/lareinanews.cl\/noticias\/index.php\/2021\/06\/07\/violencia-de-genero-consecuencias\/\",\"name\":\"Consecuencias de la violencia de g\u00e9nero en nuestra sociedad\",\"isPartOf\":{\"@id\":\"https:\/\/lareinanews.cl\/noticias\/#website\"},\"primaryImageOfPage\":{\"@id\":\"https:\/\/lareinanews.cl\/noticias\/index.php\/2021\/06\/07\/violencia-de-genero-consecuencias\/#primaryimage\"},\"image\":{\"@id\":\"https:\/\/lareinanews.cl\/noticias\/index.php\/2021\/06\/07\/violencia-de-genero-consecuencias\/#primaryimage\"},\"thumbnailUrl\":\"https:\/\/lareinanews.cl\/noticias\/wp-content\/uploads\/2021\/06\/violencia_de_genero.jpg\",\"datePublished\":\"2021-06-07T16:19:48+00:00\",\"dateModified\":\"2022-03-17T22:57:59+00:00\",\"description\":\"La psic\u00f3loga Manuela G\u00e1tica nos habla sobre las consecuencias de la violencia de g\u00e9nero en nuestra sociedad.\",\"breadcrumb\":{\"@id\":\"https:\/\/lareinanews.cl\/noticias\/index.php\/2021\/06\/07\/violencia-de-genero-consecuencias\/#breadcrumb\"},\"inLanguage\":\"es\",\"potentialAction\":[{\"@type\":\"ReadAction\",\"target\":[\"https:\/\/lareinanews.cl\/noticias\/index.php\/2021\/06\/07\/violencia-de-genero-consecuencias\/\"]}]},{\"@type\":\"ImageObject\",\"inLanguage\":\"es\",\"@id\":\"https:\/\/lareinanews.cl\/noticias\/index.php\/2021\/06\/07\/violencia-de-genero-consecuencias\/#primaryimage\",\"url\":\"https:\/\/lareinanews.cl\/noticias\/wp-content\/uploads\/2021\/06\/violencia_de_genero.jpg\",\"contentUrl\":\"https:\/\/lareinanews.cl\/noticias\/wp-content\/uploads\/2021\/06\/violencia_de_genero.jpg\",\"width\":650,\"height\":490},{\"@type\":\"BreadcrumbList\",\"@id\":\"https:\/\/lareinanews.cl\/noticias\/index.php\/2021\/06\/07\/violencia-de-genero-consecuencias\/#breadcrumb\",\"itemListElement\":[{\"@type\":\"ListItem\",\"position\":1,\"name\":\"Inicio\",\"item\":\"https:\/\/lareinanews.cl\/noticias\/\"},{\"@type\":\"ListItem\",\"position\":2,\"name\":\"Consecuencias de la violencia de g\u00e9nero en nuestra sociedad\"}]},{\"@type\":\"WebSite\",\"@id\":\"https:\/\/lareinanews.cl\/noticias\/#website\",\"url\":\"https:\/\/lareinanews.cl\/noticias\/\",\"name\":\"Noticias La Reina\",\"description\":\"LaReina.news\",\"publisher\":{\"@id\":\"https:\/\/lareinanews.cl\/noticias\/#organization\"},\"potentialAction\":[{\"@type\":\"SearchAction\",\"target\":{\"@type\":\"EntryPoint\",\"urlTemplate\":\"https:\/\/lareinanews.cl\/noticias\/?s={search_term_string}\"},\"query-input\":{\"@type\":\"PropertyValueSpecification\",\"valueRequired\":true,\"valueName\":\"search_term_string\"}}],\"inLanguage\":\"es\"},{\"@type\":\"Organization\",\"@id\":\"https:\/\/lareinanews.cl\/noticias\/#organization\",\"name\":\"La Reina.news Peri\u00f3dico comunal de La Reina\",\"url\":\"https:\/\/lareinanews.cl\/noticias\/\",\"logo\":{\"@type\":\"ImageObject\",\"inLanguage\":\"es\",\"@id\":\"https:\/\/lareinanews.cl\/noticias\/#\/schema\/logo\/image\/\",\"url\":\"https:\/\/lareinanews.cl\/noticias\/wp-content\/uploads\/2020\/04\/logo_schema.png\",\"contentUrl\":\"https:\/\/lareinanews.cl\/noticias\/wp-content\/uploads\/2020\/04\/logo_schema.png\",\"width\":640,\"height\":360,\"caption\":\"La Reina.news Peri\u00f3dico comunal de La Reina\"},\"image\":{\"@id\":\"https:\/\/lareinanews.cl\/noticias\/#\/schema\/logo\/image\/\"},\"sameAs\":[\"https:\/\/www.facebook.com\/LaReinaNews\",\"https:\/\/www.instagram.com\/lareinanews\/\"]},{\"@type\":\"Person\",\"@id\":\"https:\/\/lareinanews.cl\/noticias\/#\/schema\/person\/d5261a8ce4984fa7144787cc21790a4f\",\"name\":\"Manuela Gatica\",\"image\":{\"@type\":\"ImageObject\",\"inLanguage\":\"es\",\"@id\":\"https:\/\/lareinanews.cl\/noticias\/#\/schema\/person\/image\/\",\"url\":\"https:\/\/lareina.news\/noticias\/wp-content\/uploads\/2021\/04\/avatar_user_42_1618966935-96x96.jpg\",\"contentUrl\":\"https:\/\/lareina.news\/noticias\/wp-content\/uploads\/2021\/04\/avatar_user_42_1618966935-96x96.jpg\",\"caption\":\"Manuela Gatica\"},\"description\":\"Soy Psic\u00f3loga de profesi\u00f3n, candidata a magister en psicolog\u00eda jur\u00eddica y forense, y fundadora de la Comisi\u00f3n de Salud Mental y ni\u00f1ez de Convergencia Social, he trabajado toda mi vida en temas de violencia intrafamiliar y vulneraci\u00f3n de derechos de ni\u00f1as, ni\u00f1os y adolescentes\",\"url\":\"https:\/\/lareinanews.cl\/noticias\/index.php\/author\/manug\/\"}]}<\/script>\n<!-- \/ Yoast SEO plugin. -->","yoast_head_json":{"title":"Consecuencias de la violencia de g\u00e9nero en nuestra sociedad","description":"La psic\u00f3loga Manuela G\u00e1tica nos habla sobre las consecuencias de la violencia de g\u00e9nero en nuestra sociedad.","robots":{"index":"index","follow":"follow","max-snippet":"max-snippet:-1","max-image-preview":"max-image-preview:large","max-video-preview":"max-video-preview:-1"},"canonical":"https:\/\/lareinanews.cl\/noticias\/index.php\/2021\/06\/07\/violencia-de-genero-consecuencias\/","og_locale":"es_ES","og_type":"article","og_title":"Consecuencias de la violencia de g\u00e9nero en nuestra sociedad","og_description":"La psic\u00f3loga Manuela G\u00e1tica nos habla sobre las consecuencias de la violencia de g\u00e9nero en nuestra sociedad.","og_url":"https:\/\/lareinanews.cl\/noticias\/index.php\/2021\/06\/07\/violencia-de-genero-consecuencias\/","og_site_name":"Noticias La Reina","article_publisher":"https:\/\/www.facebook.com\/LaReinaNews","article_published_time":"2021-06-07T16:19:48+00:00","article_modified_time":"2022-03-17T22:57:59+00:00","og_image":[{"width":650,"height":490,"url":"https:\/\/lareinanews.cl\/noticias\/wp-content\/uploads\/2021\/06\/violencia_de_genero.jpg","type":"image\/jpeg"}],"author":"Manuela Gatica","twitter_card":"summary_large_image","twitter_misc":{"Escrito por":"Manuela Gatica","Tiempo de lectura":"3 minutos"},"schema":{"@context":"https:\/\/schema.org","@graph":[{"@type":"Article","@id":"https:\/\/lareinanews.cl\/noticias\/index.php\/2021\/06\/07\/violencia-de-genero-consecuencias\/#article","isPartOf":{"@id":"https:\/\/lareinanews.cl\/noticias\/index.php\/2021\/06\/07\/violencia-de-genero-consecuencias\/"},"author":{"name":"Manuela Gatica","@id":"https:\/\/lareinanews.cl\/noticias\/#\/schema\/person\/d5261a8ce4984fa7144787cc21790a4f"},"headline":"Consecuencias de la violencia de g\u00e9nero en nuestra sociedad","datePublished":"2021-06-07T16:19:48+00:00","dateModified":"2022-03-17T22:57:59+00:00","mainEntityOfPage":{"@id":"https:\/\/lareinanews.cl\/noticias\/index.php\/2021\/06\/07\/violencia-de-genero-consecuencias\/"},"wordCount":674,"commentCount":0,"publisher":{"@id":"https:\/\/lareinanews.cl\/noticias\/#organization"},"image":{"@id":"https:\/\/lareinanews.cl\/noticias\/index.php\/2021\/06\/07\/violencia-de-genero-consecuencias\/#primaryimage"},"thumbnailUrl":"https:\/\/lareinanews.cl\/noticias\/wp-content\/uploads\/2021\/06\/violencia_de_genero.jpg","keywords":["comunidad","feminismo","Mujeres","sociedad"],"articleSection":["Columnas","Destacados","Familia","Feminismo","mujeres","Ni\u00f1as","Salud","Seguridad y Autocuidado"],"inLanguage":"es","potentialAction":[{"@type":"CommentAction","name":"Comment","target":["https:\/\/lareinanews.cl\/noticias\/index.php\/2021\/06\/07\/violencia-de-genero-consecuencias\/#respond"]}]},{"@type":"WebPage","@id":"https:\/\/lareinanews.cl\/noticias\/index.php\/2021\/06\/07\/violencia-de-genero-consecuencias\/","url":"https:\/\/lareinanews.cl\/noticias\/index.php\/2021\/06\/07\/violencia-de-genero-consecuencias\/","name":"Consecuencias de la violencia de g\u00e9nero en nuestra sociedad","isPartOf":{"@id":"https:\/\/lareinanews.cl\/noticias\/#website"},"primaryImageOfPage":{"@id":"https:\/\/lareinanews.cl\/noticias\/index.php\/2021\/06\/07\/violencia-de-genero-consecuencias\/#primaryimage"},"image":{"@id":"https:\/\/lareinanews.cl\/noticias\/index.php\/2021\/06\/07\/violencia-de-genero-consecuencias\/#primaryimage"},"thumbnailUrl":"https:\/\/lareinanews.cl\/noticias\/wp-content\/uploads\/2021\/06\/violencia_de_genero.jpg","datePublished":"2021-06-07T16:19:48+00:00","dateModified":"2022-03-17T22:57:59+00:00","description":"La psic\u00f3loga Manuela G\u00e1tica nos habla sobre las consecuencias de la violencia de g\u00e9nero en nuestra sociedad.","breadcrumb":{"@id":"https:\/\/lareinanews.cl\/noticias\/index.php\/2021\/06\/07\/violencia-de-genero-consecuencias\/#breadcrumb"},"inLanguage":"es","potentialAction":[{"@type":"ReadAction","target":["https:\/\/lareinanews.cl\/noticias\/index.php\/2021\/06\/07\/violencia-de-genero-consecuencias\/"]}]},{"@type":"ImageObject","inLanguage":"es","@id":"https:\/\/lareinanews.cl\/noticias\/index.php\/2021\/06\/07\/violencia-de-genero-consecuencias\/#primaryimage","url":"https:\/\/lareinanews.cl\/noticias\/wp-content\/uploads\/2021\/06\/violencia_de_genero.jpg","contentUrl":"https:\/\/lareinanews.cl\/noticias\/wp-content\/uploads\/2021\/06\/violencia_de_genero.jpg","width":650,"height":490},{"@type":"BreadcrumbList","@id":"https:\/\/lareinanews.cl\/noticias\/index.php\/2021\/06\/07\/violencia-de-genero-consecuencias\/#breadcrumb","itemListElement":[{"@type":"ListItem","position":1,"name":"Inicio","item":"https:\/\/lareinanews.cl\/noticias\/"},{"@type":"ListItem","position":2,"name":"Consecuencias de la violencia de g\u00e9nero en nuestra sociedad"}]},{"@type":"WebSite","@id":"https:\/\/lareinanews.cl\/noticias\/#website","url":"https:\/\/lareinanews.cl\/noticias\/","name":"Noticias La Reina","description":"LaReina.news","publisher":{"@id":"https:\/\/lareinanews.cl\/noticias\/#organization"},"potentialAction":[{"@type":"SearchAction","target":{"@type":"EntryPoint","urlTemplate":"https:\/\/lareinanews.cl\/noticias\/?s={search_term_string}"},"query-input":{"@type":"PropertyValueSpecification","valueRequired":true,"valueName":"search_term_string"}}],"inLanguage":"es"},{"@type":"Organization","@id":"https:\/\/lareinanews.cl\/noticias\/#organization","name":"La Reina.news Peri\u00f3dico comunal de La Reina","url":"https:\/\/lareinanews.cl\/noticias\/","logo":{"@type":"ImageObject","inLanguage":"es","@id":"https:\/\/lareinanews.cl\/noticias\/#\/schema\/logo\/image\/","url":"https:\/\/lareinanews.cl\/noticias\/wp-content\/uploads\/2020\/04\/logo_schema.png","contentUrl":"https:\/\/lareinanews.cl\/noticias\/wp-content\/uploads\/2020\/04\/logo_schema.png","width":640,"height":360,"caption":"La Reina.news Peri\u00f3dico comunal de La Reina"},"image":{"@id":"https:\/\/lareinanews.cl\/noticias\/#\/schema\/logo\/image\/"},"sameAs":["https:\/\/www.facebook.com\/LaReinaNews","https:\/\/www.instagram.com\/lareinanews\/"]},{"@type":"Person","@id":"https:\/\/lareinanews.cl\/noticias\/#\/schema\/person\/d5261a8ce4984fa7144787cc21790a4f","name":"Manuela Gatica","image":{"@type":"ImageObject","inLanguage":"es","@id":"https:\/\/lareinanews.cl\/noticias\/#\/schema\/person\/image\/","url":"https:\/\/lareina.news\/noticias\/wp-content\/uploads\/2021\/04\/avatar_user_42_1618966935-96x96.jpg","contentUrl":"https:\/\/lareina.news\/noticias\/wp-content\/uploads\/2021\/04\/avatar_user_42_1618966935-96x96.jpg","caption":"Manuela Gatica"},"description":"Soy Psic\u00f3loga de profesi\u00f3n, candidata a magister en psicolog\u00eda jur\u00eddica y forense, y fundadora de la Comisi\u00f3n de Salud Mental y ni\u00f1ez de Convergencia Social, he trabajado toda mi vida en temas de violencia intrafamiliar y vulneraci\u00f3n de derechos de ni\u00f1as, ni\u00f1os y adolescentes","url":"https:\/\/lareinanews.cl\/noticias\/index.php\/author\/manug\/"}]}},"_links":{"self":[{"href":"https:\/\/lareinanews.cl\/noticias\/index.php\/wp-json\/wp\/v2\/posts\/5109","targetHints":{"allow":["GET"]}}],"collection":[{"href":"https:\/\/lareinanews.cl\/noticias\/index.php\/wp-json\/wp\/v2\/posts"}],"about":[{"href":"https:\/\/lareinanews.cl\/noticias\/index.php\/wp-json\/wp\/v2\/types\/post"}],"author":[{"embeddable":true,"href":"https:\/\/lareinanews.cl\/noticias\/index.php\/wp-json\/wp\/v2\/users\/42"}],"replies":[{"embeddable":true,"href":"https:\/\/lareinanews.cl\/noticias\/index.php\/wp-json\/wp\/v2\/comments?post=5109"}],"version-history":[{"count":5,"href":"https:\/\/lareinanews.cl\/noticias\/index.php\/wp-json\/wp\/v2\/posts\/5109\/revisions"}],"predecessor-version":[{"id":5202,"href":"https:\/\/lareinanews.cl\/noticias\/index.php\/wp-json\/wp\/v2\/posts\/5109\/revisions\/5202"}],"wp:featuredmedia":[{"embeddable":true,"href":"https:\/\/lareinanews.cl\/noticias\/index.php\/wp-json\/wp\/v2\/media\/5111"}],"wp:attachment":[{"href":"https:\/\/lareinanews.cl\/noticias\/index.php\/wp-json\/wp\/v2\/media?parent=5109"}],"wp:term":[{"taxonomy":"category","embeddable":true,"href":"https:\/\/lareinanews.cl\/noticias\/index.php\/wp-json\/wp\/v2\/categories?post=5109"},{"taxonomy":"post_tag","embeddable":true,"href":"https:\/\/lareinanews.cl\/noticias\/index.php\/wp-json\/wp\/v2\/tags?post=5109"}],"curies":[{"name":"wp","href":"https:\/\/api.w.org\/{rel}","templated":true}]}}