{"id":5063,"date":"2021-05-28T14:44:48","date_gmt":"2021-05-28T17:44:48","guid":{"rendered":"https:\/\/lareina.news\/noticias\/?p=5063"},"modified":"2021-05-28T14:44:48","modified_gmt":"2021-05-28T17:44:48","slug":"carta-maria-jose-herrera","status":"publish","type":"post","link":"https:\/\/lareinanews.cl\/noticias\/index.php\/2021\/05\/28\/carta-maria-jose-herrera\/","title":{"rendered":"Carta Mar\u00eda Jos\u00e9 Herrera"},"content":{"rendered":"<p><span style=\"color: #222222;\"><span style=\"font-family: Arial, serif;\">Estimados vecinos y vecinas:<\/span><\/span><\/p>\n<p align=\"JUSTIFY\"><span style=\"color: #222222;\"><span style=\"font-family: Arial, serif;\"><br \/>\nCon todo el orgullo de ser parte de esta hermosa comuna, de ser vecina, quiero presentarme: soy Mar\u00eda Jos\u00e9 Herrera Brummer, concejala electa por La Reina.<\/p>\n<p>Quiero agradecer a todos los vecinos, amigos, comerciantes y feriantes de La Reina que me apoyaron en esta aventura y que vieron en mi a una persona que puede y quiere trabajar por una comuna m\u00e1s segura y con vecinos m\u00e1s unidos.<\/span><\/span><\/p>\n<p align=\"JUSTIFY\"><span style=\"color: #222222;\"><span style=\"font-family: Arial, serif;\">Tal como Uds. quiero un futuro en donde podamos construir comunidad, manteniendo y mejorando la vida de barrio que nos caracteriza y enfatizando mi idea que <\/span><\/span><span style=\"color: #222222;\"><span style=\"font-family: Arial, serif;\"><i>la seguridad somos todos<\/i><\/span><\/span><span style=\"color: #222222;\"><span style=\"font-family: Arial, serif;\">. Aqu\u00ed nadie se puede quedar fuera y esta concejala representar\u00e1 a cada uno de Uds.<\/span><\/span><\/p>\n<p><span style=\"color: #222222;\"><span style=\"font-family: Arial, serif;\"><br \/>\nSoy mam\u00e1, esposa, periodista y he sido dirigente social por m\u00e1s de 6 a\u00f1os. Me encanta el deporte, juego Voleibol desde los 10 a\u00f1os, amo cocinar y me encanta pasear en bicicleta, mi medio de transporte favorito, porque puedo oler y vivir la ciudad.<\/span><\/span><\/p>\n<p><span style=\"color: #222222;\"><span style=\"font-family: Arial, serif;\">El sello de mi gesti\u00f3n ser\u00e1 el terreno y la cercan\u00eda. Soy una vecina m\u00e1s, que recorrer\u00e1 la comuna para conocer y entender los problemas de cada uno de Uds. Desde ya los invito a trabajar juntos, a conocernos, a reconocernos. Aqu\u00ed cabemos todos.<\/span><\/span><\/p>\n<p><span style=\"color: #222222;\"><span style=\"font-family: Arial, serif;\">No har\u00e9 promesas que no pueda cumplir, ese siempre ha sido mi sello, pero pueden tener la seguridad que podr\u00e1n contar conmigo para apoyarlos y que pondr\u00e9 toda mi energ\u00eda en cumplir mi labor.<\/p>\n<p>Me despido con un abrazo afectuoso en estos dif\u00edciles momentos y con la esperanza de que juntos haremos una comuna con verdadera alma de barrio.<\/span><\/span><\/p>\n<figure id=\"attachment_4612\" aria-describedby=\"caption-attachment-4612\" style=\"width: 600px\" class=\"wp-caption aligncenter\"><a href=\"https:\/\/lareina.news\/noticias\/wp-content\/uploads\/2021\/03\/mariajose-2.jpg\"><img loading=\"lazy\" decoding=\"async\" class=\"wp-image-4612 size-full\" src=\"https:\/\/lareina.news\/noticias\/wp-content\/uploads\/2021\/03\/mariajose-2.jpg\" alt=\"Mar\u00eda Jos\u00e9 Herrera y su familia\" width=\"600\" height=\"425\" srcset=\"https:\/\/lareinanews.cl\/noticias\/wp-content\/uploads\/2021\/03\/mariajose-2.jpg 600w, https:\/\/lareinanews.cl\/noticias\/wp-content\/uploads\/2021\/03\/mariajose-2-300x213.jpg 300w\" sizes=\"auto, (max-width: 600px) 100vw, 600px\" \/><\/a><figcaption id=\"caption-attachment-4612\" class=\"wp-caption-text\">Mar\u00eda Jos\u00e9 es vecina, mam\u00e1 de tres hijos y esposa.<\/figcaption><\/figure>\n","protected":false},"excerpt":{"rendered":"<div class=\"mh-excerpt\"><p>Estimados vecinos y vecinas: Con todo el orgullo de ser parte de esta hermosa comuna, de ser vecina, quiero presentarme: soy Mar\u00eda Jos\u00e9 Herrera Brummer, concejala electa por La Reina. Quiero agradecer a todos los <a class=\"mh-excerpt-more\" href=\"https:\/\/lareinanews.cl\/noticias\/index.php\/2021\/05\/28\/carta-maria-jose-herrera\/\" title=\"Carta Mar\u00eda Jos\u00e9 Herrera\">[&#8230;]<\/a><\/p>\n<\/div>","protected":false},"author":9,"featured_media":4611,"comment_status":"open","ping_status":"closed","sticky":false,"template":"","format":"standard","meta":{"_acf_changed":false,"footnotes":""},"categories":[159,295,135,2,14],"tags":[16,17,4],"class_list":{"0":"post-5063","1":"post","2":"type-post","3":"status-publish","4":"format-standard","5":"has-post-thumbnail","7":"category-concejo-municipal","8":"category-conociendonos","9":"category-entrevista","10":"category-comuna","11":"category-noticias","12":"tag-concejales","13":"tag-concejo","14":"tag-la-reina"},"acf":[],"yoast_head":"<!-- This site is optimized with the Yoast SEO plugin v27.1.1 - https:\/\/yoast.com\/product\/yoast-seo-wordpress\/ -->\n<title>\u25b7 Mar\u00eda Jos\u00e9 Herrera, nueva concejala de La Reina<\/title>\n<meta name=\"description\" content=\"La se\u00f1ora Mar\u00eda Jos\u00e9 Herrera, concejala electa en la comuna de La Reina se dirige a los vecinos antes de comenzar su labor en la concejal\u00eda.\" \/>\n<meta name=\"robots\" content=\"index, follow, max-snippet:-1, max-image-preview:large, max-video-preview:-1\" \/>\n<link rel=\"canonical\" href=\"https:\/\/lareinanews.cl\/noticias\/index.php\/2021\/05\/28\/carta-maria-jose-herrera\/\" \/>\n<meta property=\"og:locale\" content=\"es_ES\" \/>\n<meta property=\"og:type\" content=\"article\" \/>\n<meta property=\"og:title\" content=\"\u25b7 Mar\u00eda Jos\u00e9 Herrera, nueva concejala de La Reina\" \/>\n<meta property=\"og:description\" content=\"La se\u00f1ora Mar\u00eda Jos\u00e9 Herrera, concejala electa en la comuna de La Reina se dirige a los vecinos antes de comenzar su labor en la concejal\u00eda.\" \/>\n<meta property=\"og:url\" content=\"https:\/\/lareinanews.cl\/noticias\/index.php\/2021\/05\/28\/carta-maria-jose-herrera\/\" \/>\n<meta property=\"og:site_name\" content=\"Noticias La Reina\" \/>\n<meta property=\"article:publisher\" content=\"https:\/\/www.facebook.com\/LaReinaNews\" \/>\n<meta property=\"article:published_time\" content=\"2021-05-28T17:44:48+00:00\" \/>\n<meta property=\"og:image\" content=\"https:\/\/lareinanews.cl\/noticias\/wp-content\/uploads\/2021\/03\/mariajose.jpg\" \/>\n\t<meta property=\"og:image:width\" content=\"650\" \/>\n\t<meta property=\"og:image:height\" content=\"490\" \/>\n\t<meta property=\"og:image:type\" content=\"image\/jpeg\" \/>\n<meta name=\"author\" content=\"Redacci\u00f3n\" \/>\n<meta name=\"twitter:card\" content=\"summary_large_image\" \/>\n<meta name=\"twitter:label1\" content=\"Escrito por\" \/>\n\t<meta name=\"twitter:data1\" content=\"Redacci\u00f3n\" \/>\n\t<meta name=\"twitter:label2\" content=\"Tiempo de lectura\" \/>\n\t<meta name=\"twitter:data2\" content=\"2 minutos\" \/>\n<script type=\"application\/ld+json\" class=\"yoast-schema-graph\">{\"@context\":\"https:\/\/schema.org\",\"@graph\":[{\"@type\":\"Article\",\"@id\":\"https:\/\/lareinanews.cl\/noticias\/index.php\/2021\/05\/28\/carta-maria-jose-herrera\/#article\",\"isPartOf\":{\"@id\":\"https:\/\/lareinanews.cl\/noticias\/index.php\/2021\/05\/28\/carta-maria-jose-herrera\/\"},\"author\":{\"name\":\"Redacci\u00f3n\",\"@id\":\"https:\/\/lareinanews.cl\/noticias\/#\/schema\/person\/3a12c4adeed52195fb4ab3cab65d7c4a\"},\"headline\":\"Carta Mar\u00eda Jos\u00e9 Herrera\",\"datePublished\":\"2021-05-28T17:44:48+00:00\",\"mainEntityOfPage\":{\"@id\":\"https:\/\/lareinanews.cl\/noticias\/index.php\/2021\/05\/28\/carta-maria-jose-herrera\/\"},\"wordCount\":297,\"commentCount\":0,\"publisher\":{\"@id\":\"https:\/\/lareinanews.cl\/noticias\/#organization\"},\"image\":{\"@id\":\"https:\/\/lareinanews.cl\/noticias\/index.php\/2021\/05\/28\/carta-maria-jose-herrera\/#primaryimage\"},\"thumbnailUrl\":\"https:\/\/lareinanews.cl\/noticias\/wp-content\/uploads\/2021\/03\/mariajose.jpg\",\"keywords\":[\"concejales\",\"concejo\",\"la reina\"],\"articleSection\":[\"Concejo Municipal\",\"Conoci\u00e9ndonos\",\"Entrevista\",\"La Reina\",\"Noticias\"],\"inLanguage\":\"es\",\"potentialAction\":[{\"@type\":\"CommentAction\",\"name\":\"Comment\",\"target\":[\"https:\/\/lareinanews.cl\/noticias\/index.php\/2021\/05\/28\/carta-maria-jose-herrera\/#respond\"]}]},{\"@type\":\"WebPage\",\"@id\":\"https:\/\/lareinanews.cl\/noticias\/index.php\/2021\/05\/28\/carta-maria-jose-herrera\/\",\"url\":\"https:\/\/lareinanews.cl\/noticias\/index.php\/2021\/05\/28\/carta-maria-jose-herrera\/\",\"name\":\"\u25b7 Mar\u00eda Jos\u00e9 Herrera, nueva concejala de La Reina\",\"isPartOf\":{\"@id\":\"https:\/\/lareinanews.cl\/noticias\/#website\"},\"primaryImageOfPage\":{\"@id\":\"https:\/\/lareinanews.cl\/noticias\/index.php\/2021\/05\/28\/carta-maria-jose-herrera\/#primaryimage\"},\"image\":{\"@id\":\"https:\/\/lareinanews.cl\/noticias\/index.php\/2021\/05\/28\/carta-maria-jose-herrera\/#primaryimage\"},\"thumbnailUrl\":\"https:\/\/lareinanews.cl\/noticias\/wp-content\/uploads\/2021\/03\/mariajose.jpg\",\"datePublished\":\"2021-05-28T17:44:48+00:00\",\"description\":\"La se\u00f1ora Mar\u00eda Jos\u00e9 Herrera, concejala electa en la comuna de La Reina se dirige a los vecinos antes de comenzar su labor en la concejal\u00eda.\",\"breadcrumb\":{\"@id\":\"https:\/\/lareinanews.cl\/noticias\/index.php\/2021\/05\/28\/carta-maria-jose-herrera\/#breadcrumb\"},\"inLanguage\":\"es\",\"potentialAction\":[{\"@type\":\"ReadAction\",\"target\":[\"https:\/\/lareinanews.cl\/noticias\/index.php\/2021\/05\/28\/carta-maria-jose-herrera\/\"]}]},{\"@type\":\"ImageObject\",\"inLanguage\":\"es\",\"@id\":\"https:\/\/lareinanews.cl\/noticias\/index.php\/2021\/05\/28\/carta-maria-jose-herrera\/#primaryimage\",\"url\":\"https:\/\/lareinanews.cl\/noticias\/wp-content\/uploads\/2021\/03\/mariajose.jpg\",\"contentUrl\":\"https:\/\/lareinanews.cl\/noticias\/wp-content\/uploads\/2021\/03\/mariajose.jpg\",\"width\":650,\"height\":490},{\"@type\":\"BreadcrumbList\",\"@id\":\"https:\/\/lareinanews.cl\/noticias\/index.php\/2021\/05\/28\/carta-maria-jose-herrera\/#breadcrumb\",\"itemListElement\":[{\"@type\":\"ListItem\",\"position\":1,\"name\":\"Inicio\",\"item\":\"https:\/\/lareinanews.cl\/noticias\/\"},{\"@type\":\"ListItem\",\"position\":2,\"name\":\"Carta Mar\u00eda Jos\u00e9 Herrera\"}]},{\"@type\":\"WebSite\",\"@id\":\"https:\/\/lareinanews.cl\/noticias\/#website\",\"url\":\"https:\/\/lareinanews.cl\/noticias\/\",\"name\":\"Noticias La Reina\",\"description\":\"LaReina.news\",\"publisher\":{\"@id\":\"https:\/\/lareinanews.cl\/noticias\/#organization\"},\"potentialAction\":[{\"@type\":\"SearchAction\",\"target\":{\"@type\":\"EntryPoint\",\"urlTemplate\":\"https:\/\/lareinanews.cl\/noticias\/?s={search_term_string}\"},\"query-input\":{\"@type\":\"PropertyValueSpecification\",\"valueRequired\":true,\"valueName\":\"search_term_string\"}}],\"inLanguage\":\"es\"},{\"@type\":\"Organization\",\"@id\":\"https:\/\/lareinanews.cl\/noticias\/#organization\",\"name\":\"La Reina.news Peri\u00f3dico comunal de La Reina\",\"url\":\"https:\/\/lareinanews.cl\/noticias\/\",\"logo\":{\"@type\":\"ImageObject\",\"inLanguage\":\"es\",\"@id\":\"https:\/\/lareinanews.cl\/noticias\/#\/schema\/logo\/image\/\",\"url\":\"https:\/\/lareinanews.cl\/noticias\/wp-content\/uploads\/2020\/04\/logo_schema.png\",\"contentUrl\":\"https:\/\/lareinanews.cl\/noticias\/wp-content\/uploads\/2020\/04\/logo_schema.png\",\"width\":640,\"height\":360,\"caption\":\"La Reina.news Peri\u00f3dico comunal de La Reina\"},\"image\":{\"@id\":\"https:\/\/lareinanews.cl\/noticias\/#\/schema\/logo\/image\/\"},\"sameAs\":[\"https:\/\/www.facebook.com\/LaReinaNews\",\"https:\/\/www.instagram.com\/lareinanews\/\"]},{\"@type\":\"Person\",\"@id\":\"https:\/\/lareinanews.cl\/noticias\/#\/schema\/person\/3a12c4adeed52195fb4ab3cab65d7c4a\",\"name\":\"Redacci\u00f3n\",\"image\":{\"@type\":\"ImageObject\",\"inLanguage\":\"es\",\"@id\":\"https:\/\/lareinanews.cl\/noticias\/#\/schema\/person\/image\/\",\"url\":\"http:\/\/lareina.news\/noticias\/wp-content\/uploads\/2017\/10\/avatar_user_9_1507321806-96x96.png\",\"contentUrl\":\"http:\/\/lareina.news\/noticias\/wp-content\/uploads\/2017\/10\/avatar_user_9_1507321806-96x96.png\",\"caption\":\"Redacci\u00f3n\"},\"sameAs\":[\"http:\/\/lareina.news\"],\"url\":\"https:\/\/lareinanews.cl\/noticias\/index.php\/author\/staff\/\"}]}<\/script>\n<!-- \/ Yoast SEO plugin. -->","yoast_head_json":{"title":"\u25b7 Mar\u00eda Jos\u00e9 Herrera, nueva concejala de La Reina","description":"La se\u00f1ora Mar\u00eda Jos\u00e9 Herrera, concejala electa en la comuna de La Reina se dirige a los vecinos antes de comenzar su labor en la concejal\u00eda.","robots":{"index":"index","follow":"follow","max-snippet":"max-snippet:-1","max-image-preview":"max-image-preview:large","max-video-preview":"max-video-preview:-1"},"canonical":"https:\/\/lareinanews.cl\/noticias\/index.php\/2021\/05\/28\/carta-maria-jose-herrera\/","og_locale":"es_ES","og_type":"article","og_title":"\u25b7 Mar\u00eda Jos\u00e9 Herrera, nueva concejala de La Reina","og_description":"La se\u00f1ora Mar\u00eda Jos\u00e9 Herrera, concejala electa en la comuna de La Reina se dirige a los vecinos antes de comenzar su labor en la concejal\u00eda.","og_url":"https:\/\/lareinanews.cl\/noticias\/index.php\/2021\/05\/28\/carta-maria-jose-herrera\/","og_site_name":"Noticias La Reina","article_publisher":"https:\/\/www.facebook.com\/LaReinaNews","article_published_time":"2021-05-28T17:44:48+00:00","og_image":[{"width":650,"height":490,"url":"https:\/\/lareinanews.cl\/noticias\/wp-content\/uploads\/2021\/03\/mariajose.jpg","type":"image\/jpeg"}],"author":"Redacci\u00f3n","twitter_card":"summary_large_image","twitter_misc":{"Escrito por":"Redacci\u00f3n","Tiempo de lectura":"2 minutos"},"schema":{"@context":"https:\/\/schema.org","@graph":[{"@type":"Article","@id":"https:\/\/lareinanews.cl\/noticias\/index.php\/2021\/05\/28\/carta-maria-jose-herrera\/#article","isPartOf":{"@id":"https:\/\/lareinanews.cl\/noticias\/index.php\/2021\/05\/28\/carta-maria-jose-herrera\/"},"author":{"name":"Redacci\u00f3n","@id":"https:\/\/lareinanews.cl\/noticias\/#\/schema\/person\/3a12c4adeed52195fb4ab3cab65d7c4a"},"headline":"Carta Mar\u00eda Jos\u00e9 Herrera","datePublished":"2021-05-28T17:44:48+00:00","mainEntityOfPage":{"@id":"https:\/\/lareinanews.cl\/noticias\/index.php\/2021\/05\/28\/carta-maria-jose-herrera\/"},"wordCount":297,"commentCount":0,"publisher":{"@id":"https:\/\/lareinanews.cl\/noticias\/#organization"},"image":{"@id":"https:\/\/lareinanews.cl\/noticias\/index.php\/2021\/05\/28\/carta-maria-jose-herrera\/#primaryimage"},"thumbnailUrl":"https:\/\/lareinanews.cl\/noticias\/wp-content\/uploads\/2021\/03\/mariajose.jpg","keywords":["concejales","concejo","la reina"],"articleSection":["Concejo Municipal","Conoci\u00e9ndonos","Entrevista","La Reina","Noticias"],"inLanguage":"es","potentialAction":[{"@type":"CommentAction","name":"Comment","target":["https:\/\/lareinanews.cl\/noticias\/index.php\/2021\/05\/28\/carta-maria-jose-herrera\/#respond"]}]},{"@type":"WebPage","@id":"https:\/\/lareinanews.cl\/noticias\/index.php\/2021\/05\/28\/carta-maria-jose-herrera\/","url":"https:\/\/lareinanews.cl\/noticias\/index.php\/2021\/05\/28\/carta-maria-jose-herrera\/","name":"\u25b7 Mar\u00eda Jos\u00e9 Herrera, nueva concejala de La Reina","isPartOf":{"@id":"https:\/\/lareinanews.cl\/noticias\/#website"},"primaryImageOfPage":{"@id":"https:\/\/lareinanews.cl\/noticias\/index.php\/2021\/05\/28\/carta-maria-jose-herrera\/#primaryimage"},"image":{"@id":"https:\/\/lareinanews.cl\/noticias\/index.php\/2021\/05\/28\/carta-maria-jose-herrera\/#primaryimage"},"thumbnailUrl":"https:\/\/lareinanews.cl\/noticias\/wp-content\/uploads\/2021\/03\/mariajose.jpg","datePublished":"2021-05-28T17:44:48+00:00","description":"La se\u00f1ora Mar\u00eda Jos\u00e9 Herrera, concejala electa en la comuna de La Reina se dirige a los vecinos antes de comenzar su labor en la concejal\u00eda.","breadcrumb":{"@id":"https:\/\/lareinanews.cl\/noticias\/index.php\/2021\/05\/28\/carta-maria-jose-herrera\/#breadcrumb"},"inLanguage":"es","potentialAction":[{"@type":"ReadAction","target":["https:\/\/lareinanews.cl\/noticias\/index.php\/2021\/05\/28\/carta-maria-jose-herrera\/"]}]},{"@type":"ImageObject","inLanguage":"es","@id":"https:\/\/lareinanews.cl\/noticias\/index.php\/2021\/05\/28\/carta-maria-jose-herrera\/#primaryimage","url":"https:\/\/lareinanews.cl\/noticias\/wp-content\/uploads\/2021\/03\/mariajose.jpg","contentUrl":"https:\/\/lareinanews.cl\/noticias\/wp-content\/uploads\/2021\/03\/mariajose.jpg","width":650,"height":490},{"@type":"BreadcrumbList","@id":"https:\/\/lareinanews.cl\/noticias\/index.php\/2021\/05\/28\/carta-maria-jose-herrera\/#breadcrumb","itemListElement":[{"@type":"ListItem","position":1,"name":"Inicio","item":"https:\/\/lareinanews.cl\/noticias\/"},{"@type":"ListItem","position":2,"name":"Carta Mar\u00eda Jos\u00e9 Herrera"}]},{"@type":"WebSite","@id":"https:\/\/lareinanews.cl\/noticias\/#website","url":"https:\/\/lareinanews.cl\/noticias\/","name":"Noticias La Reina","description":"LaReina.news","publisher":{"@id":"https:\/\/lareinanews.cl\/noticias\/#organization"},"potentialAction":[{"@type":"SearchAction","target":{"@type":"EntryPoint","urlTemplate":"https:\/\/lareinanews.cl\/noticias\/?s={search_term_string}"},"query-input":{"@type":"PropertyValueSpecification","valueRequired":true,"valueName":"search_term_string"}}],"inLanguage":"es"},{"@type":"Organization","@id":"https:\/\/lareinanews.cl\/noticias\/#organization","name":"La Reina.news Peri\u00f3dico comunal de La Reina","url":"https:\/\/lareinanews.cl\/noticias\/","logo":{"@type":"ImageObject","inLanguage":"es","@id":"https:\/\/lareinanews.cl\/noticias\/#\/schema\/logo\/image\/","url":"https:\/\/lareinanews.cl\/noticias\/wp-content\/uploads\/2020\/04\/logo_schema.png","contentUrl":"https:\/\/lareinanews.cl\/noticias\/wp-content\/uploads\/2020\/04\/logo_schema.png","width":640,"height":360,"caption":"La Reina.news Peri\u00f3dico comunal de La Reina"},"image":{"@id":"https:\/\/lareinanews.cl\/noticias\/#\/schema\/logo\/image\/"},"sameAs":["https:\/\/www.facebook.com\/LaReinaNews","https:\/\/www.instagram.com\/lareinanews\/"]},{"@type":"Person","@id":"https:\/\/lareinanews.cl\/noticias\/#\/schema\/person\/3a12c4adeed52195fb4ab3cab65d7c4a","name":"Redacci\u00f3n","image":{"@type":"ImageObject","inLanguage":"es","@id":"https:\/\/lareinanews.cl\/noticias\/#\/schema\/person\/image\/","url":"http:\/\/lareina.news\/noticias\/wp-content\/uploads\/2017\/10\/avatar_user_9_1507321806-96x96.png","contentUrl":"http:\/\/lareina.news\/noticias\/wp-content\/uploads\/2017\/10\/avatar_user_9_1507321806-96x96.png","caption":"Redacci\u00f3n"},"sameAs":["http:\/\/lareina.news"],"url":"https:\/\/lareinanews.cl\/noticias\/index.php\/author\/staff\/"}]}},"_links":{"self":[{"href":"https:\/\/lareinanews.cl\/noticias\/index.php\/wp-json\/wp\/v2\/posts\/5063","targetHints":{"allow":["GET"]}}],"collection":[{"href":"https:\/\/lareinanews.cl\/noticias\/index.php\/wp-json\/wp\/v2\/posts"}],"about":[{"href":"https:\/\/lareinanews.cl\/noticias\/index.php\/wp-json\/wp\/v2\/types\/post"}],"author":[{"embeddable":true,"href":"https:\/\/lareinanews.cl\/noticias\/index.php\/wp-json\/wp\/v2\/users\/9"}],"replies":[{"embeddable":true,"href":"https:\/\/lareinanews.cl\/noticias\/index.php\/wp-json\/wp\/v2\/comments?post=5063"}],"version-history":[{"count":2,"href":"https:\/\/lareinanews.cl\/noticias\/index.php\/wp-json\/wp\/v2\/posts\/5063\/revisions"}],"predecessor-version":[{"id":5065,"href":"https:\/\/lareinanews.cl\/noticias\/index.php\/wp-json\/wp\/v2\/posts\/5063\/revisions\/5065"}],"wp:featuredmedia":[{"embeddable":true,"href":"https:\/\/lareinanews.cl\/noticias\/index.php\/wp-json\/wp\/v2\/media\/4611"}],"wp:attachment":[{"href":"https:\/\/lareinanews.cl\/noticias\/index.php\/wp-json\/wp\/v2\/media?parent=5063"}],"wp:term":[{"taxonomy":"category","embeddable":true,"href":"https:\/\/lareinanews.cl\/noticias\/index.php\/wp-json\/wp\/v2\/categories?post=5063"},{"taxonomy":"post_tag","embeddable":true,"href":"https:\/\/lareinanews.cl\/noticias\/index.php\/wp-json\/wp\/v2\/tags?post=5063"}],"curies":[{"name":"wp","href":"https:\/\/api.w.org\/{rel}","templated":true}]}}