{"id":5050,"date":"2021-05-23T01:25:06","date_gmt":"2021-05-23T04:25:06","guid":{"rendered":"https:\/\/lareina.news\/noticias\/?p=5050"},"modified":"2021-05-23T01:25:06","modified_gmt":"2021-05-23T04:25:06","slug":"en-la-reina-una-familia-apadrina-a-otra","status":"publish","type":"post","link":"https:\/\/lareinanews.cl\/noticias\/index.php\/2021\/05\/23\/en-la-reina-una-familia-apadrina-a-otra\/","title":{"rendered":"En La Reina Una Familia Apadrina a Otra"},"content":{"rendered":"<p>En tiempos de necesidad especial en la comuna de La Reina se relanza la campa\u00f1a \u00abUna familia apadrina a otra en La Reina\u00bb, impulsada por la fundacion \u00abSolidaridad Activa La Reina\u00bb<\/p>\n<h3>\u00bf En qu\u00e9 consiste esta campa\u00f1a?<\/h3>\n<p>Una familia puede apadrinar de forma econ\u00f3mica a otra familia de la comuna de La Reina, que en este momento est\u00e1 en graves problemas econ\u00f3micos y para ello debe ser contactada con su apadrinado ( a) y depositar durante 3 meses una cantidad determinada de dinero., que pueden ser desde 5.000 pesos hacia arriba .<\/p>\n<h3>\u00bfCuanto es la Duraci\u00f3n de campa\u00f1a?<\/h3>\n<p>Tres meses. ( es voluntario seguir ) .<\/p>\n<p>\u00bfC\u00f3mo se contactan con ustedes?<\/p>\n<p>La fundaci\u00f3n tiene una base de catastro con 35 familias sin trabajo, sin sustento hoy y va uniendo a los padrinos, madrinas con las familias en necesidad.<\/p>\n<p>&nbsp;<\/p>\n<p>Pueden contactar con Carolina G\u00f3mez, presidenta de la fundaci\u00f3n al 56 999 261514 o C.gomez.errazuriz@gmail.com.<\/p>\n<h3>La campa\u00f1a anterior<\/h3>\n<p>La campa\u00f1a pasada (2020)\u00a0 fue un \u00e9xito y logr\u00f3 albergar a 67 familias de La Reina y 80 padrinos (as ).<br \/>\nQue ayudaron de forma silenciosos y an\u00f3mina con su aporte mensual.<\/p>\n<h3>\u00bfC\u00f3mo opera durante los tres meses?<\/h3>\n<p>Cada familia apadrinada recibe seg\u00fan sus condiciones la ayuda de 5 a 8 padrinos ( as) que la ayudan econ\u00f3micamente .<\/p>\n<h3>\u00bfExisten otras formas de ayudar?<\/h3>\n<p>El a\u00f1o pasado muchos padrinos (as) . ayudaron 10 meses y protegieron a las familias con otros tipo de ayuda .como pa\u00f1ales remedios. Arreglos de techos. y mejoras de casas comida. gas .pago de cuentas. Etc .<\/p>\n<p>Lo importante de esta camapa\u00f1a es que es muy r\u00e1pida, \u00e1gil y por tiempo de COVID. No hay problema de contagios, ya que s\u00f3lo funciona v\u00eda dep\u00f3sito.<\/p>\n","protected":false},"excerpt":{"rendered":"<div class=\"mh-excerpt\"><p>En tiempos de necesidad especial en la comuna de La Reina se relanza la campa\u00f1a \u00abUna familia apadrina a otra en La Reina\u00bb, impulsada por la fundacion \u00abSolidaridad Activa La Reina\u00bb \u00bf En qu\u00e9 consiste <a class=\"mh-excerpt-more\" href=\"https:\/\/lareinanews.cl\/noticias\/index.php\/2021\/05\/23\/en-la-reina-una-familia-apadrina-a-otra\/\" title=\"En La Reina Una Familia Apadrina a Otra\">[&#8230;]<\/a><\/p>\n<\/div>","protected":false},"author":9,"featured_media":5052,"comment_status":"open","ping_status":"closed","sticky":false,"template":"","format":"standard","meta":{"_acf_changed":false,"footnotes":""},"categories":[295,31,2,14,273,272],"tags":[33,22],"class_list":{"0":"post-5050","1":"post","2":"type-post","3":"status-publish","4":"format-standard","5":"has-post-thumbnail","7":"category-conociendonos","8":"category-destacados","9":"category-comuna","10":"category-noticias","11":"category-solidaridad","12":"category-vecinos-y-organizaciones","13":"tag-participacion-ciudadana","14":"tag-vecinos"},"acf":[],"yoast_head":"<!-- This site is optimized with the Yoast SEO plugin v27.1.1 - https:\/\/yoast.com\/product\/yoast-seo-wordpress\/ -->\n<title>En La Reina Una Familia Apadrina a Otra<\/title>\n<meta name=\"description\" content=\"\u2714\ufe0f Campa\u00f1a Solidaria Una Familia Apadrina a Otra en La Reina. Se relanza la campa\u00f1a del a\u00f1o pasado que ayd\u00f3 a 67 familias\" \/>\n<meta name=\"robots\" content=\"index, follow, max-snippet:-1, max-image-preview:large, max-video-preview:-1\" \/>\n<link rel=\"canonical\" href=\"https:\/\/lareinanews.cl\/noticias\/index.php\/2021\/05\/23\/en-la-reina-una-familia-apadrina-a-otra\/\" \/>\n<meta property=\"og:locale\" content=\"es_ES\" \/>\n<meta property=\"og:type\" content=\"article\" \/>\n<meta property=\"og:title\" content=\"En La Reina Una Familia Apadrina a Otra\" \/>\n<meta property=\"og:description\" content=\"\u2714\ufe0f Campa\u00f1a Solidaria Una Familia Apadrina a Otra en La Reina. Se relanza la campa\u00f1a del a\u00f1o pasado que ayd\u00f3 a 67 familias\" \/>\n<meta property=\"og:url\" content=\"https:\/\/lareinanews.cl\/noticias\/index.php\/2021\/05\/23\/en-la-reina-una-familia-apadrina-a-otra\/\" \/>\n<meta property=\"og:site_name\" content=\"Noticias La Reina\" \/>\n<meta property=\"article:publisher\" content=\"https:\/\/www.facebook.com\/LaReinaNews\" \/>\n<meta property=\"article:published_time\" content=\"2021-05-23T04:25:06+00:00\" \/>\n<meta property=\"og:image\" content=\"https:\/\/lareinanews.cl\/noticias\/wp-content\/uploads\/2021\/05\/Apadrina-una-Familia.png\" \/>\n\t<meta property=\"og:image:width\" content=\"650\" \/>\n\t<meta property=\"og:image:height\" content=\"490\" \/>\n\t<meta property=\"og:image:type\" content=\"image\/png\" \/>\n<meta name=\"author\" content=\"Redacci\u00f3n\" \/>\n<meta name=\"twitter:card\" content=\"summary_large_image\" \/>\n<meta name=\"twitter:label1\" content=\"Escrito por\" \/>\n\t<meta name=\"twitter:data1\" content=\"Redacci\u00f3n\" \/>\n\t<meta name=\"twitter:label2\" content=\"Tiempo de lectura\" \/>\n\t<meta name=\"twitter:data2\" content=\"2 minutos\" \/>\n<script type=\"application\/ld+json\" class=\"yoast-schema-graph\">{\"@context\":\"https:\/\/schema.org\",\"@graph\":[{\"@type\":\"Article\",\"@id\":\"https:\/\/lareinanews.cl\/noticias\/index.php\/2021\/05\/23\/en-la-reina-una-familia-apadrina-a-otra\/#article\",\"isPartOf\":{\"@id\":\"https:\/\/lareinanews.cl\/noticias\/index.php\/2021\/05\/23\/en-la-reina-una-familia-apadrina-a-otra\/\"},\"author\":{\"name\":\"Redacci\u00f3n\",\"@id\":\"https:\/\/lareinanews.cl\/noticias\/#\/schema\/person\/3a12c4adeed52195fb4ab3cab65d7c4a\"},\"headline\":\"En La Reina Una Familia Apadrina a Otra\",\"datePublished\":\"2021-05-23T04:25:06+00:00\",\"mainEntityOfPage\":{\"@id\":\"https:\/\/lareinanews.cl\/noticias\/index.php\/2021\/05\/23\/en-la-reina-una-familia-apadrina-a-otra\/\"},\"wordCount\":297,\"commentCount\":0,\"publisher\":{\"@id\":\"https:\/\/lareinanews.cl\/noticias\/#organization\"},\"image\":{\"@id\":\"https:\/\/lareinanews.cl\/noticias\/index.php\/2021\/05\/23\/en-la-reina-una-familia-apadrina-a-otra\/#primaryimage\"},\"thumbnailUrl\":\"https:\/\/lareinanews.cl\/noticias\/wp-content\/uploads\/2021\/05\/Apadrina-una-Familia.png\",\"keywords\":[\"participaci\u00f3n ciudadana\",\"vecinos\"],\"articleSection\":[\"Conoci\u00e9ndonos\",\"Destacados\",\"La Reina\",\"Noticias\",\"Solidaridad\",\"Vecinos y organizaciones\"],\"inLanguage\":\"es\",\"potentialAction\":[{\"@type\":\"CommentAction\",\"name\":\"Comment\",\"target\":[\"https:\/\/lareinanews.cl\/noticias\/index.php\/2021\/05\/23\/en-la-reina-una-familia-apadrina-a-otra\/#respond\"]}]},{\"@type\":\"WebPage\",\"@id\":\"https:\/\/lareinanews.cl\/noticias\/index.php\/2021\/05\/23\/en-la-reina-una-familia-apadrina-a-otra\/\",\"url\":\"https:\/\/lareinanews.cl\/noticias\/index.php\/2021\/05\/23\/en-la-reina-una-familia-apadrina-a-otra\/\",\"name\":\"En La Reina Una Familia Apadrina a Otra\",\"isPartOf\":{\"@id\":\"https:\/\/lareinanews.cl\/noticias\/#website\"},\"primaryImageOfPage\":{\"@id\":\"https:\/\/lareinanews.cl\/noticias\/index.php\/2021\/05\/23\/en-la-reina-una-familia-apadrina-a-otra\/#primaryimage\"},\"image\":{\"@id\":\"https:\/\/lareinanews.cl\/noticias\/index.php\/2021\/05\/23\/en-la-reina-una-familia-apadrina-a-otra\/#primaryimage\"},\"thumbnailUrl\":\"https:\/\/lareinanews.cl\/noticias\/wp-content\/uploads\/2021\/05\/Apadrina-una-Familia.png\",\"datePublished\":\"2021-05-23T04:25:06+00:00\",\"description\":\"\u2714\ufe0f Campa\u00f1a Solidaria Una Familia Apadrina a Otra en La Reina. Se relanza la campa\u00f1a del a\u00f1o pasado que ayd\u00f3 a 67 familias\",\"breadcrumb\":{\"@id\":\"https:\/\/lareinanews.cl\/noticias\/index.php\/2021\/05\/23\/en-la-reina-una-familia-apadrina-a-otra\/#breadcrumb\"},\"inLanguage\":\"es\",\"potentialAction\":[{\"@type\":\"ReadAction\",\"target\":[\"https:\/\/lareinanews.cl\/noticias\/index.php\/2021\/05\/23\/en-la-reina-una-familia-apadrina-a-otra\/\"]}]},{\"@type\":\"ImageObject\",\"inLanguage\":\"es\",\"@id\":\"https:\/\/lareinanews.cl\/noticias\/index.php\/2021\/05\/23\/en-la-reina-una-familia-apadrina-a-otra\/#primaryimage\",\"url\":\"https:\/\/lareinanews.cl\/noticias\/wp-content\/uploads\/2021\/05\/Apadrina-una-Familia.png\",\"contentUrl\":\"https:\/\/lareinanews.cl\/noticias\/wp-content\/uploads\/2021\/05\/Apadrina-una-Familia.png\",\"width\":650,\"height\":490},{\"@type\":\"BreadcrumbList\",\"@id\":\"https:\/\/lareinanews.cl\/noticias\/index.php\/2021\/05\/23\/en-la-reina-una-familia-apadrina-a-otra\/#breadcrumb\",\"itemListElement\":[{\"@type\":\"ListItem\",\"position\":1,\"name\":\"Inicio\",\"item\":\"https:\/\/lareinanews.cl\/noticias\/\"},{\"@type\":\"ListItem\",\"position\":2,\"name\":\"En La Reina Una Familia Apadrina a Otra\"}]},{\"@type\":\"WebSite\",\"@id\":\"https:\/\/lareinanews.cl\/noticias\/#website\",\"url\":\"https:\/\/lareinanews.cl\/noticias\/\",\"name\":\"Noticias La Reina\",\"description\":\"LaReina.news\",\"publisher\":{\"@id\":\"https:\/\/lareinanews.cl\/noticias\/#organization\"},\"potentialAction\":[{\"@type\":\"SearchAction\",\"target\":{\"@type\":\"EntryPoint\",\"urlTemplate\":\"https:\/\/lareinanews.cl\/noticias\/?s={search_term_string}\"},\"query-input\":{\"@type\":\"PropertyValueSpecification\",\"valueRequired\":true,\"valueName\":\"search_term_string\"}}],\"inLanguage\":\"es\"},{\"@type\":\"Organization\",\"@id\":\"https:\/\/lareinanews.cl\/noticias\/#organization\",\"name\":\"La Reina.news Peri\u00f3dico comunal de La Reina\",\"url\":\"https:\/\/lareinanews.cl\/noticias\/\",\"logo\":{\"@type\":\"ImageObject\",\"inLanguage\":\"es\",\"@id\":\"https:\/\/lareinanews.cl\/noticias\/#\/schema\/logo\/image\/\",\"url\":\"https:\/\/lareinanews.cl\/noticias\/wp-content\/uploads\/2020\/04\/logo_schema.png\",\"contentUrl\":\"https:\/\/lareinanews.cl\/noticias\/wp-content\/uploads\/2020\/04\/logo_schema.png\",\"width\":640,\"height\":360,\"caption\":\"La Reina.news Peri\u00f3dico comunal de La Reina\"},\"image\":{\"@id\":\"https:\/\/lareinanews.cl\/noticias\/#\/schema\/logo\/image\/\"},\"sameAs\":[\"https:\/\/www.facebook.com\/LaReinaNews\",\"https:\/\/www.instagram.com\/lareinanews\/\"]},{\"@type\":\"Person\",\"@id\":\"https:\/\/lareinanews.cl\/noticias\/#\/schema\/person\/3a12c4adeed52195fb4ab3cab65d7c4a\",\"name\":\"Redacci\u00f3n\",\"image\":{\"@type\":\"ImageObject\",\"inLanguage\":\"es\",\"@id\":\"https:\/\/lareinanews.cl\/noticias\/#\/schema\/person\/image\/\",\"url\":\"http:\/\/lareina.news\/noticias\/wp-content\/uploads\/2017\/10\/avatar_user_9_1507321806-96x96.png\",\"contentUrl\":\"http:\/\/lareina.news\/noticias\/wp-content\/uploads\/2017\/10\/avatar_user_9_1507321806-96x96.png\",\"caption\":\"Redacci\u00f3n\"},\"sameAs\":[\"http:\/\/lareina.news\"],\"url\":\"https:\/\/lareinanews.cl\/noticias\/index.php\/author\/staff\/\"}]}<\/script>\n<!-- \/ Yoast SEO plugin. -->","yoast_head_json":{"title":"En La Reina Una Familia Apadrina a Otra","description":"\u2714\ufe0f Campa\u00f1a Solidaria Una Familia Apadrina a Otra en La Reina. Se relanza la campa\u00f1a del a\u00f1o pasado que ayd\u00f3 a 67 familias","robots":{"index":"index","follow":"follow","max-snippet":"max-snippet:-1","max-image-preview":"max-image-preview:large","max-video-preview":"max-video-preview:-1"},"canonical":"https:\/\/lareinanews.cl\/noticias\/index.php\/2021\/05\/23\/en-la-reina-una-familia-apadrina-a-otra\/","og_locale":"es_ES","og_type":"article","og_title":"En La Reina Una Familia Apadrina a Otra","og_description":"\u2714\ufe0f Campa\u00f1a Solidaria Una Familia Apadrina a Otra en La Reina. Se relanza la campa\u00f1a del a\u00f1o pasado que ayd\u00f3 a 67 familias","og_url":"https:\/\/lareinanews.cl\/noticias\/index.php\/2021\/05\/23\/en-la-reina-una-familia-apadrina-a-otra\/","og_site_name":"Noticias La Reina","article_publisher":"https:\/\/www.facebook.com\/LaReinaNews","article_published_time":"2021-05-23T04:25:06+00:00","og_image":[{"width":650,"height":490,"url":"https:\/\/lareinanews.cl\/noticias\/wp-content\/uploads\/2021\/05\/Apadrina-una-Familia.png","type":"image\/png"}],"author":"Redacci\u00f3n","twitter_card":"summary_large_image","twitter_misc":{"Escrito por":"Redacci\u00f3n","Tiempo de lectura":"2 minutos"},"schema":{"@context":"https:\/\/schema.org","@graph":[{"@type":"Article","@id":"https:\/\/lareinanews.cl\/noticias\/index.php\/2021\/05\/23\/en-la-reina-una-familia-apadrina-a-otra\/#article","isPartOf":{"@id":"https:\/\/lareinanews.cl\/noticias\/index.php\/2021\/05\/23\/en-la-reina-una-familia-apadrina-a-otra\/"},"author":{"name":"Redacci\u00f3n","@id":"https:\/\/lareinanews.cl\/noticias\/#\/schema\/person\/3a12c4adeed52195fb4ab3cab65d7c4a"},"headline":"En La Reina Una Familia Apadrina a Otra","datePublished":"2021-05-23T04:25:06+00:00","mainEntityOfPage":{"@id":"https:\/\/lareinanews.cl\/noticias\/index.php\/2021\/05\/23\/en-la-reina-una-familia-apadrina-a-otra\/"},"wordCount":297,"commentCount":0,"publisher":{"@id":"https:\/\/lareinanews.cl\/noticias\/#organization"},"image":{"@id":"https:\/\/lareinanews.cl\/noticias\/index.php\/2021\/05\/23\/en-la-reina-una-familia-apadrina-a-otra\/#primaryimage"},"thumbnailUrl":"https:\/\/lareinanews.cl\/noticias\/wp-content\/uploads\/2021\/05\/Apadrina-una-Familia.png","keywords":["participaci\u00f3n ciudadana","vecinos"],"articleSection":["Conoci\u00e9ndonos","Destacados","La Reina","Noticias","Solidaridad","Vecinos y organizaciones"],"inLanguage":"es","potentialAction":[{"@type":"CommentAction","name":"Comment","target":["https:\/\/lareinanews.cl\/noticias\/index.php\/2021\/05\/23\/en-la-reina-una-familia-apadrina-a-otra\/#respond"]}]},{"@type":"WebPage","@id":"https:\/\/lareinanews.cl\/noticias\/index.php\/2021\/05\/23\/en-la-reina-una-familia-apadrina-a-otra\/","url":"https:\/\/lareinanews.cl\/noticias\/index.php\/2021\/05\/23\/en-la-reina-una-familia-apadrina-a-otra\/","name":"En La Reina Una Familia Apadrina a Otra","isPartOf":{"@id":"https:\/\/lareinanews.cl\/noticias\/#website"},"primaryImageOfPage":{"@id":"https:\/\/lareinanews.cl\/noticias\/index.php\/2021\/05\/23\/en-la-reina-una-familia-apadrina-a-otra\/#primaryimage"},"image":{"@id":"https:\/\/lareinanews.cl\/noticias\/index.php\/2021\/05\/23\/en-la-reina-una-familia-apadrina-a-otra\/#primaryimage"},"thumbnailUrl":"https:\/\/lareinanews.cl\/noticias\/wp-content\/uploads\/2021\/05\/Apadrina-una-Familia.png","datePublished":"2021-05-23T04:25:06+00:00","description":"\u2714\ufe0f Campa\u00f1a Solidaria Una Familia Apadrina a Otra en La Reina. Se relanza la campa\u00f1a del a\u00f1o pasado que ayd\u00f3 a 67 familias","breadcrumb":{"@id":"https:\/\/lareinanews.cl\/noticias\/index.php\/2021\/05\/23\/en-la-reina-una-familia-apadrina-a-otra\/#breadcrumb"},"inLanguage":"es","potentialAction":[{"@type":"ReadAction","target":["https:\/\/lareinanews.cl\/noticias\/index.php\/2021\/05\/23\/en-la-reina-una-familia-apadrina-a-otra\/"]}]},{"@type":"ImageObject","inLanguage":"es","@id":"https:\/\/lareinanews.cl\/noticias\/index.php\/2021\/05\/23\/en-la-reina-una-familia-apadrina-a-otra\/#primaryimage","url":"https:\/\/lareinanews.cl\/noticias\/wp-content\/uploads\/2021\/05\/Apadrina-una-Familia.png","contentUrl":"https:\/\/lareinanews.cl\/noticias\/wp-content\/uploads\/2021\/05\/Apadrina-una-Familia.png","width":650,"height":490},{"@type":"BreadcrumbList","@id":"https:\/\/lareinanews.cl\/noticias\/index.php\/2021\/05\/23\/en-la-reina-una-familia-apadrina-a-otra\/#breadcrumb","itemListElement":[{"@type":"ListItem","position":1,"name":"Inicio","item":"https:\/\/lareinanews.cl\/noticias\/"},{"@type":"ListItem","position":2,"name":"En La Reina Una Familia Apadrina a Otra"}]},{"@type":"WebSite","@id":"https:\/\/lareinanews.cl\/noticias\/#website","url":"https:\/\/lareinanews.cl\/noticias\/","name":"Noticias La Reina","description":"LaReina.news","publisher":{"@id":"https:\/\/lareinanews.cl\/noticias\/#organization"},"potentialAction":[{"@type":"SearchAction","target":{"@type":"EntryPoint","urlTemplate":"https:\/\/lareinanews.cl\/noticias\/?s={search_term_string}"},"query-input":{"@type":"PropertyValueSpecification","valueRequired":true,"valueName":"search_term_string"}}],"inLanguage":"es"},{"@type":"Organization","@id":"https:\/\/lareinanews.cl\/noticias\/#organization","name":"La Reina.news Peri\u00f3dico comunal de La Reina","url":"https:\/\/lareinanews.cl\/noticias\/","logo":{"@type":"ImageObject","inLanguage":"es","@id":"https:\/\/lareinanews.cl\/noticias\/#\/schema\/logo\/image\/","url":"https:\/\/lareinanews.cl\/noticias\/wp-content\/uploads\/2020\/04\/logo_schema.png","contentUrl":"https:\/\/lareinanews.cl\/noticias\/wp-content\/uploads\/2020\/04\/logo_schema.png","width":640,"height":360,"caption":"La Reina.news Peri\u00f3dico comunal de La Reina"},"image":{"@id":"https:\/\/lareinanews.cl\/noticias\/#\/schema\/logo\/image\/"},"sameAs":["https:\/\/www.facebook.com\/LaReinaNews","https:\/\/www.instagram.com\/lareinanews\/"]},{"@type":"Person","@id":"https:\/\/lareinanews.cl\/noticias\/#\/schema\/person\/3a12c4adeed52195fb4ab3cab65d7c4a","name":"Redacci\u00f3n","image":{"@type":"ImageObject","inLanguage":"es","@id":"https:\/\/lareinanews.cl\/noticias\/#\/schema\/person\/image\/","url":"http:\/\/lareina.news\/noticias\/wp-content\/uploads\/2017\/10\/avatar_user_9_1507321806-96x96.png","contentUrl":"http:\/\/lareina.news\/noticias\/wp-content\/uploads\/2017\/10\/avatar_user_9_1507321806-96x96.png","caption":"Redacci\u00f3n"},"sameAs":["http:\/\/lareina.news"],"url":"https:\/\/lareinanews.cl\/noticias\/index.php\/author\/staff\/"}]}},"_links":{"self":[{"href":"https:\/\/lareinanews.cl\/noticias\/index.php\/wp-json\/wp\/v2\/posts\/5050","targetHints":{"allow":["GET"]}}],"collection":[{"href":"https:\/\/lareinanews.cl\/noticias\/index.php\/wp-json\/wp\/v2\/posts"}],"about":[{"href":"https:\/\/lareinanews.cl\/noticias\/index.php\/wp-json\/wp\/v2\/types\/post"}],"author":[{"embeddable":true,"href":"https:\/\/lareinanews.cl\/noticias\/index.php\/wp-json\/wp\/v2\/users\/9"}],"replies":[{"embeddable":true,"href":"https:\/\/lareinanews.cl\/noticias\/index.php\/wp-json\/wp\/v2\/comments?post=5050"}],"version-history":[{"count":1,"href":"https:\/\/lareinanews.cl\/noticias\/index.php\/wp-json\/wp\/v2\/posts\/5050\/revisions"}],"predecessor-version":[{"id":5051,"href":"https:\/\/lareinanews.cl\/noticias\/index.php\/wp-json\/wp\/v2\/posts\/5050\/revisions\/5051"}],"wp:featuredmedia":[{"embeddable":true,"href":"https:\/\/lareinanews.cl\/noticias\/index.php\/wp-json\/wp\/v2\/media\/5052"}],"wp:attachment":[{"href":"https:\/\/lareinanews.cl\/noticias\/index.php\/wp-json\/wp\/v2\/media?parent=5050"}],"wp:term":[{"taxonomy":"category","embeddable":true,"href":"https:\/\/lareinanews.cl\/noticias\/index.php\/wp-json\/wp\/v2\/categories?post=5050"},{"taxonomy":"post_tag","embeddable":true,"href":"https:\/\/lareinanews.cl\/noticias\/index.php\/wp-json\/wp\/v2\/tags?post=5050"}],"curies":[{"name":"wp","href":"https:\/\/api.w.org\/{rel}","templated":true}]}}