{"id":5025,"date":"2021-05-12T21:52:42","date_gmt":"2021-05-13T00:52:42","guid":{"rendered":"https:\/\/lareina.news\/noticias\/?p=5025"},"modified":"2021-05-12T21:52:42","modified_gmt":"2021-05-13T00:52:42","slug":"concejal-rodolfo-del-real","status":"publish","type":"post","link":"https:\/\/lareinanews.cl\/noticias\/index.php\/2021\/05\/12\/concejal-rodolfo-del-real\/","title":{"rendered":"Concejal Rodolfo del Real"},"content":{"rendered":"<p>Entrevistamos a Rodolfo del Real, ingeniero comercial,\u00a0 actua concejal y candidato a la reelecci\u00f3n. Rodolfo es candidato por Renovaci\u00f3n Nacional<\/p>\n<hr \/>\n<p>Slogan de campa\u00f1a: <strong>Desde Siempre Contigo<\/strong><\/p>\n<p>Redes Sociales<\/p>\n<ul>\n<li>Facebook\u00a0 <a href=\"https:\/\/www.facebook.com\/rodolfodelrealm\" target=\"_blank\" rel=\"noopener\">rodolfodelrealm<\/a><\/li>\n<li>Instagram <a href=\"https:\/\/www.instagram.com\/rodolfodelrealm\/\">@rodolfodelrealm\/<\/a><\/li>\n<li>Twitter\u00a0 <a href=\"https:\/\/twitter.com\/rodolfodelrealm\">@rodolfodelrealm<\/a><\/li>\n<\/ul>\n<h3>Usted ha ejercido el cargo como concejal por cuatro a\u00f1os y es primera vez que lo hizo. \u00bfCu\u00e1les de los compromisos que hizo en su campa\u00f1a logro cumplir y como?<\/h3>\n<figure id=\"attachment_5027\" aria-describedby=\"caption-attachment-5027\" style=\"width: 277px\" class=\"wp-caption alignright\"><a href=\"https:\/\/s.lareina.news\/i\/2021\/05\/rodolfo01.png\"><img loading=\"lazy\" decoding=\"async\" class=\"wp-image-5027\" src=\"https:\/\/s.lareina.news\/i\/2021\/05\/rodolfo01-298x300.png\" alt=\"\" width=\"277\" height=\"278\" srcset=\"https:\/\/lareinanews.cl\/noticias\/wp-content\/uploads\/2021\/05\/rodolfo01-298x300.png 298w, https:\/\/lareinanews.cl\/noticias\/wp-content\/uploads\/2021\/05\/rodolfo01-150x150.png 150w, https:\/\/lareinanews.cl\/noticias\/wp-content\/uploads\/2021\/05\/rodolfo01.png 447w\" sizes=\"auto, (max-width: 277px) 100vw, 277px\" \/><\/a><figcaption id=\"caption-attachment-5027\" class=\"wp-caption-text\">Campa\u00f1a de 2016<\/figcaption><\/figure>\n<p>Mi principal compromiso fue poner todo mi esfuerzo y conocimiento al servicio de las personas, creo que en ese sentido siento que lo logr\u00e9 ya que la moneda de cambio ha sido el gran cari\u00f1o que he tenido por todas las personas y no solo de mi sector pol\u00edtico, si no que de cada uno de los vecinos que han logrado conocerme. En t\u00e9rminos puntuales mi foco fue el recambio de luminarias, el cual se hizo y la modernizaci\u00f3n de los procesos de atenci\u00f3n,\u00a0 dentro de ellos, se logr\u00f3 implementar la DOM digital, se mejoraron los sistemas incorporando a un nuevo jefe de\u00a0 seguridad y se implement\u00f3 un sistema de workflow el cual gracias a ellos se mejoran los tiempos de aprobaci\u00f3n y\u00a0 resoluci\u00f3n de problemas.<\/p>\n<h3>\u00bfCu\u00e1les compromisos no logro cumplir y por qu\u00e9?<\/h3>\n<p>Dentro de las mejoras a la gesti\u00f3n yo propuse implementar sistemas de procesos estandarizados tipo normas ISO, hice una presentaci\u00f3n al concejo de las ventajas, beneficios y costos, pero finalmente y producto de la pandemia, la administraci\u00f3n municipal le puso el foco en otros temas, espero que en este nuevo periodo, se discuta nuevamente su implementaci\u00f3n.<\/p>\n<h3>\u00bfHay tareas en ejecuci\u00f3n que le gustar\u00eda terminar en un eventual segundo per\u00edodo?<\/h3>\n<p>Por supuesto lo que mencion\u00e9 reci\u00e9n creo que deber\u00edamos contar con sistemas estandarizados de tipo ISO ya que al fin de cuentas la municipalidad es una empresa de servicios y dichos modelos son justamente para mejorar los sistemas de atenci\u00f3n.<\/p>\n<h3>La tarea del concejal o concejala va m\u00e1s all\u00e1 de asistir a los concejos municipales quisi\u00e9ramos saber de esa parte no tan visible<\/h3>\n<p>Efectivamente, asistir a los concejos si bien es la \u00fanica funci\u00f3n que nos obliga a hacer, no es ni un 20% de todo el trabajo que hacemos. Dentro de ese otro trabajo un concejal debe ser proactivo en buscar soluciones para mejorar la administraci\u00f3n, tanto en comisiones como en soluci\u00f3n propia. Debe ser inquieto a la hora de fiscalizar acciones, pero, sobre todo, debe estar con los vecinos, acoger sus solicitudes y reclamos y por sobre todo ayudarlos en sus problemas.<\/p>\n<h3>\u00bfQu\u00e9 comisiones preside e integra y cuantas veces han sesionado en los cuatro a\u00f1os de su concejal\u00eda?<\/h3>\n<p><a href=\"https:\/\/s.lareina.news\/i\/2021\/05\/rodolfo02.png\"><img loading=\"lazy\" decoding=\"async\" class=\"alignleft size-medium wp-image-5030\" src=\"https:\/\/s.lareina.news\/i\/2021\/05\/rodolfo02-300x293.png\" alt=\"\" width=\"300\" height=\"293\" srcset=\"https:\/\/lareinanews.cl\/noticias\/wp-content\/uploads\/2021\/05\/rodolfo02-300x293.png 300w, https:\/\/lareinanews.cl\/noticias\/wp-content\/uploads\/2021\/05\/rodolfo02.png 460w\" sizes=\"auto, (max-width: 300px) 100vw, 300px\" \/><\/a>Soy presidente de la comisi\u00f3n de Control, e integro presupuesto (fui presidente los 2 primeros a\u00f1os), educaci\u00f3n y cultura, tambi\u00e9n fui parte del concejo de seguridad y algunas veces tambi\u00e9n he participado en el concejo de la ni\u00f1es y migraci\u00f3n. Sobre cuantas veces he sesionado, la verdad no he sacado la cuenta, pero presupuesto deben ser en promedio 2 mensuales, control 1 cada 2 meses, cultura ha estado un poco m\u00e1s flojo, espero que, si salgo elegido para el pr\u00f3ximo periodo, poder sacarle m\u00e1s jugo a esa comisi\u00f3n.<\/p>\n<h3>\u00bfC\u00f3mo ha ejercido la labor de fiscalizaci\u00f3n, que es tal vez la m\u00e1s relevante de un concejal?<\/h3>\n<p>Mi mayor preocupaci\u00f3n en t\u00e9rminos de fiscalizaci\u00f3n ha sido la revisi\u00f3n permanente de las licitaciones, que quiz\u00e1s es donde tengo mayor expertiz, instaur\u00e9 que en cada matriz de evaluaci\u00f3n, las empresas presenten capacidad econ\u00f3mica, con eso se evitan que se presenten empresas nuevas o sin balances, adem\u00e1s que puedan contar con la capacidad financiera para poder ejecutar el proyecto. Tambi\u00e9n en presupuesto tenemos instaurados comisiones cada vez que se realiza una modificaci\u00f3n presupuestaria y con ello, fiscalizamos que se est\u00e9 dando la ejecuci\u00f3n presupuestaria correctamente.<\/p>\n<h3>\u00bfCu\u00e1l ha sido su vinculaci\u00f3n con los y las vecinas y organizaciones de la comuna?<\/h3>\n<p>Mi vinculaci\u00f3n es completa, todas las semanas organizaba visitas a distintas organizaciones sociales, escuch\u00e1ndolos y ofreci\u00e9ndoles ayuda en la soluci\u00f3n de sus problemas. En este trabajo hay que salir a buscar, no hay que esperar a que a uno lo llamen. Durante la pandemia, fue m\u00e1s dificil poder reunirse, pero trat\u00e9 de apoyar lo que m\u00e1s pude en las ayudas sociales que hab\u00edan, especialmente en las ollas comunitarias.<\/p>\n<h3>\u00bfHay propuestas suyas que hayan logrado ver la luz?<\/h3>\n<p>Mi principal Propuesta fue el cambio de luminarias, ese tema yo lo puse en discusi\u00f3n desde mi primer d\u00eda que asum\u00ed, present\u00e9 en concejo un modelo innovador y donde a trav\u00e9s de una licitaci\u00f3n, las empresas proveedoras financiar\u00edan la compra y se pagaba la cuota con el ahorro que generar\u00eda, por lo tanto, en ese sentido fue un \u00e9xito, sin embargo, desde mi perspectiva hubo algunos errores en el proceso de licitaci\u00f3n y por esa raz\u00f3n yo rechac\u00e9 en concejo la adjudicaci\u00f3n, as\u00ed que para mi fue dulce y agraz. Por otro lado, fue un \u00e9xito compartido el desarrollo de la nueva direcci\u00f3n de seguridad y la adjudicaci\u00f3n de nuevos equipos, entre ellos la adjudicaci\u00f3n a trav\u00e9s de un nuevo modelo de adquisici\u00f3n, arrendar en vez de comprar los veh\u00edculos de seguridad. Gracias a ello, se mejoraron los veh\u00edculos y se endoso toda la operatividad y mantenci\u00f3n a la empresa proveedoras, en vez de utilizar recursos municipales para esa funci\u00f3n, creo que el modelo fue un beneficioso porque nunca tuvimos el problema de tener un auto sin utiliza<\/p>\n<p><a href=\"https:\/\/s.lareina.news\/i\/2021\/05\/rodolfo03.png\"><img loading=\"lazy\" decoding=\"async\" class=\"alignleft size-medium wp-image-5032\" src=\"https:\/\/s.lareina.news\/i\/2021\/05\/rodolfo03-300x273.png\" alt=\"\" width=\"300\" height=\"273\" srcset=\"https:\/\/lareinanews.cl\/noticias\/wp-content\/uploads\/2021\/05\/rodolfo03-300x273.png 300w, https:\/\/lareinanews.cl\/noticias\/wp-content\/uploads\/2021\/05\/rodolfo03.png 447w\" sizes=\"auto, (max-width: 300px) 100vw, 300px\" \/><\/a><\/p>\n<h3>\u00bfHay propuestas que se hayan visto estancadas y por qu\u00e9?<\/h3>\n<p>En general no, el alcalde siempre ha estado dispuesto a escuchar las propuestas de los concejales, pero es cierto que finalmente la decisi\u00f3n est\u00e1 en manos de su administraci\u00f3n, lo que mencion\u00e9 respecto a las normas ISO, quiz\u00e1s no era el momento, pero creo que en este periodo debiera darse nuevamente la discusi\u00f3n.<\/p>\n<h3>\u00bfPor qu\u00e9 los vecinos deber\u00edan votar por tenerlo o tenerla un total de ocho a\u00f1os en el concejo?<\/h3>\n<p>En otra entrevista me preguntaron cu\u00e1l era mi diferencia con otros concejales y yo creo que existen 2 ejes para medir la gesti\u00f3n de un concejal, por un lado el nivel profesional y por otro la capacidad social, hay concejales que son muy sociales, por no muy buenos profesionales y por otro lado otros muy profesionales pero poca gesti\u00f3n social, creo que yo tengo un equilibrio entre ambas partes, adem\u00e1s soy trabajador y me enfoque 100% en la comuna a pesar que tengo varias responsabilidades profesionales.<\/p>\n<h3>\u00bfCu\u00e1l es su autocr\u00edtica?<\/h3>\n<p>En cultura siento que qued\u00e9 un poco al debe, creo que es importante involucrarse m\u00e1s, ya que se pueden hacer cosas interesantes y mejorar la gesti\u00f3n que hay en esa corporaci\u00f3n. Y bueno uno no es perfecto y puedo haberme equivocado en ciertos temas, pero todo esto es un proceso de aprendizaje, pero siento una gran satisfacci\u00f3n del trabajo realizado y se demuestra en el gran cari\u00f1o que me tienen todos los vecinos que me conocen.<\/p>\n","protected":false},"excerpt":{"rendered":"<div class=\"mh-excerpt\"><p>Entrevistamos a Rodolfo del Real, ingeniero comercial,\u00a0 actua concejal y candidato a la reelecci\u00f3n. Rodolfo es candidato por Renovaci\u00f3n Nacional Slogan de campa\u00f1a: Desde Siempre Contigo Redes Sociales Facebook\u00a0 rodolfodelrealm Instagram @rodolfodelrealm\/ Twitter\u00a0 @rodolfodelrealm Usted <a class=\"mh-excerpt-more\" href=\"https:\/\/lareinanews.cl\/noticias\/index.php\/2021\/05\/12\/concejal-rodolfo-del-real\/\" title=\"Concejal Rodolfo del Real\">[&#8230;]<\/a><\/p>\n<\/div>","protected":false},"author":1,"featured_media":5034,"comment_status":"open","ping_status":"closed","sticky":false,"template":"","format":"standard","meta":{"_acf_changed":false,"footnotes":""},"categories":[307,159,295,31,2],"tags":[16,17,52,4],"class_list":{"0":"post-5025","1":"post","2":"type-post","3":"status-publish","4":"format-standard","5":"has-post-thumbnail","7":"category-candidatos-a-concejal-2021","8":"category-concejo-municipal","9":"category-conociendonos","10":"category-destacados","11":"category-comuna","12":"tag-concejales","13":"tag-concejo","14":"tag-elecciones","15":"tag-la-reina"},"acf":[],"yoast_head":"<!-- This site is optimized with the Yoast SEO plugin v27.1.1 - https:\/\/yoast.com\/product\/yoast-seo-wordpress\/ -->\n<title>Concejal Rodolfo del Real<\/title>\n<meta name=\"description\" content=\"Entrevistamos a Rodolfo del Real, concejal de la Reina y candidato la reelecci\u00f3n por Renovaci\u00f3n Nacional\" \/>\n<meta name=\"robots\" content=\"index, follow, max-snippet:-1, max-image-preview:large, max-video-preview:-1\" \/>\n<link rel=\"canonical\" href=\"https:\/\/lareinanews.cl\/noticias\/index.php\/2021\/05\/12\/concejal-rodolfo-del-real\/\" \/>\n<meta property=\"og:locale\" content=\"es_ES\" \/>\n<meta property=\"og:type\" content=\"article\" \/>\n<meta property=\"og:title\" content=\"Concejal Rodolfo del Real\" \/>\n<meta property=\"og:description\" content=\"Entrevistamos a Rodolfo del Real, concejal de la Reina y candidato la reelecci\u00f3n por Renovaci\u00f3n Nacional\" \/>\n<meta property=\"og:url\" content=\"https:\/\/lareinanews.cl\/noticias\/index.php\/2021\/05\/12\/concejal-rodolfo-del-real\/\" \/>\n<meta property=\"og:site_name\" content=\"Noticias La Reina\" \/>\n<meta property=\"article:publisher\" content=\"https:\/\/www.facebook.com\/LaReinaNews\" \/>\n<meta property=\"article:published_time\" content=\"2021-05-13T00:52:42+00:00\" \/>\n<meta property=\"og:image\" content=\"https:\/\/lareinanews.cl\/noticias\/wp-content\/uploads\/2021\/05\/rodolfo00.png\" \/>\n\t<meta property=\"og:image:width\" content=\"650\" \/>\n\t<meta property=\"og:image:height\" content=\"490\" \/>\n\t<meta property=\"og:image:type\" content=\"image\/png\" \/>\n<meta name=\"author\" content=\"J M Doren\" \/>\n<meta name=\"twitter:card\" content=\"summary_large_image\" \/>\n<meta name=\"twitter:creator\" content=\"@jmdoren\" \/>\n<meta name=\"twitter:label1\" content=\"Escrito por\" \/>\n\t<meta name=\"twitter:data1\" content=\"J M Doren\" \/>\n\t<meta name=\"twitter:label2\" content=\"Tiempo de lectura\" \/>\n\t<meta name=\"twitter:data2\" content=\"6 minutos\" \/>\n<script type=\"application\/ld+json\" class=\"yoast-schema-graph\">{\"@context\":\"https:\/\/schema.org\",\"@graph\":[{\"@type\":\"Article\",\"@id\":\"https:\/\/lareinanews.cl\/noticias\/index.php\/2021\/05\/12\/concejal-rodolfo-del-real\/#article\",\"isPartOf\":{\"@id\":\"https:\/\/lareinanews.cl\/noticias\/index.php\/2021\/05\/12\/concejal-rodolfo-del-real\/\"},\"author\":{\"name\":\"J M Doren\",\"@id\":\"https:\/\/lareinanews.cl\/noticias\/#\/schema\/person\/c697b5a3c8bc9dd1d94222e2d58209ed\"},\"headline\":\"Concejal Rodolfo del Real\",\"datePublished\":\"2021-05-13T00:52:42+00:00\",\"mainEntityOfPage\":{\"@id\":\"https:\/\/lareinanews.cl\/noticias\/index.php\/2021\/05\/12\/concejal-rodolfo-del-real\/\"},\"wordCount\":1242,\"commentCount\":0,\"publisher\":{\"@id\":\"https:\/\/lareinanews.cl\/noticias\/#organization\"},\"image\":{\"@id\":\"https:\/\/lareinanews.cl\/noticias\/index.php\/2021\/05\/12\/concejal-rodolfo-del-real\/#primaryimage\"},\"thumbnailUrl\":\"https:\/\/lareinanews.cl\/noticias\/wp-content\/uploads\/2021\/05\/rodolfo00.png\",\"keywords\":[\"concejales\",\"concejo\",\"elecciones\",\"la reina\"],\"articleSection\":[\"Candidatos a Concejal 2021\",\"Concejo Municipal\",\"Conoci\u00e9ndonos\",\"Destacados\",\"La Reina\"],\"inLanguage\":\"es\",\"potentialAction\":[{\"@type\":\"CommentAction\",\"name\":\"Comment\",\"target\":[\"https:\/\/lareinanews.cl\/noticias\/index.php\/2021\/05\/12\/concejal-rodolfo-del-real\/#respond\"]}]},{\"@type\":\"WebPage\",\"@id\":\"https:\/\/lareinanews.cl\/noticias\/index.php\/2021\/05\/12\/concejal-rodolfo-del-real\/\",\"url\":\"https:\/\/lareinanews.cl\/noticias\/index.php\/2021\/05\/12\/concejal-rodolfo-del-real\/\",\"name\":\"Concejal Rodolfo del Real\",\"isPartOf\":{\"@id\":\"https:\/\/lareinanews.cl\/noticias\/#website\"},\"primaryImageOfPage\":{\"@id\":\"https:\/\/lareinanews.cl\/noticias\/index.php\/2021\/05\/12\/concejal-rodolfo-del-real\/#primaryimage\"},\"image\":{\"@id\":\"https:\/\/lareinanews.cl\/noticias\/index.php\/2021\/05\/12\/concejal-rodolfo-del-real\/#primaryimage\"},\"thumbnailUrl\":\"https:\/\/lareinanews.cl\/noticias\/wp-content\/uploads\/2021\/05\/rodolfo00.png\",\"datePublished\":\"2021-05-13T00:52:42+00:00\",\"description\":\"Entrevistamos a Rodolfo del Real, concejal de la Reina y candidato la reelecci\u00f3n por Renovaci\u00f3n Nacional\",\"breadcrumb\":{\"@id\":\"https:\/\/lareinanews.cl\/noticias\/index.php\/2021\/05\/12\/concejal-rodolfo-del-real\/#breadcrumb\"},\"inLanguage\":\"es\",\"potentialAction\":[{\"@type\":\"ReadAction\",\"target\":[\"https:\/\/lareinanews.cl\/noticias\/index.php\/2021\/05\/12\/concejal-rodolfo-del-real\/\"]}]},{\"@type\":\"ImageObject\",\"inLanguage\":\"es\",\"@id\":\"https:\/\/lareinanews.cl\/noticias\/index.php\/2021\/05\/12\/concejal-rodolfo-del-real\/#primaryimage\",\"url\":\"https:\/\/lareinanews.cl\/noticias\/wp-content\/uploads\/2021\/05\/rodolfo00.png\",\"contentUrl\":\"https:\/\/lareinanews.cl\/noticias\/wp-content\/uploads\/2021\/05\/rodolfo00.png\",\"width\":650,\"height\":490},{\"@type\":\"BreadcrumbList\",\"@id\":\"https:\/\/lareinanews.cl\/noticias\/index.php\/2021\/05\/12\/concejal-rodolfo-del-real\/#breadcrumb\",\"itemListElement\":[{\"@type\":\"ListItem\",\"position\":1,\"name\":\"Inicio\",\"item\":\"https:\/\/lareinanews.cl\/noticias\/\"},{\"@type\":\"ListItem\",\"position\":2,\"name\":\"Concejal Rodolfo del Real\"}]},{\"@type\":\"WebSite\",\"@id\":\"https:\/\/lareinanews.cl\/noticias\/#website\",\"url\":\"https:\/\/lareinanews.cl\/noticias\/\",\"name\":\"Noticias La Reina\",\"description\":\"LaReina.news\",\"publisher\":{\"@id\":\"https:\/\/lareinanews.cl\/noticias\/#organization\"},\"potentialAction\":[{\"@type\":\"SearchAction\",\"target\":{\"@type\":\"EntryPoint\",\"urlTemplate\":\"https:\/\/lareinanews.cl\/noticias\/?s={search_term_string}\"},\"query-input\":{\"@type\":\"PropertyValueSpecification\",\"valueRequired\":true,\"valueName\":\"search_term_string\"}}],\"inLanguage\":\"es\"},{\"@type\":\"Organization\",\"@id\":\"https:\/\/lareinanews.cl\/noticias\/#organization\",\"name\":\"La Reina.news Peri\u00f3dico comunal de La Reina\",\"url\":\"https:\/\/lareinanews.cl\/noticias\/\",\"logo\":{\"@type\":\"ImageObject\",\"inLanguage\":\"es\",\"@id\":\"https:\/\/lareinanews.cl\/noticias\/#\/schema\/logo\/image\/\",\"url\":\"https:\/\/lareinanews.cl\/noticias\/wp-content\/uploads\/2020\/04\/logo_schema.png\",\"contentUrl\":\"https:\/\/lareinanews.cl\/noticias\/wp-content\/uploads\/2020\/04\/logo_schema.png\",\"width\":640,\"height\":360,\"caption\":\"La Reina.news Peri\u00f3dico comunal de La Reina\"},\"image\":{\"@id\":\"https:\/\/lareinanews.cl\/noticias\/#\/schema\/logo\/image\/\"},\"sameAs\":[\"https:\/\/www.facebook.com\/LaReinaNews\",\"https:\/\/www.instagram.com\/lareinanews\/\"]},{\"@type\":\"Person\",\"@id\":\"https:\/\/lareinanews.cl\/noticias\/#\/schema\/person\/c697b5a3c8bc9dd1d94222e2d58209ed\",\"name\":\"J M Doren\",\"image\":{\"@type\":\"ImageObject\",\"inLanguage\":\"es\",\"@id\":\"https:\/\/lareinanews.cl\/noticias\/#\/schema\/person\/image\/\",\"url\":\"http:\/\/lareina.news\/noticias\/wp-content\/uploads\/2019\/09\/avatar_user_1_1569272876-96x96.png\",\"contentUrl\":\"http:\/\/lareina.news\/noticias\/wp-content\/uploads\/2019\/09\/avatar_user_1_1569272876-96x96.png\",\"caption\":\"J M Doren\"},\"description\":\"Soy ingeniero en inform\u00e1tica, interesado en las humanidades. Fundador y director de La Reina.news y otros medios electr\u00f3nicos. Creo profundamente en que si dejamos de pensar y cuestionar(nos) no hay nada que nos diferencie de los primates. jmdoren@ok.cl Sitios de mi autor&iacute;a\",\"sameAs\":[\"https:\/\/www.ok.cl\/\",\"https:\/\/x.com\/@jmdoren\"],\"url\":\"https:\/\/lareinanews.cl\/noticias\/index.php\/author\/jmdoren\/\"}]}<\/script>\n<!-- \/ Yoast SEO plugin. -->","yoast_head_json":{"title":"Concejal Rodolfo del Real","description":"Entrevistamos a Rodolfo del Real, concejal de la Reina y candidato la reelecci\u00f3n por Renovaci\u00f3n Nacional","robots":{"index":"index","follow":"follow","max-snippet":"max-snippet:-1","max-image-preview":"max-image-preview:large","max-video-preview":"max-video-preview:-1"},"canonical":"https:\/\/lareinanews.cl\/noticias\/index.php\/2021\/05\/12\/concejal-rodolfo-del-real\/","og_locale":"es_ES","og_type":"article","og_title":"Concejal Rodolfo del Real","og_description":"Entrevistamos a Rodolfo del Real, concejal de la Reina y candidato la reelecci\u00f3n por Renovaci\u00f3n Nacional","og_url":"https:\/\/lareinanews.cl\/noticias\/index.php\/2021\/05\/12\/concejal-rodolfo-del-real\/","og_site_name":"Noticias La Reina","article_publisher":"https:\/\/www.facebook.com\/LaReinaNews","article_published_time":"2021-05-13T00:52:42+00:00","og_image":[{"width":650,"height":490,"url":"https:\/\/lareinanews.cl\/noticias\/wp-content\/uploads\/2021\/05\/rodolfo00.png","type":"image\/png"}],"author":"J M Doren","twitter_card":"summary_large_image","twitter_creator":"@jmdoren","twitter_misc":{"Escrito por":"J M Doren","Tiempo de lectura":"6 minutos"},"schema":{"@context":"https:\/\/schema.org","@graph":[{"@type":"Article","@id":"https:\/\/lareinanews.cl\/noticias\/index.php\/2021\/05\/12\/concejal-rodolfo-del-real\/#article","isPartOf":{"@id":"https:\/\/lareinanews.cl\/noticias\/index.php\/2021\/05\/12\/concejal-rodolfo-del-real\/"},"author":{"name":"J M Doren","@id":"https:\/\/lareinanews.cl\/noticias\/#\/schema\/person\/c697b5a3c8bc9dd1d94222e2d58209ed"},"headline":"Concejal Rodolfo del Real","datePublished":"2021-05-13T00:52:42+00:00","mainEntityOfPage":{"@id":"https:\/\/lareinanews.cl\/noticias\/index.php\/2021\/05\/12\/concejal-rodolfo-del-real\/"},"wordCount":1242,"commentCount":0,"publisher":{"@id":"https:\/\/lareinanews.cl\/noticias\/#organization"},"image":{"@id":"https:\/\/lareinanews.cl\/noticias\/index.php\/2021\/05\/12\/concejal-rodolfo-del-real\/#primaryimage"},"thumbnailUrl":"https:\/\/lareinanews.cl\/noticias\/wp-content\/uploads\/2021\/05\/rodolfo00.png","keywords":["concejales","concejo","elecciones","la reina"],"articleSection":["Candidatos a Concejal 2021","Concejo Municipal","Conoci\u00e9ndonos","Destacados","La Reina"],"inLanguage":"es","potentialAction":[{"@type":"CommentAction","name":"Comment","target":["https:\/\/lareinanews.cl\/noticias\/index.php\/2021\/05\/12\/concejal-rodolfo-del-real\/#respond"]}]},{"@type":"WebPage","@id":"https:\/\/lareinanews.cl\/noticias\/index.php\/2021\/05\/12\/concejal-rodolfo-del-real\/","url":"https:\/\/lareinanews.cl\/noticias\/index.php\/2021\/05\/12\/concejal-rodolfo-del-real\/","name":"Concejal Rodolfo del Real","isPartOf":{"@id":"https:\/\/lareinanews.cl\/noticias\/#website"},"primaryImageOfPage":{"@id":"https:\/\/lareinanews.cl\/noticias\/index.php\/2021\/05\/12\/concejal-rodolfo-del-real\/#primaryimage"},"image":{"@id":"https:\/\/lareinanews.cl\/noticias\/index.php\/2021\/05\/12\/concejal-rodolfo-del-real\/#primaryimage"},"thumbnailUrl":"https:\/\/lareinanews.cl\/noticias\/wp-content\/uploads\/2021\/05\/rodolfo00.png","datePublished":"2021-05-13T00:52:42+00:00","description":"Entrevistamos a Rodolfo del Real, concejal de la Reina y candidato la reelecci\u00f3n por Renovaci\u00f3n Nacional","breadcrumb":{"@id":"https:\/\/lareinanews.cl\/noticias\/index.php\/2021\/05\/12\/concejal-rodolfo-del-real\/#breadcrumb"},"inLanguage":"es","potentialAction":[{"@type":"ReadAction","target":["https:\/\/lareinanews.cl\/noticias\/index.php\/2021\/05\/12\/concejal-rodolfo-del-real\/"]}]},{"@type":"ImageObject","inLanguage":"es","@id":"https:\/\/lareinanews.cl\/noticias\/index.php\/2021\/05\/12\/concejal-rodolfo-del-real\/#primaryimage","url":"https:\/\/lareinanews.cl\/noticias\/wp-content\/uploads\/2021\/05\/rodolfo00.png","contentUrl":"https:\/\/lareinanews.cl\/noticias\/wp-content\/uploads\/2021\/05\/rodolfo00.png","width":650,"height":490},{"@type":"BreadcrumbList","@id":"https:\/\/lareinanews.cl\/noticias\/index.php\/2021\/05\/12\/concejal-rodolfo-del-real\/#breadcrumb","itemListElement":[{"@type":"ListItem","position":1,"name":"Inicio","item":"https:\/\/lareinanews.cl\/noticias\/"},{"@type":"ListItem","position":2,"name":"Concejal Rodolfo del Real"}]},{"@type":"WebSite","@id":"https:\/\/lareinanews.cl\/noticias\/#website","url":"https:\/\/lareinanews.cl\/noticias\/","name":"Noticias La Reina","description":"LaReina.news","publisher":{"@id":"https:\/\/lareinanews.cl\/noticias\/#organization"},"potentialAction":[{"@type":"SearchAction","target":{"@type":"EntryPoint","urlTemplate":"https:\/\/lareinanews.cl\/noticias\/?s={search_term_string}"},"query-input":{"@type":"PropertyValueSpecification","valueRequired":true,"valueName":"search_term_string"}}],"inLanguage":"es"},{"@type":"Organization","@id":"https:\/\/lareinanews.cl\/noticias\/#organization","name":"La Reina.news Peri\u00f3dico comunal de La Reina","url":"https:\/\/lareinanews.cl\/noticias\/","logo":{"@type":"ImageObject","inLanguage":"es","@id":"https:\/\/lareinanews.cl\/noticias\/#\/schema\/logo\/image\/","url":"https:\/\/lareinanews.cl\/noticias\/wp-content\/uploads\/2020\/04\/logo_schema.png","contentUrl":"https:\/\/lareinanews.cl\/noticias\/wp-content\/uploads\/2020\/04\/logo_schema.png","width":640,"height":360,"caption":"La Reina.news Peri\u00f3dico comunal de La Reina"},"image":{"@id":"https:\/\/lareinanews.cl\/noticias\/#\/schema\/logo\/image\/"},"sameAs":["https:\/\/www.facebook.com\/LaReinaNews","https:\/\/www.instagram.com\/lareinanews\/"]},{"@type":"Person","@id":"https:\/\/lareinanews.cl\/noticias\/#\/schema\/person\/c697b5a3c8bc9dd1d94222e2d58209ed","name":"J M Doren","image":{"@type":"ImageObject","inLanguage":"es","@id":"https:\/\/lareinanews.cl\/noticias\/#\/schema\/person\/image\/","url":"http:\/\/lareina.news\/noticias\/wp-content\/uploads\/2019\/09\/avatar_user_1_1569272876-96x96.png","contentUrl":"http:\/\/lareina.news\/noticias\/wp-content\/uploads\/2019\/09\/avatar_user_1_1569272876-96x96.png","caption":"J M Doren"},"description":"Soy ingeniero en inform\u00e1tica, interesado en las humanidades. Fundador y director de La Reina.news y otros medios electr\u00f3nicos. Creo profundamente en que si dejamos de pensar y cuestionar(nos) no hay nada que nos diferencie de los primates. jmdoren@ok.cl Sitios de mi autor&iacute;a","sameAs":["https:\/\/www.ok.cl\/","https:\/\/x.com\/@jmdoren"],"url":"https:\/\/lareinanews.cl\/noticias\/index.php\/author\/jmdoren\/"}]}},"_links":{"self":[{"href":"https:\/\/lareinanews.cl\/noticias\/index.php\/wp-json\/wp\/v2\/posts\/5025","targetHints":{"allow":["GET"]}}],"collection":[{"href":"https:\/\/lareinanews.cl\/noticias\/index.php\/wp-json\/wp\/v2\/posts"}],"about":[{"href":"https:\/\/lareinanews.cl\/noticias\/index.php\/wp-json\/wp\/v2\/types\/post"}],"author":[{"embeddable":true,"href":"https:\/\/lareinanews.cl\/noticias\/index.php\/wp-json\/wp\/v2\/users\/1"}],"replies":[{"embeddable":true,"href":"https:\/\/lareinanews.cl\/noticias\/index.php\/wp-json\/wp\/v2\/comments?post=5025"}],"version-history":[{"count":7,"href":"https:\/\/lareinanews.cl\/noticias\/index.php\/wp-json\/wp\/v2\/posts\/5025\/revisions"}],"predecessor-version":[{"id":5036,"href":"https:\/\/lareinanews.cl\/noticias\/index.php\/wp-json\/wp\/v2\/posts\/5025\/revisions\/5036"}],"wp:featuredmedia":[{"embeddable":true,"href":"https:\/\/lareinanews.cl\/noticias\/index.php\/wp-json\/wp\/v2\/media\/5034"}],"wp:attachment":[{"href":"https:\/\/lareinanews.cl\/noticias\/index.php\/wp-json\/wp\/v2\/media?parent=5025"}],"wp:term":[{"taxonomy":"category","embeddable":true,"href":"https:\/\/lareinanews.cl\/noticias\/index.php\/wp-json\/wp\/v2\/categories?post=5025"},{"taxonomy":"post_tag","embeddable":true,"href":"https:\/\/lareinanews.cl\/noticias\/index.php\/wp-json\/wp\/v2\/tags?post=5025"}],"curies":[{"name":"wp","href":"https:\/\/api.w.org\/{rel}","templated":true}]}}