{"id":4995,"date":"2021-05-11T15:18:48","date_gmt":"2021-05-11T18:18:48","guid":{"rendered":"https:\/\/lareina.news\/noticias\/?p=4995"},"modified":"2021-05-11T21:50:16","modified_gmt":"2021-05-12T00:50:16","slug":"concejala-maria-catalina-rubio","status":"publish","type":"post","link":"https:\/\/lareinanews.cl\/noticias\/index.php\/2021\/05\/11\/concejala-maria-catalina-rubio\/","title":{"rendered":"Concejala Mar\u00eda Catalina Rubio"},"content":{"rendered":"<p>Entrevistamos a Mar\u00eda Calina Rubio, economista,\u00a0 actual concejala y candidata a la reelecci\u00f3n. Mar\u00eda Catalina es candidata por Revoluci\u00f3n Democr\u00e1tica<\/p>\n<hr \/>\n<p>Slogan de campa\u00f1a: <strong>Una Reinina para La Reina<\/strong><\/p>\n<p>Redes Sociales<\/p>\n<ul>\n<li>Facebook\u00a0 <a href=\"https:\/\/www.facebook.com\/mcatalinarubio\" target=\"_blank\" rel=\"noopener\">mcatalinarubio<\/a><\/li>\n<li>Instagram <a href=\"https:\/\/www.instagram.com\/mcatarubio\/\">@mcatarubio<\/a><\/li>\n<li>Twitter\u00a0 <a href=\"https:\/\/twitter.com\/mcatarubio\">@mcatarubio<\/a><\/li>\n<\/ul>\n<hr \/>\n<blockquote><p><strong>Estas preguntas fueron enviadas al mismo tiempo hace algunos d\u00edas, a todos los concejales\u00a0 que se postulan a la reelecci\u00f3n y al cierre de esta edici\u00f3n s\u00f3lo tenemos las respuestas completas de la concejala Mar\u00eda Catalina Rubio. Publicaremos las otras entrevistas seg\u00fan las recibamos<\/strong><\/p><\/blockquote>\n<hr \/>\n<h3><\/h3>\n<h3><\/h3>\n<h3>Usted ha ejercido el cargo como concejala por cuatro a\u00f1os y es primera vez que lo hizo. \u00bfCu\u00e1les de los compromisos que hizo en su campa\u00f1a logro cumplir y c\u00f3mo?<\/h3>\n<figure id=\"attachment_4999\" aria-describedby=\"caption-attachment-4999\" style=\"width: 300px\" class=\"wp-caption alignright\"><a href=\"https:\/\/s.lareina.news\/i\/2021\/05\/cata1.png\"><img loading=\"lazy\" decoding=\"async\" class=\"wp-image-4999 size-medium\" src=\"https:\/\/s.lareina.news\/i\/2021\/05\/cata1-300x169.png\" alt=\"\" width=\"300\" height=\"169\" srcset=\"https:\/\/lareinanews.cl\/noticias\/wp-content\/uploads\/2021\/05\/cata1-300x169.png 300w, https:\/\/lareinanews.cl\/noticias\/wp-content\/uploads\/2021\/05\/cata1-1024x576.png 1024w, https:\/\/lareinanews.cl\/noticias\/wp-content\/uploads\/2021\/05\/cata1-768x432.png 768w, https:\/\/lareinanews.cl\/noticias\/wp-content\/uploads\/2021\/05\/cata1-678x381.png 678w, https:\/\/lareinanews.cl\/noticias\/wp-content\/uploads\/2021\/05\/cata1.png 1280w\" sizes=\"auto, (max-width: 300px) 100vw, 300px\" \/><\/a><figcaption id=\"caption-attachment-4999\" class=\"wp-caption-text\">Foto de la campa\u00f1a de 2016<\/figcaption><\/figure>\n<p>Efectivamente estos 4 a\u00f1os, no s\u00f3lo son mis primeros 4 a\u00f1os como Concejala, tambi\u00e9n como pol\u00edtica, con anterioridad al 2016 no hab\u00eda participado en ning\u00fan partido, ni tampoco de la pol\u00edtica universitaria, por lo que fue y sigue siendo un tremendo desaf\u00edo de aprendizaje permanente.<br \/>\nEl 2016 cuando iniciamos la campa\u00f1a, estuvimos en ferias conversando con vecinos y vecinas sobre las principales necesidades de la comuna, lo que siempre sal\u00eda en nuestra actividad La Reina que so\u00f1amos, era m\u00e1s reciclaje, m\u00e1s sustentabilidad, por lo que \u201cLa Reina m\u00e1s Sustentable\u201d se convirti\u00f3 en uno de mis principales compromisos.<br \/>\nCuando asum\u00ed el cargo, una de las primeras reuniones que tuve fue con una vecina integrante del movimiento por la Defensa del Canal San Carlos, Vicky, realmente inspiradora, porque con ella comenzamos a trabajar por la recuperaci\u00f3n del arbolado del Parque Tobalaba y S\u00e1nchez Fontecilla, pero adem\u00e1s tuvimos las primeras reuniones con el equipo municipal para hablar de reciclaje. En 2017 aprob\u00e9 el Centro de Reciclaje y Educaci\u00f3n Ambiental. En 2019, despu\u00e9s de muchas reuniones, con el equipo municipal, Canalistas, vecinos(as), logramos que se plantaran cerca de 200 \u00e1rboles en el Parque Tobalaba y S\u00e1nchez Fontecilla para avanzar en consolidar esos espacios como corredores biol\u00f3gicos de la comuna. En 2019 tambi\u00e9n luego de reuniones con la Direcci\u00f3n de Aseo y Ornato, aprob\u00e9 el Programa de Retiro Domiciliario de Reciclaje, La Reina Recicla.<br \/>\nPor todos esos avances considero que mi compromiso con la sustentabilidad si se cumpli\u00f3.<\/p>\n<h3>\u00bfCu\u00e1les compromisos no logro cumplir y por qu\u00e9?<\/h3>\n<p><a href=\"https:\/\/s.lareina.news\/i\/2021\/05\/cata2.png\"><img loading=\"lazy\" decoding=\"async\" class=\"alignleft size-medium wp-image-5000\" src=\"https:\/\/s.lareina.news\/i\/2021\/05\/cata2-288x300.png\" alt=\"\" width=\"288\" height=\"300\" srcset=\"https:\/\/lareinanews.cl\/noticias\/wp-content\/uploads\/2021\/05\/cata2-288x300.png 288w, https:\/\/lareinanews.cl\/noticias\/wp-content\/uploads\/2021\/05\/cata2.png 475w\" sizes=\"auto, (max-width: 288px) 100vw, 288px\" \/><\/a>Por mi formaci\u00f3n y experiencia laboral, mi compromiso con la Educaci\u00f3n P\u00fablica siempre ha sido una de mis prioridades. Sin embargo, no logramos concretar la existencia de un Plan Comunal de Educaci\u00f3n, idea tambi\u00e9n planteada por la Asociaci\u00f3n de Centros de Padres y Apoderados, con quienes en conjunto so\u00f1amos con construir los sellos de la educaci\u00f3n comunal, no s\u00f3lo la p\u00fablica, sino tener una mirada com\u00fan para todos los ni\u00f1os y ni\u00f1as, que todos nos preocupemos del medio ambiente, de la educaci\u00f3n emocional, y de que ni\u00f1os y ni\u00f1as se transformen en buenas personas y buenos ciudadanos(as). Adem\u00e1s siento que me falt\u00f3 mucho por hacer, sobre todo en este contexto de Pandemia, ha sido un tema sumamente dif\u00edcil de abordar, porque est\u00e1 en riesgo la salud, y yo siempre he estado a favor de que no haya clases presenciales porque es un riesgo para todos, pero eso por supuesto provoca rezago escolar para los que ya son m\u00e1s desaventajados, quienes no tienen acceso a internet, o alg\u00fan adulto cercano que los pueda apoyar con la educaci\u00f3n a distancia. Adem\u00e1s es brutal el da\u00f1o que se ha estado generando a la salud mental de ni\u00f1os y ni\u00f1as, ya que el gobierno y la autoridad sanitaria por mucho tiempo los tuvo encerrados(as) sin siquiera poder ir a dar una vuelta a la cuadra, tambi\u00e9n se ha deteriorado su bienestar f\u00edsico por el sedentarismo y el aumento de la obesidad. Tenemos muchos desaf\u00edos que enfrentar en materia de ni\u00f1ez y juventud este 2021, y su bienestar seguir\u00e1 siendo mi prioridad y mi compromiso.<\/p>\n<p><a href=\"https:\/\/s.lareina.news\/i\/2021\/05\/cata6.png\"><img loading=\"lazy\" decoding=\"async\" class=\"aligncenter wp-image-5006 size-full\" src=\"https:\/\/s.lareina.news\/i\/2021\/05\/cata6.png\" alt=\"\" width=\"469\" height=\"273\" srcset=\"https:\/\/lareinanews.cl\/noticias\/wp-content\/uploads\/2021\/05\/cata6.png 469w, https:\/\/lareinanews.cl\/noticias\/wp-content\/uploads\/2021\/05\/cata6-300x175.png 300w\" sizes=\"auto, (max-width: 469px) 100vw, 469px\" \/><\/a><\/p>\n<h3>\u00bfHay tareas en ejecuci\u00f3n que le gustar\u00eda terminar en un eventual segundo per\u00edodo?<\/h3>\n<p>De las tareas en ejecuci\u00f3n me gustar\u00eda continuar trabajando para que el Centro de la Mujer se transforme en un espacio abierto, con amplia participaci\u00f3n ciudadana, que se consolide como un lugar seguro, que entregue contenci\u00f3n y apoyo para las mujeres, que trabaje en prevenci\u00f3n de violencia, y que entregue talleres y cursos que reduzcan los factores de riesgo, por ejemplo a trav\u00e9s de herramientas para la autonom\u00eda econ\u00f3mica. Muy importante adem\u00e1s es que logremos tener una pol\u00edtica la mujer y equidad de g\u00e9nero, que plasme la mirada de toda la comunidad en el trabajo en esta materia.<br \/>\nTambi\u00e9n quisiera seguir trabajando de la mano de la Oficina de Protecci\u00f3n de Derechos de la Ni\u00f1ez, fortaleciendo la oferta de programas y las intervenciones que se realizan a ni\u00f1os y ni\u00f1as que han sido vulnerados, que no dependamos de los cupos de otras comunas, sino que tengamos programas propios.<br \/>\nFinalmente, para no extenderme tanto, quisiera seguir trabajando en la consolidaci\u00f3n del Parque Tobalaba y S\u00e1nchez Fontecilla, como un corredor biol\u00f3gico, que se transforme en un parque y un centro de educaci\u00f3n ambiental al aire libre. Es una zona con mucho potencial, y el haber plantado m\u00e1s arboles sin duda fue un gran avance, pero queda much\u00edsimo por hacer, como por ejemplo lograr incorporar la franja de servidumbre del Canal San Carlos al espacio del parque.<\/p>\n<h3>La tarea del concejal o concejala va m\u00e1s all\u00e1 de asistir a los concejos municipales quisi\u00e9ramos saber de esa parte no tan visible<\/h3>\n<figure id=\"attachment_5007\" aria-describedby=\"caption-attachment-5007\" style=\"width: 300px\" class=\"wp-caption alignright\"><a href=\"https:\/\/s.lareina.news\/i\/2021\/05\/cata7.png\"><img loading=\"lazy\" decoding=\"async\" class=\"wp-image-5007 size-medium\" src=\"https:\/\/s.lareina.news\/i\/2021\/05\/cata7-300x211.png\" alt=\"\" width=\"300\" height=\"211\" srcset=\"https:\/\/lareinanews.cl\/noticias\/wp-content\/uploads\/2021\/05\/cata7-300x211.png 300w, https:\/\/lareinanews.cl\/noticias\/wp-content\/uploads\/2021\/05\/cata7-1024x721.png 1024w, https:\/\/lareinanews.cl\/noticias\/wp-content\/uploads\/2021\/05\/cata7-768x541.png 768w, https:\/\/lareinanews.cl\/noticias\/wp-content\/uploads\/2021\/05\/cata7.png 1227w\" sizes=\"auto, (max-width: 300px) 100vw, 300px\" \/><\/a><figcaption id=\"caption-attachment-5007\" class=\"wp-caption-text\">En la radio Dejando Huellas de la comuna de La Reina<\/figcaption><\/figure>\n<p>Uff la pega de Concejala es muy intensa, y muy poco visible, y es un abanico enorme de posibilidades, porque a uno le toca hacer de todo. Como nosotras no somos parte de la gesti\u00f3n municipal, no tenemos la tremenda maquinaria de una Alcald\u00eda, trabajamos pr\u00e1cticamente solas. En La Reina, afortunadamente nos permiten tener un asesor(a), hay comunas en Chile donde los colegas no tiene siquiera oficina.<br \/>\nAhora bien en relaci\u00f3n a los Concejos Municipales asistir es el m\u00ednimo, pero tambi\u00e9n hay que preparar las sesiones, nosotras votamos licitaciones, presupuesto, ordenanzas, y todo eso hay que estudiarlo, yo preparo harto las sesiones, hablo con Directores, hago preguntas antes de la sesi\u00f3n, llego a la sesi\u00f3n con la pel\u00edcula clara de todos los aspectos t\u00e9cnicos. Tambi\u00e9n nos toca toda la pega de comisiones, Yo presido la Comisi\u00f3n que m\u00e1s sesiona, la de Presupuesto, en esa revisamos licitaciones, modificaciones presupuestarias, etc., hay meses en los que sesionamos todas las semanas.<br \/>\nAdem\u00e1s del trabajo en comisiones est\u00e1 la representaci\u00f3n en Consejos Comunales, el 2017 Yo integr\u00e9 el Consejo Comunal de Seguridad P\u00fablica que sesiona una vez al mes, tambi\u00e9n desde ese a\u00f1o asisto a la reuniones del Consejo Consultivo de Ni\u00f1ez y Juventud cada vez que tienen pleno, que es aproximadamente 4 veces al a\u00f1o. Y adicionalmente tenemos las reuniones tem\u00e1ticas, como cuando todos los a\u00f1os revisamos las bases del Fondo de Desarrollo Comunitario, o por ejemplo el apoyo a Ollas Comunes, o reuniones de mesas de trabajo con la comunidad y equipos municipales, como la mesa por el Mejoramiento del Parque Padre Hurtado, o de la actualizaci\u00f3n de la Ordenanza de Tenencia Responsable.<br \/>\nOtra pega muy importante son las reuniones con vecinos y vecinas. Esas reuniones son a lo menos 1 a la semana, que puede ser en mi oficina, o en terreno \u2013aunque ahora nos toca reunirnos por zoom en muchas ocasiones-. Yo prefiero las reuniones en terreno, porque pienso que es fundamental visibilizar en terreno las necesidades.<br \/>\nAdem\u00e1s est\u00e1 todo el trabajo de fiscalizaci\u00f3n, que es m\u00e1s burocr\u00e1tico y administrativo, yo lo realiz\u00f3 enviando memorandos con solicitudes de informaci\u00f3n a la Alcald\u00eda.<\/p>\n<h3>\u00bfQu\u00e9 comisiones preside e integra y cuantas veces han sesionado en los cuatro a\u00f1os de su concejal\u00eda?<\/h3>\n<p>Yo actualmente presido la Comisi\u00f3n de Presupuesto, y la Comisi\u00f3n de Educaci\u00f3n. Adem\u00e1s integro la Comisi\u00f3n de Ni\u00f1ez y Juventud, la Comisi\u00f3n de Migraci\u00f3n y la Comisi\u00f3n de Desarrollo Urbano. De todas maneras nosotros podemos asistir con voz y voto a todas las comisiones, por lo que yo tambi\u00e9n trato de asistir a las sesiones de la Comisi\u00f3n de Control.<br \/>\nNo tengo el n\u00famero exacto, pero yo estimo que la Comisi\u00f3n de Presupuesto sesiona a lo menos 1 vez al mes, y desde que yo la presido sesiona a lo menos 2 veces al mes. Lo que dar\u00eda un total de al menos 50 sesiones en los 4 a\u00f1os.<br \/>\nLa Comisi\u00f3n de Educaci\u00f3n, no ha sesionado como tal con tanta frecuencia como la de Presupuesto, debe ser aproximadamente cada 2 meses, por lo que el total de sesiones debiera estar en torno a las 24 sesiones. En educaci\u00f3n de todas maneras nos pasa que nos reunimos ante diversas contingencias, que si bien no se hace a trav\u00e9s de una sesi\u00f3n de Comisi\u00f3n, estamos mirando el tema permanentemente. Por ejemplo yo fui parte del trabajo de negociaci\u00f3n que se hizo con los Asistentes de la Educaci\u00f3n en 2018-2019, tambi\u00e9n he estado en la mesa de trabajo actual con los gremios de Docentes y Asistentes en el marco del retorno a clases presenciales. Esos son algunos ejemplos.<\/p>\n<h3>\u00bfC\u00f3mo ha ejercido la labor de fiscalizaci\u00f3n, que es tal vez la m\u00e1s relevante de un concejal?<\/h3>\n<figure id=\"attachment_5009\" aria-describedby=\"caption-attachment-5009\" style=\"width: 300px\" class=\"wp-caption alignleft\"><a href=\"https:\/\/s.lareina.news\/i\/2021\/05\/cata8.png\"><img loading=\"lazy\" decoding=\"async\" class=\"wp-image-5009 size-medium\" src=\"https:\/\/s.lareina.news\/i\/2021\/05\/cata8-300x300.png\" alt=\"\" width=\"300\" height=\"300\" srcset=\"https:\/\/lareinanews.cl\/noticias\/wp-content\/uploads\/2021\/05\/cata8-300x300.png 300w, https:\/\/lareinanews.cl\/noticias\/wp-content\/uploads\/2021\/05\/cata8-150x150.png 150w, https:\/\/lareinanews.cl\/noticias\/wp-content\/uploads\/2021\/05\/cata8.png 400w\" sizes=\"auto, (max-width: 300px) 100vw, 300px\" \/><\/a><figcaption id=\"caption-attachment-5009\" class=\"wp-caption-text\">Como vecina la vida diaria es tambi\u00e9n una labor de fiscalizaci\u00f3n de la labor municipal<\/figcaption><\/figure>\n<p>Mi labor de fiscalizaci\u00f3n la he realizado a trav\u00e9s de memorandos con solicitudes de informaci\u00f3n a la Alcald\u00eda. De esas solicitudes en 4 a\u00f1os debo hacer hecho m\u00e1s de 100. Esos documentos van desde requerimientos de informaci\u00f3n de la enmienda al Plan Regulador y el proyecto que se pretend\u00eda hacer en la Aldea del Encuentro, protocolos de uso de im\u00e1genes de ni\u00f1os, ni\u00f1as y adolescentes de las escuelas y liceos municipales en las redes sociales del municipio, los contratos de funcionarios en la Corporaci\u00f3n de Desarrollo, much\u00edsima informaci\u00f3n que me ha permitido estar permanentemente fiscalizando.<br \/>\nAdem\u00e1s de eso que es una fiscalizaci\u00f3n formal, el contacto permanente con vecinos y vecinas me ha permitido fiscalizar la labor cotidiana del municipio, por ejemplo cuando alg\u00fan servicio municipal en alguna ocasi\u00f3n no se ha prestado de forma adecuada y de acuerdo a la expectativas de la comunidad, ellos me informan y yo canalizo a la Direcciones correspondientes, lo que como fiscalizaci\u00f3n es muy efectivo porque permite una soluci\u00f3n concreta realizada por los equipos municipales.<br \/>\nY por supuesto de la mano del contacto con la comunidad, se encuentra la fiscalizaci\u00f3n en terreno. Desde que asum\u00ed como Concejala, mi ojo de vecina de La Reina, se transform\u00f3 en una alerta permanente, a veces hago bromas con que ahora mientras camino por la comuna veo todo con ojos de Concejala. Por ejemplo si veo un hoyo en la calle, una vereda en mal estado, una rama de \u00e1rbol peligrosa, en general estoy pendiente y comunico a los equipos.<\/p>\n<h3>\u00bfCu\u00e1l ha sido su vinculaci\u00f3n con los y las vecinas y organizaciones de la comuna?<\/h3>\n<p><a href=\"https:\/\/s.lareina.news\/i\/2021\/05\/cata5.png\"><img loading=\"lazy\" decoding=\"async\" class=\"alignleft size-medium wp-image-5005\" src=\"https:\/\/s.lareina.news\/i\/2021\/05\/cata5-300x215.png\" alt=\"\" width=\"300\" height=\"215\" srcset=\"https:\/\/lareinanews.cl\/noticias\/wp-content\/uploads\/2021\/05\/cata5-300x215.png 300w, https:\/\/lareinanews.cl\/noticias\/wp-content\/uploads\/2021\/05\/cata5.png 685w\" sizes=\"auto, (max-width: 300px) 100vw, 300px\" \/><\/a>La comunidad de La Reina es sumamente activa por lo que la vinculaci\u00f3n cuando una est\u00e1 comprometida con su cargo es sumamente natural. En La Reina hay much\u00edsimas agrupaciones de todo tipo, juntas de vecinos activas, comit\u00e9s de seguridad, agrupaciones culturales, fundaciones, agrupaciones que trabajan con la protecci\u00f3n de la ni\u00f1ez, de verdad es una riqueza que admiro. Todas esas personas hacen un trabajo en su mayor\u00eda de voluntariado con un compromiso social gigantesco. Adem\u00e1s desde el 18 de octubre la comuna ha tenido un gran involucramiento, a trav\u00e9s de los cabildos autoconvocados. Por otro lado, los vecinos y vecinas no organizados, es decir que no participan de estas agrupaciones formales, o de los cabildos, tambi\u00e9n son muy activos. A mi me pasa que me hacen muchas preguntas por redes sociales, la gente en La Reina en general es informada y preocupada por la comuna.<br \/>\nYo me he vinculado con muchos vecinos y vecinas, en agrupaciones o no, pero debo confesar que con las agrupaciones que m\u00e1s me siento en mi elemento son todos los grupos que trabajan con ni\u00f1os, ni\u00f1as, y adolescentes, clubes deportivos, agrupaciones culturales, todos quienes ponen en el foco de su quehacer la ni\u00f1ez son quienes inspiran mi trabajo de Concejala.<\/p>\n<h3>\u00bfHay propuestas suyas que hayan logrado ver la luz?<\/h3>\n<figure id=\"attachment_5013\" aria-describedby=\"caption-attachment-5013\" style=\"width: 300px\" class=\"wp-caption alignright\"><a href=\"https:\/\/s.lareina.news\/i\/2021\/05\/cata9.png\"><img loading=\"lazy\" decoding=\"async\" class=\"wp-image-5013 size-medium\" src=\"https:\/\/s.lareina.news\/i\/2021\/05\/cata9-300x168.png\" alt=\"\" width=\"300\" height=\"168\" srcset=\"https:\/\/lareinanews.cl\/noticias\/wp-content\/uploads\/2021\/05\/cata9-300x168.png 300w, https:\/\/lareinanews.cl\/noticias\/wp-content\/uploads\/2021\/05\/cata9.png 640w\" sizes=\"auto, (max-width: 300px) 100vw, 300px\" \/><\/a><figcaption id=\"caption-attachment-5013\" class=\"wp-caption-text\">El recorte de gastos en viajes permiti\u00f3 mejorar la seguridad comunal<\/figcaption><\/figure>\n<p>En estos 4 a\u00f1os hice muchas propuestas a la actual gesti\u00f3n municipal, y algunos de ellos si se concretaron. Ah\u00ed yo destaco algunos avances que se dieron en mi rol de integrante y luego presidenta de la Comisi\u00f3n de Presupuesto. En 2017 redujimos a la mitad el gasto en viajes de Concejal\u00edas (En La Reina ten\u00edamos a una Concejala dentro de las 5 m\u00e1s viajados), y ese gasto lo destinamos a m\u00e1s veh\u00edculos de seguridad. Esto fue sumamente importante porque en 2016 cuando asum\u00ed hab\u00eda 2 autos de seguridad, en mal estado, y que por supuesto no daban ninguna cobertura a las necesidades de la comunidad.<br \/>\nOtro logro importante como presidenta de la Comisi\u00f3n de Presupuesto y de la Comisi\u00f3n de Educaci\u00f3n es reciente, en 2020 logr\u00e9 que se inyectaran 150 millones de pesos para el presupuesto 2021 para Tablet de estudiantes de colegios municipales. Esto tambi\u00e9n es sumamente importante porque en todo el a\u00f1o 2020 el Ministerio de Educaci\u00f3n no tom\u00f3 ninguna acci\u00f3n para favorecer la conectividad de los y las estudiantes m\u00e1s vulnerables, y gesti\u00f3n municipal tampoco hizo durante todo un a\u00f1o. Las \u00fanicas que hicieron una gran tarea fueron las dirigentas de la Asociaci\u00f3n de Padres y Apoderados que gestionaron internet social, el cual benefici\u00f3 a muchas familias.<br \/>\nFinalmente destacar, avances en mi rol de integrante de la Comisi\u00f3n de Ni\u00f1ez y de la Comisi\u00f3n de Migraci\u00f3n, ambas presididas por mi Colega Adriana Mu\u00f1oz. Juntas como comisi\u00f3n, y por supuesto con el apoyo de los equipos municipales, creamos Tu Infancia en La Reina, un espacio de apoyo en el contexto de cuarentena; y tambi\u00e9n Migraci\u00f3n La Reina, una instancia de asesor\u00eda para vecinos y vecinas migrantes.<\/p>\n<h3>\u00bfHay propuestas que se hayan visto estancadas y por qu\u00e9?<\/h3>\n<figure id=\"attachment_5002\" aria-describedby=\"caption-attachment-5002\" style=\"width: 300px\" class=\"wp-caption alignleft\"><a href=\"https:\/\/s.lareina.news\/i\/2021\/05\/cata3.png\"><img loading=\"lazy\" decoding=\"async\" class=\"wp-image-5002 size-medium\" src=\"https:\/\/s.lareina.news\/i\/2021\/05\/cata3-300x300.png\" alt=\"\" width=\"300\" height=\"300\" srcset=\"https:\/\/lareinanews.cl\/noticias\/wp-content\/uploads\/2021\/05\/cata3-300x300.png 300w, https:\/\/lareinanews.cl\/noticias\/wp-content\/uploads\/2021\/05\/cata3-150x150.png 150w, https:\/\/lareinanews.cl\/noticias\/wp-content\/uploads\/2021\/05\/cata3.png 476w\" sizes=\"auto, (max-width: 300px) 100vw, 300px\" \/><\/a><figcaption id=\"caption-attachment-5002\" class=\"wp-caption-text\">Durante 4 a\u00f1os el alcalde Palacios se ha negado a poner en tabla la ordenanza contra el acoso callejero<\/figcaption><\/figure>\n<p>En materia de protecci\u00f3n de los derechos de las mujeres queda mucho por hacer, el actual Alcalde en 4 a\u00f1os no quiso poner en tabla para votaci\u00f3n la ordenanza contra el acoso callejero que trabajamos con el equipo municipal. Es lamentable porque cada cierto tiempo nos enteramos de casos de acoso grav\u00edsimos ocurridos en nuestra comuna. Tampoco existen protocolos en casos de acoso al interior de la municipalidad y la actual administraci\u00f3n no ha hecho ning\u00fan avance pese a las denuncias que Yo como Concejala he comunicado con toda la cautela posible para cuidar a esas mujeres, a los responsables de la gesti\u00f3n municipal.<br \/>\nOtro tema que se relaciona con la seguridad en el espacio p\u00fablico, no s\u00f3lo para mujeres, es una materia en la cual ha habido muy poco avance, se trata de la conectividad, espec\u00edficamente de ciclov\u00edas y ciclobandas. \u00c9ste tema yo lo he planteado en much\u00edsimas ocasiones, ya que en La Reina tenemos ciclov\u00edas (por la vereda) y ciclobandas (por la calle), muchas no conectan con nada, y hay poca articulaci\u00f3n con las de otras comunas.<br \/>\nY tambi\u00e9n en materia de seguridad vial quisiera que avancemos en la Ruta Segura para ni\u00f1os, ni\u00f1as y adolescentes. Esta es una iniciativa de mi colega Adriana Mu\u00f1oz, y que como Comisi\u00f3n de Ni\u00f1ez hemos tratado de impulsar, pero ha habido poca acogida del equipo municipal. En realidad hay poca valoraci\u00f3n respecto al enorme desaf\u00edo que implica la protecci\u00f3n de la ni\u00f1ez. Es m\u00e1s en la ordenanza contra el acoso callejero, incorporamos articulado espec\u00edfico para proteger a ni\u00f1os y ni\u00f1as, pero aun as\u00ed el Alcalde no tuvo nunca la voluntad de someter a votaci\u00f3n ese importante instrumento.<\/p>\n<h3>\u00bfPor qu\u00e9 los vecinos deber\u00edan votar por tenerlo o tenerla un total de ocho a\u00f1os en el concejo?<\/h3>\n<figure id=\"attachment_5015\" aria-describedby=\"caption-attachment-5015\" style=\"width: 439px\" class=\"wp-caption alignright\"><a href=\"https:\/\/s.lareina.news\/i\/2021\/05\/cata_concejala.png\"><img loading=\"lazy\" decoding=\"async\" class=\"wp-image-5015 size-full\" src=\"https:\/\/s.lareina.news\/i\/2021\/05\/cata_concejala.png\" alt=\"\" width=\"439\" height=\"258\" srcset=\"https:\/\/lareinanews.cl\/noticias\/wp-content\/uploads\/2021\/05\/cata_concejala.png 439w, https:\/\/lareinanews.cl\/noticias\/wp-content\/uploads\/2021\/05\/cata_concejala-300x176.png 300w\" sizes=\"auto, (max-width: 439px) 100vw, 439px\" \/><\/a><figcaption id=\"caption-attachment-5015\" class=\"wp-caption-text\">Mar\u00eda Catalina Rubio asumiendo la concejal\u00eda en 2016<\/figcaption><\/figure>\n<p>En primer lugar los vecinos y vecinas de La Reina deber\u00edan votar por m\u00ed, porque vivo y crec\u00ed en esta comuna. Parece una obviedad decir vivo en la comuna, pero lo cierto es que much\u00edsimos candidatos y candaditas no viven ac\u00e1. Incluso el mismo alcalde actual hasta hace un par de a\u00f1os no viv\u00eda en La Reina. Vivir en la comuna te conecta con el territorio, con sus necesidades y con la comunidad. Es imposible estar al tanto de lo cotidiano si no haces tu vida en nuestros barrios.<br \/>\nPor otro lado creo que mi trabajo de estos 4 a\u00f1os da cuenta de mi enorme vocaci\u00f3n social y compromiso con la comuna. Ser Concejala no es un trabajo de dedicaci\u00f3n exclusiva, en general con asistir al Concejo se da por cumplido, pero Yo cuando asum\u00ed vi tantas necesidades que me fui desprendiendo de mi pega como Consultora y me fui involucrando cada vez m\u00e1s hasta trabajar con dedicaci\u00f3n exclusiva, y por supuesto en horarios sumamente complejos, porque a la jornada laboral debes incluir el horario post trabajo ya que es cuando m\u00e1s puedes conversar con vecinos y vecinas, y por supuesto en los fines de semana.<br \/>\nY en t\u00e9rminos m\u00e1s all\u00e1 del tiempo dedicado, sino de la calidad de ese tiempo me parece que tambi\u00e9n es importante destacar que tengo experiencia en el sector p\u00fablico, y tengo las competencias t\u00e9cnicas para desempe\u00f1ar este cargo. Creo que no s\u00f3lo tengo las ganas y la vocaci\u00f3n, tambi\u00e9n tengo la preparaci\u00f3n, por mi formaci\u00f3n profesional y los Master que he realizado.<br \/>\nFinalmente, destacar que tengo un compromiso con todos esos vecinos y vecinas que desde el 2016 han confiado en m\u00ed, les doy mi palabra de que har\u00e9 todo lo humanamente posible para jam\u00e1s decepcionarles.<\/p>\n<h3>\u00bfCu\u00e1l es su autocr\u00edtica?<\/h3>\n<p>Mi mayor autocr\u00edtica es no haber sabido comunicar de mejor manera toda la pega que hemos hecho como Concejal\u00eda. Han sido 4 a\u00f1os de much\u00edsimo trabajo, de un enorme compromiso, no s\u00f3lo m\u00edo, tambi\u00e9n de mi asesor, de mi familia que me apoya en todo, y a veces tengo dudas de si he logrado transmitir lo comprometida que estoy con mi cargo, y lo feliz que me hace poder aportar a construir una mejor comuna. Tambi\u00e9n me pasa que muchas veces me veo enojada en las sesiones de Concejo \u2013que s\u00ed paso hartas rabias- pero amo esta pega, porque me encanta estar con los vecinos y vecinas, y con los ni\u00f1os y ni\u00f1as de La Reina, entonces no s\u00e9 si logro transmitir eso la vocaci\u00f3n que tengo y lo feliz que me hace mi trabajo.<\/p>\n","protected":false},"excerpt":{"rendered":"<div class=\"mh-excerpt\"><p>Entrevistamos a Mar\u00eda Calina Rubio, economista,\u00a0 actual concejala y candidata a la reelecci\u00f3n. Mar\u00eda Catalina es candidata por Revoluci\u00f3n Democr\u00e1tica Slogan de campa\u00f1a: Una Reinina para La Reina Redes Sociales Facebook\u00a0 mcatalinarubio Instagram @mcatarubio Twitter\u00a0 <a class=\"mh-excerpt-more\" href=\"https:\/\/lareinanews.cl\/noticias\/index.php\/2021\/05\/11\/concejala-maria-catalina-rubio\/\" title=\"Concejala Mar\u00eda Catalina Rubio\">[&#8230;]<\/a><\/p>\n<\/div>","protected":false},"author":1,"featured_media":5017,"comment_status":"open","ping_status":"closed","sticky":false,"template":"","format":"standard","meta":{"_acf_changed":false,"footnotes":""},"categories":[307,159,295,31,303,135,2],"tags":[16,52,4,32],"class_list":{"0":"post-4995","1":"post","2":"type-post","3":"status-publish","4":"format-standard","5":"has-post-thumbnail","7":"category-candidatos-a-concejal-2021","8":"category-concejo-municipal","9":"category-conociendonos","10":"category-destacados","11":"category-elecciones","12":"category-entrevista","13":"category-comuna","14":"tag-concejales","15":"tag-elecciones","16":"tag-la-reina","17":"tag-maria-catalina-rubio"},"acf":[],"yoast_head":"<!-- This site is optimized with the Yoast SEO plugin v27.1.1 - https:\/\/yoast.com\/product\/yoast-seo-wordpress\/ -->\n<title>Concejala Mar\u00eda Catalina Rubio<\/title>\n<meta name=\"description\" content=\"Conozcamos a Mar\u00eda Catalina Rubio, despu\u00e9s de cuatro a\u00f1os se refiere a su labor y las razones por las cuales se presenta a la reelecci\u00f3n\" \/>\n<meta name=\"robots\" content=\"index, follow, max-snippet:-1, max-image-preview:large, max-video-preview:-1\" \/>\n<link rel=\"canonical\" href=\"https:\/\/lareinanews.cl\/noticias\/index.php\/2021\/05\/11\/concejala-maria-catalina-rubio\/\" \/>\n<meta property=\"og:locale\" content=\"es_ES\" \/>\n<meta property=\"og:type\" content=\"article\" \/>\n<meta property=\"og:title\" content=\"Concejala Mar\u00eda Catalina Rubio\" \/>\n<meta property=\"og:description\" content=\"Conozcamos a Mar\u00eda Catalina Rubio, despu\u00e9s de cuatro a\u00f1os se refiere a su labor y las razones por las cuales se presenta a la reelecci\u00f3n\" \/>\n<meta property=\"og:url\" content=\"https:\/\/lareinanews.cl\/noticias\/index.php\/2021\/05\/11\/concejala-maria-catalina-rubio\/\" \/>\n<meta property=\"og:site_name\" content=\"Noticias La Reina\" \/>\n<meta property=\"article:publisher\" content=\"https:\/\/www.facebook.com\/LaReinaNews\" \/>\n<meta property=\"article:published_time\" content=\"2021-05-11T18:18:48+00:00\" \/>\n<meta property=\"article:modified_time\" content=\"2021-05-12T00:50:16+00:00\" \/>\n<meta property=\"og:image\" content=\"https:\/\/lareinanews.cl\/noticias\/wp-content\/uploads\/2021\/05\/cata0.png\" \/>\n\t<meta property=\"og:image:width\" content=\"650\" \/>\n\t<meta property=\"og:image:height\" content=\"490\" \/>\n\t<meta property=\"og:image:type\" content=\"image\/png\" \/>\n<meta name=\"author\" content=\"J M Doren\" \/>\n<meta name=\"twitter:card\" content=\"summary_large_image\" \/>\n<meta name=\"twitter:creator\" content=\"@jmdoren\" \/>\n<meta name=\"twitter:label1\" content=\"Escrito por\" \/>\n\t<meta name=\"twitter:data1\" content=\"J M Doren\" \/>\n\t<meta name=\"twitter:label2\" content=\"Tiempo de lectura\" \/>\n\t<meta name=\"twitter:data2\" content=\"16 minutos\" \/>\n<script type=\"application\/ld+json\" class=\"yoast-schema-graph\">{\"@context\":\"https:\/\/schema.org\",\"@graph\":[{\"@type\":\"Article\",\"@id\":\"https:\/\/lareinanews.cl\/noticias\/index.php\/2021\/05\/11\/concejala-maria-catalina-rubio\/#article\",\"isPartOf\":{\"@id\":\"https:\/\/lareinanews.cl\/noticias\/index.php\/2021\/05\/11\/concejala-maria-catalina-rubio\/\"},\"author\":{\"name\":\"J M Doren\",\"@id\":\"https:\/\/lareinanews.cl\/noticias\/#\/schema\/person\/c697b5a3c8bc9dd1d94222e2d58209ed\"},\"headline\":\"Concejala Mar\u00eda Catalina Rubio\",\"datePublished\":\"2021-05-11T18:18:48+00:00\",\"dateModified\":\"2021-05-12T00:50:16+00:00\",\"mainEntityOfPage\":{\"@id\":\"https:\/\/lareinanews.cl\/noticias\/index.php\/2021\/05\/11\/concejala-maria-catalina-rubio\/\"},\"wordCount\":3363,\"commentCount\":0,\"publisher\":{\"@id\":\"https:\/\/lareinanews.cl\/noticias\/#organization\"},\"image\":{\"@id\":\"https:\/\/lareinanews.cl\/noticias\/index.php\/2021\/05\/11\/concejala-maria-catalina-rubio\/#primaryimage\"},\"thumbnailUrl\":\"https:\/\/lareinanews.cl\/noticias\/wp-content\/uploads\/2021\/05\/cata0.png\",\"keywords\":[\"concejales\",\"elecciones\",\"la reina\",\"Mar\u00eda Catalina Rubio\"],\"articleSection\":[\"Candidatos a Concejal 2021\",\"Concejo Municipal\",\"Conoci\u00e9ndonos\",\"Destacados\",\"Elecciones\",\"Entrevista\",\"La Reina\"],\"inLanguage\":\"es\",\"potentialAction\":[{\"@type\":\"CommentAction\",\"name\":\"Comment\",\"target\":[\"https:\/\/lareinanews.cl\/noticias\/index.php\/2021\/05\/11\/concejala-maria-catalina-rubio\/#respond\"]}]},{\"@type\":\"WebPage\",\"@id\":\"https:\/\/lareinanews.cl\/noticias\/index.php\/2021\/05\/11\/concejala-maria-catalina-rubio\/\",\"url\":\"https:\/\/lareinanews.cl\/noticias\/index.php\/2021\/05\/11\/concejala-maria-catalina-rubio\/\",\"name\":\"Concejala Mar\u00eda Catalina Rubio\",\"isPartOf\":{\"@id\":\"https:\/\/lareinanews.cl\/noticias\/#website\"},\"primaryImageOfPage\":{\"@id\":\"https:\/\/lareinanews.cl\/noticias\/index.php\/2021\/05\/11\/concejala-maria-catalina-rubio\/#primaryimage\"},\"image\":{\"@id\":\"https:\/\/lareinanews.cl\/noticias\/index.php\/2021\/05\/11\/concejala-maria-catalina-rubio\/#primaryimage\"},\"thumbnailUrl\":\"https:\/\/lareinanews.cl\/noticias\/wp-content\/uploads\/2021\/05\/cata0.png\",\"datePublished\":\"2021-05-11T18:18:48+00:00\",\"dateModified\":\"2021-05-12T00:50:16+00:00\",\"description\":\"Conozcamos a Mar\u00eda Catalina Rubio, despu\u00e9s de cuatro a\u00f1os se refiere a su labor y las razones por las cuales se presenta a la reelecci\u00f3n\",\"breadcrumb\":{\"@id\":\"https:\/\/lareinanews.cl\/noticias\/index.php\/2021\/05\/11\/concejala-maria-catalina-rubio\/#breadcrumb\"},\"inLanguage\":\"es\",\"potentialAction\":[{\"@type\":\"ReadAction\",\"target\":[\"https:\/\/lareinanews.cl\/noticias\/index.php\/2021\/05\/11\/concejala-maria-catalina-rubio\/\"]}]},{\"@type\":\"ImageObject\",\"inLanguage\":\"es\",\"@id\":\"https:\/\/lareinanews.cl\/noticias\/index.php\/2021\/05\/11\/concejala-maria-catalina-rubio\/#primaryimage\",\"url\":\"https:\/\/lareinanews.cl\/noticias\/wp-content\/uploads\/2021\/05\/cata0.png\",\"contentUrl\":\"https:\/\/lareinanews.cl\/noticias\/wp-content\/uploads\/2021\/05\/cata0.png\",\"width\":650,\"height\":490},{\"@type\":\"BreadcrumbList\",\"@id\":\"https:\/\/lareinanews.cl\/noticias\/index.php\/2021\/05\/11\/concejala-maria-catalina-rubio\/#breadcrumb\",\"itemListElement\":[{\"@type\":\"ListItem\",\"position\":1,\"name\":\"Inicio\",\"item\":\"https:\/\/lareinanews.cl\/noticias\/\"},{\"@type\":\"ListItem\",\"position\":2,\"name\":\"Concejala Mar\u00eda Catalina Rubio\"}]},{\"@type\":\"WebSite\",\"@id\":\"https:\/\/lareinanews.cl\/noticias\/#website\",\"url\":\"https:\/\/lareinanews.cl\/noticias\/\",\"name\":\"Noticias La Reina\",\"description\":\"LaReina.news\",\"publisher\":{\"@id\":\"https:\/\/lareinanews.cl\/noticias\/#organization\"},\"potentialAction\":[{\"@type\":\"SearchAction\",\"target\":{\"@type\":\"EntryPoint\",\"urlTemplate\":\"https:\/\/lareinanews.cl\/noticias\/?s={search_term_string}\"},\"query-input\":{\"@type\":\"PropertyValueSpecification\",\"valueRequired\":true,\"valueName\":\"search_term_string\"}}],\"inLanguage\":\"es\"},{\"@type\":\"Organization\",\"@id\":\"https:\/\/lareinanews.cl\/noticias\/#organization\",\"name\":\"La Reina.news Peri\u00f3dico comunal de La Reina\",\"url\":\"https:\/\/lareinanews.cl\/noticias\/\",\"logo\":{\"@type\":\"ImageObject\",\"inLanguage\":\"es\",\"@id\":\"https:\/\/lareinanews.cl\/noticias\/#\/schema\/logo\/image\/\",\"url\":\"https:\/\/lareinanews.cl\/noticias\/wp-content\/uploads\/2020\/04\/logo_schema.png\",\"contentUrl\":\"https:\/\/lareinanews.cl\/noticias\/wp-content\/uploads\/2020\/04\/logo_schema.png\",\"width\":640,\"height\":360,\"caption\":\"La Reina.news Peri\u00f3dico comunal de La Reina\"},\"image\":{\"@id\":\"https:\/\/lareinanews.cl\/noticias\/#\/schema\/logo\/image\/\"},\"sameAs\":[\"https:\/\/www.facebook.com\/LaReinaNews\",\"https:\/\/www.instagram.com\/lareinanews\/\"]},{\"@type\":\"Person\",\"@id\":\"https:\/\/lareinanews.cl\/noticias\/#\/schema\/person\/c697b5a3c8bc9dd1d94222e2d58209ed\",\"name\":\"J M Doren\",\"image\":{\"@type\":\"ImageObject\",\"inLanguage\":\"es\",\"@id\":\"https:\/\/lareinanews.cl\/noticias\/#\/schema\/person\/image\/\",\"url\":\"http:\/\/lareina.news\/noticias\/wp-content\/uploads\/2019\/09\/avatar_user_1_1569272876-96x96.png\",\"contentUrl\":\"http:\/\/lareina.news\/noticias\/wp-content\/uploads\/2019\/09\/avatar_user_1_1569272876-96x96.png\",\"caption\":\"J M Doren\"},\"description\":\"Soy ingeniero en inform\u00e1tica, interesado en las humanidades. Fundador y director de La Reina.news y otros medios electr\u00f3nicos. Creo profundamente en que si dejamos de pensar y cuestionar(nos) no hay nada que nos diferencie de los primates. jmdoren@ok.cl Sitios de mi autor&iacute;a\",\"sameAs\":[\"https:\/\/www.ok.cl\/\",\"https:\/\/x.com\/@jmdoren\"],\"url\":\"https:\/\/lareinanews.cl\/noticias\/index.php\/author\/jmdoren\/\"}]}<\/script>\n<!-- \/ Yoast SEO plugin. -->","yoast_head_json":{"title":"Concejala Mar\u00eda Catalina Rubio","description":"Conozcamos a Mar\u00eda Catalina Rubio, despu\u00e9s de cuatro a\u00f1os se refiere a su labor y las razones por las cuales se presenta a la reelecci\u00f3n","robots":{"index":"index","follow":"follow","max-snippet":"max-snippet:-1","max-image-preview":"max-image-preview:large","max-video-preview":"max-video-preview:-1"},"canonical":"https:\/\/lareinanews.cl\/noticias\/index.php\/2021\/05\/11\/concejala-maria-catalina-rubio\/","og_locale":"es_ES","og_type":"article","og_title":"Concejala Mar\u00eda Catalina Rubio","og_description":"Conozcamos a Mar\u00eda Catalina Rubio, despu\u00e9s de cuatro a\u00f1os se refiere a su labor y las razones por las cuales se presenta a la reelecci\u00f3n","og_url":"https:\/\/lareinanews.cl\/noticias\/index.php\/2021\/05\/11\/concejala-maria-catalina-rubio\/","og_site_name":"Noticias La Reina","article_publisher":"https:\/\/www.facebook.com\/LaReinaNews","article_published_time":"2021-05-11T18:18:48+00:00","article_modified_time":"2021-05-12T00:50:16+00:00","og_image":[{"width":650,"height":490,"url":"https:\/\/lareinanews.cl\/noticias\/wp-content\/uploads\/2021\/05\/cata0.png","type":"image\/png"}],"author":"J M Doren","twitter_card":"summary_large_image","twitter_creator":"@jmdoren","twitter_misc":{"Escrito por":"J M Doren","Tiempo de lectura":"16 minutos"},"schema":{"@context":"https:\/\/schema.org","@graph":[{"@type":"Article","@id":"https:\/\/lareinanews.cl\/noticias\/index.php\/2021\/05\/11\/concejala-maria-catalina-rubio\/#article","isPartOf":{"@id":"https:\/\/lareinanews.cl\/noticias\/index.php\/2021\/05\/11\/concejala-maria-catalina-rubio\/"},"author":{"name":"J M Doren","@id":"https:\/\/lareinanews.cl\/noticias\/#\/schema\/person\/c697b5a3c8bc9dd1d94222e2d58209ed"},"headline":"Concejala Mar\u00eda Catalina Rubio","datePublished":"2021-05-11T18:18:48+00:00","dateModified":"2021-05-12T00:50:16+00:00","mainEntityOfPage":{"@id":"https:\/\/lareinanews.cl\/noticias\/index.php\/2021\/05\/11\/concejala-maria-catalina-rubio\/"},"wordCount":3363,"commentCount":0,"publisher":{"@id":"https:\/\/lareinanews.cl\/noticias\/#organization"},"image":{"@id":"https:\/\/lareinanews.cl\/noticias\/index.php\/2021\/05\/11\/concejala-maria-catalina-rubio\/#primaryimage"},"thumbnailUrl":"https:\/\/lareinanews.cl\/noticias\/wp-content\/uploads\/2021\/05\/cata0.png","keywords":["concejales","elecciones","la reina","Mar\u00eda Catalina Rubio"],"articleSection":["Candidatos a Concejal 2021","Concejo Municipal","Conoci\u00e9ndonos","Destacados","Elecciones","Entrevista","La Reina"],"inLanguage":"es","potentialAction":[{"@type":"CommentAction","name":"Comment","target":["https:\/\/lareinanews.cl\/noticias\/index.php\/2021\/05\/11\/concejala-maria-catalina-rubio\/#respond"]}]},{"@type":"WebPage","@id":"https:\/\/lareinanews.cl\/noticias\/index.php\/2021\/05\/11\/concejala-maria-catalina-rubio\/","url":"https:\/\/lareinanews.cl\/noticias\/index.php\/2021\/05\/11\/concejala-maria-catalina-rubio\/","name":"Concejala Mar\u00eda Catalina Rubio","isPartOf":{"@id":"https:\/\/lareinanews.cl\/noticias\/#website"},"primaryImageOfPage":{"@id":"https:\/\/lareinanews.cl\/noticias\/index.php\/2021\/05\/11\/concejala-maria-catalina-rubio\/#primaryimage"},"image":{"@id":"https:\/\/lareinanews.cl\/noticias\/index.php\/2021\/05\/11\/concejala-maria-catalina-rubio\/#primaryimage"},"thumbnailUrl":"https:\/\/lareinanews.cl\/noticias\/wp-content\/uploads\/2021\/05\/cata0.png","datePublished":"2021-05-11T18:18:48+00:00","dateModified":"2021-05-12T00:50:16+00:00","description":"Conozcamos a Mar\u00eda Catalina Rubio, despu\u00e9s de cuatro a\u00f1os se refiere a su labor y las razones por las cuales se presenta a la reelecci\u00f3n","breadcrumb":{"@id":"https:\/\/lareinanews.cl\/noticias\/index.php\/2021\/05\/11\/concejala-maria-catalina-rubio\/#breadcrumb"},"inLanguage":"es","potentialAction":[{"@type":"ReadAction","target":["https:\/\/lareinanews.cl\/noticias\/index.php\/2021\/05\/11\/concejala-maria-catalina-rubio\/"]}]},{"@type":"ImageObject","inLanguage":"es","@id":"https:\/\/lareinanews.cl\/noticias\/index.php\/2021\/05\/11\/concejala-maria-catalina-rubio\/#primaryimage","url":"https:\/\/lareinanews.cl\/noticias\/wp-content\/uploads\/2021\/05\/cata0.png","contentUrl":"https:\/\/lareinanews.cl\/noticias\/wp-content\/uploads\/2021\/05\/cata0.png","width":650,"height":490},{"@type":"BreadcrumbList","@id":"https:\/\/lareinanews.cl\/noticias\/index.php\/2021\/05\/11\/concejala-maria-catalina-rubio\/#breadcrumb","itemListElement":[{"@type":"ListItem","position":1,"name":"Inicio","item":"https:\/\/lareinanews.cl\/noticias\/"},{"@type":"ListItem","position":2,"name":"Concejala Mar\u00eda Catalina Rubio"}]},{"@type":"WebSite","@id":"https:\/\/lareinanews.cl\/noticias\/#website","url":"https:\/\/lareinanews.cl\/noticias\/","name":"Noticias La Reina","description":"LaReina.news","publisher":{"@id":"https:\/\/lareinanews.cl\/noticias\/#organization"},"potentialAction":[{"@type":"SearchAction","target":{"@type":"EntryPoint","urlTemplate":"https:\/\/lareinanews.cl\/noticias\/?s={search_term_string}"},"query-input":{"@type":"PropertyValueSpecification","valueRequired":true,"valueName":"search_term_string"}}],"inLanguage":"es"},{"@type":"Organization","@id":"https:\/\/lareinanews.cl\/noticias\/#organization","name":"La Reina.news Peri\u00f3dico comunal de La Reina","url":"https:\/\/lareinanews.cl\/noticias\/","logo":{"@type":"ImageObject","inLanguage":"es","@id":"https:\/\/lareinanews.cl\/noticias\/#\/schema\/logo\/image\/","url":"https:\/\/lareinanews.cl\/noticias\/wp-content\/uploads\/2020\/04\/logo_schema.png","contentUrl":"https:\/\/lareinanews.cl\/noticias\/wp-content\/uploads\/2020\/04\/logo_schema.png","width":640,"height":360,"caption":"La Reina.news Peri\u00f3dico comunal de La Reina"},"image":{"@id":"https:\/\/lareinanews.cl\/noticias\/#\/schema\/logo\/image\/"},"sameAs":["https:\/\/www.facebook.com\/LaReinaNews","https:\/\/www.instagram.com\/lareinanews\/"]},{"@type":"Person","@id":"https:\/\/lareinanews.cl\/noticias\/#\/schema\/person\/c697b5a3c8bc9dd1d94222e2d58209ed","name":"J M Doren","image":{"@type":"ImageObject","inLanguage":"es","@id":"https:\/\/lareinanews.cl\/noticias\/#\/schema\/person\/image\/","url":"http:\/\/lareina.news\/noticias\/wp-content\/uploads\/2019\/09\/avatar_user_1_1569272876-96x96.png","contentUrl":"http:\/\/lareina.news\/noticias\/wp-content\/uploads\/2019\/09\/avatar_user_1_1569272876-96x96.png","caption":"J M Doren"},"description":"Soy ingeniero en inform\u00e1tica, interesado en las humanidades. Fundador y director de La Reina.news y otros medios electr\u00f3nicos. Creo profundamente en que si dejamos de pensar y cuestionar(nos) no hay nada que nos diferencie de los primates. jmdoren@ok.cl Sitios de mi autor&iacute;a","sameAs":["https:\/\/www.ok.cl\/","https:\/\/x.com\/@jmdoren"],"url":"https:\/\/lareinanews.cl\/noticias\/index.php\/author\/jmdoren\/"}]}},"_links":{"self":[{"href":"https:\/\/lareinanews.cl\/noticias\/index.php\/wp-json\/wp\/v2\/posts\/4995","targetHints":{"allow":["GET"]}}],"collection":[{"href":"https:\/\/lareinanews.cl\/noticias\/index.php\/wp-json\/wp\/v2\/posts"}],"about":[{"href":"https:\/\/lareinanews.cl\/noticias\/index.php\/wp-json\/wp\/v2\/types\/post"}],"author":[{"embeddable":true,"href":"https:\/\/lareinanews.cl\/noticias\/index.php\/wp-json\/wp\/v2\/users\/1"}],"replies":[{"embeddable":true,"href":"https:\/\/lareinanews.cl\/noticias\/index.php\/wp-json\/wp\/v2\/comments?post=4995"}],"version-history":[{"count":13,"href":"https:\/\/lareinanews.cl\/noticias\/index.php\/wp-json\/wp\/v2\/posts\/4995\/revisions"}],"predecessor-version":[{"id":5023,"href":"https:\/\/lareinanews.cl\/noticias\/index.php\/wp-json\/wp\/v2\/posts\/4995\/revisions\/5023"}],"wp:featuredmedia":[{"embeddable":true,"href":"https:\/\/lareinanews.cl\/noticias\/index.php\/wp-json\/wp\/v2\/media\/5017"}],"wp:attachment":[{"href":"https:\/\/lareinanews.cl\/noticias\/index.php\/wp-json\/wp\/v2\/media?parent=4995"}],"wp:term":[{"taxonomy":"category","embeddable":true,"href":"https:\/\/lareinanews.cl\/noticias\/index.php\/wp-json\/wp\/v2\/categories?post=4995"},{"taxonomy":"post_tag","embeddable":true,"href":"https:\/\/lareinanews.cl\/noticias\/index.php\/wp-json\/wp\/v2\/tags?post=4995"}],"curies":[{"name":"wp","href":"https:\/\/api.w.org\/{rel}","templated":true}]}}