{"id":4948,"date":"2021-05-06T02:23:41","date_gmt":"2021-05-06T05:23:41","guid":{"rendered":"https:\/\/lareina.news\/noticias\/?p=4948"},"modified":"2021-05-06T02:33:26","modified_gmt":"2021-05-06T05:33:26","slug":"sobre-el-titular-de-los-pocos-muertos","status":"publish","type":"post","link":"https:\/\/lareinanews.cl\/noticias\/index.php\/2021\/05\/06\/sobre-el-titular-de-los-pocos-muertos\/","title":{"rendered":"Sobre el titular de los pocos muertos"},"content":{"rendered":"<p>El d\u00eda de ayer el medio <a href=\"https:\/\/kardumen.cl\/nacional\/alcalde-palacios-cree-que-mataron-poco-y-justificadamente\/\" target=\"_blank\" rel=\"noopener\">Kardumen<\/a> public\u00f3 art\u00edculo titulado \u00ab<a href=\"https:\/\/kardumen.cl\/nacional\/alcalde-palacios-cree-que-mataron-poco-y-justificadamente\/\" target=\"_blank\" rel=\"noopener\">Alcalde Palacios cree que Mataron poco y Justificadamente<\/a>\u00ab, este incluye\u00a0un v\u00eddeo en donde se muestra al alcalde de La Reina, (ahora actuando como candidato de la UDI a la reelecci\u00f3n), increpado por un vecino y refiri\u00e9ndose a el estallido social y las violaciones de\u00a0 los derechos humanos que se habr\u00edan cometido en esas jornadas. Por cosiderar relevante conocer la opini\u00f3n de la autoridad m\u00e1xima de la comuna en temas tan trascendentales para la naci\u00f3n <a href=\"\/noticias\/index.php\/2021\/05\/05\/al-ser-increpado-el-alcalde-dice-que-los-muertos-en-el-levantamiento-social-son-siete\/\">reproduje parte de la informaci\u00f3n<\/a> en este medio.<\/p>\n<p>Tal vez no se entendi\u00f3 el titular que expresaba que el se\u00f1or Palacios dec\u00eda que los muertos \u00abson pocos\u00bb, por eso me hago el deber en aclarar que textualmente dijo que son siete (ya correg\u00ed el titular porque me pareci\u00f3 lo correcto). El adjetivo de \u00abpocos\u00bb puede haber confundido a quienes no vieron el v\u00eddeo hac\u00ed\u00e9ndolos pensar que quiso decir algo como \u00abdeb\u00edan haber sido m\u00e1s\u00bb. No me extender\u00e9 en el punto porque conf\u00edo en que los lectores de LaReina.news conocen las cifras oficiales y podr\u00e1n hacer su propio juicio al ver el v\u00eddeo.<\/p>\n<p>Sin embargo las diferentes reacciones me llevan a reflexionar sobre la oportunidad de la nota y como fue obtenida esta declaraci\u00f3n.<\/p>\n<h3>\u00bfEmboscaron al candidato?<\/h3>\n<figure id=\"attachment_4961\" aria-describedby=\"caption-attachment-4961\" style=\"width: 136px\" class=\"wp-caption alignright\"><a href=\"https:\/\/s.lareina.news\/i\/2021\/05\/campanapublica.jpg\"><img loading=\"lazy\" decoding=\"async\" class=\"wp-image-4961\" src=\"https:\/\/s.lareina.news\/i\/2021\/05\/campanapublica-300x300.jpg\" alt=\"\" width=\"136\" height=\"136\" srcset=\"https:\/\/lareinanews.cl\/noticias\/wp-content\/uploads\/2021\/05\/campanapublica-300x300.jpg 300w, https:\/\/lareinanews.cl\/noticias\/wp-content\/uploads\/2021\/05\/campanapublica-150x150.jpg 150w, https:\/\/lareinanews.cl\/noticias\/wp-content\/uploads\/2021\/05\/campanapublica.jpg 400w\" sizes=\"auto, (max-width: 136px) 100vw, 136px\" \/><\/a><figcaption id=\"caption-attachment-4961\" class=\"wp-caption-text\">Las campa\u00f1as p\u00fablicas deben informar mediante un di\u00e1logo<\/figcaption><\/figure>\n<p>Sobre la forma que algunos llamaron provocaci\u00f3n o emboscada lo cierto es que se trataba de un candidato pol\u00edtico que de motu proprio se acerca a un veh\u00edculo particular, no a preguntar por una direcci\u00f3n o a comentar el tiempo, sino a entablar una conversaci\u00f3n pol\u00edtica donde el punto central es justamente conocer las ideas del candidato. En ese contexto cualquier pregunta sobre ese tema no s\u00f3lo es apropiada, sino que es alentada por la mera acci\u00f3n de acercarse a entablar una conversaci\u00f3n sobre esa tem\u00e1tica. El se\u00f1or Palacios es vicepresidente de su partido, fue concejal y ha sido alcalde por m\u00e1s de cuatro a\u00f1os, por lo que no estamos hablando de un inexperto en entablar conversaciones pol\u00edticas, por lo que lo que haya dicho es responsabilidad de \u00e9l sostenerlo, aclararlo o hacer lo que estime conveniente y no de este medio interpretarlo o censurarlo.<\/p>\n<h3><\/h3>\n<h3><\/h3>\n<h3>\u00bfSe viol\u00f3 la privacidad del candidato?<\/h3>\n<figure id=\"attachment_4959\" aria-describedby=\"caption-attachment-4959\" style=\"width: 300px\" class=\"wp-caption alignright\"><a href=\"https:\/\/s.lareina.news\/i\/2021\/05\/PalaciosVacunacion.png\"><img loading=\"lazy\" decoding=\"async\" class=\"wp-image-4959 size-full\" src=\"https:\/\/s.lareina.news\/i\/2021\/05\/PalaciosVacunacion.png\" alt=\"\" width=\"300\" height=\"191\" \/><\/a><figcaption id=\"caption-attachment-4959\" class=\"wp-caption-text\">El alcalde Palacios publica habitualmente sus actividades incluso cuando no son en el espacio p\u00fablico<\/figcaption><\/figure>\n<p>Sobre la grabaci\u00f3n de la conversaci\u00f3n, la pregunta es si exist\u00eda una expectativa razonable de privacidad en la v\u00eda p\u00fablica en una actividad p\u00fablica. Y la mera repetici\u00f3n de la palabra \u00abp\u00fablica\u00bb en al oraci\u00f3n anterior responde que esa expectativa no era razonable. Pero a\u00fan m\u00e1s si vemos que el candidato en su rol de alcalde fue invitado habitual a la televisi\u00f3n, que en sus redes sociales public\u00f3 habitualmente actividades con vecinos y que hoy como candidato hace lo mismo con sus actividades de campa\u00f1a. El se\u00f1or Palacios ha cultivado un perfil medi\u00e1tico y el ser fotograf\u00edado y grabado (por simpatizantes o contrarios) en el espacio p\u00fablico es parte de voluntariamente estar presente en los medios masivos.<\/p>\n<h3>\u00bfEs noticia lo que dijo el alcalde?<\/h3>\n<p>Quisiera que no lo fuese y que su pensamiento fuese m\u00e1s ampliamente conocido, pero hasta el momento <strong><a href=\"https:\/\/twitter.com\/saracampos\/status\/1389301879813902336\" target=\"_blank\" rel=\"noopener\">no ha existido ning\u00fan debate<\/a><\/strong> donde sus ideas se puedan contrastar con los de la candidata Sara Campos. Lamentamos que no exista eso y que debamos enterarnos de su pensar por una grabaci\u00f3n no planeada de un vecino que hizo las preguntas inc\u00f3modas que son tan necesarias al momento de elegir una autoridad.<\/p>\n<h3>\u00bfEs LaReina.news el brazo de la otra candidatura?<\/h3>\n<p>No entendemos como publicar un v\u00eddeo para que las personas se formen su opini\u00f3n puede ser considerado una actividad en contra o en favor de una candidatura. Este medio ha estado dispuesto a publicar la opini\u00f3n de todos los vecinos y actores que tengan algo relevante que decir a la comunidad. Les invitamos a leer las columnas y comprobar que hemos y seguiremos estando abiertos a publicar la opini\u00f3n de quien quiera expresarla, m\u00e1s all\u00e1 si es pol\u00edtica o no, o si se trata de alguna autoridad vinculada a alg\u00fan partido pol\u00edtico o no. Pero estamos acostumbrados a que se nos acuse de \u00abfachos\u00bb o \u00abzurdos\u00bb seg\u00fan a quien moleste lo que publicamos. Creemos en la libertad de expresi\u00f3n y en la necesidad de estar bien informado y por lo mismo seguiremos procurando entregar la informaci\u00f3n de la forma m\u00e1s objetiva que podamos. \u00bfQu\u00e9 m\u00e1s objetivo que presentar un v\u00eddeo sin edici\u00f3n? S\u00ed no ha visto el v\u00eddeo lo invitamos a hacerse su propia opini\u00f3n, y sobra decir que cualquier declaraci\u00f3n del candidato Palacios estamos dispuestos a publicarla de una forma tanto o m\u00e1s destacada que la <strong><a href=\"\/noticias\/index.php\/2021\/05\/05\/al-ser-increpado-el-alcalde-dice-que-los-muertos-en-el-levantamiento-social-son-siete\/\">nota anterior<\/a><\/strong>.<\/p>\n<p><iframe loading=\"lazy\" title=\"palacios justifica violaciones a ddhh\" width=\"500\" height=\"281\" src=\"https:\/\/www.youtube.com\/embed\/qA4YjzUZ60M?start=3&#038;feature=oembed\" frameborder=\"0\" allow=\"accelerometer; autoplay; clipboard-write; encrypted-media; gyroscope; picture-in-picture; web-share\" referrerpolicy=\"strict-origin-when-cross-origin\" allowfullscreen><\/iframe><\/p>\n","protected":false},"excerpt":{"rendered":"<div class=\"mh-excerpt\"><p>El d\u00eda de ayer el medio Kardumen public\u00f3 art\u00edculo titulado \u00abAlcalde Palacios cree que Mataron poco y Justificadamente\u00ab, este incluye\u00a0un v\u00eddeo en donde se muestra al alcalde de La Reina, (ahora actuando como candidato de <a class=\"mh-excerpt-more\" href=\"https:\/\/lareinanews.cl\/noticias\/index.php\/2021\/05\/06\/sobre-el-titular-de-los-pocos-muertos\/\" title=\"Sobre el titular de los pocos muertos\">[&#8230;]<\/a><\/p>\n<\/div>","protected":false},"author":1,"featured_media":4958,"comment_status":"open","ping_status":"closed","sticky":false,"template":"","format":"standard","meta":{"_acf_changed":false,"footnotes":""},"categories":[191,18,31,2],"tags":[],"class_list":{"0":"post-4948","1":"post","2":"type-post","3":"status-publish","4":"format-standard","5":"has-post-thumbnail","7":"category-alcalde","8":"category-columnas","9":"category-destacados","10":"category-comuna"},"acf":[],"yoast_head":"<!-- This site is optimized with the Yoast SEO plugin v27.1.1 - https:\/\/yoast.com\/product\/yoast-seo-wordpress\/ -->\n<title>Sobre el titular de los pocos muertos<\/title>\n<meta name=\"description\" content=\"Sobre el art\u00edculo sobre el pensamiento del candidato Jos\u00e9 Manuel Palacios a la alcald\u00eda de La Reina y referidas a el etallido social.\" \/>\n<meta name=\"robots\" content=\"index, follow, max-snippet:-1, max-image-preview:large, max-video-preview:-1\" \/>\n<link rel=\"canonical\" href=\"https:\/\/lareinanews.cl\/noticias\/index.php\/2021\/05\/06\/sobre-el-titular-de-los-pocos-muertos\/\" \/>\n<meta property=\"og:locale\" content=\"es_ES\" \/>\n<meta property=\"og:type\" content=\"article\" \/>\n<meta property=\"og:title\" content=\"Sobre el titular de los pocos muertos\" \/>\n<meta property=\"og:description\" content=\"Sobre el art\u00edculo sobre el pensamiento del candidato Jos\u00e9 Manuel Palacios a la alcald\u00eda de La Reina y referidas a el etallido social.\" \/>\n<meta property=\"og:url\" content=\"https:\/\/lareinanews.cl\/noticias\/index.php\/2021\/05\/06\/sobre-el-titular-de-los-pocos-muertos\/\" \/>\n<meta property=\"og:site_name\" content=\"Noticias La Reina\" \/>\n<meta property=\"article:publisher\" content=\"https:\/\/www.facebook.com\/LaReinaNews\" \/>\n<meta property=\"article:published_time\" content=\"2021-05-06T05:23:41+00:00\" \/>\n<meta property=\"article:modified_time\" content=\"2021-05-06T05:33:26+00:00\" \/>\n<meta property=\"og:image\" content=\"https:\/\/lareinanews.cl\/noticias\/wp-content\/uploads\/2021\/05\/JoseManuelPalaciosLaReina.png\" \/>\n\t<meta property=\"og:image:width\" content=\"650\" \/>\n\t<meta property=\"og:image:height\" content=\"490\" \/>\n\t<meta property=\"og:image:type\" content=\"image\/png\" \/>\n<meta name=\"author\" content=\"J M Doren\" \/>\n<meta name=\"twitter:card\" content=\"summary_large_image\" \/>\n<meta name=\"twitter:creator\" content=\"@jmdoren\" \/>\n<meta name=\"twitter:label1\" content=\"Escrito por\" \/>\n\t<meta name=\"twitter:data1\" content=\"J M Doren\" \/>\n\t<meta name=\"twitter:label2\" content=\"Tiempo de lectura\" \/>\n\t<meta name=\"twitter:data2\" content=\"4 minutos\" \/>\n<script type=\"application\/ld+json\" class=\"yoast-schema-graph\">{\"@context\":\"https:\/\/schema.org\",\"@graph\":[{\"@type\":\"Article\",\"@id\":\"https:\/\/lareinanews.cl\/noticias\/index.php\/2021\/05\/06\/sobre-el-titular-de-los-pocos-muertos\/#article\",\"isPartOf\":{\"@id\":\"https:\/\/lareinanews.cl\/noticias\/index.php\/2021\/05\/06\/sobre-el-titular-de-los-pocos-muertos\/\"},\"author\":{\"name\":\"J M Doren\",\"@id\":\"https:\/\/lareinanews.cl\/noticias\/#\/schema\/person\/c697b5a3c8bc9dd1d94222e2d58209ed\"},\"headline\":\"Sobre el titular de los pocos muertos\",\"datePublished\":\"2021-05-06T05:23:41+00:00\",\"dateModified\":\"2021-05-06T05:33:26+00:00\",\"mainEntityOfPage\":{\"@id\":\"https:\/\/lareinanews.cl\/noticias\/index.php\/2021\/05\/06\/sobre-el-titular-de-los-pocos-muertos\/\"},\"wordCount\":890,\"commentCount\":0,\"publisher\":{\"@id\":\"https:\/\/lareinanews.cl\/noticias\/#organization\"},\"image\":{\"@id\":\"https:\/\/lareinanews.cl\/noticias\/index.php\/2021\/05\/06\/sobre-el-titular-de-los-pocos-muertos\/#primaryimage\"},\"thumbnailUrl\":\"https:\/\/lareinanews.cl\/noticias\/wp-content\/uploads\/2021\/05\/JoseManuelPalaciosLaReina.png\",\"articleSection\":[\"Alcalde\",\"Columnas\",\"Destacados\",\"La Reina\"],\"inLanguage\":\"es\",\"potentialAction\":[{\"@type\":\"CommentAction\",\"name\":\"Comment\",\"target\":[\"https:\/\/lareinanews.cl\/noticias\/index.php\/2021\/05\/06\/sobre-el-titular-de-los-pocos-muertos\/#respond\"]}]},{\"@type\":\"WebPage\",\"@id\":\"https:\/\/lareinanews.cl\/noticias\/index.php\/2021\/05\/06\/sobre-el-titular-de-los-pocos-muertos\/\",\"url\":\"https:\/\/lareinanews.cl\/noticias\/index.php\/2021\/05\/06\/sobre-el-titular-de-los-pocos-muertos\/\",\"name\":\"Sobre el titular de los pocos muertos\",\"isPartOf\":{\"@id\":\"https:\/\/lareinanews.cl\/noticias\/#website\"},\"primaryImageOfPage\":{\"@id\":\"https:\/\/lareinanews.cl\/noticias\/index.php\/2021\/05\/06\/sobre-el-titular-de-los-pocos-muertos\/#primaryimage\"},\"image\":{\"@id\":\"https:\/\/lareinanews.cl\/noticias\/index.php\/2021\/05\/06\/sobre-el-titular-de-los-pocos-muertos\/#primaryimage\"},\"thumbnailUrl\":\"https:\/\/lareinanews.cl\/noticias\/wp-content\/uploads\/2021\/05\/JoseManuelPalaciosLaReina.png\",\"datePublished\":\"2021-05-06T05:23:41+00:00\",\"dateModified\":\"2021-05-06T05:33:26+00:00\",\"description\":\"Sobre el art\u00edculo sobre el pensamiento del candidato Jos\u00e9 Manuel Palacios a la alcald\u00eda de La Reina y referidas a el etallido social.\",\"breadcrumb\":{\"@id\":\"https:\/\/lareinanews.cl\/noticias\/index.php\/2021\/05\/06\/sobre-el-titular-de-los-pocos-muertos\/#breadcrumb\"},\"inLanguage\":\"es\",\"potentialAction\":[{\"@type\":\"ReadAction\",\"target\":[\"https:\/\/lareinanews.cl\/noticias\/index.php\/2021\/05\/06\/sobre-el-titular-de-los-pocos-muertos\/\"]}]},{\"@type\":\"ImageObject\",\"inLanguage\":\"es\",\"@id\":\"https:\/\/lareinanews.cl\/noticias\/index.php\/2021\/05\/06\/sobre-el-titular-de-los-pocos-muertos\/#primaryimage\",\"url\":\"https:\/\/lareinanews.cl\/noticias\/wp-content\/uploads\/2021\/05\/JoseManuelPalaciosLaReina.png\",\"contentUrl\":\"https:\/\/lareinanews.cl\/noticias\/wp-content\/uploads\/2021\/05\/JoseManuelPalaciosLaReina.png\",\"width\":650,\"height\":490},{\"@type\":\"BreadcrumbList\",\"@id\":\"https:\/\/lareinanews.cl\/noticias\/index.php\/2021\/05\/06\/sobre-el-titular-de-los-pocos-muertos\/#breadcrumb\",\"itemListElement\":[{\"@type\":\"ListItem\",\"position\":1,\"name\":\"Inicio\",\"item\":\"https:\/\/lareinanews.cl\/noticias\/\"},{\"@type\":\"ListItem\",\"position\":2,\"name\":\"Sobre el titular de los pocos muertos\"}]},{\"@type\":\"WebSite\",\"@id\":\"https:\/\/lareinanews.cl\/noticias\/#website\",\"url\":\"https:\/\/lareinanews.cl\/noticias\/\",\"name\":\"Noticias La Reina\",\"description\":\"LaReina.news\",\"publisher\":{\"@id\":\"https:\/\/lareinanews.cl\/noticias\/#organization\"},\"potentialAction\":[{\"@type\":\"SearchAction\",\"target\":{\"@type\":\"EntryPoint\",\"urlTemplate\":\"https:\/\/lareinanews.cl\/noticias\/?s={search_term_string}\"},\"query-input\":{\"@type\":\"PropertyValueSpecification\",\"valueRequired\":true,\"valueName\":\"search_term_string\"}}],\"inLanguage\":\"es\"},{\"@type\":\"Organization\",\"@id\":\"https:\/\/lareinanews.cl\/noticias\/#organization\",\"name\":\"La Reina.news Peri\u00f3dico comunal de La Reina\",\"url\":\"https:\/\/lareinanews.cl\/noticias\/\",\"logo\":{\"@type\":\"ImageObject\",\"inLanguage\":\"es\",\"@id\":\"https:\/\/lareinanews.cl\/noticias\/#\/schema\/logo\/image\/\",\"url\":\"https:\/\/lareinanews.cl\/noticias\/wp-content\/uploads\/2020\/04\/logo_schema.png\",\"contentUrl\":\"https:\/\/lareinanews.cl\/noticias\/wp-content\/uploads\/2020\/04\/logo_schema.png\",\"width\":640,\"height\":360,\"caption\":\"La Reina.news Peri\u00f3dico comunal de La Reina\"},\"image\":{\"@id\":\"https:\/\/lareinanews.cl\/noticias\/#\/schema\/logo\/image\/\"},\"sameAs\":[\"https:\/\/www.facebook.com\/LaReinaNews\",\"https:\/\/www.instagram.com\/lareinanews\/\"]},{\"@type\":\"Person\",\"@id\":\"https:\/\/lareinanews.cl\/noticias\/#\/schema\/person\/c697b5a3c8bc9dd1d94222e2d58209ed\",\"name\":\"J M Doren\",\"image\":{\"@type\":\"ImageObject\",\"inLanguage\":\"es\",\"@id\":\"https:\/\/lareinanews.cl\/noticias\/#\/schema\/person\/image\/\",\"url\":\"http:\/\/lareina.news\/noticias\/wp-content\/uploads\/2019\/09\/avatar_user_1_1569272876-96x96.png\",\"contentUrl\":\"http:\/\/lareina.news\/noticias\/wp-content\/uploads\/2019\/09\/avatar_user_1_1569272876-96x96.png\",\"caption\":\"J M Doren\"},\"description\":\"Soy ingeniero en inform\u00e1tica, interesado en las humanidades. Fundador y director de La Reina.news y otros medios electr\u00f3nicos. Creo profundamente en que si dejamos de pensar y cuestionar(nos) no hay nada que nos diferencie de los primates. jmdoren@ok.cl Sitios de mi autor&iacute;a\",\"sameAs\":[\"https:\/\/www.ok.cl\/\",\"https:\/\/x.com\/@jmdoren\"],\"url\":\"https:\/\/lareinanews.cl\/noticias\/index.php\/author\/jmdoren\/\"}]}<\/script>\n<!-- \/ Yoast SEO plugin. -->","yoast_head_json":{"title":"Sobre el titular de los pocos muertos","description":"Sobre el art\u00edculo sobre el pensamiento del candidato Jos\u00e9 Manuel Palacios a la alcald\u00eda de La Reina y referidas a el etallido social.","robots":{"index":"index","follow":"follow","max-snippet":"max-snippet:-1","max-image-preview":"max-image-preview:large","max-video-preview":"max-video-preview:-1"},"canonical":"https:\/\/lareinanews.cl\/noticias\/index.php\/2021\/05\/06\/sobre-el-titular-de-los-pocos-muertos\/","og_locale":"es_ES","og_type":"article","og_title":"Sobre el titular de los pocos muertos","og_description":"Sobre el art\u00edculo sobre el pensamiento del candidato Jos\u00e9 Manuel Palacios a la alcald\u00eda de La Reina y referidas a el etallido social.","og_url":"https:\/\/lareinanews.cl\/noticias\/index.php\/2021\/05\/06\/sobre-el-titular-de-los-pocos-muertos\/","og_site_name":"Noticias La Reina","article_publisher":"https:\/\/www.facebook.com\/LaReinaNews","article_published_time":"2021-05-06T05:23:41+00:00","article_modified_time":"2021-05-06T05:33:26+00:00","og_image":[{"width":650,"height":490,"url":"https:\/\/lareinanews.cl\/noticias\/wp-content\/uploads\/2021\/05\/JoseManuelPalaciosLaReina.png","type":"image\/png"}],"author":"J M Doren","twitter_card":"summary_large_image","twitter_creator":"@jmdoren","twitter_misc":{"Escrito por":"J M Doren","Tiempo de lectura":"4 minutos"},"schema":{"@context":"https:\/\/schema.org","@graph":[{"@type":"Article","@id":"https:\/\/lareinanews.cl\/noticias\/index.php\/2021\/05\/06\/sobre-el-titular-de-los-pocos-muertos\/#article","isPartOf":{"@id":"https:\/\/lareinanews.cl\/noticias\/index.php\/2021\/05\/06\/sobre-el-titular-de-los-pocos-muertos\/"},"author":{"name":"J M Doren","@id":"https:\/\/lareinanews.cl\/noticias\/#\/schema\/person\/c697b5a3c8bc9dd1d94222e2d58209ed"},"headline":"Sobre el titular de los pocos muertos","datePublished":"2021-05-06T05:23:41+00:00","dateModified":"2021-05-06T05:33:26+00:00","mainEntityOfPage":{"@id":"https:\/\/lareinanews.cl\/noticias\/index.php\/2021\/05\/06\/sobre-el-titular-de-los-pocos-muertos\/"},"wordCount":890,"commentCount":0,"publisher":{"@id":"https:\/\/lareinanews.cl\/noticias\/#organization"},"image":{"@id":"https:\/\/lareinanews.cl\/noticias\/index.php\/2021\/05\/06\/sobre-el-titular-de-los-pocos-muertos\/#primaryimage"},"thumbnailUrl":"https:\/\/lareinanews.cl\/noticias\/wp-content\/uploads\/2021\/05\/JoseManuelPalaciosLaReina.png","articleSection":["Alcalde","Columnas","Destacados","La Reina"],"inLanguage":"es","potentialAction":[{"@type":"CommentAction","name":"Comment","target":["https:\/\/lareinanews.cl\/noticias\/index.php\/2021\/05\/06\/sobre-el-titular-de-los-pocos-muertos\/#respond"]}]},{"@type":"WebPage","@id":"https:\/\/lareinanews.cl\/noticias\/index.php\/2021\/05\/06\/sobre-el-titular-de-los-pocos-muertos\/","url":"https:\/\/lareinanews.cl\/noticias\/index.php\/2021\/05\/06\/sobre-el-titular-de-los-pocos-muertos\/","name":"Sobre el titular de los pocos muertos","isPartOf":{"@id":"https:\/\/lareinanews.cl\/noticias\/#website"},"primaryImageOfPage":{"@id":"https:\/\/lareinanews.cl\/noticias\/index.php\/2021\/05\/06\/sobre-el-titular-de-los-pocos-muertos\/#primaryimage"},"image":{"@id":"https:\/\/lareinanews.cl\/noticias\/index.php\/2021\/05\/06\/sobre-el-titular-de-los-pocos-muertos\/#primaryimage"},"thumbnailUrl":"https:\/\/lareinanews.cl\/noticias\/wp-content\/uploads\/2021\/05\/JoseManuelPalaciosLaReina.png","datePublished":"2021-05-06T05:23:41+00:00","dateModified":"2021-05-06T05:33:26+00:00","description":"Sobre el art\u00edculo sobre el pensamiento del candidato Jos\u00e9 Manuel Palacios a la alcald\u00eda de La Reina y referidas a el etallido social.","breadcrumb":{"@id":"https:\/\/lareinanews.cl\/noticias\/index.php\/2021\/05\/06\/sobre-el-titular-de-los-pocos-muertos\/#breadcrumb"},"inLanguage":"es","potentialAction":[{"@type":"ReadAction","target":["https:\/\/lareinanews.cl\/noticias\/index.php\/2021\/05\/06\/sobre-el-titular-de-los-pocos-muertos\/"]}]},{"@type":"ImageObject","inLanguage":"es","@id":"https:\/\/lareinanews.cl\/noticias\/index.php\/2021\/05\/06\/sobre-el-titular-de-los-pocos-muertos\/#primaryimage","url":"https:\/\/lareinanews.cl\/noticias\/wp-content\/uploads\/2021\/05\/JoseManuelPalaciosLaReina.png","contentUrl":"https:\/\/lareinanews.cl\/noticias\/wp-content\/uploads\/2021\/05\/JoseManuelPalaciosLaReina.png","width":650,"height":490},{"@type":"BreadcrumbList","@id":"https:\/\/lareinanews.cl\/noticias\/index.php\/2021\/05\/06\/sobre-el-titular-de-los-pocos-muertos\/#breadcrumb","itemListElement":[{"@type":"ListItem","position":1,"name":"Inicio","item":"https:\/\/lareinanews.cl\/noticias\/"},{"@type":"ListItem","position":2,"name":"Sobre el titular de los pocos muertos"}]},{"@type":"WebSite","@id":"https:\/\/lareinanews.cl\/noticias\/#website","url":"https:\/\/lareinanews.cl\/noticias\/","name":"Noticias La Reina","description":"LaReina.news","publisher":{"@id":"https:\/\/lareinanews.cl\/noticias\/#organization"},"potentialAction":[{"@type":"SearchAction","target":{"@type":"EntryPoint","urlTemplate":"https:\/\/lareinanews.cl\/noticias\/?s={search_term_string}"},"query-input":{"@type":"PropertyValueSpecification","valueRequired":true,"valueName":"search_term_string"}}],"inLanguage":"es"},{"@type":"Organization","@id":"https:\/\/lareinanews.cl\/noticias\/#organization","name":"La Reina.news Peri\u00f3dico comunal de La Reina","url":"https:\/\/lareinanews.cl\/noticias\/","logo":{"@type":"ImageObject","inLanguage":"es","@id":"https:\/\/lareinanews.cl\/noticias\/#\/schema\/logo\/image\/","url":"https:\/\/lareinanews.cl\/noticias\/wp-content\/uploads\/2020\/04\/logo_schema.png","contentUrl":"https:\/\/lareinanews.cl\/noticias\/wp-content\/uploads\/2020\/04\/logo_schema.png","width":640,"height":360,"caption":"La Reina.news Peri\u00f3dico comunal de La Reina"},"image":{"@id":"https:\/\/lareinanews.cl\/noticias\/#\/schema\/logo\/image\/"},"sameAs":["https:\/\/www.facebook.com\/LaReinaNews","https:\/\/www.instagram.com\/lareinanews\/"]},{"@type":"Person","@id":"https:\/\/lareinanews.cl\/noticias\/#\/schema\/person\/c697b5a3c8bc9dd1d94222e2d58209ed","name":"J M Doren","image":{"@type":"ImageObject","inLanguage":"es","@id":"https:\/\/lareinanews.cl\/noticias\/#\/schema\/person\/image\/","url":"http:\/\/lareina.news\/noticias\/wp-content\/uploads\/2019\/09\/avatar_user_1_1569272876-96x96.png","contentUrl":"http:\/\/lareina.news\/noticias\/wp-content\/uploads\/2019\/09\/avatar_user_1_1569272876-96x96.png","caption":"J M Doren"},"description":"Soy ingeniero en inform\u00e1tica, interesado en las humanidades. Fundador y director de La Reina.news y otros medios electr\u00f3nicos. Creo profundamente en que si dejamos de pensar y cuestionar(nos) no hay nada que nos diferencie de los primates. jmdoren@ok.cl Sitios de mi autor&iacute;a","sameAs":["https:\/\/www.ok.cl\/","https:\/\/x.com\/@jmdoren"],"url":"https:\/\/lareinanews.cl\/noticias\/index.php\/author\/jmdoren\/"}]}},"_links":{"self":[{"href":"https:\/\/lareinanews.cl\/noticias\/index.php\/wp-json\/wp\/v2\/posts\/4948","targetHints":{"allow":["GET"]}}],"collection":[{"href":"https:\/\/lareinanews.cl\/noticias\/index.php\/wp-json\/wp\/v2\/posts"}],"about":[{"href":"https:\/\/lareinanews.cl\/noticias\/index.php\/wp-json\/wp\/v2\/types\/post"}],"author":[{"embeddable":true,"href":"https:\/\/lareinanews.cl\/noticias\/index.php\/wp-json\/wp\/v2\/users\/1"}],"replies":[{"embeddable":true,"href":"https:\/\/lareinanews.cl\/noticias\/index.php\/wp-json\/wp\/v2\/comments?post=4948"}],"version-history":[{"count":19,"href":"https:\/\/lareinanews.cl\/noticias\/index.php\/wp-json\/wp\/v2\/posts\/4948\/revisions"}],"predecessor-version":[{"id":4970,"href":"https:\/\/lareinanews.cl\/noticias\/index.php\/wp-json\/wp\/v2\/posts\/4948\/revisions\/4970"}],"wp:featuredmedia":[{"embeddable":true,"href":"https:\/\/lareinanews.cl\/noticias\/index.php\/wp-json\/wp\/v2\/media\/4958"}],"wp:attachment":[{"href":"https:\/\/lareinanews.cl\/noticias\/index.php\/wp-json\/wp\/v2\/media?parent=4948"}],"wp:term":[{"taxonomy":"category","embeddable":true,"href":"https:\/\/lareinanews.cl\/noticias\/index.php\/wp-json\/wp\/v2\/categories?post=4948"},{"taxonomy":"post_tag","embeddable":true,"href":"https:\/\/lareinanews.cl\/noticias\/index.php\/wp-json\/wp\/v2\/tags?post=4948"}],"curies":[{"name":"wp","href":"https:\/\/api.w.org\/{rel}","templated":true}]}}