{"id":4936,"date":"2021-04-27T11:45:36","date_gmt":"2021-04-27T14:45:36","guid":{"rendered":"https:\/\/lareina.news\/noticias\/?p=4936"},"modified":"2021-04-27T11:48:05","modified_gmt":"2021-04-27T14:48:05","slug":"espacio-publico-y-plaza-nueva-delhi","status":"publish","type":"post","link":"https:\/\/lareinanews.cl\/noticias\/index.php\/2021\/04\/27\/espacio-publico-y-plaza-nueva-delhi\/","title":{"rendered":"Espacio P\u00fablico y Plaza Nueva Delhi"},"content":{"rendered":"<p>Queridos vecinos,<\/p>\n<p>A prop\u00f3sito de la <a href=\"\/noticias\/index.php\/2021\/04\/19\/los-skaters-la-plaza-de-mi-ex-y-los-vecinos\/\">pol\u00e9mica que se ha generado por la intervenci\u00f3n de la Plaza Nueva Delhi<\/a>, me gustar\u00eda referirme a dos aspectos: primero al local de la plaza propiamente tal y segundo, al espacio p\u00fablico en su rol de integraci\u00f3n social.<\/p>\n<p>Respecto a la Plaza Nueva Delhi es importante indicar que el \u00f3valo con los saltos para skate fue desarrollado de manera espont\u00e1nea y no corresponde a un dise\u00f1o profesional desarrollado por el Municipio o alguna otra entidad acreditada; sino m\u00e1s bien una suerte de plataforma que se fue improvisando por los j\u00f3venes que practican este deporte. En ese sentido, este espacio serv\u00eda para cubrir la necesidad de los vecinos que quer\u00edan practicar el skate, pero no contaba con las condiciones adecuadas de dise\u00f1o para la seguridad de los j\u00f3venes, ni con el espacio apropiado para ello.<\/p>\n<p>Debido a la escala de barrio del sector, con una plaza de tama\u00f1o medio y viviendas de uno o dos pisos a pocos metros del lugar, los ruidos asociados al deporte se trasformaban en ruidos molestos. Lo anterior, se suma a que algunos j\u00f3venes (y no tan j\u00f3venes), se apropiaron de este espacio para usos distintos a los deportivos o recreativos, como el consumo de alcohol y drogas, el rayado de la plaza entre otras malas pr\u00e1cticas que trajeron inseguridad y deterioro al barrio.<\/p>\n<p>Ciertamente nos enfrentamos a un dilema \u00bfQu\u00e9 es m\u00e1s importante, el derecho a vivir en paz en nuestros hogares, o el libre uso de espacio p\u00fablico? No es un asunto sencillo \u00bfd\u00f3nde encontrar el equilibrio? Yo creo que la libertad de unos limita donde afecta la calidad de vida de otros, en mi opini\u00f3n se debe privilegiar el descanso y seguridad en nuestro espacio m\u00e1s \u00edntimo, que es nuestro hogar.<\/p>\n<p>Hace alg\u00fan tiempo, los vecinos del barrio se acercaron al municipio para exigir se revirtiera el deterioro e\u00a0 inseguridad del sector, impulsando esta intervenci\u00f3n puntual en la plaza. Es entonces que se decidi\u00f3 eliminar cerca\u00a0 de 300 m2 de pavimento del centro del \u00f3valo y retirar las estructuras para la pr\u00e1ctica del skate, transformando el\u00a0 espacio en un lugar para juegos de ni\u00f1os, y consolidando la plaza como un lugar de encuentro familiar enfocado en\u00a0 los m\u00e1s peque\u00f1os. El \u00f3valo exterior se mantiene, conservando el uso para ni\u00f1os que quieran patinar, andar en\u00a0 scooters o bicicletas. En paralelo se ha realizado un proceso de participaci\u00f3n ampliado con los vecinos y usuarios de\u00a0 la plaza, para una renovaci\u00f3n integral de ella, la cual a\u00fan no se ha cerrado por las dificultades de la pandemia.<\/p>\n<p>Como Municipio debemos hacernos cargo de los distintos grupos etarios, por lo cual se est\u00e1 trabajando con los\u00a0 j\u00f3venes que practican skate para dise\u00f1ar y construir un espacio de calidad apropiado para ellos, donde se resguarde\u00a0 la seguridad de los j\u00f3venes y el entorno.<\/p>\n<p>Finalmente me gustar\u00eda reflexionar sobre el rol del espacio p\u00fablico en la sociedad, soy un convencido de que las plazas,\u00a0 los parques y paseos urbanos son fundamentales para construir una sociedad m\u00e1s integrada y feliz, debemos seguir\u00a0 avanzando en el mejoramiento de los espacios p\u00fablicos en todos los sectores de la comuna, mejorando la\u00a0 iluminaci\u00f3n, los mobiliarios p\u00fablicos, los juegos, la accesibilidad universal, la vegetaci\u00f3n, el dise\u00f1o paisaj\u00edstico\u00a0 \u00a0sustentable y la seguridad.<\/p>\n<p>Para los que hemos tenido la oportunidad de viajar a pa\u00edses desarrollados y recorrer sus ciudades, lo que m\u00e1s\u00a0 admiramos, o al menos yo, es la calidad del espacio p\u00fablico, el deporte al aire libre, la vida sana en las calles, parques y plazas que disfrutan todos sus habitantes sin distinci\u00f3n. En La Reina hemos priorizado este tema, intentando ser ejemplo de integraci\u00f3n urbana para la ciudad de Santiago y el pa\u00eds. A nivel nacional debemos avanzar en un desarrollo equitativo de los espacios p\u00fablicos, debemos invertir con fuerza en las comunas m\u00e1s vulnerables. La desigualdad entre los espacios p\u00fablicos de las distintas comunas no es aceptable; estoy seguro que si avanzamos con proyectos como el <a href=\"https:\/\/es.wikipedia.org\/wiki\/Parque_de_la_Familia\" target=\"_blank\" rel=\"noopener\">Parque de la Familia en Quinta Normal<\/a>, en los distintos sectores de la Regi\u00f3n Metropolitana, lograremos ir saneando en gran parte la injusticia en la distribuci\u00f3n de los recursos p\u00fablicos. Para eso necesitamos buenos servidores p\u00fablicos y pol\u00edticos comprometidos a todo nivel, con el bien com\u00fan, con la ciudad y la calidad de vida de sus habitantes.<\/p>\n<p>\u00a1Finalmente todos debi\u00e9semos buscar que los chilenos sean m\u00e1s felices!<\/p>\n<p style=\"text-align: center;\">Concejal Manuel Covarrubias Cerda<br \/>\nArquitecto<\/p>\n","protected":false},"excerpt":{"rendered":"<div class=\"mh-excerpt\"><p>Queridos vecinos, A prop\u00f3sito de la pol\u00e9mica que se ha generado por la intervenci\u00f3n de la Plaza Nueva Delhi, me gustar\u00eda referirme a dos aspectos: primero al local de la plaza propiamente tal y segundo, <a class=\"mh-excerpt-more\" href=\"https:\/\/lareinanews.cl\/noticias\/index.php\/2021\/04\/27\/espacio-publico-y-plaza-nueva-delhi\/\" title=\"Espacio P\u00fablico y Plaza Nueva Delhi\">[&#8230;]<\/a><\/p>\n<\/div>","protected":false},"author":8,"featured_media":4938,"comment_status":"open","ping_status":"closed","sticky":false,"template":"","format":"standard","meta":{"_acf_changed":false,"footnotes":""},"categories":[18,159,316,31,2,249],"tags":[16,322,4,33,22],"class_list":{"0":"post-4936","1":"post","2":"type-post","3":"status-publish","4":"format-standard","5":"has-post-thumbnail","7":"category-columnas","8":"category-concejo-municipal","9":"category-deporte","10":"category-destacados","11":"category-comuna","12":"category-ninos-y-jovenes","13":"tag-concejales","14":"tag-espacio-publico","15":"tag-la-reina","16":"tag-participacion-ciudadana","17":"tag-vecinos"},"acf":[],"yoast_head":"<!-- This site is optimized with the Yoast SEO plugin v27.1.1 - https:\/\/yoast.com\/product\/yoast-seo-wordpress\/ -->\n<title>Espacio P\u00fablico y Plaza Nueva Delhi<\/title>\n<meta name=\"description\" content=\"El concejal y arquitecto Manuel Jos\u00e9 Covarrubias se refiere al uso del espacio p\u00fablico en la comuna de La Reina\" \/>\n<meta name=\"robots\" content=\"index, follow, max-snippet:-1, max-image-preview:large, max-video-preview:-1\" \/>\n<link rel=\"canonical\" href=\"https:\/\/lareinanews.cl\/noticias\/index.php\/2021\/04\/27\/espacio-publico-y-plaza-nueva-delhi\/\" \/>\n<meta property=\"og:locale\" content=\"es_ES\" \/>\n<meta property=\"og:type\" content=\"article\" \/>\n<meta property=\"og:title\" content=\"Espacio P\u00fablico y Plaza Nueva Delhi\" \/>\n<meta property=\"og:description\" content=\"El concejal y arquitecto Manuel Jos\u00e9 Covarrubias se refiere al uso del espacio p\u00fablico en la comuna de La Reina\" \/>\n<meta property=\"og:url\" content=\"https:\/\/lareinanews.cl\/noticias\/index.php\/2021\/04\/27\/espacio-publico-y-plaza-nueva-delhi\/\" \/>\n<meta property=\"og:site_name\" content=\"Noticias La Reina\" \/>\n<meta property=\"article:publisher\" content=\"https:\/\/www.facebook.com\/LaReinaNews\" \/>\n<meta property=\"article:author\" content=\"https:\/\/www.facebook.com\/ManoloCovarrub\/\" \/>\n<meta property=\"article:published_time\" content=\"2021-04-27T14:45:36+00:00\" \/>\n<meta property=\"article:modified_time\" content=\"2021-04-27T14:48:05+00:00\" \/>\n<meta property=\"og:image\" content=\"https:\/\/lareinanews.cl\/noticias\/wp-content\/uploads\/2021\/04\/EspacioPublico.png\" \/>\n\t<meta property=\"og:image:width\" content=\"650\" \/>\n\t<meta property=\"og:image:height\" content=\"490\" \/>\n\t<meta property=\"og:image:type\" content=\"image\/png\" \/>\n<meta name=\"author\" content=\"Manuel Covarrubias\" \/>\n<meta name=\"twitter:card\" content=\"summary_large_image\" \/>\n<meta name=\"twitter:creator\" content=\"@https:\/\/twitter.com\/ManoloCovarrub\" \/>\n<meta name=\"twitter:label1\" content=\"Escrito por\" \/>\n\t<meta name=\"twitter:data1\" content=\"Manuel Covarrubias\" \/>\n\t<meta name=\"twitter:label2\" content=\"Tiempo de lectura\" \/>\n\t<meta name=\"twitter:data2\" content=\"4 minutos\" \/>\n<script type=\"application\/ld+json\" class=\"yoast-schema-graph\">{\"@context\":\"https:\/\/schema.org\",\"@graph\":[{\"@type\":\"Article\",\"@id\":\"https:\/\/lareinanews.cl\/noticias\/index.php\/2021\/04\/27\/espacio-publico-y-plaza-nueva-delhi\/#article\",\"isPartOf\":{\"@id\":\"https:\/\/lareinanews.cl\/noticias\/index.php\/2021\/04\/27\/espacio-publico-y-plaza-nueva-delhi\/\"},\"author\":{\"name\":\"Manuel Covarrubias\",\"@id\":\"https:\/\/lareinanews.cl\/noticias\/#\/schema\/person\/3b2408f16a71ca3e744a78e4adb02fb7\"},\"headline\":\"Espacio P\u00fablico y Plaza Nueva Delhi\",\"datePublished\":\"2021-04-27T14:45:36+00:00\",\"dateModified\":\"2021-04-27T14:48:05+00:00\",\"mainEntityOfPage\":{\"@id\":\"https:\/\/lareinanews.cl\/noticias\/index.php\/2021\/04\/27\/espacio-publico-y-plaza-nueva-delhi\/\"},\"wordCount\":799,\"commentCount\":0,\"publisher\":{\"@id\":\"https:\/\/lareinanews.cl\/noticias\/#organization\"},\"image\":{\"@id\":\"https:\/\/lareinanews.cl\/noticias\/index.php\/2021\/04\/27\/espacio-publico-y-plaza-nueva-delhi\/#primaryimage\"},\"thumbnailUrl\":\"https:\/\/lareinanews.cl\/noticias\/wp-content\/uploads\/2021\/04\/EspacioPublico.png\",\"keywords\":[\"concejales\",\"espacio p\u00fablico\",\"la reina\",\"participaci\u00f3n ciudadana\",\"vecinos\"],\"articleSection\":[\"Columnas\",\"Concejo Municipal\",\"Deporte\",\"Destacados\",\"La Reina\",\"Ni\u00f1os y J\u00f3venes\"],\"inLanguage\":\"es\",\"potentialAction\":[{\"@type\":\"CommentAction\",\"name\":\"Comment\",\"target\":[\"https:\/\/lareinanews.cl\/noticias\/index.php\/2021\/04\/27\/espacio-publico-y-plaza-nueva-delhi\/#respond\"]}]},{\"@type\":\"WebPage\",\"@id\":\"https:\/\/lareinanews.cl\/noticias\/index.php\/2021\/04\/27\/espacio-publico-y-plaza-nueva-delhi\/\",\"url\":\"https:\/\/lareinanews.cl\/noticias\/index.php\/2021\/04\/27\/espacio-publico-y-plaza-nueva-delhi\/\",\"name\":\"Espacio P\u00fablico y Plaza Nueva Delhi\",\"isPartOf\":{\"@id\":\"https:\/\/lareinanews.cl\/noticias\/#website\"},\"primaryImageOfPage\":{\"@id\":\"https:\/\/lareinanews.cl\/noticias\/index.php\/2021\/04\/27\/espacio-publico-y-plaza-nueva-delhi\/#primaryimage\"},\"image\":{\"@id\":\"https:\/\/lareinanews.cl\/noticias\/index.php\/2021\/04\/27\/espacio-publico-y-plaza-nueva-delhi\/#primaryimage\"},\"thumbnailUrl\":\"https:\/\/lareinanews.cl\/noticias\/wp-content\/uploads\/2021\/04\/EspacioPublico.png\",\"datePublished\":\"2021-04-27T14:45:36+00:00\",\"dateModified\":\"2021-04-27T14:48:05+00:00\",\"description\":\"El concejal y arquitecto Manuel Jos\u00e9 Covarrubias se refiere al uso del espacio p\u00fablico en la comuna de La Reina\",\"breadcrumb\":{\"@id\":\"https:\/\/lareinanews.cl\/noticias\/index.php\/2021\/04\/27\/espacio-publico-y-plaza-nueva-delhi\/#breadcrumb\"},\"inLanguage\":\"es\",\"potentialAction\":[{\"@type\":\"ReadAction\",\"target\":[\"https:\/\/lareinanews.cl\/noticias\/index.php\/2021\/04\/27\/espacio-publico-y-plaza-nueva-delhi\/\"]}]},{\"@type\":\"ImageObject\",\"inLanguage\":\"es\",\"@id\":\"https:\/\/lareinanews.cl\/noticias\/index.php\/2021\/04\/27\/espacio-publico-y-plaza-nueva-delhi\/#primaryimage\",\"url\":\"https:\/\/lareinanews.cl\/noticias\/wp-content\/uploads\/2021\/04\/EspacioPublico.png\",\"contentUrl\":\"https:\/\/lareinanews.cl\/noticias\/wp-content\/uploads\/2021\/04\/EspacioPublico.png\",\"width\":650,\"height\":490},{\"@type\":\"BreadcrumbList\",\"@id\":\"https:\/\/lareinanews.cl\/noticias\/index.php\/2021\/04\/27\/espacio-publico-y-plaza-nueva-delhi\/#breadcrumb\",\"itemListElement\":[{\"@type\":\"ListItem\",\"position\":1,\"name\":\"Inicio\",\"item\":\"https:\/\/lareinanews.cl\/noticias\/\"},{\"@type\":\"ListItem\",\"position\":2,\"name\":\"Espacio P\u00fablico y Plaza Nueva Delhi\"}]},{\"@type\":\"WebSite\",\"@id\":\"https:\/\/lareinanews.cl\/noticias\/#website\",\"url\":\"https:\/\/lareinanews.cl\/noticias\/\",\"name\":\"Noticias La Reina\",\"description\":\"LaReina.news\",\"publisher\":{\"@id\":\"https:\/\/lareinanews.cl\/noticias\/#organization\"},\"potentialAction\":[{\"@type\":\"SearchAction\",\"target\":{\"@type\":\"EntryPoint\",\"urlTemplate\":\"https:\/\/lareinanews.cl\/noticias\/?s={search_term_string}\"},\"query-input\":{\"@type\":\"PropertyValueSpecification\",\"valueRequired\":true,\"valueName\":\"search_term_string\"}}],\"inLanguage\":\"es\"},{\"@type\":\"Organization\",\"@id\":\"https:\/\/lareinanews.cl\/noticias\/#organization\",\"name\":\"La Reina.news Peri\u00f3dico comunal de La Reina\",\"url\":\"https:\/\/lareinanews.cl\/noticias\/\",\"logo\":{\"@type\":\"ImageObject\",\"inLanguage\":\"es\",\"@id\":\"https:\/\/lareinanews.cl\/noticias\/#\/schema\/logo\/image\/\",\"url\":\"https:\/\/lareinanews.cl\/noticias\/wp-content\/uploads\/2020\/04\/logo_schema.png\",\"contentUrl\":\"https:\/\/lareinanews.cl\/noticias\/wp-content\/uploads\/2020\/04\/logo_schema.png\",\"width\":640,\"height\":360,\"caption\":\"La Reina.news Peri\u00f3dico comunal de La Reina\"},\"image\":{\"@id\":\"https:\/\/lareinanews.cl\/noticias\/#\/schema\/logo\/image\/\"},\"sameAs\":[\"https:\/\/www.facebook.com\/LaReinaNews\",\"https:\/\/www.instagram.com\/lareinanews\/\"]},{\"@type\":\"Person\",\"@id\":\"https:\/\/lareinanews.cl\/noticias\/#\/schema\/person\/3b2408f16a71ca3e744a78e4adb02fb7\",\"name\":\"Manuel Covarrubias\",\"image\":{\"@type\":\"ImageObject\",\"inLanguage\":\"es\",\"@id\":\"https:\/\/lareinanews.cl\/noticias\/#\/schema\/person\/image\/\",\"url\":\"http:\/\/lareina.news\/noticias\/wp-content\/uploads\/2017\/10\/avatar_user_8_1507317999-96x96.jpg\",\"contentUrl\":\"http:\/\/lareina.news\/noticias\/wp-content\/uploads\/2017\/10\/avatar_user_8_1507317999-96x96.jpg\",\"caption\":\"Manuel Covarrubias\"},\"description\":\"Concejal La Reina UDI 2016 - 2021. Coordinador #CuidaLaReina, por una comuna m\u00e1s segura, con mejor calidad de vida y espacios p\u00fablicos de calidad!\",\"sameAs\":[\"https:\/\/www.facebook.com\/ManoloCovarrub\/\",\"https:\/\/x.com\/https:\/\/twitter.com\/ManoloCovarrub\"],\"url\":\"https:\/\/lareinanews.cl\/noticias\/index.php\/author\/mcovarrubias\/\"}]}<\/script>\n<!-- \/ Yoast SEO plugin. -->","yoast_head_json":{"title":"Espacio P\u00fablico y Plaza Nueva Delhi","description":"El concejal y arquitecto Manuel Jos\u00e9 Covarrubias se refiere al uso del espacio p\u00fablico en la comuna de La Reina","robots":{"index":"index","follow":"follow","max-snippet":"max-snippet:-1","max-image-preview":"max-image-preview:large","max-video-preview":"max-video-preview:-1"},"canonical":"https:\/\/lareinanews.cl\/noticias\/index.php\/2021\/04\/27\/espacio-publico-y-plaza-nueva-delhi\/","og_locale":"es_ES","og_type":"article","og_title":"Espacio P\u00fablico y Plaza Nueva Delhi","og_description":"El concejal y arquitecto Manuel Jos\u00e9 Covarrubias se refiere al uso del espacio p\u00fablico en la comuna de La Reina","og_url":"https:\/\/lareinanews.cl\/noticias\/index.php\/2021\/04\/27\/espacio-publico-y-plaza-nueva-delhi\/","og_site_name":"Noticias La Reina","article_publisher":"https:\/\/www.facebook.com\/LaReinaNews","article_author":"https:\/\/www.facebook.com\/ManoloCovarrub\/","article_published_time":"2021-04-27T14:45:36+00:00","article_modified_time":"2021-04-27T14:48:05+00:00","og_image":[{"width":650,"height":490,"url":"https:\/\/lareinanews.cl\/noticias\/wp-content\/uploads\/2021\/04\/EspacioPublico.png","type":"image\/png"}],"author":"Manuel Covarrubias","twitter_card":"summary_large_image","twitter_creator":"@https:\/\/twitter.com\/ManoloCovarrub","twitter_misc":{"Escrito por":"Manuel Covarrubias","Tiempo de lectura":"4 minutos"},"schema":{"@context":"https:\/\/schema.org","@graph":[{"@type":"Article","@id":"https:\/\/lareinanews.cl\/noticias\/index.php\/2021\/04\/27\/espacio-publico-y-plaza-nueva-delhi\/#article","isPartOf":{"@id":"https:\/\/lareinanews.cl\/noticias\/index.php\/2021\/04\/27\/espacio-publico-y-plaza-nueva-delhi\/"},"author":{"name":"Manuel Covarrubias","@id":"https:\/\/lareinanews.cl\/noticias\/#\/schema\/person\/3b2408f16a71ca3e744a78e4adb02fb7"},"headline":"Espacio P\u00fablico y Plaza Nueva Delhi","datePublished":"2021-04-27T14:45:36+00:00","dateModified":"2021-04-27T14:48:05+00:00","mainEntityOfPage":{"@id":"https:\/\/lareinanews.cl\/noticias\/index.php\/2021\/04\/27\/espacio-publico-y-plaza-nueva-delhi\/"},"wordCount":799,"commentCount":0,"publisher":{"@id":"https:\/\/lareinanews.cl\/noticias\/#organization"},"image":{"@id":"https:\/\/lareinanews.cl\/noticias\/index.php\/2021\/04\/27\/espacio-publico-y-plaza-nueva-delhi\/#primaryimage"},"thumbnailUrl":"https:\/\/lareinanews.cl\/noticias\/wp-content\/uploads\/2021\/04\/EspacioPublico.png","keywords":["concejales","espacio p\u00fablico","la reina","participaci\u00f3n ciudadana","vecinos"],"articleSection":["Columnas","Concejo Municipal","Deporte","Destacados","La Reina","Ni\u00f1os y J\u00f3venes"],"inLanguage":"es","potentialAction":[{"@type":"CommentAction","name":"Comment","target":["https:\/\/lareinanews.cl\/noticias\/index.php\/2021\/04\/27\/espacio-publico-y-plaza-nueva-delhi\/#respond"]}]},{"@type":"WebPage","@id":"https:\/\/lareinanews.cl\/noticias\/index.php\/2021\/04\/27\/espacio-publico-y-plaza-nueva-delhi\/","url":"https:\/\/lareinanews.cl\/noticias\/index.php\/2021\/04\/27\/espacio-publico-y-plaza-nueva-delhi\/","name":"Espacio P\u00fablico y Plaza Nueva Delhi","isPartOf":{"@id":"https:\/\/lareinanews.cl\/noticias\/#website"},"primaryImageOfPage":{"@id":"https:\/\/lareinanews.cl\/noticias\/index.php\/2021\/04\/27\/espacio-publico-y-plaza-nueva-delhi\/#primaryimage"},"image":{"@id":"https:\/\/lareinanews.cl\/noticias\/index.php\/2021\/04\/27\/espacio-publico-y-plaza-nueva-delhi\/#primaryimage"},"thumbnailUrl":"https:\/\/lareinanews.cl\/noticias\/wp-content\/uploads\/2021\/04\/EspacioPublico.png","datePublished":"2021-04-27T14:45:36+00:00","dateModified":"2021-04-27T14:48:05+00:00","description":"El concejal y arquitecto Manuel Jos\u00e9 Covarrubias se refiere al uso del espacio p\u00fablico en la comuna de La Reina","breadcrumb":{"@id":"https:\/\/lareinanews.cl\/noticias\/index.php\/2021\/04\/27\/espacio-publico-y-plaza-nueva-delhi\/#breadcrumb"},"inLanguage":"es","potentialAction":[{"@type":"ReadAction","target":["https:\/\/lareinanews.cl\/noticias\/index.php\/2021\/04\/27\/espacio-publico-y-plaza-nueva-delhi\/"]}]},{"@type":"ImageObject","inLanguage":"es","@id":"https:\/\/lareinanews.cl\/noticias\/index.php\/2021\/04\/27\/espacio-publico-y-plaza-nueva-delhi\/#primaryimage","url":"https:\/\/lareinanews.cl\/noticias\/wp-content\/uploads\/2021\/04\/EspacioPublico.png","contentUrl":"https:\/\/lareinanews.cl\/noticias\/wp-content\/uploads\/2021\/04\/EspacioPublico.png","width":650,"height":490},{"@type":"BreadcrumbList","@id":"https:\/\/lareinanews.cl\/noticias\/index.php\/2021\/04\/27\/espacio-publico-y-plaza-nueva-delhi\/#breadcrumb","itemListElement":[{"@type":"ListItem","position":1,"name":"Inicio","item":"https:\/\/lareinanews.cl\/noticias\/"},{"@type":"ListItem","position":2,"name":"Espacio P\u00fablico y Plaza Nueva Delhi"}]},{"@type":"WebSite","@id":"https:\/\/lareinanews.cl\/noticias\/#website","url":"https:\/\/lareinanews.cl\/noticias\/","name":"Noticias La Reina","description":"LaReina.news","publisher":{"@id":"https:\/\/lareinanews.cl\/noticias\/#organization"},"potentialAction":[{"@type":"SearchAction","target":{"@type":"EntryPoint","urlTemplate":"https:\/\/lareinanews.cl\/noticias\/?s={search_term_string}"},"query-input":{"@type":"PropertyValueSpecification","valueRequired":true,"valueName":"search_term_string"}}],"inLanguage":"es"},{"@type":"Organization","@id":"https:\/\/lareinanews.cl\/noticias\/#organization","name":"La Reina.news Peri\u00f3dico comunal de La Reina","url":"https:\/\/lareinanews.cl\/noticias\/","logo":{"@type":"ImageObject","inLanguage":"es","@id":"https:\/\/lareinanews.cl\/noticias\/#\/schema\/logo\/image\/","url":"https:\/\/lareinanews.cl\/noticias\/wp-content\/uploads\/2020\/04\/logo_schema.png","contentUrl":"https:\/\/lareinanews.cl\/noticias\/wp-content\/uploads\/2020\/04\/logo_schema.png","width":640,"height":360,"caption":"La Reina.news Peri\u00f3dico comunal de La Reina"},"image":{"@id":"https:\/\/lareinanews.cl\/noticias\/#\/schema\/logo\/image\/"},"sameAs":["https:\/\/www.facebook.com\/LaReinaNews","https:\/\/www.instagram.com\/lareinanews\/"]},{"@type":"Person","@id":"https:\/\/lareinanews.cl\/noticias\/#\/schema\/person\/3b2408f16a71ca3e744a78e4adb02fb7","name":"Manuel Covarrubias","image":{"@type":"ImageObject","inLanguage":"es","@id":"https:\/\/lareinanews.cl\/noticias\/#\/schema\/person\/image\/","url":"http:\/\/lareina.news\/noticias\/wp-content\/uploads\/2017\/10\/avatar_user_8_1507317999-96x96.jpg","contentUrl":"http:\/\/lareina.news\/noticias\/wp-content\/uploads\/2017\/10\/avatar_user_8_1507317999-96x96.jpg","caption":"Manuel Covarrubias"},"description":"Concejal La Reina UDI 2016 - 2021. Coordinador #CuidaLaReina, por una comuna m\u00e1s segura, con mejor calidad de vida y espacios p\u00fablicos de calidad!","sameAs":["https:\/\/www.facebook.com\/ManoloCovarrub\/","https:\/\/x.com\/https:\/\/twitter.com\/ManoloCovarrub"],"url":"https:\/\/lareinanews.cl\/noticias\/index.php\/author\/mcovarrubias\/"}]}},"_links":{"self":[{"href":"https:\/\/lareinanews.cl\/noticias\/index.php\/wp-json\/wp\/v2\/posts\/4936","targetHints":{"allow":["GET"]}}],"collection":[{"href":"https:\/\/lareinanews.cl\/noticias\/index.php\/wp-json\/wp\/v2\/posts"}],"about":[{"href":"https:\/\/lareinanews.cl\/noticias\/index.php\/wp-json\/wp\/v2\/types\/post"}],"author":[{"embeddable":true,"href":"https:\/\/lareinanews.cl\/noticias\/index.php\/wp-json\/wp\/v2\/users\/8"}],"replies":[{"embeddable":true,"href":"https:\/\/lareinanews.cl\/noticias\/index.php\/wp-json\/wp\/v2\/comments?post=4936"}],"version-history":[{"count":3,"href":"https:\/\/lareinanews.cl\/noticias\/index.php\/wp-json\/wp\/v2\/posts\/4936\/revisions"}],"predecessor-version":[{"id":4940,"href":"https:\/\/lareinanews.cl\/noticias\/index.php\/wp-json\/wp\/v2\/posts\/4936\/revisions\/4940"}],"wp:featuredmedia":[{"embeddable":true,"href":"https:\/\/lareinanews.cl\/noticias\/index.php\/wp-json\/wp\/v2\/media\/4938"}],"wp:attachment":[{"href":"https:\/\/lareinanews.cl\/noticias\/index.php\/wp-json\/wp\/v2\/media?parent=4936"}],"wp:term":[{"taxonomy":"category","embeddable":true,"href":"https:\/\/lareinanews.cl\/noticias\/index.php\/wp-json\/wp\/v2\/categories?post=4936"},{"taxonomy":"post_tag","embeddable":true,"href":"https:\/\/lareinanews.cl\/noticias\/index.php\/wp-json\/wp\/v2\/tags?post=4936"}],"curies":[{"name":"wp","href":"https:\/\/api.w.org\/{rel}","templated":true}]}}