{"id":4898,"date":"2021-04-21T01:15:16","date_gmt":"2021-04-21T04:15:16","guid":{"rendered":"https:\/\/lareina.news\/noticias\/?p=4898"},"modified":"2021-04-21T01:15:16","modified_gmt":"2021-04-21T04:15:16","slug":"en-la-reina-es-dado-de-baja-sargento-por-abusar-de-una-victima","status":"publish","type":"post","link":"https:\/\/lareinanews.cl\/noticias\/index.php\/2021\/04\/21\/en-la-reina-es-dado-de-baja-sargento-por-abusar-de-una-victima\/","title":{"rendered":"En La Reina es dado de baja sargento por abusar de una v\u00edctima"},"content":{"rendered":"<p>El sargento Pedro Salazar de la 16 comisar\u00eda de La Reina (plaza Ossand\u00f3n) fue dado de baja y acusado por la fiscal\u00eda de los delitos de abuso contra particulares y de obstrucci\u00f3n a la investigaci\u00f3n.\u00a0 Los hechos comenzaron cuando una estudiante de 25 a\u00f1os de la comuna realiz\u00f3 una denuncia de violencia intrafamilar. Seg\u00fan el relato de la fiscal\u00eda el sargento la habr\u00eda convencido de retirarla y habiendo consiguido su n\u00famero de tel\u00e9fono, comenz\u00f3 a llamarla.<\/p>\n<p>Posteriormente el sargento acudi\u00f3 en una patrulla de la instituci\u00f3n al domicilio de la joven y la llev\u00f3 al sector precordillerano de Carpay donde pidi\u00f3 al cabo que manejaba que los dejara solos en el auto.<\/p>\n<p>Seg\u00fan la denuncia en esas circunstancias habr\u00eda tratado de tener un acercamiento f\u00edsico con ella, itentando tocarla, a lo que la v\u00edctima se resisti\u00f3. Es necesario consignar que en un contacto con teletrece la joven reconoce todos estos hechos excepto el intento de tocarla por parte del sargento,<\/p>\n<p>Entretanto el funcionario que manejaba se comunic\u00f3 con sus superiores quienes acudieron al lugar poniendo fin a la situaci\u00f3n.<\/p>\n<p>El sargento fue detenido y puesto a disposici\u00f3n de tribunales, los que dictaron prohibici\u00f3n de acercamiento y comunicaci\u00f3n con la v\u00edctima y arraigo nacional durante los 90 d\u00edas que dure la investigaci\u00f3n.<\/p>\n<p>De forma paralela la instituci\u00f3n dio de baja al funcionario y realiza un sumario administrativo interno.<\/p>\n<p>La situaci\u00f3n gatill\u00f3 la reacci\u00f3n de las concejalas <a href=\"https:\/\/www.instagram.com\/concejalamunoz\/\" target=\"_blank\" rel=\"noopener\">Adriana Mu\u00f1oz<\/a> y <a href=\"https:\/\/www.catalinarubio.cl\/\" target=\"_blank\" rel=\"noopener\">Mar\u00eda Catalina Rubio<\/a> quienes emitieron una declaraci\u00f3n p\u00fablica que dice:<\/p>\n<blockquote><p>\u00abHoy recibimos con estupor la horrorosa noticia de que en nuestra comuna de La Reina, una joven mujer que denunci\u00f3 violencia intrafamiliar (VIF), fue acosada sexualmente por el Sargento 1\u00b0 Pedro Salazar Palma.<\/p>\n<p>La noticia se hace p\u00fablica hoy, pese a ser un hecho ocurrido hace un mes. Seg\u00fan consigna Chilevisi\u00f3n, la Mayor Carola Robles, de la 16\u00aa Comisar\u00eda de La Reina, sostuvo que \u201cCarabineros inform\u00f3 oportunamente al Ministerio P\u00fablico para dar inicio al proceso de investigaci\u00f3n. [Y] en forma paralela, Carabineros est\u00e1 realizando un sumario administrativo interno\u201d.<\/p>\n<p>Como Concejalas, Adriana Mu\u00f1oz y Catalina Rubio, llevamos much\u00edsimo tiempo trabajando con el equipo del Centro de la Mujer de la Direcci\u00f3n de Desarrollo Comunitario, el cual ha realizado capacitaciones para Carabineros y para la Direcci\u00f3n de Seguridad. Adem\u00e1s hemos solicitado los protocolos de atenci\u00f3n Carabineros cuando se reciben casos de VIF, tambi\u00e9n hemos solicitado que los(as) vecinos(as) sean atendidos(as) en una sala especial, y por supuesto por personal capacitado.<\/p>\n<p>Dar de baja a un Carabinero no es suficiente, solicitamos a las Polic\u00edas entregar los antecedentes del caso, e informar si el acusado se encuentra en prisi\u00f3n preventiva. Esperamos que la justicia act\u00fae con celeridad y oportunidad, y que se aplique el m\u00e1ximo rigor de la ley<\/p>\n<p>No es posible que en una instituci\u00f3n que debiera protegernos, existan abusadores. Carabineros de Chile es una instituci\u00f3n en profunda crisis, y cada d\u00eda siguen ocurriendo hechos que dan cuenta de que la instituci\u00f3n debe ser refundada. Las mujeres de La Reina merecemos respeto y protecci\u00f3n en casos de violencia intrafamiliar. Basta de abusos, y basta de abuso policial.<\/p><\/blockquote>\n<p>Durante el concejo municipal de hoy se acord\u00f3 tomar contacto con la mayor Carola Robles, comisaria de la 16 comisar\u00eda de La Reina ( <a href=\"https:\/\/www.facebook.com\/watch\/live\/?v=909028526605235&amp;ref=watch_permalink&amp;t=10050\" target=\"_blank\" rel=\"noopener\">ver v\u00eddeo del concejo<\/a> ), para conversar sobre como se est\u00e1 abordando el tema de la violencia familar en la comuna.<\/p>\n<p>Tambi\u00e9n la psic\u00f3loga Manuela Gatica que trabaja en violencia intrafamiliar y vulneraci\u00f3n de derechos de ni\u00f1as, ni\u00f1os y adolescentes y es candidata a concejala para la comuna de La Reina, escribi\u00f3 la columna <strong><a href=\"\/noticias\/index.php\/2021\/04\/20\/la-re-victimizacion-de-carabineros\/\">La re victimizaci\u00f3n de carabineros<\/a><\/strong> para LaReina.news<\/p>\n<p>&nbsp;<\/p>\n","protected":false},"excerpt":{"rendered":"<div class=\"mh-excerpt\"><p>El sargento Pedro Salazar de la 16 comisar\u00eda de La Reina (plaza Ossand\u00f3n) fue dado de baja y acusado por la fiscal\u00eda de los delitos de abuso contra particulares y de obstrucci\u00f3n a la investigaci\u00f3n.\u00a0 <a class=\"mh-excerpt-more\" href=\"https:\/\/lareinanews.cl\/noticias\/index.php\/2021\/04\/21\/en-la-reina-es-dado-de-baja-sargento-por-abusar-de-una-victima\/\" title=\"En La Reina es dado de baja sargento por abusar de una v\u00edctima\">[&#8230;]<\/a><\/p>\n<\/div>","protected":false},"author":1,"featured_media":4902,"comment_status":"open","ping_status":"closed","sticky":false,"template":"","format":"standard","meta":{"_acf_changed":false,"footnotes":""},"categories":[159,31,2,14],"tags":[95,6,4,298,25],"class_list":{"0":"post-4898","1":"post","2":"type-post","3":"status-publish","4":"format-standard","5":"has-post-thumbnail","7":"category-concejo-municipal","8":"category-destacados","9":"category-comuna","10":"category-noticias","11":"tag-carabineros","12":"tag-comunidad","13":"tag-la-reina","14":"tag-mujeres","15":"tag-seguridad"},"acf":[],"yoast_head":"<!-- This site is optimized with the Yoast SEO plugin v27.1.1 - https:\/\/yoast.com\/product\/yoast-seo-wordpress\/ -->\n<title>En La Reina es dado de baja sargento por abusar de una v\u00edctima<\/title>\n<meta name=\"robots\" content=\"index, follow, max-snippet:-1, max-image-preview:large, max-video-preview:-1\" \/>\n<link rel=\"canonical\" href=\"https:\/\/lareinanews.cl\/noticias\/index.php\/2021\/04\/21\/en-la-reina-es-dado-de-baja-sargento-por-abusar-de-una-victima\/\" \/>\n<meta property=\"og:locale\" content=\"es_ES\" \/>\n<meta property=\"og:type\" content=\"article\" \/>\n<meta property=\"og:title\" content=\"En La Reina es dado de baja sargento por abusar de una v\u00edctima\" \/>\n<meta property=\"og:description\" content=\"El sargento Pedro Salazar de la 16 comisar\u00eda de La Reina (plaza Ossand\u00f3n) fue dado de baja y acusado por la fiscal\u00eda de los delitos de abuso contra particulares y de obstrucci\u00f3n a la investigaci\u00f3n.\u00a0 [...]\" \/>\n<meta property=\"og:url\" content=\"https:\/\/lareinanews.cl\/noticias\/index.php\/2021\/04\/21\/en-la-reina-es-dado-de-baja-sargento-por-abusar-de-una-victima\/\" \/>\n<meta property=\"og:site_name\" content=\"Noticias La Reina\" \/>\n<meta property=\"article:publisher\" content=\"https:\/\/www.facebook.com\/LaReinaNews\" \/>\n<meta property=\"article:published_time\" content=\"2021-04-21T04:15:16+00:00\" \/>\n<meta property=\"og:image\" content=\"https:\/\/lareinanews.cl\/noticias\/wp-content\/uploads\/2021\/04\/16ComisariaLaReina.jpg\" \/>\n\t<meta property=\"og:image:width\" content=\"650\" \/>\n\t<meta property=\"og:image:height\" content=\"490\" \/>\n\t<meta property=\"og:image:type\" content=\"image\/jpeg\" \/>\n<meta name=\"author\" content=\"J M Doren\" \/>\n<meta name=\"twitter:card\" content=\"summary_large_image\" \/>\n<meta name=\"twitter:creator\" content=\"@jmdoren\" \/>\n<meta name=\"twitter:label1\" content=\"Escrito por\" \/>\n\t<meta name=\"twitter:data1\" content=\"J M Doren\" \/>\n\t<meta name=\"twitter:label2\" content=\"Tiempo de lectura\" \/>\n\t<meta name=\"twitter:data2\" content=\"3 minutos\" \/>\n<script type=\"application\/ld+json\" class=\"yoast-schema-graph\">{\"@context\":\"https:\/\/schema.org\",\"@graph\":[{\"@type\":\"Article\",\"@id\":\"https:\/\/lareinanews.cl\/noticias\/index.php\/2021\/04\/21\/en-la-reina-es-dado-de-baja-sargento-por-abusar-de-una-victima\/#article\",\"isPartOf\":{\"@id\":\"https:\/\/lareinanews.cl\/noticias\/index.php\/2021\/04\/21\/en-la-reina-es-dado-de-baja-sargento-por-abusar-de-una-victima\/\"},\"author\":{\"name\":\"J M Doren\",\"@id\":\"https:\/\/lareinanews.cl\/noticias\/#\/schema\/person\/c697b5a3c8bc9dd1d94222e2d58209ed\"},\"headline\":\"En La Reina es dado de baja sargento por abusar de una v\u00edctima\",\"datePublished\":\"2021-04-21T04:15:16+00:00\",\"mainEntityOfPage\":{\"@id\":\"https:\/\/lareinanews.cl\/noticias\/index.php\/2021\/04\/21\/en-la-reina-es-dado-de-baja-sargento-por-abusar-de-una-victima\/\"},\"wordCount\":668,\"commentCount\":0,\"publisher\":{\"@id\":\"https:\/\/lareinanews.cl\/noticias\/#organization\"},\"image\":{\"@id\":\"https:\/\/lareinanews.cl\/noticias\/index.php\/2021\/04\/21\/en-la-reina-es-dado-de-baja-sargento-por-abusar-de-una-victima\/#primaryimage\"},\"thumbnailUrl\":\"https:\/\/lareinanews.cl\/noticias\/wp-content\/uploads\/2021\/04\/16ComisariaLaReina.jpg\",\"keywords\":[\"carabineros\",\"comunidad\",\"la reina\",\"Mujeres\",\"seguridad\"],\"articleSection\":[\"Concejo Municipal\",\"Destacados\",\"La Reina\",\"Noticias\"],\"inLanguage\":\"es\",\"potentialAction\":[{\"@type\":\"CommentAction\",\"name\":\"Comment\",\"target\":[\"https:\/\/lareinanews.cl\/noticias\/index.php\/2021\/04\/21\/en-la-reina-es-dado-de-baja-sargento-por-abusar-de-una-victima\/#respond\"]}]},{\"@type\":\"WebPage\",\"@id\":\"https:\/\/lareinanews.cl\/noticias\/index.php\/2021\/04\/21\/en-la-reina-es-dado-de-baja-sargento-por-abusar-de-una-victima\/\",\"url\":\"https:\/\/lareinanews.cl\/noticias\/index.php\/2021\/04\/21\/en-la-reina-es-dado-de-baja-sargento-por-abusar-de-una-victima\/\",\"name\":\"En La Reina es dado de baja sargento por abusar de una v\u00edctima\",\"isPartOf\":{\"@id\":\"https:\/\/lareinanews.cl\/noticias\/#website\"},\"primaryImageOfPage\":{\"@id\":\"https:\/\/lareinanews.cl\/noticias\/index.php\/2021\/04\/21\/en-la-reina-es-dado-de-baja-sargento-por-abusar-de-una-victima\/#primaryimage\"},\"image\":{\"@id\":\"https:\/\/lareinanews.cl\/noticias\/index.php\/2021\/04\/21\/en-la-reina-es-dado-de-baja-sargento-por-abusar-de-una-victima\/#primaryimage\"},\"thumbnailUrl\":\"https:\/\/lareinanews.cl\/noticias\/wp-content\/uploads\/2021\/04\/16ComisariaLaReina.jpg\",\"datePublished\":\"2021-04-21T04:15:16+00:00\",\"breadcrumb\":{\"@id\":\"https:\/\/lareinanews.cl\/noticias\/index.php\/2021\/04\/21\/en-la-reina-es-dado-de-baja-sargento-por-abusar-de-una-victima\/#breadcrumb\"},\"inLanguage\":\"es\",\"potentialAction\":[{\"@type\":\"ReadAction\",\"target\":[\"https:\/\/lareinanews.cl\/noticias\/index.php\/2021\/04\/21\/en-la-reina-es-dado-de-baja-sargento-por-abusar-de-una-victima\/\"]}]},{\"@type\":\"ImageObject\",\"inLanguage\":\"es\",\"@id\":\"https:\/\/lareinanews.cl\/noticias\/index.php\/2021\/04\/21\/en-la-reina-es-dado-de-baja-sargento-por-abusar-de-una-victima\/#primaryimage\",\"url\":\"https:\/\/lareinanews.cl\/noticias\/wp-content\/uploads\/2021\/04\/16ComisariaLaReina.jpg\",\"contentUrl\":\"https:\/\/lareinanews.cl\/noticias\/wp-content\/uploads\/2021\/04\/16ComisariaLaReina.jpg\",\"width\":650,\"height\":490},{\"@type\":\"BreadcrumbList\",\"@id\":\"https:\/\/lareinanews.cl\/noticias\/index.php\/2021\/04\/21\/en-la-reina-es-dado-de-baja-sargento-por-abusar-de-una-victima\/#breadcrumb\",\"itemListElement\":[{\"@type\":\"ListItem\",\"position\":1,\"name\":\"Inicio\",\"item\":\"https:\/\/lareinanews.cl\/noticias\/\"},{\"@type\":\"ListItem\",\"position\":2,\"name\":\"En La Reina es dado de baja sargento por abusar de una v\u00edctima\"}]},{\"@type\":\"WebSite\",\"@id\":\"https:\/\/lareinanews.cl\/noticias\/#website\",\"url\":\"https:\/\/lareinanews.cl\/noticias\/\",\"name\":\"Noticias La Reina\",\"description\":\"LaReina.news\",\"publisher\":{\"@id\":\"https:\/\/lareinanews.cl\/noticias\/#organization\"},\"potentialAction\":[{\"@type\":\"SearchAction\",\"target\":{\"@type\":\"EntryPoint\",\"urlTemplate\":\"https:\/\/lareinanews.cl\/noticias\/?s={search_term_string}\"},\"query-input\":{\"@type\":\"PropertyValueSpecification\",\"valueRequired\":true,\"valueName\":\"search_term_string\"}}],\"inLanguage\":\"es\"},{\"@type\":\"Organization\",\"@id\":\"https:\/\/lareinanews.cl\/noticias\/#organization\",\"name\":\"La Reina.news Peri\u00f3dico comunal de La Reina\",\"url\":\"https:\/\/lareinanews.cl\/noticias\/\",\"logo\":{\"@type\":\"ImageObject\",\"inLanguage\":\"es\",\"@id\":\"https:\/\/lareinanews.cl\/noticias\/#\/schema\/logo\/image\/\",\"url\":\"https:\/\/lareinanews.cl\/noticias\/wp-content\/uploads\/2020\/04\/logo_schema.png\",\"contentUrl\":\"https:\/\/lareinanews.cl\/noticias\/wp-content\/uploads\/2020\/04\/logo_schema.png\",\"width\":640,\"height\":360,\"caption\":\"La Reina.news Peri\u00f3dico comunal de La Reina\"},\"image\":{\"@id\":\"https:\/\/lareinanews.cl\/noticias\/#\/schema\/logo\/image\/\"},\"sameAs\":[\"https:\/\/www.facebook.com\/LaReinaNews\",\"https:\/\/www.instagram.com\/lareinanews\/\"]},{\"@type\":\"Person\",\"@id\":\"https:\/\/lareinanews.cl\/noticias\/#\/schema\/person\/c697b5a3c8bc9dd1d94222e2d58209ed\",\"name\":\"J M Doren\",\"image\":{\"@type\":\"ImageObject\",\"inLanguage\":\"es\",\"@id\":\"https:\/\/lareinanews.cl\/noticias\/#\/schema\/person\/image\/\",\"url\":\"http:\/\/lareina.news\/noticias\/wp-content\/uploads\/2019\/09\/avatar_user_1_1569272876-96x96.png\",\"contentUrl\":\"http:\/\/lareina.news\/noticias\/wp-content\/uploads\/2019\/09\/avatar_user_1_1569272876-96x96.png\",\"caption\":\"J M Doren\"},\"description\":\"Soy ingeniero en inform\u00e1tica, interesado en las humanidades. Fundador y director de La Reina.news y otros medios electr\u00f3nicos. Creo profundamente en que si dejamos de pensar y cuestionar(nos) no hay nada que nos diferencie de los primates. jmdoren@ok.cl Sitios de mi autor&iacute;a\",\"sameAs\":[\"https:\/\/www.ok.cl\/\",\"https:\/\/x.com\/@jmdoren\"],\"url\":\"https:\/\/lareinanews.cl\/noticias\/index.php\/author\/jmdoren\/\"}]}<\/script>\n<!-- \/ Yoast SEO plugin. -->","yoast_head_json":{"title":"En La Reina es dado de baja sargento por abusar de una v\u00edctima","robots":{"index":"index","follow":"follow","max-snippet":"max-snippet:-1","max-image-preview":"max-image-preview:large","max-video-preview":"max-video-preview:-1"},"canonical":"https:\/\/lareinanews.cl\/noticias\/index.php\/2021\/04\/21\/en-la-reina-es-dado-de-baja-sargento-por-abusar-de-una-victima\/","og_locale":"es_ES","og_type":"article","og_title":"En La Reina es dado de baja sargento por abusar de una v\u00edctima","og_description":"El sargento Pedro Salazar de la 16 comisar\u00eda de La Reina (plaza Ossand\u00f3n) fue dado de baja y acusado por la fiscal\u00eda de los delitos de abuso contra particulares y de obstrucci\u00f3n a la investigaci\u00f3n.\u00a0 [...]","og_url":"https:\/\/lareinanews.cl\/noticias\/index.php\/2021\/04\/21\/en-la-reina-es-dado-de-baja-sargento-por-abusar-de-una-victima\/","og_site_name":"Noticias La Reina","article_publisher":"https:\/\/www.facebook.com\/LaReinaNews","article_published_time":"2021-04-21T04:15:16+00:00","og_image":[{"width":650,"height":490,"url":"https:\/\/lareinanews.cl\/noticias\/wp-content\/uploads\/2021\/04\/16ComisariaLaReina.jpg","type":"image\/jpeg"}],"author":"J M Doren","twitter_card":"summary_large_image","twitter_creator":"@jmdoren","twitter_misc":{"Escrito por":"J M Doren","Tiempo de lectura":"3 minutos"},"schema":{"@context":"https:\/\/schema.org","@graph":[{"@type":"Article","@id":"https:\/\/lareinanews.cl\/noticias\/index.php\/2021\/04\/21\/en-la-reina-es-dado-de-baja-sargento-por-abusar-de-una-victima\/#article","isPartOf":{"@id":"https:\/\/lareinanews.cl\/noticias\/index.php\/2021\/04\/21\/en-la-reina-es-dado-de-baja-sargento-por-abusar-de-una-victima\/"},"author":{"name":"J M Doren","@id":"https:\/\/lareinanews.cl\/noticias\/#\/schema\/person\/c697b5a3c8bc9dd1d94222e2d58209ed"},"headline":"En La Reina es dado de baja sargento por abusar de una v\u00edctima","datePublished":"2021-04-21T04:15:16+00:00","mainEntityOfPage":{"@id":"https:\/\/lareinanews.cl\/noticias\/index.php\/2021\/04\/21\/en-la-reina-es-dado-de-baja-sargento-por-abusar-de-una-victima\/"},"wordCount":668,"commentCount":0,"publisher":{"@id":"https:\/\/lareinanews.cl\/noticias\/#organization"},"image":{"@id":"https:\/\/lareinanews.cl\/noticias\/index.php\/2021\/04\/21\/en-la-reina-es-dado-de-baja-sargento-por-abusar-de-una-victima\/#primaryimage"},"thumbnailUrl":"https:\/\/lareinanews.cl\/noticias\/wp-content\/uploads\/2021\/04\/16ComisariaLaReina.jpg","keywords":["carabineros","comunidad","la reina","Mujeres","seguridad"],"articleSection":["Concejo Municipal","Destacados","La Reina","Noticias"],"inLanguage":"es","potentialAction":[{"@type":"CommentAction","name":"Comment","target":["https:\/\/lareinanews.cl\/noticias\/index.php\/2021\/04\/21\/en-la-reina-es-dado-de-baja-sargento-por-abusar-de-una-victima\/#respond"]}]},{"@type":"WebPage","@id":"https:\/\/lareinanews.cl\/noticias\/index.php\/2021\/04\/21\/en-la-reina-es-dado-de-baja-sargento-por-abusar-de-una-victima\/","url":"https:\/\/lareinanews.cl\/noticias\/index.php\/2021\/04\/21\/en-la-reina-es-dado-de-baja-sargento-por-abusar-de-una-victima\/","name":"En La Reina es dado de baja sargento por abusar de una v\u00edctima","isPartOf":{"@id":"https:\/\/lareinanews.cl\/noticias\/#website"},"primaryImageOfPage":{"@id":"https:\/\/lareinanews.cl\/noticias\/index.php\/2021\/04\/21\/en-la-reina-es-dado-de-baja-sargento-por-abusar-de-una-victima\/#primaryimage"},"image":{"@id":"https:\/\/lareinanews.cl\/noticias\/index.php\/2021\/04\/21\/en-la-reina-es-dado-de-baja-sargento-por-abusar-de-una-victima\/#primaryimage"},"thumbnailUrl":"https:\/\/lareinanews.cl\/noticias\/wp-content\/uploads\/2021\/04\/16ComisariaLaReina.jpg","datePublished":"2021-04-21T04:15:16+00:00","breadcrumb":{"@id":"https:\/\/lareinanews.cl\/noticias\/index.php\/2021\/04\/21\/en-la-reina-es-dado-de-baja-sargento-por-abusar-de-una-victima\/#breadcrumb"},"inLanguage":"es","potentialAction":[{"@type":"ReadAction","target":["https:\/\/lareinanews.cl\/noticias\/index.php\/2021\/04\/21\/en-la-reina-es-dado-de-baja-sargento-por-abusar-de-una-victima\/"]}]},{"@type":"ImageObject","inLanguage":"es","@id":"https:\/\/lareinanews.cl\/noticias\/index.php\/2021\/04\/21\/en-la-reina-es-dado-de-baja-sargento-por-abusar-de-una-victima\/#primaryimage","url":"https:\/\/lareinanews.cl\/noticias\/wp-content\/uploads\/2021\/04\/16ComisariaLaReina.jpg","contentUrl":"https:\/\/lareinanews.cl\/noticias\/wp-content\/uploads\/2021\/04\/16ComisariaLaReina.jpg","width":650,"height":490},{"@type":"BreadcrumbList","@id":"https:\/\/lareinanews.cl\/noticias\/index.php\/2021\/04\/21\/en-la-reina-es-dado-de-baja-sargento-por-abusar-de-una-victima\/#breadcrumb","itemListElement":[{"@type":"ListItem","position":1,"name":"Inicio","item":"https:\/\/lareinanews.cl\/noticias\/"},{"@type":"ListItem","position":2,"name":"En La Reina es dado de baja sargento por abusar de una v\u00edctima"}]},{"@type":"WebSite","@id":"https:\/\/lareinanews.cl\/noticias\/#website","url":"https:\/\/lareinanews.cl\/noticias\/","name":"Noticias La Reina","description":"LaReina.news","publisher":{"@id":"https:\/\/lareinanews.cl\/noticias\/#organization"},"potentialAction":[{"@type":"SearchAction","target":{"@type":"EntryPoint","urlTemplate":"https:\/\/lareinanews.cl\/noticias\/?s={search_term_string}"},"query-input":{"@type":"PropertyValueSpecification","valueRequired":true,"valueName":"search_term_string"}}],"inLanguage":"es"},{"@type":"Organization","@id":"https:\/\/lareinanews.cl\/noticias\/#organization","name":"La Reina.news Peri\u00f3dico comunal de La Reina","url":"https:\/\/lareinanews.cl\/noticias\/","logo":{"@type":"ImageObject","inLanguage":"es","@id":"https:\/\/lareinanews.cl\/noticias\/#\/schema\/logo\/image\/","url":"https:\/\/lareinanews.cl\/noticias\/wp-content\/uploads\/2020\/04\/logo_schema.png","contentUrl":"https:\/\/lareinanews.cl\/noticias\/wp-content\/uploads\/2020\/04\/logo_schema.png","width":640,"height":360,"caption":"La Reina.news Peri\u00f3dico comunal de La Reina"},"image":{"@id":"https:\/\/lareinanews.cl\/noticias\/#\/schema\/logo\/image\/"},"sameAs":["https:\/\/www.facebook.com\/LaReinaNews","https:\/\/www.instagram.com\/lareinanews\/"]},{"@type":"Person","@id":"https:\/\/lareinanews.cl\/noticias\/#\/schema\/person\/c697b5a3c8bc9dd1d94222e2d58209ed","name":"J M Doren","image":{"@type":"ImageObject","inLanguage":"es","@id":"https:\/\/lareinanews.cl\/noticias\/#\/schema\/person\/image\/","url":"http:\/\/lareina.news\/noticias\/wp-content\/uploads\/2019\/09\/avatar_user_1_1569272876-96x96.png","contentUrl":"http:\/\/lareina.news\/noticias\/wp-content\/uploads\/2019\/09\/avatar_user_1_1569272876-96x96.png","caption":"J M Doren"},"description":"Soy ingeniero en inform\u00e1tica, interesado en las humanidades. Fundador y director de La Reina.news y otros medios electr\u00f3nicos. Creo profundamente en que si dejamos de pensar y cuestionar(nos) no hay nada que nos diferencie de los primates. jmdoren@ok.cl Sitios de mi autor&iacute;a","sameAs":["https:\/\/www.ok.cl\/","https:\/\/x.com\/@jmdoren"],"url":"https:\/\/lareinanews.cl\/noticias\/index.php\/author\/jmdoren\/"}]}},"_links":{"self":[{"href":"https:\/\/lareinanews.cl\/noticias\/index.php\/wp-json\/wp\/v2\/posts\/4898","targetHints":{"allow":["GET"]}}],"collection":[{"href":"https:\/\/lareinanews.cl\/noticias\/index.php\/wp-json\/wp\/v2\/posts"}],"about":[{"href":"https:\/\/lareinanews.cl\/noticias\/index.php\/wp-json\/wp\/v2\/types\/post"}],"author":[{"embeddable":true,"href":"https:\/\/lareinanews.cl\/noticias\/index.php\/wp-json\/wp\/v2\/users\/1"}],"replies":[{"embeddable":true,"href":"https:\/\/lareinanews.cl\/noticias\/index.php\/wp-json\/wp\/v2\/comments?post=4898"}],"version-history":[{"count":6,"href":"https:\/\/lareinanews.cl\/noticias\/index.php\/wp-json\/wp\/v2\/posts\/4898\/revisions"}],"predecessor-version":[{"id":4905,"href":"https:\/\/lareinanews.cl\/noticias\/index.php\/wp-json\/wp\/v2\/posts\/4898\/revisions\/4905"}],"wp:featuredmedia":[{"embeddable":true,"href":"https:\/\/lareinanews.cl\/noticias\/index.php\/wp-json\/wp\/v2\/media\/4902"}],"wp:attachment":[{"href":"https:\/\/lareinanews.cl\/noticias\/index.php\/wp-json\/wp\/v2\/media?parent=4898"}],"wp:term":[{"taxonomy":"category","embeddable":true,"href":"https:\/\/lareinanews.cl\/noticias\/index.php\/wp-json\/wp\/v2\/categories?post=4898"},{"taxonomy":"post_tag","embeddable":true,"href":"https:\/\/lareinanews.cl\/noticias\/index.php\/wp-json\/wp\/v2\/tags?post=4898"}],"curies":[{"name":"wp","href":"https:\/\/api.w.org\/{rel}","templated":true}]}}