{"id":4838,"date":"2021-04-16T03:11:06","date_gmt":"2021-04-16T06:11:06","guid":{"rendered":"https:\/\/lareina.news\/noticias\/?p=4838"},"modified":"2021-04-22T15:14:58","modified_gmt":"2021-04-22T18:14:58","slug":"loreto-pino-candidata-a-concejala","status":"publish","type":"post","link":"https:\/\/lareinanews.cl\/noticias\/index.php\/2021\/04\/16\/loreto-pino-candidata-a-concejala\/","title":{"rendered":"Loreto Pino, candidata a concejala"},"content":{"rendered":"<p>Entrevistamos a Loreto Pino, qu\u00edmico farmac\u00e9utico,\u00a0 candidata\u00a0 a concejala independiente en la lista de la UDI<\/p>\n<hr \/>\n<p>Slogan de campa\u00f1a: <strong>Tu Salud, Mi Compromiso, P\u00f3ngale Pino a su voto<\/strong><\/p>\n<p>Redes Sociales<\/p>\n<ul>\n<li>Facebook\u00a0 <a href=\"https:\/\/www.facebook.com\/loreto.pino.731\">loreto.pino.731<\/a><\/li>\n<li>Instagram <a href=\"https:\/\/www.instagram.com\/loreto.pino.norambuena\/\">@loreto.pino.norambuena<\/a><\/li>\n<\/ul>\n<hr \/>\n<h3>\u00bfCu\u00e1l es tu vinculaci\u00f3n con la comuna de La Reina?<\/h3>\n<p>Llegu\u00e9 a vivir a nuestra comuna cuando apenas ten\u00eda tres a\u00f1os. Sin duda el tiempo y cada experiencia vivida por m\u00e1s\u00a0 de treinta a\u00f1os, hace que atesore en mi coraz\u00f3n esos momentos que marcaron mi vida. Es en esta hermosa comuna donde pude estudiar, entregar mi canto por m\u00e1s de diez a\u00f1os en la iglesia Natividad del Se\u00f1or en cada misa dominical, y tambi\u00e9n, vivir uno de los momentos m\u00e1s importantes como fue celebrar mi matrimonio en esta hermosa Iglesia, con los amigos de toda la vida.<\/p>\n<h3>\u00bfQu\u00e9 te motiva a participar en pol\u00edtica y hacerlo como candidata a concejala?<\/h3>\n<div><img loading=\"lazy\" decoding=\"async\" class=\"alignright wp-image-4844 size-thumbnail\" src=\"https:\/\/s.lareina.news\/i\/2021\/04\/loretopino-2-150x150.png\" alt=\"\" width=\"150\" height=\"150\" \/>Luego de vivir cinco a\u00f1os en Alemania, acept\u00e9 el desaf\u00edo de llevar la Direcci\u00f3n T\u00e9cnica de nuestra Farmacia Comunitaria como Qu\u00edmico Farmac\u00e9utico. Es aqu\u00ed donde pude conocer las diferentes necesidades de nuestros vecinos. Logr\u00e9 en m\u00e1s de una oportunidad, identificar las acciones necesarias para avanzar en el beneficio en forma\u00a0 transversal. Es as\u00ed como formamos durante estos a\u00f1os, un equipo de excelencia que hoy permite entregar un servicio\u00a0 de calidad a nuestra comunidad.<\/div>\n<div>Sin embargo soy una convencida que los profesionales de salud y aquellos que sentimos el llamado de servicio,\u00a0 tenemos que buscar los caminos que nos lleven a ser escuchados y a participar activamente por lograr esos objetivos.\u00a0 Es por esto que estoy segura que el concejo municipal, necesita personas que logren esa sinton\u00eda entre lo t\u00e9cnico y el\u00a0 servicio social que creo representar.<\/div>\n<div>\n<div dir=\"ltr\">\n<div dir=\"ltr\"><\/div>\n<h3 dir=\"ltr\">\u00bfQu\u00e9 aporte crees que t\u00fa dar\u00edas a la concejal\u00eda?<\/h3>\n<\/div>\n<\/div>\n<div><\/div>\n<div>Hoy nuestro concejo municipal, no cuenta con ning\u00fan profesional de la salud y estoy segura que es fundamental la\u00a0 mirada t\u00e9cnica pero con el sentido social que te mencionaba con anterioridad. Esto permite tener un criterio m\u00e1s\u00a0 objetivo frente a los diferentes proyectos. Permite considerar la probable ejecuci\u00f3n de ellos sin dejar de lado las\u00a0 repercusiones y procesos afines para lograr dichas metas.<\/div>\n<div>Por otro lado, conocer la realidad de los diferentes equipos de trabajo en materia de salud, implica ser un\u00a0 representante activo con toda la responsabilidad que ello conlleva.<\/div>\n<div><\/div>\n<div>\n<div dir=\"ltr\">\n<h3 dir=\"ltr\">\u00bfQu\u00e9 crees que se debe mejorar o cambiar de la actual gesti\u00f3n municipal?<\/h3>\n<div dir=\"ltr\"><\/div>\n<\/div>\n<\/div>\n<div>En toda administraci\u00f3n hay mejoras por realizar, y de eso se trata, se seguir en esa direcci\u00f3n, trabajando d\u00eda a d\u00eda en\u00a0 procesos continuos que nos permitan llegar \u00a0y representar a m\u00e1s vecinos con beneficios que mejoren su calidad de\u00a0 vida.<\/div>\n<div><\/div>\n<div>A modo de ejemplo puedo se\u00f1alar que:<\/div>\n<div>\n<ul>\n<li><b>Nuestra Farmacia Comunitaria<\/b>, necesita ampliar el beneficio incorporando otros medicamentos e insumos que hoy no tenemos presentes por estar direccionados a tratamientos cr\u00f3nicos.<\/li>\n<li><b>En cuanto a vialidad<\/b>, debemos mejorar nuestras ciclov\u00edas de tal forma que estas se conecten con otras comunas y de forma segura.<\/li>\n<li><b>Por otro lado, debemos lograr programas culturales<\/b>\u00a0que permitan que nuestros j\u00f3venes, adultos mayores, pacientes de salud mental entre otros, tengan la posibilidad de estar m\u00e1s cerca del arte en todas sus expresiones. Esto permite mejorar la calidad de vida y tener en muchos casos, un tratamiento alternativo complementario.<\/li>\n<\/ul>\n<div dir=\"ltr\">\n<h3 dir=\"ltr\">\u00bfQu\u00e9 crees que se debe conservar de la gesti\u00f3n municipal?<\/h3>\n<div dir=\"ltr\">Creo que la administraci\u00f3n actual, se ha caracterizado por tener un sello de cercan\u00eda con la comunidad y sin duda eso\u00a0 se debe conservar. Es dif\u00edcil lograr esa sinton\u00eda y si hoy el municipio es visible y los vecinos se sienten m\u00e1s\u00a0 participativos, debemos seguir trabajando para mejorar los canales ya creados.<\/div>\n<\/div>\n<\/div>\n<div><\/div>\n<div>\n<div dir=\"ltr\">\n<h3 dir=\"ltr\">De no resultar electo, \u00bfCu\u00e1l ser\u00eda tu futura vinculaci\u00f3n con la comuna?<\/h3>\n<div dir=\"ltr\"><\/div>\n<\/div>\n<\/div>\n<div>Si no logro llegar a los vecinos a trav\u00e9s del concejo municipal, seguir\u00e9 entregando mi trabajo en los diferentes canales\u00a0 de salud si la administraci\u00f3n que resulte electa lo permite. Hoy m\u00e1s que nunca, necesitamos profesionales\u00a0 de la salud comprometidos, y estoy segura que la pandemia a dejado en evidencia que trabajamos de coraz\u00f3n sin\u00a0 importar raza, religi\u00f3n o color pol\u00edtico. Estamos llamados a construir, a sembrar esperanza y a entregar de coraz\u00f3n, nuestros conocimientos a quien m\u00e1s lo necesita.<\/div>\n<div><\/div>\n","protected":false},"excerpt":{"rendered":"<div class=\"mh-excerpt\"><p>Entrevistamos a Loreto Pino, qu\u00edmico farmac\u00e9utico,\u00a0 candidata\u00a0 a concejala independiente en la lista de la UDI Slogan de campa\u00f1a: Tu Salud, Mi Compromiso, P\u00f3ngale Pino a su voto Redes Sociales Facebook\u00a0 loreto.pino.731 Instagram @loreto.pino.norambuena \u00bfCu\u00e1l <a class=\"mh-excerpt-more\" href=\"https:\/\/lareinanews.cl\/noticias\/index.php\/2021\/04\/16\/loreto-pino-candidata-a-concejala\/\" title=\"Loreto Pino, candidata a concejala\">[&#8230;]<\/a><\/p>\n<\/div>","protected":false},"author":1,"featured_media":4843,"comment_status":"open","ping_status":"closed","sticky":false,"template":"","format":"standard","meta":{"_acf_changed":false,"footnotes":""},"categories":[307,159,135,2],"tags":[62,16,4],"class_list":{"0":"post-4838","1":"post","2":"type-post","3":"status-publish","4":"format-standard","5":"has-post-thumbnail","7":"category-candidatos-a-concejal-2021","8":"category-concejo-municipal","9":"category-entrevista","10":"category-comuna","11":"tag-candidatos","12":"tag-concejales","13":"tag-la-reina"},"acf":[],"yoast_head":"<!-- This site is optimized with the Yoast SEO plugin v27.1.1 - https:\/\/yoast.com\/product\/yoast-seo-wordpress\/ -->\n<title>Loreto Pino, candidata a concejala<\/title>\n<meta name=\"description\" content=\"Conozcamos a la qu\u00edmico farmac\u00e9utico de la farmacia comunitaria de La Reina, candidata a concejala por la comuna\" \/>\n<meta name=\"robots\" content=\"index, follow, max-snippet:-1, max-image-preview:large, max-video-preview:-1\" \/>\n<link rel=\"canonical\" href=\"https:\/\/lareinanews.cl\/noticias\/index.php\/2021\/04\/16\/loreto-pino-candidata-a-concejala\/\" \/>\n<meta property=\"og:locale\" content=\"es_ES\" \/>\n<meta property=\"og:type\" content=\"article\" \/>\n<meta property=\"og:title\" content=\"Loreto Pino, candidata a concejala\" \/>\n<meta property=\"og:description\" content=\"Conozcamos a la qu\u00edmico farmac\u00e9utico de la farmacia comunitaria de La Reina, candidata a concejala por la comuna\" \/>\n<meta property=\"og:url\" content=\"https:\/\/lareinanews.cl\/noticias\/index.php\/2021\/04\/16\/loreto-pino-candidata-a-concejala\/\" \/>\n<meta property=\"og:site_name\" content=\"Noticias La Reina\" \/>\n<meta property=\"article:publisher\" content=\"https:\/\/www.facebook.com\/LaReinaNews\" \/>\n<meta property=\"article:published_time\" content=\"2021-04-16T06:11:06+00:00\" \/>\n<meta property=\"article:modified_time\" content=\"2021-04-22T18:14:58+00:00\" \/>\n<meta property=\"og:image\" content=\"https:\/\/lareinanews.cl\/noticias\/wp-content\/uploads\/2021\/04\/loretopino.png\" \/>\n\t<meta property=\"og:image:width\" content=\"650\" \/>\n\t<meta property=\"og:image:height\" content=\"490\" \/>\n\t<meta property=\"og:image:type\" content=\"image\/png\" \/>\n<meta name=\"author\" content=\"J M Doren\" \/>\n<meta name=\"twitter:card\" content=\"summary_large_image\" \/>\n<meta name=\"twitter:creator\" content=\"@jmdoren\" \/>\n<meta name=\"twitter:label1\" content=\"Escrito por\" \/>\n\t<meta name=\"twitter:data1\" content=\"J M Doren\" \/>\n\t<meta name=\"twitter:label2\" content=\"Tiempo de lectura\" \/>\n\t<meta name=\"twitter:data2\" content=\"4 minutos\" \/>\n<script type=\"application\/ld+json\" class=\"yoast-schema-graph\">{\"@context\":\"https:\/\/schema.org\",\"@graph\":[{\"@type\":\"Article\",\"@id\":\"https:\/\/lareinanews.cl\/noticias\/index.php\/2021\/04\/16\/loreto-pino-candidata-a-concejala\/#article\",\"isPartOf\":{\"@id\":\"https:\/\/lareinanews.cl\/noticias\/index.php\/2021\/04\/16\/loreto-pino-candidata-a-concejala\/\"},\"author\":{\"name\":\"J M Doren\",\"@id\":\"https:\/\/lareinanews.cl\/noticias\/#\/schema\/person\/c697b5a3c8bc9dd1d94222e2d58209ed\"},\"headline\":\"Loreto Pino, candidata a concejala\",\"datePublished\":\"2021-04-16T06:11:06+00:00\",\"dateModified\":\"2021-04-22T18:14:58+00:00\",\"mainEntityOfPage\":{\"@id\":\"https:\/\/lareinanews.cl\/noticias\/index.php\/2021\/04\/16\/loreto-pino-candidata-a-concejala\/\"},\"wordCount\":758,\"commentCount\":0,\"publisher\":{\"@id\":\"https:\/\/lareinanews.cl\/noticias\/#organization\"},\"image\":{\"@id\":\"https:\/\/lareinanews.cl\/noticias\/index.php\/2021\/04\/16\/loreto-pino-candidata-a-concejala\/#primaryimage\"},\"thumbnailUrl\":\"https:\/\/lareinanews.cl\/noticias\/wp-content\/uploads\/2021\/04\/loretopino.png\",\"keywords\":[\"candidatos\",\"concejales\",\"la reina\"],\"articleSection\":[\"Candidatos a Concejal 2021\",\"Concejo Municipal\",\"Entrevista\",\"La Reina\"],\"inLanguage\":\"es\",\"potentialAction\":[{\"@type\":\"CommentAction\",\"name\":\"Comment\",\"target\":[\"https:\/\/lareinanews.cl\/noticias\/index.php\/2021\/04\/16\/loreto-pino-candidata-a-concejala\/#respond\"]}]},{\"@type\":\"WebPage\",\"@id\":\"https:\/\/lareinanews.cl\/noticias\/index.php\/2021\/04\/16\/loreto-pino-candidata-a-concejala\/\",\"url\":\"https:\/\/lareinanews.cl\/noticias\/index.php\/2021\/04\/16\/loreto-pino-candidata-a-concejala\/\",\"name\":\"Loreto Pino, candidata a concejala\",\"isPartOf\":{\"@id\":\"https:\/\/lareinanews.cl\/noticias\/#website\"},\"primaryImageOfPage\":{\"@id\":\"https:\/\/lareinanews.cl\/noticias\/index.php\/2021\/04\/16\/loreto-pino-candidata-a-concejala\/#primaryimage\"},\"image\":{\"@id\":\"https:\/\/lareinanews.cl\/noticias\/index.php\/2021\/04\/16\/loreto-pino-candidata-a-concejala\/#primaryimage\"},\"thumbnailUrl\":\"https:\/\/lareinanews.cl\/noticias\/wp-content\/uploads\/2021\/04\/loretopino.png\",\"datePublished\":\"2021-04-16T06:11:06+00:00\",\"dateModified\":\"2021-04-22T18:14:58+00:00\",\"description\":\"Conozcamos a la qu\u00edmico farmac\u00e9utico de la farmacia comunitaria de La Reina, candidata a concejala por la comuna\",\"breadcrumb\":{\"@id\":\"https:\/\/lareinanews.cl\/noticias\/index.php\/2021\/04\/16\/loreto-pino-candidata-a-concejala\/#breadcrumb\"},\"inLanguage\":\"es\",\"potentialAction\":[{\"@type\":\"ReadAction\",\"target\":[\"https:\/\/lareinanews.cl\/noticias\/index.php\/2021\/04\/16\/loreto-pino-candidata-a-concejala\/\"]}]},{\"@type\":\"ImageObject\",\"inLanguage\":\"es\",\"@id\":\"https:\/\/lareinanews.cl\/noticias\/index.php\/2021\/04\/16\/loreto-pino-candidata-a-concejala\/#primaryimage\",\"url\":\"https:\/\/lareinanews.cl\/noticias\/wp-content\/uploads\/2021\/04\/loretopino.png\",\"contentUrl\":\"https:\/\/lareinanews.cl\/noticias\/wp-content\/uploads\/2021\/04\/loretopino.png\",\"width\":650,\"height\":490},{\"@type\":\"BreadcrumbList\",\"@id\":\"https:\/\/lareinanews.cl\/noticias\/index.php\/2021\/04\/16\/loreto-pino-candidata-a-concejala\/#breadcrumb\",\"itemListElement\":[{\"@type\":\"ListItem\",\"position\":1,\"name\":\"Inicio\",\"item\":\"https:\/\/lareinanews.cl\/noticias\/\"},{\"@type\":\"ListItem\",\"position\":2,\"name\":\"Loreto Pino, candidata a concejala\"}]},{\"@type\":\"WebSite\",\"@id\":\"https:\/\/lareinanews.cl\/noticias\/#website\",\"url\":\"https:\/\/lareinanews.cl\/noticias\/\",\"name\":\"Noticias La Reina\",\"description\":\"LaReina.news\",\"publisher\":{\"@id\":\"https:\/\/lareinanews.cl\/noticias\/#organization\"},\"potentialAction\":[{\"@type\":\"SearchAction\",\"target\":{\"@type\":\"EntryPoint\",\"urlTemplate\":\"https:\/\/lareinanews.cl\/noticias\/?s={search_term_string}\"},\"query-input\":{\"@type\":\"PropertyValueSpecification\",\"valueRequired\":true,\"valueName\":\"search_term_string\"}}],\"inLanguage\":\"es\"},{\"@type\":\"Organization\",\"@id\":\"https:\/\/lareinanews.cl\/noticias\/#organization\",\"name\":\"La Reina.news Peri\u00f3dico comunal de La Reina\",\"url\":\"https:\/\/lareinanews.cl\/noticias\/\",\"logo\":{\"@type\":\"ImageObject\",\"inLanguage\":\"es\",\"@id\":\"https:\/\/lareinanews.cl\/noticias\/#\/schema\/logo\/image\/\",\"url\":\"https:\/\/lareinanews.cl\/noticias\/wp-content\/uploads\/2020\/04\/logo_schema.png\",\"contentUrl\":\"https:\/\/lareinanews.cl\/noticias\/wp-content\/uploads\/2020\/04\/logo_schema.png\",\"width\":640,\"height\":360,\"caption\":\"La Reina.news Peri\u00f3dico comunal de La Reina\"},\"image\":{\"@id\":\"https:\/\/lareinanews.cl\/noticias\/#\/schema\/logo\/image\/\"},\"sameAs\":[\"https:\/\/www.facebook.com\/LaReinaNews\",\"https:\/\/www.instagram.com\/lareinanews\/\"]},{\"@type\":\"Person\",\"@id\":\"https:\/\/lareinanews.cl\/noticias\/#\/schema\/person\/c697b5a3c8bc9dd1d94222e2d58209ed\",\"name\":\"J M Doren\",\"image\":{\"@type\":\"ImageObject\",\"inLanguage\":\"es\",\"@id\":\"https:\/\/lareinanews.cl\/noticias\/#\/schema\/person\/image\/\",\"url\":\"http:\/\/lareina.news\/noticias\/wp-content\/uploads\/2019\/09\/avatar_user_1_1569272876-96x96.png\",\"contentUrl\":\"http:\/\/lareina.news\/noticias\/wp-content\/uploads\/2019\/09\/avatar_user_1_1569272876-96x96.png\",\"caption\":\"J M Doren\"},\"description\":\"Soy ingeniero en inform\u00e1tica, interesado en las humanidades. Fundador y director de La Reina.news y otros medios electr\u00f3nicos. Creo profundamente en que si dejamos de pensar y cuestionar(nos) no hay nada que nos diferencie de los primates. jmdoren@ok.cl Sitios de mi autor&iacute;a\",\"sameAs\":[\"https:\/\/www.ok.cl\/\",\"https:\/\/x.com\/@jmdoren\"],\"url\":\"https:\/\/lareinanews.cl\/noticias\/index.php\/author\/jmdoren\/\"}]}<\/script>\n<!-- \/ Yoast SEO plugin. -->","yoast_head_json":{"title":"Loreto Pino, candidata a concejala","description":"Conozcamos a la qu\u00edmico farmac\u00e9utico de la farmacia comunitaria de La Reina, candidata a concejala por la comuna","robots":{"index":"index","follow":"follow","max-snippet":"max-snippet:-1","max-image-preview":"max-image-preview:large","max-video-preview":"max-video-preview:-1"},"canonical":"https:\/\/lareinanews.cl\/noticias\/index.php\/2021\/04\/16\/loreto-pino-candidata-a-concejala\/","og_locale":"es_ES","og_type":"article","og_title":"Loreto Pino, candidata a concejala","og_description":"Conozcamos a la qu\u00edmico farmac\u00e9utico de la farmacia comunitaria de La Reina, candidata a concejala por la comuna","og_url":"https:\/\/lareinanews.cl\/noticias\/index.php\/2021\/04\/16\/loreto-pino-candidata-a-concejala\/","og_site_name":"Noticias La Reina","article_publisher":"https:\/\/www.facebook.com\/LaReinaNews","article_published_time":"2021-04-16T06:11:06+00:00","article_modified_time":"2021-04-22T18:14:58+00:00","og_image":[{"width":650,"height":490,"url":"https:\/\/lareinanews.cl\/noticias\/wp-content\/uploads\/2021\/04\/loretopino.png","type":"image\/png"}],"author":"J M Doren","twitter_card":"summary_large_image","twitter_creator":"@jmdoren","twitter_misc":{"Escrito por":"J M Doren","Tiempo de lectura":"4 minutos"},"schema":{"@context":"https:\/\/schema.org","@graph":[{"@type":"Article","@id":"https:\/\/lareinanews.cl\/noticias\/index.php\/2021\/04\/16\/loreto-pino-candidata-a-concejala\/#article","isPartOf":{"@id":"https:\/\/lareinanews.cl\/noticias\/index.php\/2021\/04\/16\/loreto-pino-candidata-a-concejala\/"},"author":{"name":"J M Doren","@id":"https:\/\/lareinanews.cl\/noticias\/#\/schema\/person\/c697b5a3c8bc9dd1d94222e2d58209ed"},"headline":"Loreto Pino, candidata a concejala","datePublished":"2021-04-16T06:11:06+00:00","dateModified":"2021-04-22T18:14:58+00:00","mainEntityOfPage":{"@id":"https:\/\/lareinanews.cl\/noticias\/index.php\/2021\/04\/16\/loreto-pino-candidata-a-concejala\/"},"wordCount":758,"commentCount":0,"publisher":{"@id":"https:\/\/lareinanews.cl\/noticias\/#organization"},"image":{"@id":"https:\/\/lareinanews.cl\/noticias\/index.php\/2021\/04\/16\/loreto-pino-candidata-a-concejala\/#primaryimage"},"thumbnailUrl":"https:\/\/lareinanews.cl\/noticias\/wp-content\/uploads\/2021\/04\/loretopino.png","keywords":["candidatos","concejales","la reina"],"articleSection":["Candidatos a Concejal 2021","Concejo Municipal","Entrevista","La Reina"],"inLanguage":"es","potentialAction":[{"@type":"CommentAction","name":"Comment","target":["https:\/\/lareinanews.cl\/noticias\/index.php\/2021\/04\/16\/loreto-pino-candidata-a-concejala\/#respond"]}]},{"@type":"WebPage","@id":"https:\/\/lareinanews.cl\/noticias\/index.php\/2021\/04\/16\/loreto-pino-candidata-a-concejala\/","url":"https:\/\/lareinanews.cl\/noticias\/index.php\/2021\/04\/16\/loreto-pino-candidata-a-concejala\/","name":"Loreto Pino, candidata a concejala","isPartOf":{"@id":"https:\/\/lareinanews.cl\/noticias\/#website"},"primaryImageOfPage":{"@id":"https:\/\/lareinanews.cl\/noticias\/index.php\/2021\/04\/16\/loreto-pino-candidata-a-concejala\/#primaryimage"},"image":{"@id":"https:\/\/lareinanews.cl\/noticias\/index.php\/2021\/04\/16\/loreto-pino-candidata-a-concejala\/#primaryimage"},"thumbnailUrl":"https:\/\/lareinanews.cl\/noticias\/wp-content\/uploads\/2021\/04\/loretopino.png","datePublished":"2021-04-16T06:11:06+00:00","dateModified":"2021-04-22T18:14:58+00:00","description":"Conozcamos a la qu\u00edmico farmac\u00e9utico de la farmacia comunitaria de La Reina, candidata a concejala por la comuna","breadcrumb":{"@id":"https:\/\/lareinanews.cl\/noticias\/index.php\/2021\/04\/16\/loreto-pino-candidata-a-concejala\/#breadcrumb"},"inLanguage":"es","potentialAction":[{"@type":"ReadAction","target":["https:\/\/lareinanews.cl\/noticias\/index.php\/2021\/04\/16\/loreto-pino-candidata-a-concejala\/"]}]},{"@type":"ImageObject","inLanguage":"es","@id":"https:\/\/lareinanews.cl\/noticias\/index.php\/2021\/04\/16\/loreto-pino-candidata-a-concejala\/#primaryimage","url":"https:\/\/lareinanews.cl\/noticias\/wp-content\/uploads\/2021\/04\/loretopino.png","contentUrl":"https:\/\/lareinanews.cl\/noticias\/wp-content\/uploads\/2021\/04\/loretopino.png","width":650,"height":490},{"@type":"BreadcrumbList","@id":"https:\/\/lareinanews.cl\/noticias\/index.php\/2021\/04\/16\/loreto-pino-candidata-a-concejala\/#breadcrumb","itemListElement":[{"@type":"ListItem","position":1,"name":"Inicio","item":"https:\/\/lareinanews.cl\/noticias\/"},{"@type":"ListItem","position":2,"name":"Loreto Pino, candidata a concejala"}]},{"@type":"WebSite","@id":"https:\/\/lareinanews.cl\/noticias\/#website","url":"https:\/\/lareinanews.cl\/noticias\/","name":"Noticias La Reina","description":"LaReina.news","publisher":{"@id":"https:\/\/lareinanews.cl\/noticias\/#organization"},"potentialAction":[{"@type":"SearchAction","target":{"@type":"EntryPoint","urlTemplate":"https:\/\/lareinanews.cl\/noticias\/?s={search_term_string}"},"query-input":{"@type":"PropertyValueSpecification","valueRequired":true,"valueName":"search_term_string"}}],"inLanguage":"es"},{"@type":"Organization","@id":"https:\/\/lareinanews.cl\/noticias\/#organization","name":"La Reina.news Peri\u00f3dico comunal de La Reina","url":"https:\/\/lareinanews.cl\/noticias\/","logo":{"@type":"ImageObject","inLanguage":"es","@id":"https:\/\/lareinanews.cl\/noticias\/#\/schema\/logo\/image\/","url":"https:\/\/lareinanews.cl\/noticias\/wp-content\/uploads\/2020\/04\/logo_schema.png","contentUrl":"https:\/\/lareinanews.cl\/noticias\/wp-content\/uploads\/2020\/04\/logo_schema.png","width":640,"height":360,"caption":"La Reina.news Peri\u00f3dico comunal de La Reina"},"image":{"@id":"https:\/\/lareinanews.cl\/noticias\/#\/schema\/logo\/image\/"},"sameAs":["https:\/\/www.facebook.com\/LaReinaNews","https:\/\/www.instagram.com\/lareinanews\/"]},{"@type":"Person","@id":"https:\/\/lareinanews.cl\/noticias\/#\/schema\/person\/c697b5a3c8bc9dd1d94222e2d58209ed","name":"J M Doren","image":{"@type":"ImageObject","inLanguage":"es","@id":"https:\/\/lareinanews.cl\/noticias\/#\/schema\/person\/image\/","url":"http:\/\/lareina.news\/noticias\/wp-content\/uploads\/2019\/09\/avatar_user_1_1569272876-96x96.png","contentUrl":"http:\/\/lareina.news\/noticias\/wp-content\/uploads\/2019\/09\/avatar_user_1_1569272876-96x96.png","caption":"J M Doren"},"description":"Soy ingeniero en inform\u00e1tica, interesado en las humanidades. Fundador y director de La Reina.news y otros medios electr\u00f3nicos. Creo profundamente en que si dejamos de pensar y cuestionar(nos) no hay nada que nos diferencie de los primates. jmdoren@ok.cl Sitios de mi autor&iacute;a","sameAs":["https:\/\/www.ok.cl\/","https:\/\/x.com\/@jmdoren"],"url":"https:\/\/lareinanews.cl\/noticias\/index.php\/author\/jmdoren\/"}]}},"_links":{"self":[{"href":"https:\/\/lareinanews.cl\/noticias\/index.php\/wp-json\/wp\/v2\/posts\/4838","targetHints":{"allow":["GET"]}}],"collection":[{"href":"https:\/\/lareinanews.cl\/noticias\/index.php\/wp-json\/wp\/v2\/posts"}],"about":[{"href":"https:\/\/lareinanews.cl\/noticias\/index.php\/wp-json\/wp\/v2\/types\/post"}],"author":[{"embeddable":true,"href":"https:\/\/lareinanews.cl\/noticias\/index.php\/wp-json\/wp\/v2\/users\/1"}],"replies":[{"embeddable":true,"href":"https:\/\/lareinanews.cl\/noticias\/index.php\/wp-json\/wp\/v2\/comments?post=4838"}],"version-history":[{"count":6,"href":"https:\/\/lareinanews.cl\/noticias\/index.php\/wp-json\/wp\/v2\/posts\/4838\/revisions"}],"predecessor-version":[{"id":4927,"href":"https:\/\/lareinanews.cl\/noticias\/index.php\/wp-json\/wp\/v2\/posts\/4838\/revisions\/4927"}],"wp:featuredmedia":[{"embeddable":true,"href":"https:\/\/lareinanews.cl\/noticias\/index.php\/wp-json\/wp\/v2\/media\/4843"}],"wp:attachment":[{"href":"https:\/\/lareinanews.cl\/noticias\/index.php\/wp-json\/wp\/v2\/media?parent=4838"}],"wp:term":[{"taxonomy":"category","embeddable":true,"href":"https:\/\/lareinanews.cl\/noticias\/index.php\/wp-json\/wp\/v2\/categories?post=4838"},{"taxonomy":"post_tag","embeddable":true,"href":"https:\/\/lareinanews.cl\/noticias\/index.php\/wp-json\/wp\/v2\/tags?post=4838"}],"curies":[{"name":"wp","href":"https:\/\/api.w.org\/{rel}","templated":true}]}}