{"id":4675,"date":"2021-04-06T16:33:15","date_gmt":"2021-04-06T19:33:15","guid":{"rendered":"https:\/\/lareina.news\/noticias\/?p=4675"},"modified":"2021-04-06T16:33:50","modified_gmt":"2021-04-06T19:33:50","slug":"isp-oficia-a-farmacias-la-venta-de-anticonceptivos-sin-receta","status":"publish","type":"post","link":"https:\/\/lareinanews.cl\/noticias\/index.php\/2021\/04\/06\/isp-oficia-a-farmacias-la-venta-de-anticonceptivos-sin-receta\/","title":{"rendered":"ISP oficia a farmacias la venta de anticonceptivos sin receta"},"content":{"rendered":"<p>Hace algunos d\u00edas usuarias de redes sociales denunciaron que las farmacias estaban pidiendo receta m\u00e9dica para la venta de anticonceptivos. Si bien estos deben ser recetados por un m\u00e9dico en la pr\u00e1ctica no se hac\u00eda y muchas mujeres los ven\u00edan utilizando por a\u00f1os sin dicho requisito. A todas luces el momento de comenzar a exigir el cumplimiento de este requisito no era el m\u00e1s apropiado poque esto implicaba que para obtener la prescripci\u00f3n exigida en la farmacia ahora se deb\u00eda acudir a un profesional, con los evidentes problemas de desplazamiento en cuarentena y gastos extra.\u00a0 El texto del comunicado del ISP dice:<\/p>\n<p>&nbsp;<\/p>\n<blockquote><p><a href=\"https:\/\/s.lareina.news\/i\/2021\/04\/gettyimages-1225987941-170667a-e1617641995812.jpg\"><img loading=\"lazy\" decoding=\"async\" class=\"size-full wp-image-4677 alignleft\" src=\"https:\/\/s.lareina.news\/i\/2021\/04\/gettyimages-1225987941-170667a-e1617641995812.jpg\" alt=\"\" width=\"411\" height=\"231\" srcset=\"https:\/\/lareinanews.cl\/noticias\/wp-content\/uploads\/2021\/04\/gettyimages-1225987941-170667a-e1617641995812.jpg 411w, https:\/\/lareinanews.cl\/noticias\/wp-content\/uploads\/2021\/04\/gettyimages-1225987941-170667a-e1617641995812-300x169.jpg 300w\" sizes=\"auto, (max-width: 411px) 100vw, 411px\" \/><\/a>El Instituto de Salud P\u00fablica de Chile (ISP), ofici\u00f3 esta ma\u00f1ana a los representantes de farmacias del pa\u00eds que cuentan con autorizaci\u00f3n para la venta f\u00edsica y \u00a0electr\u00f3nica de medicamentos que deben flexibilizar la adquisici\u00f3n de anticonceptivos en establecimientos farmac\u00e9uticos, los cuales no se ver\u00e1n en la obligaci\u00f3n de exigir una receta para la venta de \u00e9stos.<\/p>\n<p>Lo anterior no implica cambio de las condiciones de venta, no obstante dada la necesidad inmediata de facilitar el acceso a estos tratamientos en tiempos de pandemia, el ISP entregar\u00e1 la facultad al qu\u00edmico farmac\u00e9utico de cada establecimiento de no exigir la receta\u00a0<strong>en el caso de los anticonceptivos.<\/strong><\/p>\n<p>En las farmacias online, los qu\u00edmicos farmac\u00e9uticos podr\u00e1n respaldar la venta a trav\u00e9s de canales de mensajes instant\u00e1neos u otra soluci\u00f3n que sea factible para el comercio electr\u00f3nico.<\/p>\n<p>&nbsp;<\/p><\/blockquote>\n<p>fuente: <a href=\"https:\/\/www.ispch.cl\/noticia\/isp-oficia-a-farmacias-la-venta-de-anticonceptivos-sin-receta-por-motivos-de-salud-publica\/\">www.ispch.cl<\/a><\/p>\n","protected":false},"excerpt":{"rendered":"<div class=\"mh-excerpt\"><p>Hace algunos d\u00edas usuarias de redes sociales denunciaron que las farmacias estaban pidiendo receta m\u00e9dica para la venta de anticonceptivos. Si bien estos deben ser recetados por un m\u00e9dico en la pr\u00e1ctica no se hac\u00eda <a class=\"mh-excerpt-more\" href=\"https:\/\/lareinanews.cl\/noticias\/index.php\/2021\/04\/06\/isp-oficia-a-farmacias-la-venta-de-anticonceptivos-sin-receta\/\" title=\"ISP oficia a farmacias la venta de anticonceptivos sin receta\">[&#8230;]<\/a><\/p>\n<\/div>","protected":false},"author":1,"featured_media":4676,"comment_status":"open","ping_status":"closed","sticky":false,"template":"","format":"standard","meta":{"_acf_changed":false,"footnotes":""},"categories":[31,250,308,309,314,248,249,14,255],"tags":[315,151],"class_list":{"0":"post-4675","1":"post","2":"type-post","3":"status-publish","4":"format-standard","5":"has-post-thumbnail","7":"category-destacados","8":"category-familia","9":"category-feminismo","10":"category-mujeres","11":"category-nacional","12":"category-ninas","13":"category-ninos-y-jovenes","14":"category-noticias","15":"category-salud","16":"tag-noticias","17":"tag-salud"},"acf":[],"yoast_head":"<!-- This site is optimized with the Yoast SEO plugin v27.1.1 - https:\/\/yoast.com\/product\/yoast-seo-wordpress\/ -->\n<title>ISP oficia a farmacias la venta de anticonceptivos sin receta<\/title>\n<meta name=\"description\" content=\"Ya no se exigir\u00e1 la receta m\u00e9dica para adquirir anticonceptivos en las farmacias.\" \/>\n<meta name=\"robots\" content=\"index, follow, max-snippet:-1, max-image-preview:large, max-video-preview:-1\" \/>\n<link rel=\"canonical\" href=\"https:\/\/lareinanews.cl\/noticias\/index.php\/2021\/04\/06\/isp-oficia-a-farmacias-la-venta-de-anticonceptivos-sin-receta\/\" \/>\n<meta property=\"og:locale\" content=\"es_ES\" \/>\n<meta property=\"og:type\" content=\"article\" \/>\n<meta property=\"og:title\" content=\"ISP oficia a farmacias la venta de anticonceptivos sin receta\" \/>\n<meta property=\"og:description\" content=\"Ya no se exigir\u00e1 la receta m\u00e9dica para adquirir anticonceptivos en las farmacias.\" \/>\n<meta property=\"og:url\" content=\"https:\/\/lareinanews.cl\/noticias\/index.php\/2021\/04\/06\/isp-oficia-a-farmacias-la-venta-de-anticonceptivos-sin-receta\/\" \/>\n<meta property=\"og:site_name\" content=\"Noticias La Reina\" \/>\n<meta property=\"article:publisher\" content=\"https:\/\/www.facebook.com\/LaReinaNews\" \/>\n<meta property=\"article:published_time\" content=\"2021-04-06T19:33:15+00:00\" \/>\n<meta property=\"article:modified_time\" content=\"2021-04-06T19:33:50+00:00\" \/>\n<meta property=\"og:image\" content=\"https:\/\/lareinanews.cl\/noticias\/wp-content\/uploads\/2021\/04\/anticonceptivos.jpg\" \/>\n\t<meta property=\"og:image:width\" content=\"650\" \/>\n\t<meta property=\"og:image:height\" content=\"490\" \/>\n\t<meta property=\"og:image:type\" content=\"image\/jpeg\" \/>\n<meta name=\"author\" content=\"J M Doren\" \/>\n<meta name=\"twitter:card\" content=\"summary_large_image\" \/>\n<meta name=\"twitter:creator\" content=\"@jmdoren\" \/>\n<meta name=\"twitter:label1\" content=\"Escrito por\" \/>\n\t<meta name=\"twitter:data1\" content=\"J M Doren\" \/>\n\t<meta name=\"twitter:label2\" content=\"Tiempo de lectura\" \/>\n\t<meta name=\"twitter:data2\" content=\"2 minutos\" \/>\n<script type=\"application\/ld+json\" class=\"yoast-schema-graph\">{\"@context\":\"https:\/\/schema.org\",\"@graph\":[{\"@type\":\"Article\",\"@id\":\"https:\/\/lareinanews.cl\/noticias\/index.php\/2021\/04\/06\/isp-oficia-a-farmacias-la-venta-de-anticonceptivos-sin-receta\/#article\",\"isPartOf\":{\"@id\":\"https:\/\/lareinanews.cl\/noticias\/index.php\/2021\/04\/06\/isp-oficia-a-farmacias-la-venta-de-anticonceptivos-sin-receta\/\"},\"author\":{\"name\":\"J M Doren\",\"@id\":\"https:\/\/lareinanews.cl\/noticias\/#\/schema\/person\/c697b5a3c8bc9dd1d94222e2d58209ed\"},\"headline\":\"ISP oficia a farmacias la venta de anticonceptivos sin receta\",\"datePublished\":\"2021-04-06T19:33:15+00:00\",\"dateModified\":\"2021-04-06T19:33:50+00:00\",\"mainEntityOfPage\":{\"@id\":\"https:\/\/lareinanews.cl\/noticias\/index.php\/2021\/04\/06\/isp-oficia-a-farmacias-la-venta-de-anticonceptivos-sin-receta\/\"},\"wordCount\":281,\"commentCount\":0,\"publisher\":{\"@id\":\"https:\/\/lareinanews.cl\/noticias\/#organization\"},\"image\":{\"@id\":\"https:\/\/lareinanews.cl\/noticias\/index.php\/2021\/04\/06\/isp-oficia-a-farmacias-la-venta-de-anticonceptivos-sin-receta\/#primaryimage\"},\"thumbnailUrl\":\"https:\/\/lareinanews.cl\/noticias\/wp-content\/uploads\/2021\/04\/anticonceptivos.jpg\",\"keywords\":[\"noticias\",\"salud\"],\"articleSection\":[\"Destacados\",\"Familia\",\"Feminismo\",\"mujeres\",\"nacional\",\"Ni\u00f1as\",\"Ni\u00f1os y J\u00f3venes\",\"Noticias\",\"Salud\"],\"inLanguage\":\"es\",\"potentialAction\":[{\"@type\":\"CommentAction\",\"name\":\"Comment\",\"target\":[\"https:\/\/lareinanews.cl\/noticias\/index.php\/2021\/04\/06\/isp-oficia-a-farmacias-la-venta-de-anticonceptivos-sin-receta\/#respond\"]}]},{\"@type\":\"WebPage\",\"@id\":\"https:\/\/lareinanews.cl\/noticias\/index.php\/2021\/04\/06\/isp-oficia-a-farmacias-la-venta-de-anticonceptivos-sin-receta\/\",\"url\":\"https:\/\/lareinanews.cl\/noticias\/index.php\/2021\/04\/06\/isp-oficia-a-farmacias-la-venta-de-anticonceptivos-sin-receta\/\",\"name\":\"ISP oficia a farmacias la venta de anticonceptivos sin receta\",\"isPartOf\":{\"@id\":\"https:\/\/lareinanews.cl\/noticias\/#website\"},\"primaryImageOfPage\":{\"@id\":\"https:\/\/lareinanews.cl\/noticias\/index.php\/2021\/04\/06\/isp-oficia-a-farmacias-la-venta-de-anticonceptivos-sin-receta\/#primaryimage\"},\"image\":{\"@id\":\"https:\/\/lareinanews.cl\/noticias\/index.php\/2021\/04\/06\/isp-oficia-a-farmacias-la-venta-de-anticonceptivos-sin-receta\/#primaryimage\"},\"thumbnailUrl\":\"https:\/\/lareinanews.cl\/noticias\/wp-content\/uploads\/2021\/04\/anticonceptivos.jpg\",\"datePublished\":\"2021-04-06T19:33:15+00:00\",\"dateModified\":\"2021-04-06T19:33:50+00:00\",\"description\":\"Ya no se exigir\u00e1 la receta m\u00e9dica para adquirir anticonceptivos en las farmacias.\",\"breadcrumb\":{\"@id\":\"https:\/\/lareinanews.cl\/noticias\/index.php\/2021\/04\/06\/isp-oficia-a-farmacias-la-venta-de-anticonceptivos-sin-receta\/#breadcrumb\"},\"inLanguage\":\"es\",\"potentialAction\":[{\"@type\":\"ReadAction\",\"target\":[\"https:\/\/lareinanews.cl\/noticias\/index.php\/2021\/04\/06\/isp-oficia-a-farmacias-la-venta-de-anticonceptivos-sin-receta\/\"]}]},{\"@type\":\"ImageObject\",\"inLanguage\":\"es\",\"@id\":\"https:\/\/lareinanews.cl\/noticias\/index.php\/2021\/04\/06\/isp-oficia-a-farmacias-la-venta-de-anticonceptivos-sin-receta\/#primaryimage\",\"url\":\"https:\/\/lareinanews.cl\/noticias\/wp-content\/uploads\/2021\/04\/anticonceptivos.jpg\",\"contentUrl\":\"https:\/\/lareinanews.cl\/noticias\/wp-content\/uploads\/2021\/04\/anticonceptivos.jpg\",\"width\":650,\"height\":490},{\"@type\":\"BreadcrumbList\",\"@id\":\"https:\/\/lareinanews.cl\/noticias\/index.php\/2021\/04\/06\/isp-oficia-a-farmacias-la-venta-de-anticonceptivos-sin-receta\/#breadcrumb\",\"itemListElement\":[{\"@type\":\"ListItem\",\"position\":1,\"name\":\"Inicio\",\"item\":\"https:\/\/lareinanews.cl\/noticias\/\"},{\"@type\":\"ListItem\",\"position\":2,\"name\":\"ISP oficia a farmacias la venta de anticonceptivos sin receta\"}]},{\"@type\":\"WebSite\",\"@id\":\"https:\/\/lareinanews.cl\/noticias\/#website\",\"url\":\"https:\/\/lareinanews.cl\/noticias\/\",\"name\":\"Noticias La Reina\",\"description\":\"LaReina.news\",\"publisher\":{\"@id\":\"https:\/\/lareinanews.cl\/noticias\/#organization\"},\"potentialAction\":[{\"@type\":\"SearchAction\",\"target\":{\"@type\":\"EntryPoint\",\"urlTemplate\":\"https:\/\/lareinanews.cl\/noticias\/?s={search_term_string}\"},\"query-input\":{\"@type\":\"PropertyValueSpecification\",\"valueRequired\":true,\"valueName\":\"search_term_string\"}}],\"inLanguage\":\"es\"},{\"@type\":\"Organization\",\"@id\":\"https:\/\/lareinanews.cl\/noticias\/#organization\",\"name\":\"La Reina.news Peri\u00f3dico comunal de La Reina\",\"url\":\"https:\/\/lareinanews.cl\/noticias\/\",\"logo\":{\"@type\":\"ImageObject\",\"inLanguage\":\"es\",\"@id\":\"https:\/\/lareinanews.cl\/noticias\/#\/schema\/logo\/image\/\",\"url\":\"https:\/\/lareinanews.cl\/noticias\/wp-content\/uploads\/2020\/04\/logo_schema.png\",\"contentUrl\":\"https:\/\/lareinanews.cl\/noticias\/wp-content\/uploads\/2020\/04\/logo_schema.png\",\"width\":640,\"height\":360,\"caption\":\"La Reina.news Peri\u00f3dico comunal de La Reina\"},\"image\":{\"@id\":\"https:\/\/lareinanews.cl\/noticias\/#\/schema\/logo\/image\/\"},\"sameAs\":[\"https:\/\/www.facebook.com\/LaReinaNews\",\"https:\/\/www.instagram.com\/lareinanews\/\"]},{\"@type\":\"Person\",\"@id\":\"https:\/\/lareinanews.cl\/noticias\/#\/schema\/person\/c697b5a3c8bc9dd1d94222e2d58209ed\",\"name\":\"J M Doren\",\"image\":{\"@type\":\"ImageObject\",\"inLanguage\":\"es\",\"@id\":\"https:\/\/lareinanews.cl\/noticias\/#\/schema\/person\/image\/\",\"url\":\"http:\/\/lareina.news\/noticias\/wp-content\/uploads\/2019\/09\/avatar_user_1_1569272876-96x96.png\",\"contentUrl\":\"http:\/\/lareina.news\/noticias\/wp-content\/uploads\/2019\/09\/avatar_user_1_1569272876-96x96.png\",\"caption\":\"J M Doren\"},\"description\":\"Soy ingeniero en inform\u00e1tica, interesado en las humanidades. Fundador y director de La Reina.news y otros medios electr\u00f3nicos. Creo profundamente en que si dejamos de pensar y cuestionar(nos) no hay nada que nos diferencie de los primates. jmdoren@ok.cl Sitios de mi autor&iacute;a\",\"sameAs\":[\"https:\/\/www.ok.cl\/\",\"https:\/\/x.com\/@jmdoren\"],\"url\":\"https:\/\/lareinanews.cl\/noticias\/index.php\/author\/jmdoren\/\"}]}<\/script>\n<!-- \/ Yoast SEO plugin. -->","yoast_head_json":{"title":"ISP oficia a farmacias la venta de anticonceptivos sin receta","description":"Ya no se exigir\u00e1 la receta m\u00e9dica para adquirir anticonceptivos en las farmacias.","robots":{"index":"index","follow":"follow","max-snippet":"max-snippet:-1","max-image-preview":"max-image-preview:large","max-video-preview":"max-video-preview:-1"},"canonical":"https:\/\/lareinanews.cl\/noticias\/index.php\/2021\/04\/06\/isp-oficia-a-farmacias-la-venta-de-anticonceptivos-sin-receta\/","og_locale":"es_ES","og_type":"article","og_title":"ISP oficia a farmacias la venta de anticonceptivos sin receta","og_description":"Ya no se exigir\u00e1 la receta m\u00e9dica para adquirir anticonceptivos en las farmacias.","og_url":"https:\/\/lareinanews.cl\/noticias\/index.php\/2021\/04\/06\/isp-oficia-a-farmacias-la-venta-de-anticonceptivos-sin-receta\/","og_site_name":"Noticias La Reina","article_publisher":"https:\/\/www.facebook.com\/LaReinaNews","article_published_time":"2021-04-06T19:33:15+00:00","article_modified_time":"2021-04-06T19:33:50+00:00","og_image":[{"width":650,"height":490,"url":"https:\/\/lareinanews.cl\/noticias\/wp-content\/uploads\/2021\/04\/anticonceptivos.jpg","type":"image\/jpeg"}],"author":"J M Doren","twitter_card":"summary_large_image","twitter_creator":"@jmdoren","twitter_misc":{"Escrito por":"J M Doren","Tiempo de lectura":"2 minutos"},"schema":{"@context":"https:\/\/schema.org","@graph":[{"@type":"Article","@id":"https:\/\/lareinanews.cl\/noticias\/index.php\/2021\/04\/06\/isp-oficia-a-farmacias-la-venta-de-anticonceptivos-sin-receta\/#article","isPartOf":{"@id":"https:\/\/lareinanews.cl\/noticias\/index.php\/2021\/04\/06\/isp-oficia-a-farmacias-la-venta-de-anticonceptivos-sin-receta\/"},"author":{"name":"J M Doren","@id":"https:\/\/lareinanews.cl\/noticias\/#\/schema\/person\/c697b5a3c8bc9dd1d94222e2d58209ed"},"headline":"ISP oficia a farmacias la venta de anticonceptivos sin receta","datePublished":"2021-04-06T19:33:15+00:00","dateModified":"2021-04-06T19:33:50+00:00","mainEntityOfPage":{"@id":"https:\/\/lareinanews.cl\/noticias\/index.php\/2021\/04\/06\/isp-oficia-a-farmacias-la-venta-de-anticonceptivos-sin-receta\/"},"wordCount":281,"commentCount":0,"publisher":{"@id":"https:\/\/lareinanews.cl\/noticias\/#organization"},"image":{"@id":"https:\/\/lareinanews.cl\/noticias\/index.php\/2021\/04\/06\/isp-oficia-a-farmacias-la-venta-de-anticonceptivos-sin-receta\/#primaryimage"},"thumbnailUrl":"https:\/\/lareinanews.cl\/noticias\/wp-content\/uploads\/2021\/04\/anticonceptivos.jpg","keywords":["noticias","salud"],"articleSection":["Destacados","Familia","Feminismo","mujeres","nacional","Ni\u00f1as","Ni\u00f1os y J\u00f3venes","Noticias","Salud"],"inLanguage":"es","potentialAction":[{"@type":"CommentAction","name":"Comment","target":["https:\/\/lareinanews.cl\/noticias\/index.php\/2021\/04\/06\/isp-oficia-a-farmacias-la-venta-de-anticonceptivos-sin-receta\/#respond"]}]},{"@type":"WebPage","@id":"https:\/\/lareinanews.cl\/noticias\/index.php\/2021\/04\/06\/isp-oficia-a-farmacias-la-venta-de-anticonceptivos-sin-receta\/","url":"https:\/\/lareinanews.cl\/noticias\/index.php\/2021\/04\/06\/isp-oficia-a-farmacias-la-venta-de-anticonceptivos-sin-receta\/","name":"ISP oficia a farmacias la venta de anticonceptivos sin receta","isPartOf":{"@id":"https:\/\/lareinanews.cl\/noticias\/#website"},"primaryImageOfPage":{"@id":"https:\/\/lareinanews.cl\/noticias\/index.php\/2021\/04\/06\/isp-oficia-a-farmacias-la-venta-de-anticonceptivos-sin-receta\/#primaryimage"},"image":{"@id":"https:\/\/lareinanews.cl\/noticias\/index.php\/2021\/04\/06\/isp-oficia-a-farmacias-la-venta-de-anticonceptivos-sin-receta\/#primaryimage"},"thumbnailUrl":"https:\/\/lareinanews.cl\/noticias\/wp-content\/uploads\/2021\/04\/anticonceptivos.jpg","datePublished":"2021-04-06T19:33:15+00:00","dateModified":"2021-04-06T19:33:50+00:00","description":"Ya no se exigir\u00e1 la receta m\u00e9dica para adquirir anticonceptivos en las farmacias.","breadcrumb":{"@id":"https:\/\/lareinanews.cl\/noticias\/index.php\/2021\/04\/06\/isp-oficia-a-farmacias-la-venta-de-anticonceptivos-sin-receta\/#breadcrumb"},"inLanguage":"es","potentialAction":[{"@type":"ReadAction","target":["https:\/\/lareinanews.cl\/noticias\/index.php\/2021\/04\/06\/isp-oficia-a-farmacias-la-venta-de-anticonceptivos-sin-receta\/"]}]},{"@type":"ImageObject","inLanguage":"es","@id":"https:\/\/lareinanews.cl\/noticias\/index.php\/2021\/04\/06\/isp-oficia-a-farmacias-la-venta-de-anticonceptivos-sin-receta\/#primaryimage","url":"https:\/\/lareinanews.cl\/noticias\/wp-content\/uploads\/2021\/04\/anticonceptivos.jpg","contentUrl":"https:\/\/lareinanews.cl\/noticias\/wp-content\/uploads\/2021\/04\/anticonceptivos.jpg","width":650,"height":490},{"@type":"BreadcrumbList","@id":"https:\/\/lareinanews.cl\/noticias\/index.php\/2021\/04\/06\/isp-oficia-a-farmacias-la-venta-de-anticonceptivos-sin-receta\/#breadcrumb","itemListElement":[{"@type":"ListItem","position":1,"name":"Inicio","item":"https:\/\/lareinanews.cl\/noticias\/"},{"@type":"ListItem","position":2,"name":"ISP oficia a farmacias la venta de anticonceptivos sin receta"}]},{"@type":"WebSite","@id":"https:\/\/lareinanews.cl\/noticias\/#website","url":"https:\/\/lareinanews.cl\/noticias\/","name":"Noticias La Reina","description":"LaReina.news","publisher":{"@id":"https:\/\/lareinanews.cl\/noticias\/#organization"},"potentialAction":[{"@type":"SearchAction","target":{"@type":"EntryPoint","urlTemplate":"https:\/\/lareinanews.cl\/noticias\/?s={search_term_string}"},"query-input":{"@type":"PropertyValueSpecification","valueRequired":true,"valueName":"search_term_string"}}],"inLanguage":"es"},{"@type":"Organization","@id":"https:\/\/lareinanews.cl\/noticias\/#organization","name":"La Reina.news Peri\u00f3dico comunal de La Reina","url":"https:\/\/lareinanews.cl\/noticias\/","logo":{"@type":"ImageObject","inLanguage":"es","@id":"https:\/\/lareinanews.cl\/noticias\/#\/schema\/logo\/image\/","url":"https:\/\/lareinanews.cl\/noticias\/wp-content\/uploads\/2020\/04\/logo_schema.png","contentUrl":"https:\/\/lareinanews.cl\/noticias\/wp-content\/uploads\/2020\/04\/logo_schema.png","width":640,"height":360,"caption":"La Reina.news Peri\u00f3dico comunal de La Reina"},"image":{"@id":"https:\/\/lareinanews.cl\/noticias\/#\/schema\/logo\/image\/"},"sameAs":["https:\/\/www.facebook.com\/LaReinaNews","https:\/\/www.instagram.com\/lareinanews\/"]},{"@type":"Person","@id":"https:\/\/lareinanews.cl\/noticias\/#\/schema\/person\/c697b5a3c8bc9dd1d94222e2d58209ed","name":"J M Doren","image":{"@type":"ImageObject","inLanguage":"es","@id":"https:\/\/lareinanews.cl\/noticias\/#\/schema\/person\/image\/","url":"http:\/\/lareina.news\/noticias\/wp-content\/uploads\/2019\/09\/avatar_user_1_1569272876-96x96.png","contentUrl":"http:\/\/lareina.news\/noticias\/wp-content\/uploads\/2019\/09\/avatar_user_1_1569272876-96x96.png","caption":"J M Doren"},"description":"Soy ingeniero en inform\u00e1tica, interesado en las humanidades. Fundador y director de La Reina.news y otros medios electr\u00f3nicos. Creo profundamente en que si dejamos de pensar y cuestionar(nos) no hay nada que nos diferencie de los primates. jmdoren@ok.cl Sitios de mi autor&iacute;a","sameAs":["https:\/\/www.ok.cl\/","https:\/\/x.com\/@jmdoren"],"url":"https:\/\/lareinanews.cl\/noticias\/index.php\/author\/jmdoren\/"}]}},"_links":{"self":[{"href":"https:\/\/lareinanews.cl\/noticias\/index.php\/wp-json\/wp\/v2\/posts\/4675","targetHints":{"allow":["GET"]}}],"collection":[{"href":"https:\/\/lareinanews.cl\/noticias\/index.php\/wp-json\/wp\/v2\/posts"}],"about":[{"href":"https:\/\/lareinanews.cl\/noticias\/index.php\/wp-json\/wp\/v2\/types\/post"}],"author":[{"embeddable":true,"href":"https:\/\/lareinanews.cl\/noticias\/index.php\/wp-json\/wp\/v2\/users\/1"}],"replies":[{"embeddable":true,"href":"https:\/\/lareinanews.cl\/noticias\/index.php\/wp-json\/wp\/v2\/comments?post=4675"}],"version-history":[{"count":3,"href":"https:\/\/lareinanews.cl\/noticias\/index.php\/wp-json\/wp\/v2\/posts\/4675\/revisions"}],"predecessor-version":[{"id":4680,"href":"https:\/\/lareinanews.cl\/noticias\/index.php\/wp-json\/wp\/v2\/posts\/4675\/revisions\/4680"}],"wp:featuredmedia":[{"embeddable":true,"href":"https:\/\/lareinanews.cl\/noticias\/index.php\/wp-json\/wp\/v2\/media\/4676"}],"wp:attachment":[{"href":"https:\/\/lareinanews.cl\/noticias\/index.php\/wp-json\/wp\/v2\/media?parent=4675"}],"wp:term":[{"taxonomy":"category","embeddable":true,"href":"https:\/\/lareinanews.cl\/noticias\/index.php\/wp-json\/wp\/v2\/categories?post=4675"},{"taxonomy":"post_tag","embeddable":true,"href":"https:\/\/lareinanews.cl\/noticias\/index.php\/wp-json\/wp\/v2\/tags?post=4675"}],"curies":[{"name":"wp","href":"https:\/\/api.w.org\/{rel}","templated":true}]}}