{"id":4618,"date":"2021-04-03T00:10:00","date_gmt":"2021-04-03T03:10:00","guid":{"rendered":"https:\/\/lareina.news\/noticias\/?p=4618"},"modified":"2021-04-05T00:38:11","modified_gmt":"2021-04-05T03:38:11","slug":"luis-tamayo-candidato-a-concejal","status":"publish","type":"post","link":"https:\/\/lareinanews.cl\/noticias\/index.php\/2021\/04\/03\/luis-tamayo-candidato-a-concejal\/","title":{"rendered":"Luis Tamayo, candidato a concejal"},"content":{"rendered":"<p>Entrevistamos a Cristi\u00e1n del Canto, m\u00e9dico veterinario, candidato a concejal por Evopoli.<\/p>\n<hr \/>\n<p>Redes Sociales<\/p>\n<ul>\n<li>Facebook\u00a0 <a href=\"https:\/\/www.facebook.com\/Tamayo2016\">Tamayo2016<\/a><\/li>\n<li>Instagram <a href=\"https:\/\/www.instagram.com\/luistamayo_full_lareina\">@luistamayo_full_lareina<\/a><\/li>\n<li dir=\"ltr\">Twitter <a href=\"https:\/\/www.twitter.com\/full_lareina\">@full_lareina<\/a><\/li>\n<\/ul>\n<hr \/>\n<h3>\u00bfCu\u00e1l es tu vinculaci\u00f3n con la comuna de La Reina?<\/h3>\n<div>Vivo en La Reina hace 15 a\u00f1os y soy dirigente vecinal desde hace m\u00e1s de 5 a\u00f1os. Comenc\u00e9 con la creaci\u00f3n de un comit\u00e9 de seguridad en mi calle y de ah\u00ed en m\u00e1s junto a mi grupo de vecinos hemos participado en numerosas obras sociales fundamentalmente en Villa La Reina, solo un ejemplo, de mayo a diciembre 2020 estuvimos cada semana presente con nuestra ayuda en olla com\u00fan. Apadrinamos a un n\u00famero no menor de ni\u00f1os en situaci\u00f3n vulnerable, adem\u00e1s soy padrino de la escuela de f\u00fatbol Fray Andr\u00e9s. Estoy fuertemente vinculado a la ayuda social y particularmente el a\u00f1o pasado me sensibilizo sobremanera la situaci\u00f3n de los adultos mayores lo que me llev\u00f3 a que sean uno de los motores de mi campa\u00f1a.<\/div>\n<h3>\u00bfQu\u00e9 te motiva a participar en pol\u00edtica y hacerlo como candidato a concejal?<\/h3>\n<div>Toda mi vida he tenido la vocaci\u00f3n de ayudar a quien lo\u00a0necesita y particularmente estos \u00faltimos\u00a0a\u00f1os como dirigente vecinal me ha permitido interiorizarme de la realidad de la comuna. Pol\u00edtica\u00a0hacemos a diario en todo \u00e1mbito de cosas y para mi est\u00e1 en poder seguir brindando ayuda desde la concejal\u00eda\u00a0velando en lo concerniente a fiscalizaci\u00f3n que los recursos se usen de la mejor manera y realmente los programas lleguen al m\u00e1ximo de beneficiarios.<\/div>\n<div><\/div>\n<div><\/div>\n<div><\/div>\n<h3>\u00bfQu\u00e9 aporte crees que t\u00fa dar\u00edas a la concejal\u00eda?<\/h3>\n<div><a href=\"https:\/\/s.lareina.news\/i\/2021\/04\/luistamayo_2.jpg\"><img loading=\"lazy\" decoding=\"async\" class=\"alignright size-medium wp-image-4621\" src=\"https:\/\/s.lareina.news\/i\/2021\/04\/luistamayo_2-300x300.jpg\" alt=\"\" width=\"300\" height=\"300\" srcset=\"https:\/\/lareinanews.cl\/noticias\/wp-content\/uploads\/2021\/04\/luistamayo_2-300x300.jpg 300w, https:\/\/lareinanews.cl\/noticias\/wp-content\/uploads\/2021\/04\/luistamayo_2-150x150.jpg 150w, https:\/\/lareinanews.cl\/noticias\/wp-content\/uploads\/2021\/04\/luistamayo_2.jpg 400w\" sizes=\"auto, (max-width: 300px) 100vw, 300px\" \/><\/a>En primer t\u00e9rmino\u00a0el ser vecino de la comuna y\u00a0 como dirigente vecinal me permite tener un mayor conocimiento de las realidades en los diferentes barrios al estar siempre en contacto con los vecinos de diversos sectores de la comuna. Vivir tantos a\u00f1os en La Reina nos hace ver que cambios han habido y que es lo que podemos mejorar de acuerdo a las necesidades que son cambiantes en el tiempo. Como Veterinario el tema de las mascotas toma un rol protag\u00f3nico ya que hoy son parte integrante de las familias reininas y hay que seguir desarrollando lo realizado y generar especialmente m\u00e1s\u00a0espacios para ellos y algo muy importante que es el bienestar animal, velar por que nuestras mascotas reciban todo el cari\u00f1o y cuidados que merecen.<\/div>\n<h3>\u00bfQu\u00e9 crees que se debe mejorar o cambiar de la actual gesti\u00f3n municipal?<\/h3>\n<div>Creo que m\u00e1s\u00a0que cambios siempre se debe buscar la excelencia en la gesti\u00f3n\u00a0y eso implica una revisi\u00f3n de las metodolog\u00edas y hacer los cambios que sean necesarios para una mejor gesti\u00f3n y bajada hacia los vecinos de todo programa, servicio u otro que la municipalidad ponga a disposici\u00f3n de todos ellos.<\/div>\n<div>La entrega oportuna de informaci\u00f3n\u00a0y la manera de hacerla llegar a los vecinos\u00a0 ser\u00e1 un tema \u00e1lgido\u00a0siempre, pues las v\u00edas de los vecinos para informarse son diferentes. Hoy el desarrollo de los canales digitales cobra real importancia pues la gran mayor\u00eda\u00a0cuenta con alg\u00fan tipo de dispositivo electr\u00f3nico, celular, tablet etc que hace m\u00e1s f\u00e1cil la llegada de la informaci\u00f3n al usuario final.<\/div>\n<div><\/div>\n<h3>\u00bfQu\u00e9 crees que se debe conservar de la gesti\u00f3n municipal?<\/h3>\n<div>A mi modo de ver hay un concepto que comparto plenamente que es \u00abalma de barrio\u00bb, este slogan debe ser un motor en la gesti\u00f3n\u00a0municipal no importando la autoridad de turno. Por desgracia en nuestro pa\u00eds\u00a0no tenemos la buena costumbre de mantener lo bueno. Cada cambio de autoridad quiere poner su sello y eso hace que no se piense en el largo plazo como debe ser. Ya es tiempo de la mirada de largo plazo y de esta forma sostener en el tiempo lo que finalmente todos queremos para nuestra comuna que es poder vivir tranquilos, seguros y en un entorno que realmente nos permita una mejor calidad de vida en comunidad.<\/div>\n<div><\/div>\n<div><\/div>\n<h3>De no resultar electo, \u00bfCu\u00e1l ser\u00eda tu futura vinculaci\u00f3n con la comuna?<\/h3>\n<div>Yo seguir\u00e9\u00a0como siempre relacionado con la comunidad donde haya una necesidad y tenga la posibilidad de asistir a quien lo necesite. Todo esto a trav\u00e9s de mi comit\u00e9 de seguridad y mis vecinos que son el pilar para brindar ayuda a quien la necesite. Mantendr\u00e9 la cercan\u00eda con los vecinos como ha sido hasta el d\u00eda de hoy. el no ser electo no cambia un \u00e1pice mi forma de relacionarme con la comuna.<\/div>\n<div><\/div>\n<h3>Cu\u00e9ntanos de ti, tus estudios, trabajo, familia.<\/h3>\n<div><\/div>\n<div>Soy Penquista de nacimiento y Reinino por adopci\u00f3n. Mi profesi\u00f3n es Medico Veterinario, casado 2 maravillosos hijos uno\u00a0 de ellos Chef y emprendedor de lo cual me siento tremendamente orgulloso pues emprender implica un gran sacrificio hoy en d\u00eda. Mi hija est\u00e1 a punto de ser una profesional del dise\u00f1o. Y finalmente mi se\u00f1ora M\u00f3nica, quien es un pilar fundamental en nuestra familia, llevamos juntos m\u00e1s de 40 a\u00f1os. Por razones de estudio y trabajo he tenido la suerte de vivir en varias ciudades de nuestro hermoso pa\u00eds. Soy un enamorado de mi pa\u00eds y tengo la suerte de conocerlo de punta\u00a0 a punta, runner por pasi\u00f3n y fot\u00f3grafo aficionado. Mi trabajo ha sido mayoritariamente en el \u00e1rea comercial de la industria farmac\u00e9utica, donde ya llevo mas de 27 a\u00f1os.<\/div>\n","protected":false},"excerpt":{"rendered":"<div class=\"mh-excerpt\"><p>Entrevistamos a Cristi\u00e1n del Canto, m\u00e9dico veterinario, candidato a concejal por Evopoli. Redes Sociales Facebook\u00a0 Tamayo2016 Instagram @luistamayo_full_lareina Twitter @full_lareina \u00bfCu\u00e1l es tu vinculaci\u00f3n con la comuna de La Reina? Vivo en La Reina hace <a class=\"mh-excerpt-more\" href=\"https:\/\/lareinanews.cl\/noticias\/index.php\/2021\/04\/03\/luis-tamayo-candidato-a-concejal\/\" title=\"Luis Tamayo, candidato a concejal\">[&#8230;]<\/a><\/p>\n<\/div>","protected":false},"author":1,"featured_media":4620,"comment_status":"open","ping_status":"closed","sticky":false,"template":"","format":"standard","meta":{"_acf_changed":false,"footnotes":""},"categories":[307,159,135,2],"tags":[16,4],"class_list":{"0":"post-4618","1":"post","2":"type-post","3":"status-publish","4":"format-standard","5":"has-post-thumbnail","7":"category-candidatos-a-concejal-2021","8":"category-concejo-municipal","9":"category-entrevista","10":"category-comuna","11":"tag-concejales","12":"tag-la-reina"},"acf":[],"yoast_head":"<!-- This site is optimized with the Yoast SEO plugin v27.1.1 - https:\/\/yoast.com\/product\/yoast-seo-wordpress\/ -->\n<title>Luis Tamayo, candidato a concejal<\/title>\n<meta name=\"robots\" content=\"index, follow, max-snippet:-1, max-image-preview:large, max-video-preview:-1\" \/>\n<link rel=\"canonical\" href=\"https:\/\/lareinanews.cl\/noticias\/index.php\/2021\/04\/03\/luis-tamayo-candidato-a-concejal\/\" \/>\n<meta property=\"og:locale\" content=\"es_ES\" \/>\n<meta property=\"og:type\" content=\"article\" \/>\n<meta property=\"og:title\" content=\"Luis Tamayo, candidato a concejal\" \/>\n<meta property=\"og:description\" content=\"Entrevistamos a Cristi\u00e1n del Canto, m\u00e9dico veterinario, candidato a concejal por Evopoli. Redes Sociales Facebook\u00a0 Tamayo2016 Instagram @luistamayo_full_lareina Twitter @full_lareina \u00bfCu\u00e1l es tu vinculaci\u00f3n con la comuna de La Reina? Vivo en La Reina hace [...]\" \/>\n<meta property=\"og:url\" content=\"https:\/\/lareinanews.cl\/noticias\/index.php\/2021\/04\/03\/luis-tamayo-candidato-a-concejal\/\" \/>\n<meta property=\"og:site_name\" content=\"Noticias La Reina\" \/>\n<meta property=\"article:publisher\" content=\"https:\/\/www.facebook.com\/LaReinaNews\" \/>\n<meta property=\"article:published_time\" content=\"2021-04-03T03:10:00+00:00\" \/>\n<meta property=\"article:modified_time\" content=\"2021-04-05T03:38:11+00:00\" \/>\n<meta property=\"og:image\" content=\"https:\/\/lareinanews.cl\/noticias\/wp-content\/uploads\/2021\/04\/luistamayo.jpg\" \/>\n\t<meta property=\"og:image:width\" content=\"650\" \/>\n\t<meta property=\"og:image:height\" content=\"490\" \/>\n\t<meta property=\"og:image:type\" content=\"image\/jpeg\" \/>\n<meta name=\"author\" content=\"J M Doren\" \/>\n<meta name=\"twitter:card\" content=\"summary_large_image\" \/>\n<meta name=\"twitter:creator\" content=\"@jmdoren\" \/>\n<meta name=\"twitter:label1\" content=\"Escrito por\" \/>\n\t<meta name=\"twitter:data1\" content=\"J M Doren\" \/>\n\t<meta name=\"twitter:label2\" content=\"Tiempo de lectura\" \/>\n\t<meta name=\"twitter:data2\" content=\"4 minutos\" \/>\n<script type=\"application\/ld+json\" class=\"yoast-schema-graph\">{\"@context\":\"https:\/\/schema.org\",\"@graph\":[{\"@type\":\"Article\",\"@id\":\"https:\/\/lareinanews.cl\/noticias\/index.php\/2021\/04\/03\/luis-tamayo-candidato-a-concejal\/#article\",\"isPartOf\":{\"@id\":\"https:\/\/lareinanews.cl\/noticias\/index.php\/2021\/04\/03\/luis-tamayo-candidato-a-concejal\/\"},\"author\":{\"name\":\"J M Doren\",\"@id\":\"https:\/\/lareinanews.cl\/noticias\/#\/schema\/person\/c697b5a3c8bc9dd1d94222e2d58209ed\"},\"headline\":\"Luis Tamayo, candidato a concejal\",\"datePublished\":\"2021-04-03T03:10:00+00:00\",\"dateModified\":\"2021-04-05T03:38:11+00:00\",\"mainEntityOfPage\":{\"@id\":\"https:\/\/lareinanews.cl\/noticias\/index.php\/2021\/04\/03\/luis-tamayo-candidato-a-concejal\/\"},\"wordCount\":933,\"commentCount\":0,\"publisher\":{\"@id\":\"https:\/\/lareinanews.cl\/noticias\/#organization\"},\"image\":{\"@id\":\"https:\/\/lareinanews.cl\/noticias\/index.php\/2021\/04\/03\/luis-tamayo-candidato-a-concejal\/#primaryimage\"},\"thumbnailUrl\":\"https:\/\/lareinanews.cl\/noticias\/wp-content\/uploads\/2021\/04\/luistamayo.jpg\",\"keywords\":[\"concejales\",\"la reina\"],\"articleSection\":[\"Candidatos a Concejal 2021\",\"Concejo Municipal\",\"Entrevista\",\"La Reina\"],\"inLanguage\":\"es\",\"potentialAction\":[{\"@type\":\"CommentAction\",\"name\":\"Comment\",\"target\":[\"https:\/\/lareinanews.cl\/noticias\/index.php\/2021\/04\/03\/luis-tamayo-candidato-a-concejal\/#respond\"]}]},{\"@type\":\"WebPage\",\"@id\":\"https:\/\/lareinanews.cl\/noticias\/index.php\/2021\/04\/03\/luis-tamayo-candidato-a-concejal\/\",\"url\":\"https:\/\/lareinanews.cl\/noticias\/index.php\/2021\/04\/03\/luis-tamayo-candidato-a-concejal\/\",\"name\":\"Luis Tamayo, candidato a concejal\",\"isPartOf\":{\"@id\":\"https:\/\/lareinanews.cl\/noticias\/#website\"},\"primaryImageOfPage\":{\"@id\":\"https:\/\/lareinanews.cl\/noticias\/index.php\/2021\/04\/03\/luis-tamayo-candidato-a-concejal\/#primaryimage\"},\"image\":{\"@id\":\"https:\/\/lareinanews.cl\/noticias\/index.php\/2021\/04\/03\/luis-tamayo-candidato-a-concejal\/#primaryimage\"},\"thumbnailUrl\":\"https:\/\/lareinanews.cl\/noticias\/wp-content\/uploads\/2021\/04\/luistamayo.jpg\",\"datePublished\":\"2021-04-03T03:10:00+00:00\",\"dateModified\":\"2021-04-05T03:38:11+00:00\",\"breadcrumb\":{\"@id\":\"https:\/\/lareinanews.cl\/noticias\/index.php\/2021\/04\/03\/luis-tamayo-candidato-a-concejal\/#breadcrumb\"},\"inLanguage\":\"es\",\"potentialAction\":[{\"@type\":\"ReadAction\",\"target\":[\"https:\/\/lareinanews.cl\/noticias\/index.php\/2021\/04\/03\/luis-tamayo-candidato-a-concejal\/\"]}]},{\"@type\":\"ImageObject\",\"inLanguage\":\"es\",\"@id\":\"https:\/\/lareinanews.cl\/noticias\/index.php\/2021\/04\/03\/luis-tamayo-candidato-a-concejal\/#primaryimage\",\"url\":\"https:\/\/lareinanews.cl\/noticias\/wp-content\/uploads\/2021\/04\/luistamayo.jpg\",\"contentUrl\":\"https:\/\/lareinanews.cl\/noticias\/wp-content\/uploads\/2021\/04\/luistamayo.jpg\",\"width\":650,\"height\":490},{\"@type\":\"BreadcrumbList\",\"@id\":\"https:\/\/lareinanews.cl\/noticias\/index.php\/2021\/04\/03\/luis-tamayo-candidato-a-concejal\/#breadcrumb\",\"itemListElement\":[{\"@type\":\"ListItem\",\"position\":1,\"name\":\"Inicio\",\"item\":\"https:\/\/lareinanews.cl\/noticias\/\"},{\"@type\":\"ListItem\",\"position\":2,\"name\":\"Luis Tamayo, candidato a concejal\"}]},{\"@type\":\"WebSite\",\"@id\":\"https:\/\/lareinanews.cl\/noticias\/#website\",\"url\":\"https:\/\/lareinanews.cl\/noticias\/\",\"name\":\"Noticias La Reina\",\"description\":\"LaReina.news\",\"publisher\":{\"@id\":\"https:\/\/lareinanews.cl\/noticias\/#organization\"},\"potentialAction\":[{\"@type\":\"SearchAction\",\"target\":{\"@type\":\"EntryPoint\",\"urlTemplate\":\"https:\/\/lareinanews.cl\/noticias\/?s={search_term_string}\"},\"query-input\":{\"@type\":\"PropertyValueSpecification\",\"valueRequired\":true,\"valueName\":\"search_term_string\"}}],\"inLanguage\":\"es\"},{\"@type\":\"Organization\",\"@id\":\"https:\/\/lareinanews.cl\/noticias\/#organization\",\"name\":\"La Reina.news Peri\u00f3dico comunal de La Reina\",\"url\":\"https:\/\/lareinanews.cl\/noticias\/\",\"logo\":{\"@type\":\"ImageObject\",\"inLanguage\":\"es\",\"@id\":\"https:\/\/lareinanews.cl\/noticias\/#\/schema\/logo\/image\/\",\"url\":\"https:\/\/lareinanews.cl\/noticias\/wp-content\/uploads\/2020\/04\/logo_schema.png\",\"contentUrl\":\"https:\/\/lareinanews.cl\/noticias\/wp-content\/uploads\/2020\/04\/logo_schema.png\",\"width\":640,\"height\":360,\"caption\":\"La Reina.news Peri\u00f3dico comunal de La Reina\"},\"image\":{\"@id\":\"https:\/\/lareinanews.cl\/noticias\/#\/schema\/logo\/image\/\"},\"sameAs\":[\"https:\/\/www.facebook.com\/LaReinaNews\",\"https:\/\/www.instagram.com\/lareinanews\/\"]},{\"@type\":\"Person\",\"@id\":\"https:\/\/lareinanews.cl\/noticias\/#\/schema\/person\/c697b5a3c8bc9dd1d94222e2d58209ed\",\"name\":\"J M Doren\",\"image\":{\"@type\":\"ImageObject\",\"inLanguage\":\"es\",\"@id\":\"https:\/\/lareinanews.cl\/noticias\/#\/schema\/person\/image\/\",\"url\":\"http:\/\/lareina.news\/noticias\/wp-content\/uploads\/2019\/09\/avatar_user_1_1569272876-96x96.png\",\"contentUrl\":\"http:\/\/lareina.news\/noticias\/wp-content\/uploads\/2019\/09\/avatar_user_1_1569272876-96x96.png\",\"caption\":\"J M Doren\"},\"description\":\"Soy ingeniero en inform\u00e1tica, interesado en las humanidades. Fundador y director de La Reina.news y otros medios electr\u00f3nicos. Creo profundamente en que si dejamos de pensar y cuestionar(nos) no hay nada que nos diferencie de los primates. jmdoren@ok.cl Sitios de mi autor&iacute;a\",\"sameAs\":[\"https:\/\/www.ok.cl\/\",\"https:\/\/x.com\/@jmdoren\"],\"url\":\"https:\/\/lareinanews.cl\/noticias\/index.php\/author\/jmdoren\/\"}]}<\/script>\n<!-- \/ Yoast SEO plugin. -->","yoast_head_json":{"title":"Luis Tamayo, candidato a concejal","robots":{"index":"index","follow":"follow","max-snippet":"max-snippet:-1","max-image-preview":"max-image-preview:large","max-video-preview":"max-video-preview:-1"},"canonical":"https:\/\/lareinanews.cl\/noticias\/index.php\/2021\/04\/03\/luis-tamayo-candidato-a-concejal\/","og_locale":"es_ES","og_type":"article","og_title":"Luis Tamayo, candidato a concejal","og_description":"Entrevistamos a Cristi\u00e1n del Canto, m\u00e9dico veterinario, candidato a concejal por Evopoli. Redes Sociales Facebook\u00a0 Tamayo2016 Instagram @luistamayo_full_lareina Twitter @full_lareina \u00bfCu\u00e1l es tu vinculaci\u00f3n con la comuna de La Reina? Vivo en La Reina hace [...]","og_url":"https:\/\/lareinanews.cl\/noticias\/index.php\/2021\/04\/03\/luis-tamayo-candidato-a-concejal\/","og_site_name":"Noticias La Reina","article_publisher":"https:\/\/www.facebook.com\/LaReinaNews","article_published_time":"2021-04-03T03:10:00+00:00","article_modified_time":"2021-04-05T03:38:11+00:00","og_image":[{"width":650,"height":490,"url":"https:\/\/lareinanews.cl\/noticias\/wp-content\/uploads\/2021\/04\/luistamayo.jpg","type":"image\/jpeg"}],"author":"J M Doren","twitter_card":"summary_large_image","twitter_creator":"@jmdoren","twitter_misc":{"Escrito por":"J M Doren","Tiempo de lectura":"4 minutos"},"schema":{"@context":"https:\/\/schema.org","@graph":[{"@type":"Article","@id":"https:\/\/lareinanews.cl\/noticias\/index.php\/2021\/04\/03\/luis-tamayo-candidato-a-concejal\/#article","isPartOf":{"@id":"https:\/\/lareinanews.cl\/noticias\/index.php\/2021\/04\/03\/luis-tamayo-candidato-a-concejal\/"},"author":{"name":"J M Doren","@id":"https:\/\/lareinanews.cl\/noticias\/#\/schema\/person\/c697b5a3c8bc9dd1d94222e2d58209ed"},"headline":"Luis Tamayo, candidato a concejal","datePublished":"2021-04-03T03:10:00+00:00","dateModified":"2021-04-05T03:38:11+00:00","mainEntityOfPage":{"@id":"https:\/\/lareinanews.cl\/noticias\/index.php\/2021\/04\/03\/luis-tamayo-candidato-a-concejal\/"},"wordCount":933,"commentCount":0,"publisher":{"@id":"https:\/\/lareinanews.cl\/noticias\/#organization"},"image":{"@id":"https:\/\/lareinanews.cl\/noticias\/index.php\/2021\/04\/03\/luis-tamayo-candidato-a-concejal\/#primaryimage"},"thumbnailUrl":"https:\/\/lareinanews.cl\/noticias\/wp-content\/uploads\/2021\/04\/luistamayo.jpg","keywords":["concejales","la reina"],"articleSection":["Candidatos a Concejal 2021","Concejo Municipal","Entrevista","La Reina"],"inLanguage":"es","potentialAction":[{"@type":"CommentAction","name":"Comment","target":["https:\/\/lareinanews.cl\/noticias\/index.php\/2021\/04\/03\/luis-tamayo-candidato-a-concejal\/#respond"]}]},{"@type":"WebPage","@id":"https:\/\/lareinanews.cl\/noticias\/index.php\/2021\/04\/03\/luis-tamayo-candidato-a-concejal\/","url":"https:\/\/lareinanews.cl\/noticias\/index.php\/2021\/04\/03\/luis-tamayo-candidato-a-concejal\/","name":"Luis Tamayo, candidato a concejal","isPartOf":{"@id":"https:\/\/lareinanews.cl\/noticias\/#website"},"primaryImageOfPage":{"@id":"https:\/\/lareinanews.cl\/noticias\/index.php\/2021\/04\/03\/luis-tamayo-candidato-a-concejal\/#primaryimage"},"image":{"@id":"https:\/\/lareinanews.cl\/noticias\/index.php\/2021\/04\/03\/luis-tamayo-candidato-a-concejal\/#primaryimage"},"thumbnailUrl":"https:\/\/lareinanews.cl\/noticias\/wp-content\/uploads\/2021\/04\/luistamayo.jpg","datePublished":"2021-04-03T03:10:00+00:00","dateModified":"2021-04-05T03:38:11+00:00","breadcrumb":{"@id":"https:\/\/lareinanews.cl\/noticias\/index.php\/2021\/04\/03\/luis-tamayo-candidato-a-concejal\/#breadcrumb"},"inLanguage":"es","potentialAction":[{"@type":"ReadAction","target":["https:\/\/lareinanews.cl\/noticias\/index.php\/2021\/04\/03\/luis-tamayo-candidato-a-concejal\/"]}]},{"@type":"ImageObject","inLanguage":"es","@id":"https:\/\/lareinanews.cl\/noticias\/index.php\/2021\/04\/03\/luis-tamayo-candidato-a-concejal\/#primaryimage","url":"https:\/\/lareinanews.cl\/noticias\/wp-content\/uploads\/2021\/04\/luistamayo.jpg","contentUrl":"https:\/\/lareinanews.cl\/noticias\/wp-content\/uploads\/2021\/04\/luistamayo.jpg","width":650,"height":490},{"@type":"BreadcrumbList","@id":"https:\/\/lareinanews.cl\/noticias\/index.php\/2021\/04\/03\/luis-tamayo-candidato-a-concejal\/#breadcrumb","itemListElement":[{"@type":"ListItem","position":1,"name":"Inicio","item":"https:\/\/lareinanews.cl\/noticias\/"},{"@type":"ListItem","position":2,"name":"Luis Tamayo, candidato a concejal"}]},{"@type":"WebSite","@id":"https:\/\/lareinanews.cl\/noticias\/#website","url":"https:\/\/lareinanews.cl\/noticias\/","name":"Noticias La Reina","description":"LaReina.news","publisher":{"@id":"https:\/\/lareinanews.cl\/noticias\/#organization"},"potentialAction":[{"@type":"SearchAction","target":{"@type":"EntryPoint","urlTemplate":"https:\/\/lareinanews.cl\/noticias\/?s={search_term_string}"},"query-input":{"@type":"PropertyValueSpecification","valueRequired":true,"valueName":"search_term_string"}}],"inLanguage":"es"},{"@type":"Organization","@id":"https:\/\/lareinanews.cl\/noticias\/#organization","name":"La Reina.news Peri\u00f3dico comunal de La Reina","url":"https:\/\/lareinanews.cl\/noticias\/","logo":{"@type":"ImageObject","inLanguage":"es","@id":"https:\/\/lareinanews.cl\/noticias\/#\/schema\/logo\/image\/","url":"https:\/\/lareinanews.cl\/noticias\/wp-content\/uploads\/2020\/04\/logo_schema.png","contentUrl":"https:\/\/lareinanews.cl\/noticias\/wp-content\/uploads\/2020\/04\/logo_schema.png","width":640,"height":360,"caption":"La Reina.news Peri\u00f3dico comunal de La Reina"},"image":{"@id":"https:\/\/lareinanews.cl\/noticias\/#\/schema\/logo\/image\/"},"sameAs":["https:\/\/www.facebook.com\/LaReinaNews","https:\/\/www.instagram.com\/lareinanews\/"]},{"@type":"Person","@id":"https:\/\/lareinanews.cl\/noticias\/#\/schema\/person\/c697b5a3c8bc9dd1d94222e2d58209ed","name":"J M Doren","image":{"@type":"ImageObject","inLanguage":"es","@id":"https:\/\/lareinanews.cl\/noticias\/#\/schema\/person\/image\/","url":"http:\/\/lareina.news\/noticias\/wp-content\/uploads\/2019\/09\/avatar_user_1_1569272876-96x96.png","contentUrl":"http:\/\/lareina.news\/noticias\/wp-content\/uploads\/2019\/09\/avatar_user_1_1569272876-96x96.png","caption":"J M Doren"},"description":"Soy ingeniero en inform\u00e1tica, interesado en las humanidades. Fundador y director de La Reina.news y otros medios electr\u00f3nicos. Creo profundamente en que si dejamos de pensar y cuestionar(nos) no hay nada que nos diferencie de los primates. jmdoren@ok.cl Sitios de mi autor&iacute;a","sameAs":["https:\/\/www.ok.cl\/","https:\/\/x.com\/@jmdoren"],"url":"https:\/\/lareinanews.cl\/noticias\/index.php\/author\/jmdoren\/"}]}},"_links":{"self":[{"href":"https:\/\/lareinanews.cl\/noticias\/index.php\/wp-json\/wp\/v2\/posts\/4618","targetHints":{"allow":["GET"]}}],"collection":[{"href":"https:\/\/lareinanews.cl\/noticias\/index.php\/wp-json\/wp\/v2\/posts"}],"about":[{"href":"https:\/\/lareinanews.cl\/noticias\/index.php\/wp-json\/wp\/v2\/types\/post"}],"author":[{"embeddable":true,"href":"https:\/\/lareinanews.cl\/noticias\/index.php\/wp-json\/wp\/v2\/users\/1"}],"replies":[{"embeddable":true,"href":"https:\/\/lareinanews.cl\/noticias\/index.php\/wp-json\/wp\/v2\/comments?post=4618"}],"version-history":[{"count":3,"href":"https:\/\/lareinanews.cl\/noticias\/index.php\/wp-json\/wp\/v2\/posts\/4618\/revisions"}],"predecessor-version":[{"id":4644,"href":"https:\/\/lareinanews.cl\/noticias\/index.php\/wp-json\/wp\/v2\/posts\/4618\/revisions\/4644"}],"wp:featuredmedia":[{"embeddable":true,"href":"https:\/\/lareinanews.cl\/noticias\/index.php\/wp-json\/wp\/v2\/media\/4620"}],"wp:attachment":[{"href":"https:\/\/lareinanews.cl\/noticias\/index.php\/wp-json\/wp\/v2\/media?parent=4618"}],"wp:term":[{"taxonomy":"category","embeddable":true,"href":"https:\/\/lareinanews.cl\/noticias\/index.php\/wp-json\/wp\/v2\/categories?post=4618"},{"taxonomy":"post_tag","embeddable":true,"href":"https:\/\/lareinanews.cl\/noticias\/index.php\/wp-json\/wp\/v2\/tags?post=4618"}],"curies":[{"name":"wp","href":"https:\/\/api.w.org\/{rel}","templated":true}]}}