{"id":4382,"date":"2021-01-07T22:57:52","date_gmt":"2021-01-08T01:57:52","guid":{"rendered":"https:\/\/lareina.news\/noticias\/?p=4382"},"modified":"2021-01-08T11:03:02","modified_gmt":"2021-01-08T14:03:02","slug":"las-pulguitas-de-la-reina","status":"publish","type":"post","link":"https:\/\/lareinanews.cl\/noticias\/index.php\/2021\/01\/07\/las-pulguitas-de-la-reina\/","title":{"rendered":"Las Pulguitas de La Reina"},"content":{"rendered":"<p>Si has tomado el metro en la estaci\u00f3n Fernando Castillo Velasco seguro las viste. vecinas y vecinos de nuestra comuna pertenecientes a la agrupaci\u00f3n de <a href=\"https:\/\/pulguitas.cl\/\" target=\"_blank\" rel=\"noopener\">Las Pulguitas<\/a>, esta es historia<\/p>\n<p>En la comuna de La Reina que re\u00fane a unos 100.000 habitantes,\u00a0 coexisten diferentes realidades y necesidades. Conscientes de esa realidad el a\u00f1o 2017 10 vecinos crearon una red de ayuda al pr\u00f3jimo que al d\u00eda de hoy ya cuenta con 205 familias, todas residentes en la comuna.<\/p>\n<p>&nbsp;<\/p>\n<blockquote><p><strong>En el per\u00edodo de pandemia la feria de las Pulguitas de La Reina funcionar\u00e1 de lunes a viernes de 16.00 a 21.00 horas<\/strong><\/p><\/blockquote>\n<p>&nbsp;<\/p>\n<p>Esta red nace con el nombre de <a href=\"https:\/\/www.facebook.com\/groups\/483820018782824\" target=\"_blank\" rel=\"noopener\">Solidaridad Activa La Reina<\/a>, y en su historia ya ha podido generar alianzas y redes de ayuda que les permiten cubrir algunas de estas necesidades de una manera organizada, r\u00e1pida y eficaz.<\/p>\n<p><img loading=\"lazy\" decoding=\"async\" class=\"alignleft wp-image-4386 size-medium\" src=\"https:\/\/s.lareina.news\/i\/2021\/01\/pulgas3-300x225.jpg\" alt=\"\" width=\"300\" height=\"225\" srcset=\"https:\/\/lareinanews.cl\/noticias\/wp-content\/uploads\/2021\/01\/pulgas3-300x225.jpg 300w, https:\/\/lareinanews.cl\/noticias\/wp-content\/uploads\/2021\/01\/pulgas3-1024x768.jpg 1024w, https:\/\/lareinanews.cl\/noticias\/wp-content\/uploads\/2021\/01\/pulgas3-768x576.jpg 768w, https:\/\/lareinanews.cl\/noticias\/wp-content\/uploads\/2021\/01\/pulgas3-678x509.jpg 678w, https:\/\/lareinanews.cl\/noticias\/wp-content\/uploads\/2021\/01\/pulgas3-326x245.jpg 326w, https:\/\/lareinanews.cl\/noticias\/wp-content\/uploads\/2021\/01\/pulgas3-80x60.jpg 80w, https:\/\/lareinanews.cl\/noticias\/wp-content\/uploads\/2021\/01\/pulgas3.jpg 1040w\" sizes=\"auto, (max-width: 300px) 100vw, 300px\" \/>Frente al aumento del desempleo que tambi\u00e9n afecta a muchas de las familias reunidas en la agrupaci\u00f3n se decidi\u00f3 crear una feria de pulguitas en alg\u00fan lugar p\u00fablico adecuado para ello. El proyecto se present\u00f3 a la Municipalidad de La Reina para que se proveyera de un espacio en una plaza junto con la seguridad y cuidado para funcionar de manera segura.<\/p>\n<p>La feria de las pulguitas de La Reina no es s\u00f3lo un lugar donde se ubican familias a vender productos, es un eje de encuentro de solidaridad y un espacio amable para personas que aprecian la amistad y la vida de barrio. Esta feria ha fortalecido\u00a0 el tejido social acerc\u00e1ndolo a lo que era en a\u00f1os anteriores o hace mucho tiempo donde los vecinos se conoc\u00edan unos a otros y se ayudaban en cada uno de sus problemas. Esa forma antigua de dejar atr\u00e1s el individualismo y entregarse para ayudar a un compa\u00f1ero que est\u00e1 ubicado al lado de uno ha sido vital para apoyar y cooperar en el mejoramiento de calidad de vida de estas familias.<\/p>\n<p>&nbsp;<\/p>\n","protected":false},"excerpt":{"rendered":"<div class=\"mh-excerpt\"><p>Si has tomado el metro en la estaci\u00f3n Fernando Castillo Velasco seguro las viste. vecinas y vecinos de nuestra comuna pertenecientes a la agrupaci\u00f3n de Las Pulguitas, esta es historia En la comuna de La <a class=\"mh-excerpt-more\" href=\"https:\/\/lareinanews.cl\/noticias\/index.php\/2021\/01\/07\/las-pulguitas-de-la-reina\/\" title=\"Las Pulguitas de La Reina\">[&#8230;]<\/a><\/p>\n<\/div>","protected":false},"author":1,"featured_media":4385,"comment_status":"closed","ping_status":"closed","sticky":false,"template":"","format":"standard","meta":{"_acf_changed":false,"footnotes":""},"categories":[31,2,273],"tags":[23,6,4,22],"class_list":{"0":"post-4382","1":"post","2":"type-post","3":"status-publish","4":"format-standard","5":"has-post-thumbnail","7":"category-destacados","8":"category-comuna","9":"category-solidaridad","10":"tag-comites-de-seguridad","11":"tag-comunidad","12":"tag-la-reina","13":"tag-vecinos"},"acf":[],"yoast_head":"<!-- This site is optimized with the Yoast SEO plugin v27.1.1 - https:\/\/yoast.com\/product\/yoast-seo-wordpress\/ -->\n<title>Las Pulguitas de La Reina<\/title>\n<meta name=\"description\" content=\"Vecinos organizados en La Reina crearon una feria de las pulgas con fines solidarios y de ayuda a las familias de la comuna\" \/>\n<meta name=\"robots\" content=\"index, follow, max-snippet:-1, max-image-preview:large, max-video-preview:-1\" \/>\n<link rel=\"canonical\" href=\"https:\/\/lareinanews.cl\/noticias\/index.php\/2021\/01\/07\/las-pulguitas-de-la-reina\/\" \/>\n<meta property=\"og:locale\" content=\"es_ES\" \/>\n<meta property=\"og:type\" content=\"article\" \/>\n<meta property=\"og:title\" content=\"Las Pulguitas de La Reina\" \/>\n<meta property=\"og:description\" content=\"Vecinos organizados en La Reina crearon una feria de las pulgas con fines solidarios y de ayuda a las familias de la comuna\" \/>\n<meta property=\"og:url\" content=\"https:\/\/lareinanews.cl\/noticias\/index.php\/2021\/01\/07\/las-pulguitas-de-la-reina\/\" \/>\n<meta property=\"og:site_name\" content=\"Noticias La Reina\" \/>\n<meta property=\"article:publisher\" content=\"https:\/\/www.facebook.com\/LaReinaNews\" \/>\n<meta property=\"article:published_time\" content=\"2021-01-08T01:57:52+00:00\" \/>\n<meta property=\"article:modified_time\" content=\"2021-01-08T14:03:02+00:00\" \/>\n<meta property=\"og:image\" content=\"https:\/\/lareinanews.cl\/noticias\/wp-content\/uploads\/2021\/01\/pulguitas.jpg\" \/>\n\t<meta property=\"og:image:width\" content=\"650\" \/>\n\t<meta property=\"og:image:height\" content=\"490\" \/>\n\t<meta property=\"og:image:type\" content=\"image\/jpeg\" \/>\n<meta name=\"author\" content=\"J M Doren\" \/>\n<meta name=\"twitter:card\" content=\"summary_large_image\" \/>\n<meta name=\"twitter:creator\" content=\"@jmdoren\" \/>\n<meta name=\"twitter:label1\" content=\"Escrito por\" \/>\n\t<meta name=\"twitter:data1\" content=\"J M Doren\" \/>\n\t<meta name=\"twitter:label2\" content=\"Tiempo de lectura\" \/>\n\t<meta name=\"twitter:data2\" content=\"2 minutos\" \/>\n<script type=\"application\/ld+json\" class=\"yoast-schema-graph\">{\"@context\":\"https:\/\/schema.org\",\"@graph\":[{\"@type\":\"Article\",\"@id\":\"https:\/\/lareinanews.cl\/noticias\/index.php\/2021\/01\/07\/las-pulguitas-de-la-reina\/#article\",\"isPartOf\":{\"@id\":\"https:\/\/lareinanews.cl\/noticias\/index.php\/2021\/01\/07\/las-pulguitas-de-la-reina\/\"},\"author\":{\"name\":\"J M Doren\",\"@id\":\"https:\/\/lareinanews.cl\/noticias\/#\/schema\/person\/c697b5a3c8bc9dd1d94222e2d58209ed\"},\"headline\":\"Las Pulguitas de La Reina\",\"datePublished\":\"2021-01-08T01:57:52+00:00\",\"dateModified\":\"2021-01-08T14:03:02+00:00\",\"mainEntityOfPage\":{\"@id\":\"https:\/\/lareinanews.cl\/noticias\/index.php\/2021\/01\/07\/las-pulguitas-de-la-reina\/\"},\"wordCount\":339,\"publisher\":{\"@id\":\"https:\/\/lareinanews.cl\/noticias\/#organization\"},\"image\":{\"@id\":\"https:\/\/lareinanews.cl\/noticias\/index.php\/2021\/01\/07\/las-pulguitas-de-la-reina\/#primaryimage\"},\"thumbnailUrl\":\"https:\/\/lareinanews.cl\/noticias\/wp-content\/uploads\/2021\/01\/pulguitas.jpg\",\"keywords\":[\"comit\u00e9s de seguridad\",\"comunidad\",\"la reina\",\"vecinos\"],\"articleSection\":[\"Destacados\",\"La Reina\",\"Solidaridad\"],\"inLanguage\":\"es\"},{\"@type\":\"WebPage\",\"@id\":\"https:\/\/lareinanews.cl\/noticias\/index.php\/2021\/01\/07\/las-pulguitas-de-la-reina\/\",\"url\":\"https:\/\/lareinanews.cl\/noticias\/index.php\/2021\/01\/07\/las-pulguitas-de-la-reina\/\",\"name\":\"Las Pulguitas de La Reina\",\"isPartOf\":{\"@id\":\"https:\/\/lareinanews.cl\/noticias\/#website\"},\"primaryImageOfPage\":{\"@id\":\"https:\/\/lareinanews.cl\/noticias\/index.php\/2021\/01\/07\/las-pulguitas-de-la-reina\/#primaryimage\"},\"image\":{\"@id\":\"https:\/\/lareinanews.cl\/noticias\/index.php\/2021\/01\/07\/las-pulguitas-de-la-reina\/#primaryimage\"},\"thumbnailUrl\":\"https:\/\/lareinanews.cl\/noticias\/wp-content\/uploads\/2021\/01\/pulguitas.jpg\",\"datePublished\":\"2021-01-08T01:57:52+00:00\",\"dateModified\":\"2021-01-08T14:03:02+00:00\",\"description\":\"Vecinos organizados en La Reina crearon una feria de las pulgas con fines solidarios y de ayuda a las familias de la comuna\",\"breadcrumb\":{\"@id\":\"https:\/\/lareinanews.cl\/noticias\/index.php\/2021\/01\/07\/las-pulguitas-de-la-reina\/#breadcrumb\"},\"inLanguage\":\"es\",\"potentialAction\":[{\"@type\":\"ReadAction\",\"target\":[\"https:\/\/lareinanews.cl\/noticias\/index.php\/2021\/01\/07\/las-pulguitas-de-la-reina\/\"]}]},{\"@type\":\"ImageObject\",\"inLanguage\":\"es\",\"@id\":\"https:\/\/lareinanews.cl\/noticias\/index.php\/2021\/01\/07\/las-pulguitas-de-la-reina\/#primaryimage\",\"url\":\"https:\/\/lareinanews.cl\/noticias\/wp-content\/uploads\/2021\/01\/pulguitas.jpg\",\"contentUrl\":\"https:\/\/lareinanews.cl\/noticias\/wp-content\/uploads\/2021\/01\/pulguitas.jpg\",\"width\":650,\"height\":490},{\"@type\":\"BreadcrumbList\",\"@id\":\"https:\/\/lareinanews.cl\/noticias\/index.php\/2021\/01\/07\/las-pulguitas-de-la-reina\/#breadcrumb\",\"itemListElement\":[{\"@type\":\"ListItem\",\"position\":1,\"name\":\"Inicio\",\"item\":\"https:\/\/lareinanews.cl\/noticias\/\"},{\"@type\":\"ListItem\",\"position\":2,\"name\":\"Las Pulguitas de La Reina\"}]},{\"@type\":\"WebSite\",\"@id\":\"https:\/\/lareinanews.cl\/noticias\/#website\",\"url\":\"https:\/\/lareinanews.cl\/noticias\/\",\"name\":\"Noticias La Reina\",\"description\":\"LaReina.news\",\"publisher\":{\"@id\":\"https:\/\/lareinanews.cl\/noticias\/#organization\"},\"potentialAction\":[{\"@type\":\"SearchAction\",\"target\":{\"@type\":\"EntryPoint\",\"urlTemplate\":\"https:\/\/lareinanews.cl\/noticias\/?s={search_term_string}\"},\"query-input\":{\"@type\":\"PropertyValueSpecification\",\"valueRequired\":true,\"valueName\":\"search_term_string\"}}],\"inLanguage\":\"es\"},{\"@type\":\"Organization\",\"@id\":\"https:\/\/lareinanews.cl\/noticias\/#organization\",\"name\":\"La Reina.news Peri\u00f3dico comunal de La Reina\",\"url\":\"https:\/\/lareinanews.cl\/noticias\/\",\"logo\":{\"@type\":\"ImageObject\",\"inLanguage\":\"es\",\"@id\":\"https:\/\/lareinanews.cl\/noticias\/#\/schema\/logo\/image\/\",\"url\":\"https:\/\/lareinanews.cl\/noticias\/wp-content\/uploads\/2020\/04\/logo_schema.png\",\"contentUrl\":\"https:\/\/lareinanews.cl\/noticias\/wp-content\/uploads\/2020\/04\/logo_schema.png\",\"width\":640,\"height\":360,\"caption\":\"La Reina.news Peri\u00f3dico comunal de La Reina\"},\"image\":{\"@id\":\"https:\/\/lareinanews.cl\/noticias\/#\/schema\/logo\/image\/\"},\"sameAs\":[\"https:\/\/www.facebook.com\/LaReinaNews\",\"https:\/\/www.instagram.com\/lareinanews\/\"]},{\"@type\":\"Person\",\"@id\":\"https:\/\/lareinanews.cl\/noticias\/#\/schema\/person\/c697b5a3c8bc9dd1d94222e2d58209ed\",\"name\":\"J M Doren\",\"image\":{\"@type\":\"ImageObject\",\"inLanguage\":\"es\",\"@id\":\"https:\/\/lareinanews.cl\/noticias\/#\/schema\/person\/image\/\",\"url\":\"http:\/\/lareina.news\/noticias\/wp-content\/uploads\/2019\/09\/avatar_user_1_1569272876-96x96.png\",\"contentUrl\":\"http:\/\/lareina.news\/noticias\/wp-content\/uploads\/2019\/09\/avatar_user_1_1569272876-96x96.png\",\"caption\":\"J M Doren\"},\"description\":\"Soy ingeniero en inform\u00e1tica, interesado en las humanidades. Fundador y director de La Reina.news y otros medios electr\u00f3nicos. Creo profundamente en que si dejamos de pensar y cuestionar(nos) no hay nada que nos diferencie de los primates. jmdoren@ok.cl Sitios de mi autor&iacute;a\",\"sameAs\":[\"https:\/\/www.ok.cl\/\",\"https:\/\/x.com\/@jmdoren\"],\"url\":\"https:\/\/lareinanews.cl\/noticias\/index.php\/author\/jmdoren\/\"}]}<\/script>\n<!-- \/ Yoast SEO plugin. -->","yoast_head_json":{"title":"Las Pulguitas de La Reina","description":"Vecinos organizados en La Reina crearon una feria de las pulgas con fines solidarios y de ayuda a las familias de la comuna","robots":{"index":"index","follow":"follow","max-snippet":"max-snippet:-1","max-image-preview":"max-image-preview:large","max-video-preview":"max-video-preview:-1"},"canonical":"https:\/\/lareinanews.cl\/noticias\/index.php\/2021\/01\/07\/las-pulguitas-de-la-reina\/","og_locale":"es_ES","og_type":"article","og_title":"Las Pulguitas de La Reina","og_description":"Vecinos organizados en La Reina crearon una feria de las pulgas con fines solidarios y de ayuda a las familias de la comuna","og_url":"https:\/\/lareinanews.cl\/noticias\/index.php\/2021\/01\/07\/las-pulguitas-de-la-reina\/","og_site_name":"Noticias La Reina","article_publisher":"https:\/\/www.facebook.com\/LaReinaNews","article_published_time":"2021-01-08T01:57:52+00:00","article_modified_time":"2021-01-08T14:03:02+00:00","og_image":[{"width":650,"height":490,"url":"https:\/\/lareinanews.cl\/noticias\/wp-content\/uploads\/2021\/01\/pulguitas.jpg","type":"image\/jpeg"}],"author":"J M Doren","twitter_card":"summary_large_image","twitter_creator":"@jmdoren","twitter_misc":{"Escrito por":"J M Doren","Tiempo de lectura":"2 minutos"},"schema":{"@context":"https:\/\/schema.org","@graph":[{"@type":"Article","@id":"https:\/\/lareinanews.cl\/noticias\/index.php\/2021\/01\/07\/las-pulguitas-de-la-reina\/#article","isPartOf":{"@id":"https:\/\/lareinanews.cl\/noticias\/index.php\/2021\/01\/07\/las-pulguitas-de-la-reina\/"},"author":{"name":"J M Doren","@id":"https:\/\/lareinanews.cl\/noticias\/#\/schema\/person\/c697b5a3c8bc9dd1d94222e2d58209ed"},"headline":"Las Pulguitas de La Reina","datePublished":"2021-01-08T01:57:52+00:00","dateModified":"2021-01-08T14:03:02+00:00","mainEntityOfPage":{"@id":"https:\/\/lareinanews.cl\/noticias\/index.php\/2021\/01\/07\/las-pulguitas-de-la-reina\/"},"wordCount":339,"publisher":{"@id":"https:\/\/lareinanews.cl\/noticias\/#organization"},"image":{"@id":"https:\/\/lareinanews.cl\/noticias\/index.php\/2021\/01\/07\/las-pulguitas-de-la-reina\/#primaryimage"},"thumbnailUrl":"https:\/\/lareinanews.cl\/noticias\/wp-content\/uploads\/2021\/01\/pulguitas.jpg","keywords":["comit\u00e9s de seguridad","comunidad","la reina","vecinos"],"articleSection":["Destacados","La Reina","Solidaridad"],"inLanguage":"es"},{"@type":"WebPage","@id":"https:\/\/lareinanews.cl\/noticias\/index.php\/2021\/01\/07\/las-pulguitas-de-la-reina\/","url":"https:\/\/lareinanews.cl\/noticias\/index.php\/2021\/01\/07\/las-pulguitas-de-la-reina\/","name":"Las Pulguitas de La Reina","isPartOf":{"@id":"https:\/\/lareinanews.cl\/noticias\/#website"},"primaryImageOfPage":{"@id":"https:\/\/lareinanews.cl\/noticias\/index.php\/2021\/01\/07\/las-pulguitas-de-la-reina\/#primaryimage"},"image":{"@id":"https:\/\/lareinanews.cl\/noticias\/index.php\/2021\/01\/07\/las-pulguitas-de-la-reina\/#primaryimage"},"thumbnailUrl":"https:\/\/lareinanews.cl\/noticias\/wp-content\/uploads\/2021\/01\/pulguitas.jpg","datePublished":"2021-01-08T01:57:52+00:00","dateModified":"2021-01-08T14:03:02+00:00","description":"Vecinos organizados en La Reina crearon una feria de las pulgas con fines solidarios y de ayuda a las familias de la comuna","breadcrumb":{"@id":"https:\/\/lareinanews.cl\/noticias\/index.php\/2021\/01\/07\/las-pulguitas-de-la-reina\/#breadcrumb"},"inLanguage":"es","potentialAction":[{"@type":"ReadAction","target":["https:\/\/lareinanews.cl\/noticias\/index.php\/2021\/01\/07\/las-pulguitas-de-la-reina\/"]}]},{"@type":"ImageObject","inLanguage":"es","@id":"https:\/\/lareinanews.cl\/noticias\/index.php\/2021\/01\/07\/las-pulguitas-de-la-reina\/#primaryimage","url":"https:\/\/lareinanews.cl\/noticias\/wp-content\/uploads\/2021\/01\/pulguitas.jpg","contentUrl":"https:\/\/lareinanews.cl\/noticias\/wp-content\/uploads\/2021\/01\/pulguitas.jpg","width":650,"height":490},{"@type":"BreadcrumbList","@id":"https:\/\/lareinanews.cl\/noticias\/index.php\/2021\/01\/07\/las-pulguitas-de-la-reina\/#breadcrumb","itemListElement":[{"@type":"ListItem","position":1,"name":"Inicio","item":"https:\/\/lareinanews.cl\/noticias\/"},{"@type":"ListItem","position":2,"name":"Las Pulguitas de La Reina"}]},{"@type":"WebSite","@id":"https:\/\/lareinanews.cl\/noticias\/#website","url":"https:\/\/lareinanews.cl\/noticias\/","name":"Noticias La Reina","description":"LaReina.news","publisher":{"@id":"https:\/\/lareinanews.cl\/noticias\/#organization"},"potentialAction":[{"@type":"SearchAction","target":{"@type":"EntryPoint","urlTemplate":"https:\/\/lareinanews.cl\/noticias\/?s={search_term_string}"},"query-input":{"@type":"PropertyValueSpecification","valueRequired":true,"valueName":"search_term_string"}}],"inLanguage":"es"},{"@type":"Organization","@id":"https:\/\/lareinanews.cl\/noticias\/#organization","name":"La Reina.news Peri\u00f3dico comunal de La Reina","url":"https:\/\/lareinanews.cl\/noticias\/","logo":{"@type":"ImageObject","inLanguage":"es","@id":"https:\/\/lareinanews.cl\/noticias\/#\/schema\/logo\/image\/","url":"https:\/\/lareinanews.cl\/noticias\/wp-content\/uploads\/2020\/04\/logo_schema.png","contentUrl":"https:\/\/lareinanews.cl\/noticias\/wp-content\/uploads\/2020\/04\/logo_schema.png","width":640,"height":360,"caption":"La Reina.news Peri\u00f3dico comunal de La Reina"},"image":{"@id":"https:\/\/lareinanews.cl\/noticias\/#\/schema\/logo\/image\/"},"sameAs":["https:\/\/www.facebook.com\/LaReinaNews","https:\/\/www.instagram.com\/lareinanews\/"]},{"@type":"Person","@id":"https:\/\/lareinanews.cl\/noticias\/#\/schema\/person\/c697b5a3c8bc9dd1d94222e2d58209ed","name":"J M Doren","image":{"@type":"ImageObject","inLanguage":"es","@id":"https:\/\/lareinanews.cl\/noticias\/#\/schema\/person\/image\/","url":"http:\/\/lareina.news\/noticias\/wp-content\/uploads\/2019\/09\/avatar_user_1_1569272876-96x96.png","contentUrl":"http:\/\/lareina.news\/noticias\/wp-content\/uploads\/2019\/09\/avatar_user_1_1569272876-96x96.png","caption":"J M Doren"},"description":"Soy ingeniero en inform\u00e1tica, interesado en las humanidades. Fundador y director de La Reina.news y otros medios electr\u00f3nicos. Creo profundamente en que si dejamos de pensar y cuestionar(nos) no hay nada que nos diferencie de los primates. jmdoren@ok.cl Sitios de mi autor&iacute;a","sameAs":["https:\/\/www.ok.cl\/","https:\/\/x.com\/@jmdoren"],"url":"https:\/\/lareinanews.cl\/noticias\/index.php\/author\/jmdoren\/"}]}},"_links":{"self":[{"href":"https:\/\/lareinanews.cl\/noticias\/index.php\/wp-json\/wp\/v2\/posts\/4382","targetHints":{"allow":["GET"]}}],"collection":[{"href":"https:\/\/lareinanews.cl\/noticias\/index.php\/wp-json\/wp\/v2\/posts"}],"about":[{"href":"https:\/\/lareinanews.cl\/noticias\/index.php\/wp-json\/wp\/v2\/types\/post"}],"author":[{"embeddable":true,"href":"https:\/\/lareinanews.cl\/noticias\/index.php\/wp-json\/wp\/v2\/users\/1"}],"replies":[{"embeddable":true,"href":"https:\/\/lareinanews.cl\/noticias\/index.php\/wp-json\/wp\/v2\/comments?post=4382"}],"version-history":[{"count":6,"href":"https:\/\/lareinanews.cl\/noticias\/index.php\/wp-json\/wp\/v2\/posts\/4382\/revisions"}],"predecessor-version":[{"id":4390,"href":"https:\/\/lareinanews.cl\/noticias\/index.php\/wp-json\/wp\/v2\/posts\/4382\/revisions\/4390"}],"wp:featuredmedia":[{"embeddable":true,"href":"https:\/\/lareinanews.cl\/noticias\/index.php\/wp-json\/wp\/v2\/media\/4385"}],"wp:attachment":[{"href":"https:\/\/lareinanews.cl\/noticias\/index.php\/wp-json\/wp\/v2\/media?parent=4382"}],"wp:term":[{"taxonomy":"category","embeddable":true,"href":"https:\/\/lareinanews.cl\/noticias\/index.php\/wp-json\/wp\/v2\/categories?post=4382"},{"taxonomy":"post_tag","embeddable":true,"href":"https:\/\/lareinanews.cl\/noticias\/index.php\/wp-json\/wp\/v2\/tags?post=4382"}],"curies":[{"name":"wp","href":"https:\/\/api.w.org\/{rel}","templated":true}]}}