{"id":4076,"date":"2020-07-19T21:01:56","date_gmt":"2020-07-20T00:01:56","guid":{"rendered":"https:\/\/lareina.news\/noticias\/?p=4076"},"modified":"2020-07-19T21:02:15","modified_gmt":"2020-07-20T00:02:15","slug":"concejala-sara-campos-exige-que-el-ejercito-devuelva-a-la-reina-terrenos-que-puso-en-venta","status":"publish","type":"post","link":"https:\/\/lareinanews.cl\/noticias\/index.php\/2020\/07\/19\/concejala-sara-campos-exige-que-el-ejercito-devuelva-a-la-reina-terrenos-que-puso-en-venta\/","title":{"rendered":"Concejala Sara Campos exige que el Ej\u00e9rcito devuelva a La Reina terrenos que puso en venta"},"content":{"rendered":"<blockquote><p>Si el Ej\u00e9rcito de Chile considera que ya no necesita el terreno en La Reina,<br \/>\ndebemos exigir que se devuelva al Municipio y se le destine para lo que<br \/>\noriginalmente fue adquirido: un espacio de car\u00e1cter p\u00fablico para uso y beneficio de<br \/>\nquienes viven en nuestra comuna.<\/p><\/blockquote>\n<p>El domingo 12 de julio, el Ej\u00e9rcito de Chile public\u00f3 en El Mercurio una licitaci\u00f3n p\u00fablica para<br \/>\nla venta de un terreno de 6,8 hect\u00e1reas ubicado en Av. Alcalde Fernando Castillo Velasco<br \/>\nN\u00b0 9282. Este terreno se encuentra entre el Hospital Militar y la Aldea del Encuentro que es<br \/>\nun recinto municipal, construido en un pa\u00f1o de 6 hect\u00e1reas que el Ej\u00e9rcito dijo haber<br \/>\ndonado, pero que en realidad solo devolvi\u00f3 al Municipio.<\/p>\n<p><img loading=\"lazy\" decoding=\"async\" class=\"alignleft wp-image-4079 size-full\" src=\"https:\/\/lareina.news\/noticias\/wp-content\/uploads\/2020\/07\/licitacion_hosmmil.jpg\" alt=\"\" width=\"292\" height=\"257\" \/>El terreno, al igual que sus aleda\u00f1os, formaban parte del Fundo La Reina comprado el a\u00f1o<br \/>\n1965 por la Municipalidad de La Reina y otras entidades estatales, a trav\u00e9s de una Ley<br \/>\nespecial para construir Villa La Reina y otros proyectos de car\u00e1cter p\u00fablico. Era parte del<br \/>\npredio que perteneci\u00f3 a la Direcci\u00f3n General de Deportes del Estado, DIGEDER, y estaba<br \/>\ndestinado a construir un gran centro recreacional y deportivo para los vecinos de La Reina,<br \/>\ncomuna que reci\u00e9n nac\u00eda en 1963.<\/p>\n<p>Durante la dictadura militar el Ej\u00e9rcito se qued\u00f3 con todos estos terrenos, que pasaron a<br \/>\nser de su propiedad a trav\u00e9s de actos administrativos, sin pagar por ellos ni un peso.<\/p>\n<figure id=\"attachment_4082\" aria-describedby=\"caption-attachment-4082\" style=\"width: 542px\" class=\"wp-caption alignright\"><a href=\"https:\/\/lareina.news\/noticias\/wp-content\/uploads\/2020\/07\/hosmil-satelital.jpg\"><img loading=\"lazy\" decoding=\"async\" class=\"wp-image-4082 size-full\" src=\"https:\/\/lareina.news\/noticias\/wp-content\/uploads\/2020\/07\/hosmil-satelital.jpg\" alt=\"\" width=\"542\" height=\"313\" srcset=\"https:\/\/lareinanews.cl\/noticias\/wp-content\/uploads\/2020\/07\/hosmil-satelital.jpg 542w, https:\/\/lareinanews.cl\/noticias\/wp-content\/uploads\/2020\/07\/hosmil-satelital-300x173.jpg 300w\" sizes=\"auto, (max-width: 542px) 100vw, 542px\" \/><\/a><figcaption id=\"caption-attachment-4082\" class=\"wp-caption-text\">Este es el terreno que est\u00e1 a la venta, junto a la Aldea del Encuentro<\/figcaption><\/figure>\n<p>En virtud de los antecedentes, resulta completamente abusivo que hoy el Ej\u00e9rcito pretenda<br \/>\nlucrar con la venta a un privado de una propiedad que fue adquirida para el bienestar de las<br \/>\ny los vecinos de la comuna y de la cual el Ej\u00e9rcito se apropi\u00f3.<br \/>\nEl Ej\u00e9rcito de Chile ha tenido por d\u00e9cadas estos terrenos sin darles uso. Si hoy define que<br \/>\nson prescindibles, puesto que los vende, debemos exigir que se devuelvan al Municipio y<br \/>\nse les destine para lo que originalmente fueron adquiridos: la construcci\u00f3n de un<br \/>\nequipamiento de car\u00e1cter p\u00fablico para uso y beneficio de todas y todos los habitantes de<br \/>\nLa Reina.<\/p>\n<p>Frente a esta licitaci\u00f3n, propongo que esos terrenos vuelvan a la Municipalidad y, por lo<br \/>\ntanto, a las reininas y reininos.<\/p>\n","protected":false},"excerpt":{"rendered":"<div class=\"mh-excerpt\"><p>Si el Ej\u00e9rcito de Chile considera que ya no necesita el terreno en La Reina, debemos exigir que se devuelva al Municipio y se le destine para lo que originalmente fue adquirido: un espacio de <a class=\"mh-excerpt-more\" href=\"https:\/\/lareinanews.cl\/noticias\/index.php\/2020\/07\/19\/concejala-sara-campos-exige-que-el-ejercito-devuelva-a-la-reina-terrenos-que-puso-en-venta\/\" title=\"Concejala Sara Campos exige que el Ej\u00e9rcito devuelva a La Reina terrenos que puso en venta\">[&#8230;]<\/a><\/p>\n<\/div>","protected":false},"author":37,"featured_media":4081,"comment_status":"closed","ping_status":"closed","sticky":false,"template":"","format":"standard","meta":{"_acf_changed":false,"footnotes":""},"categories":[191,18,159,31,2,255],"tags":[93,6,158,281,8],"class_list":{"0":"post-4076","1":"post","2":"type-post","3":"status-publish","4":"format-standard","5":"has-post-thumbnail","7":"category-alcalde","8":"category-columnas","9":"category-concejo-municipal","10":"category-destacados","11":"category-comuna","12":"category-salud","13":"tag-aldea-del-encuentro","14":"tag-comunidad","15":"tag-concejo-municipal","16":"tag-hospital-militar","17":"tag-municipalidad"},"acf":[],"yoast_head":"<!-- This site is optimized with the Yoast SEO plugin v27.1.1 - https:\/\/yoast.com\/product\/yoast-seo-wordpress\/ -->\n<title>Concejala Sara Campos exige que el Ej\u00e9rcito devuelva a La Reina terrenos que puso en venta<\/title>\n<meta name=\"description\" content=\"El Hospital Militar en La Reina ha publicado una licitaci\u00f3n p\u00fablica para vender parte de los terrenos que en su oprtunidad fueron cedidos por el municipio.\" \/>\n<meta name=\"robots\" content=\"index, follow, max-snippet:-1, max-image-preview:large, max-video-preview:-1\" \/>\n<link rel=\"canonical\" href=\"https:\/\/lareinanews.cl\/noticias\/index.php\/2020\/07\/19\/concejala-sara-campos-exige-que-el-ejercito-devuelva-a-la-reina-terrenos-que-puso-en-venta\/\" \/>\n<meta property=\"og:locale\" content=\"es_ES\" \/>\n<meta property=\"og:type\" content=\"article\" \/>\n<meta property=\"og:title\" content=\"Concejala Sara Campos exige que el Ej\u00e9rcito devuelva a La Reina terrenos que puso en venta\" \/>\n<meta property=\"og:description\" content=\"El Hospital Militar en La Reina ha publicado una licitaci\u00f3n p\u00fablica para vender parte de los terrenos que en su oprtunidad fueron cedidos por el municipio.\" \/>\n<meta property=\"og:url\" content=\"https:\/\/lareinanews.cl\/noticias\/index.php\/2020\/07\/19\/concejala-sara-campos-exige-que-el-ejercito-devuelva-a-la-reina-terrenos-que-puso-en-venta\/\" \/>\n<meta property=\"og:site_name\" content=\"Noticias La Reina\" \/>\n<meta property=\"article:publisher\" content=\"https:\/\/www.facebook.com\/LaReinaNews\" \/>\n<meta property=\"article:published_time\" content=\"2020-07-20T00:01:56+00:00\" \/>\n<meta property=\"article:modified_time\" content=\"2020-07-20T00:02:15+00:00\" \/>\n<meta property=\"og:image\" content=\"https:\/\/lareinanews.cl\/noticias\/wp-content\/uploads\/2020\/07\/hosmil.jpg\" \/>\n\t<meta property=\"og:image:width\" content=\"650\" \/>\n\t<meta property=\"og:image:height\" content=\"490\" \/>\n\t<meta property=\"og:image:type\" content=\"image\/jpeg\" \/>\n<meta name=\"author\" content=\"Sara Campos S.\" \/>\n<meta name=\"twitter:card\" content=\"summary_large_image\" \/>\n<meta name=\"twitter:creator\" content=\"@saracampos\" \/>\n<meta name=\"twitter:label1\" content=\"Escrito por\" \/>\n\t<meta name=\"twitter:data1\" content=\"Sara Campos S.\" \/>\n\t<meta name=\"twitter:label2\" content=\"Tiempo de lectura\" \/>\n\t<meta name=\"twitter:data2\" content=\"2 minutos\" \/>\n<script type=\"application\/ld+json\" class=\"yoast-schema-graph\">{\"@context\":\"https:\/\/schema.org\",\"@graph\":[{\"@type\":\"Article\",\"@id\":\"https:\/\/lareinanews.cl\/noticias\/index.php\/2020\/07\/19\/concejala-sara-campos-exige-que-el-ejercito-devuelva-a-la-reina-terrenos-que-puso-en-venta\/#article\",\"isPartOf\":{\"@id\":\"https:\/\/lareinanews.cl\/noticias\/index.php\/2020\/07\/19\/concejala-sara-campos-exige-que-el-ejercito-devuelva-a-la-reina-terrenos-que-puso-en-venta\/\"},\"author\":{\"name\":\"Sara Campos S.\",\"@id\":\"https:\/\/lareinanews.cl\/noticias\/#\/schema\/person\/3da065f0dea8f6be52b477069b1eef44\"},\"headline\":\"Concejala Sara Campos exige que el Ej\u00e9rcito devuelva a La Reina terrenos que puso en venta\",\"datePublished\":\"2020-07-20T00:01:56+00:00\",\"dateModified\":\"2020-07-20T00:02:15+00:00\",\"mainEntityOfPage\":{\"@id\":\"https:\/\/lareinanews.cl\/noticias\/index.php\/2020\/07\/19\/concejala-sara-campos-exige-que-el-ejercito-devuelva-a-la-reina-terrenos-que-puso-en-venta\/\"},\"wordCount\":421,\"publisher\":{\"@id\":\"https:\/\/lareinanews.cl\/noticias\/#organization\"},\"image\":{\"@id\":\"https:\/\/lareinanews.cl\/noticias\/index.php\/2020\/07\/19\/concejala-sara-campos-exige-que-el-ejercito-devuelva-a-la-reina-terrenos-que-puso-en-venta\/#primaryimage\"},\"thumbnailUrl\":\"https:\/\/lareinanews.cl\/noticias\/wp-content\/uploads\/2020\/07\/hosmil.jpg\",\"keywords\":[\"aldea del encuentro\",\"comunidad\",\"concejo municipal\",\"Hospital Militar\",\"municipalidad\"],\"articleSection\":[\"Alcalde\",\"Columnas\",\"Concejo Municipal\",\"Destacados\",\"La Reina\",\"Salud\"],\"inLanguage\":\"es\"},{\"@type\":\"WebPage\",\"@id\":\"https:\/\/lareinanews.cl\/noticias\/index.php\/2020\/07\/19\/concejala-sara-campos-exige-que-el-ejercito-devuelva-a-la-reina-terrenos-que-puso-en-venta\/\",\"url\":\"https:\/\/lareinanews.cl\/noticias\/index.php\/2020\/07\/19\/concejala-sara-campos-exige-que-el-ejercito-devuelva-a-la-reina-terrenos-que-puso-en-venta\/\",\"name\":\"Concejala Sara Campos exige que el Ej\u00e9rcito devuelva a La Reina terrenos que puso en venta\",\"isPartOf\":{\"@id\":\"https:\/\/lareinanews.cl\/noticias\/#website\"},\"primaryImageOfPage\":{\"@id\":\"https:\/\/lareinanews.cl\/noticias\/index.php\/2020\/07\/19\/concejala-sara-campos-exige-que-el-ejercito-devuelva-a-la-reina-terrenos-que-puso-en-venta\/#primaryimage\"},\"image\":{\"@id\":\"https:\/\/lareinanews.cl\/noticias\/index.php\/2020\/07\/19\/concejala-sara-campos-exige-que-el-ejercito-devuelva-a-la-reina-terrenos-que-puso-en-venta\/#primaryimage\"},\"thumbnailUrl\":\"https:\/\/lareinanews.cl\/noticias\/wp-content\/uploads\/2020\/07\/hosmil.jpg\",\"datePublished\":\"2020-07-20T00:01:56+00:00\",\"dateModified\":\"2020-07-20T00:02:15+00:00\",\"description\":\"El Hospital Militar en La Reina ha publicado una licitaci\u00f3n p\u00fablica para vender parte de los terrenos que en su oprtunidad fueron cedidos por el municipio.\",\"breadcrumb\":{\"@id\":\"https:\/\/lareinanews.cl\/noticias\/index.php\/2020\/07\/19\/concejala-sara-campos-exige-que-el-ejercito-devuelva-a-la-reina-terrenos-que-puso-en-venta\/#breadcrumb\"},\"inLanguage\":\"es\",\"potentialAction\":[{\"@type\":\"ReadAction\",\"target\":[\"https:\/\/lareinanews.cl\/noticias\/index.php\/2020\/07\/19\/concejala-sara-campos-exige-que-el-ejercito-devuelva-a-la-reina-terrenos-que-puso-en-venta\/\"]}]},{\"@type\":\"ImageObject\",\"inLanguage\":\"es\",\"@id\":\"https:\/\/lareinanews.cl\/noticias\/index.php\/2020\/07\/19\/concejala-sara-campos-exige-que-el-ejercito-devuelva-a-la-reina-terrenos-que-puso-en-venta\/#primaryimage\",\"url\":\"https:\/\/lareinanews.cl\/noticias\/wp-content\/uploads\/2020\/07\/hosmil.jpg\",\"contentUrl\":\"https:\/\/lareinanews.cl\/noticias\/wp-content\/uploads\/2020\/07\/hosmil.jpg\",\"width\":650,\"height\":490,\"caption\":\"Hospital Militar de La Reina\"},{\"@type\":\"BreadcrumbList\",\"@id\":\"https:\/\/lareinanews.cl\/noticias\/index.php\/2020\/07\/19\/concejala-sara-campos-exige-que-el-ejercito-devuelva-a-la-reina-terrenos-que-puso-en-venta\/#breadcrumb\",\"itemListElement\":[{\"@type\":\"ListItem\",\"position\":1,\"name\":\"Inicio\",\"item\":\"https:\/\/lareinanews.cl\/noticias\/\"},{\"@type\":\"ListItem\",\"position\":2,\"name\":\"Concejala Sara Campos exige que el Ej\u00e9rcito devuelva a La Reina terrenos que puso en venta\"}]},{\"@type\":\"WebSite\",\"@id\":\"https:\/\/lareinanews.cl\/noticias\/#website\",\"url\":\"https:\/\/lareinanews.cl\/noticias\/\",\"name\":\"Noticias La Reina\",\"description\":\"LaReina.news\",\"publisher\":{\"@id\":\"https:\/\/lareinanews.cl\/noticias\/#organization\"},\"potentialAction\":[{\"@type\":\"SearchAction\",\"target\":{\"@type\":\"EntryPoint\",\"urlTemplate\":\"https:\/\/lareinanews.cl\/noticias\/?s={search_term_string}\"},\"query-input\":{\"@type\":\"PropertyValueSpecification\",\"valueRequired\":true,\"valueName\":\"search_term_string\"}}],\"inLanguage\":\"es\"},{\"@type\":\"Organization\",\"@id\":\"https:\/\/lareinanews.cl\/noticias\/#organization\",\"name\":\"La Reina.news Peri\u00f3dico comunal de La Reina\",\"url\":\"https:\/\/lareinanews.cl\/noticias\/\",\"logo\":{\"@type\":\"ImageObject\",\"inLanguage\":\"es\",\"@id\":\"https:\/\/lareinanews.cl\/noticias\/#\/schema\/logo\/image\/\",\"url\":\"https:\/\/lareinanews.cl\/noticias\/wp-content\/uploads\/2020\/04\/logo_schema.png\",\"contentUrl\":\"https:\/\/lareinanews.cl\/noticias\/wp-content\/uploads\/2020\/04\/logo_schema.png\",\"width\":640,\"height\":360,\"caption\":\"La Reina.news Peri\u00f3dico comunal de La Reina\"},\"image\":{\"@id\":\"https:\/\/lareinanews.cl\/noticias\/#\/schema\/logo\/image\/\"},\"sameAs\":[\"https:\/\/www.facebook.com\/LaReinaNews\",\"https:\/\/www.instagram.com\/lareinanews\/\"]},{\"@type\":\"Person\",\"@id\":\"https:\/\/lareinanews.cl\/noticias\/#\/schema\/person\/3da065f0dea8f6be52b477069b1eef44\",\"name\":\"Sara Campos S.\",\"image\":{\"@type\":\"ImageObject\",\"inLanguage\":\"es\",\"@id\":\"https:\/\/lareinanews.cl\/noticias\/#\/schema\/person\/image\/\",\"url\":\"https:\/\/lareina.news\/noticias\/wp-content\/uploads\/2020\/07\/avatar_user_37_1595202479-96x96.jpg\",\"contentUrl\":\"https:\/\/lareina.news\/noticias\/wp-content\/uploads\/2020\/07\/avatar_user_37_1595202479-96x96.jpg\",\"caption\":\"Sara Campos S.\"},\"description\":\"Concejala por mi querida comuna de La Reina. Profesora, Mag\u00edster en Pol\u00edticas P\u00fablicas y Coach Feminista.\",\"sameAs\":[\"https:\/\/www.saracampos.cl\/\",\"https:\/\/x.com\/@saracampos\"],\"url\":\"https:\/\/lareinanews.cl\/noticias\/index.php\/author\/scampos\/\"}]}<\/script>\n<!-- \/ Yoast SEO plugin. -->","yoast_head_json":{"title":"Concejala Sara Campos exige que el Ej\u00e9rcito devuelva a La Reina terrenos que puso en venta","description":"El Hospital Militar en La Reina ha publicado una licitaci\u00f3n p\u00fablica para vender parte de los terrenos que en su oprtunidad fueron cedidos por el municipio.","robots":{"index":"index","follow":"follow","max-snippet":"max-snippet:-1","max-image-preview":"max-image-preview:large","max-video-preview":"max-video-preview:-1"},"canonical":"https:\/\/lareinanews.cl\/noticias\/index.php\/2020\/07\/19\/concejala-sara-campos-exige-que-el-ejercito-devuelva-a-la-reina-terrenos-que-puso-en-venta\/","og_locale":"es_ES","og_type":"article","og_title":"Concejala Sara Campos exige que el Ej\u00e9rcito devuelva a La Reina terrenos que puso en venta","og_description":"El Hospital Militar en La Reina ha publicado una licitaci\u00f3n p\u00fablica para vender parte de los terrenos que en su oprtunidad fueron cedidos por el municipio.","og_url":"https:\/\/lareinanews.cl\/noticias\/index.php\/2020\/07\/19\/concejala-sara-campos-exige-que-el-ejercito-devuelva-a-la-reina-terrenos-que-puso-en-venta\/","og_site_name":"Noticias La Reina","article_publisher":"https:\/\/www.facebook.com\/LaReinaNews","article_published_time":"2020-07-20T00:01:56+00:00","article_modified_time":"2020-07-20T00:02:15+00:00","og_image":[{"width":650,"height":490,"url":"https:\/\/lareinanews.cl\/noticias\/wp-content\/uploads\/2020\/07\/hosmil.jpg","type":"image\/jpeg"}],"author":"Sara Campos S.","twitter_card":"summary_large_image","twitter_creator":"@saracampos","twitter_misc":{"Escrito por":"Sara Campos S.","Tiempo de lectura":"2 minutos"},"schema":{"@context":"https:\/\/schema.org","@graph":[{"@type":"Article","@id":"https:\/\/lareinanews.cl\/noticias\/index.php\/2020\/07\/19\/concejala-sara-campos-exige-que-el-ejercito-devuelva-a-la-reina-terrenos-que-puso-en-venta\/#article","isPartOf":{"@id":"https:\/\/lareinanews.cl\/noticias\/index.php\/2020\/07\/19\/concejala-sara-campos-exige-que-el-ejercito-devuelva-a-la-reina-terrenos-que-puso-en-venta\/"},"author":{"name":"Sara Campos S.","@id":"https:\/\/lareinanews.cl\/noticias\/#\/schema\/person\/3da065f0dea8f6be52b477069b1eef44"},"headline":"Concejala Sara Campos exige que el Ej\u00e9rcito devuelva a La Reina terrenos que puso en venta","datePublished":"2020-07-20T00:01:56+00:00","dateModified":"2020-07-20T00:02:15+00:00","mainEntityOfPage":{"@id":"https:\/\/lareinanews.cl\/noticias\/index.php\/2020\/07\/19\/concejala-sara-campos-exige-que-el-ejercito-devuelva-a-la-reina-terrenos-que-puso-en-venta\/"},"wordCount":421,"publisher":{"@id":"https:\/\/lareinanews.cl\/noticias\/#organization"},"image":{"@id":"https:\/\/lareinanews.cl\/noticias\/index.php\/2020\/07\/19\/concejala-sara-campos-exige-que-el-ejercito-devuelva-a-la-reina-terrenos-que-puso-en-venta\/#primaryimage"},"thumbnailUrl":"https:\/\/lareinanews.cl\/noticias\/wp-content\/uploads\/2020\/07\/hosmil.jpg","keywords":["aldea del encuentro","comunidad","concejo municipal","Hospital Militar","municipalidad"],"articleSection":["Alcalde","Columnas","Concejo Municipal","Destacados","La Reina","Salud"],"inLanguage":"es"},{"@type":"WebPage","@id":"https:\/\/lareinanews.cl\/noticias\/index.php\/2020\/07\/19\/concejala-sara-campos-exige-que-el-ejercito-devuelva-a-la-reina-terrenos-que-puso-en-venta\/","url":"https:\/\/lareinanews.cl\/noticias\/index.php\/2020\/07\/19\/concejala-sara-campos-exige-que-el-ejercito-devuelva-a-la-reina-terrenos-que-puso-en-venta\/","name":"Concejala Sara Campos exige que el Ej\u00e9rcito devuelva a La Reina terrenos que puso en venta","isPartOf":{"@id":"https:\/\/lareinanews.cl\/noticias\/#website"},"primaryImageOfPage":{"@id":"https:\/\/lareinanews.cl\/noticias\/index.php\/2020\/07\/19\/concejala-sara-campos-exige-que-el-ejercito-devuelva-a-la-reina-terrenos-que-puso-en-venta\/#primaryimage"},"image":{"@id":"https:\/\/lareinanews.cl\/noticias\/index.php\/2020\/07\/19\/concejala-sara-campos-exige-que-el-ejercito-devuelva-a-la-reina-terrenos-que-puso-en-venta\/#primaryimage"},"thumbnailUrl":"https:\/\/lareinanews.cl\/noticias\/wp-content\/uploads\/2020\/07\/hosmil.jpg","datePublished":"2020-07-20T00:01:56+00:00","dateModified":"2020-07-20T00:02:15+00:00","description":"El Hospital Militar en La Reina ha publicado una licitaci\u00f3n p\u00fablica para vender parte de los terrenos que en su oprtunidad fueron cedidos por el municipio.","breadcrumb":{"@id":"https:\/\/lareinanews.cl\/noticias\/index.php\/2020\/07\/19\/concejala-sara-campos-exige-que-el-ejercito-devuelva-a-la-reina-terrenos-que-puso-en-venta\/#breadcrumb"},"inLanguage":"es","potentialAction":[{"@type":"ReadAction","target":["https:\/\/lareinanews.cl\/noticias\/index.php\/2020\/07\/19\/concejala-sara-campos-exige-que-el-ejercito-devuelva-a-la-reina-terrenos-que-puso-en-venta\/"]}]},{"@type":"ImageObject","inLanguage":"es","@id":"https:\/\/lareinanews.cl\/noticias\/index.php\/2020\/07\/19\/concejala-sara-campos-exige-que-el-ejercito-devuelva-a-la-reina-terrenos-que-puso-en-venta\/#primaryimage","url":"https:\/\/lareinanews.cl\/noticias\/wp-content\/uploads\/2020\/07\/hosmil.jpg","contentUrl":"https:\/\/lareinanews.cl\/noticias\/wp-content\/uploads\/2020\/07\/hosmil.jpg","width":650,"height":490,"caption":"Hospital Militar de La Reina"},{"@type":"BreadcrumbList","@id":"https:\/\/lareinanews.cl\/noticias\/index.php\/2020\/07\/19\/concejala-sara-campos-exige-que-el-ejercito-devuelva-a-la-reina-terrenos-que-puso-en-venta\/#breadcrumb","itemListElement":[{"@type":"ListItem","position":1,"name":"Inicio","item":"https:\/\/lareinanews.cl\/noticias\/"},{"@type":"ListItem","position":2,"name":"Concejala Sara Campos exige que el Ej\u00e9rcito devuelva a La Reina terrenos que puso en venta"}]},{"@type":"WebSite","@id":"https:\/\/lareinanews.cl\/noticias\/#website","url":"https:\/\/lareinanews.cl\/noticias\/","name":"Noticias La Reina","description":"LaReina.news","publisher":{"@id":"https:\/\/lareinanews.cl\/noticias\/#organization"},"potentialAction":[{"@type":"SearchAction","target":{"@type":"EntryPoint","urlTemplate":"https:\/\/lareinanews.cl\/noticias\/?s={search_term_string}"},"query-input":{"@type":"PropertyValueSpecification","valueRequired":true,"valueName":"search_term_string"}}],"inLanguage":"es"},{"@type":"Organization","@id":"https:\/\/lareinanews.cl\/noticias\/#organization","name":"La Reina.news Peri\u00f3dico comunal de La Reina","url":"https:\/\/lareinanews.cl\/noticias\/","logo":{"@type":"ImageObject","inLanguage":"es","@id":"https:\/\/lareinanews.cl\/noticias\/#\/schema\/logo\/image\/","url":"https:\/\/lareinanews.cl\/noticias\/wp-content\/uploads\/2020\/04\/logo_schema.png","contentUrl":"https:\/\/lareinanews.cl\/noticias\/wp-content\/uploads\/2020\/04\/logo_schema.png","width":640,"height":360,"caption":"La Reina.news Peri\u00f3dico comunal de La Reina"},"image":{"@id":"https:\/\/lareinanews.cl\/noticias\/#\/schema\/logo\/image\/"},"sameAs":["https:\/\/www.facebook.com\/LaReinaNews","https:\/\/www.instagram.com\/lareinanews\/"]},{"@type":"Person","@id":"https:\/\/lareinanews.cl\/noticias\/#\/schema\/person\/3da065f0dea8f6be52b477069b1eef44","name":"Sara Campos S.","image":{"@type":"ImageObject","inLanguage":"es","@id":"https:\/\/lareinanews.cl\/noticias\/#\/schema\/person\/image\/","url":"https:\/\/lareina.news\/noticias\/wp-content\/uploads\/2020\/07\/avatar_user_37_1595202479-96x96.jpg","contentUrl":"https:\/\/lareina.news\/noticias\/wp-content\/uploads\/2020\/07\/avatar_user_37_1595202479-96x96.jpg","caption":"Sara Campos S."},"description":"Concejala por mi querida comuna de La Reina. Profesora, Mag\u00edster en Pol\u00edticas P\u00fablicas y Coach Feminista.","sameAs":["https:\/\/www.saracampos.cl\/","https:\/\/x.com\/@saracampos"],"url":"https:\/\/lareinanews.cl\/noticias\/index.php\/author\/scampos\/"}]}},"_links":{"self":[{"href":"https:\/\/lareinanews.cl\/noticias\/index.php\/wp-json\/wp\/v2\/posts\/4076","targetHints":{"allow":["GET"]}}],"collection":[{"href":"https:\/\/lareinanews.cl\/noticias\/index.php\/wp-json\/wp\/v2\/posts"}],"about":[{"href":"https:\/\/lareinanews.cl\/noticias\/index.php\/wp-json\/wp\/v2\/types\/post"}],"author":[{"embeddable":true,"href":"https:\/\/lareinanews.cl\/noticias\/index.php\/wp-json\/wp\/v2\/users\/37"}],"replies":[{"embeddable":true,"href":"https:\/\/lareinanews.cl\/noticias\/index.php\/wp-json\/wp\/v2\/comments?post=4076"}],"version-history":[{"count":5,"href":"https:\/\/lareinanews.cl\/noticias\/index.php\/wp-json\/wp\/v2\/posts\/4076\/revisions"}],"predecessor-version":[{"id":4084,"href":"https:\/\/lareinanews.cl\/noticias\/index.php\/wp-json\/wp\/v2\/posts\/4076\/revisions\/4084"}],"wp:featuredmedia":[{"embeddable":true,"href":"https:\/\/lareinanews.cl\/noticias\/index.php\/wp-json\/wp\/v2\/media\/4081"}],"wp:attachment":[{"href":"https:\/\/lareinanews.cl\/noticias\/index.php\/wp-json\/wp\/v2\/media?parent=4076"}],"wp:term":[{"taxonomy":"category","embeddable":true,"href":"https:\/\/lareinanews.cl\/noticias\/index.php\/wp-json\/wp\/v2\/categories?post=4076"},{"taxonomy":"post_tag","embeddable":true,"href":"https:\/\/lareinanews.cl\/noticias\/index.php\/wp-json\/wp\/v2\/tags?post=4076"}],"curies":[{"name":"wp","href":"https:\/\/api.w.org\/{rel}","templated":true}]}}