{"id":3918,"date":"2020-04-09T15:10:05","date_gmt":"2020-04-09T18:10:05","guid":{"rendered":"https:\/\/lareina.news\/noticias\/?p=3918"},"modified":"2020-04-09T15:10:05","modified_gmt":"2020-04-09T18:10:05","slug":"anuncian-segundo-sapu-temporal-para-la-reina","status":"publish","type":"post","link":"https:\/\/lareinanews.cl\/noticias\/index.php\/2020\/04\/09\/anuncian-segundo-sapu-temporal-para-la-reina\/","title":{"rendered":"Anuncian segundo Sapu (temporal) para La Reina"},"content":{"rendered":"<p><a href=\"https:\/\/lareina.news\/noticias\/wp-content\/uploads\/2020\/04\/alcalde_de_la_reina.jpg\"><img loading=\"lazy\" decoding=\"async\" class=\"size-medium wp-image-3920 alignright\" src=\"https:\/\/lareina.news\/noticias\/wp-content\/uploads\/2020\/04\/alcalde_de_la_reina-300x172.jpg\" alt=\"\" width=\"300\" height=\"172\" srcset=\"https:\/\/lareinanews.cl\/noticias\/wp-content\/uploads\/2020\/04\/alcalde_de_la_reina-300x172.jpg 300w, https:\/\/lareinanews.cl\/noticias\/wp-content\/uploads\/2020\/04\/alcalde_de_la_reina-768x439.jpg 768w, https:\/\/lareinanews.cl\/noticias\/wp-content\/uploads\/2020\/04\/alcalde_de_la_reina.jpg 872w\" sizes=\"auto, (max-width: 300px) 100vw, 300px\" \/><\/a>Hoy en una <a href=\"\/noticias\/index.php\/2020\/04\/09\/streaming-sobre-el-covid19\/\">conferencia v\u00eda streaming<\/a> con vecinos, el alcalde de la comuna el se\u00f1or Jos\u00e9 Manuel Palacios y el director de salud dr. Mario Villalobos, anunciaron que se habilitar\u00e1 un segundo Sapu temporal en la comuna.<\/p>\n<h2>El nuevo Sapu<\/h2>\n<p>Adelant\u00e1ndose al inicio de la temporada de mayor demanda por enfermedades respiratorias y considerando que estamos en un per\u00edodo especial por el covid-19, se habilitar\u00e1 el <a href=\"https:\/\/www.corp-lareina.cl\/cesfam-juan-pablo-ii\/\">Cesfam Juan Pablo II<\/a> como un Sapu temporal, apoyando as\u00ed la labor que realiza el ubicado en la plaza Ossand\u00f3n. De momento no tenemos la fecha en que comenzar\u00e1 a funcionar este arreglo, pero lo informaremos en su oportunidad.<\/p>\n<h2>Servicios que se trasladar\u00e1n<\/h2>\n<p>A fin de permitir el funcionamiento del actual Cesfam como un Sapu, algunos de los servicios ser\u00e1n trasladados y se\u00a0 realizar\u00e1n en el nuevo Cepaso (Quillagua con Mami\u00f1a), estos ser\u00e1n:<\/p>\n<ul>\n<li>Farmacia (entrega de medicamentos)<\/li>\n<li>Toma de muestras<\/li>\n<li>Curaciones<\/li>\n<li>Control de embarazadas<\/li>\n<li>Control del ni\u00f1o sano<\/li>\n<\/ul>\n<figure style=\"width: 511px\" class=\"wp-caption aligncenter\"><img loading=\"lazy\" decoding=\"async\" src=\"https:\/\/www.corp-lareina.cl\/wp-content\/uploads\/2019\/11\/1-3-800x445.jpg\" alt=\"\" width=\"511\" height=\"284\" \/><figcaption class=\"wp-caption-text\">Cesfam Juan Pablo II en La Reina<\/figcaption><\/figure>\n<p>&nbsp;<\/p>\n<p>&nbsp;<\/p>\n","protected":false},"excerpt":{"rendered":"<div class=\"mh-excerpt\"><p>Hoy en una conferencia v\u00eda streaming con vecinos, el alcalde de la comuna el se\u00f1or Jos\u00e9 Manuel Palacios y el director de salud dr. Mario Villalobos, anunciaron que se habilitar\u00e1 un segundo Sapu temporal en <a class=\"mh-excerpt-more\" href=\"https:\/\/lareinanews.cl\/noticias\/index.php\/2020\/04\/09\/anuncian-segundo-sapu-temporal-para-la-reina\/\" title=\"Anuncian segundo Sapu (temporal) para La Reina\">[&#8230;]<\/a><\/p>\n<\/div>","protected":false},"author":1,"featured_media":3922,"comment_status":"closed","ping_status":"closed","sticky":false,"template":"","format":"standard","meta":{"_acf_changed":false,"footnotes":""},"categories":[191,256,261,31,2,14,255],"tags":[199,269,268,264,4,270],"class_list":{"0":"post-3918","1":"post","2":"type-post","3":"status-publish","4":"format-standard","5":"has-post-thumbnail","7":"category-alcalde","8":"category-coronavirus","9":"category-corporaciones","10":"category-destacados","11":"category-comuna","12":"category-noticias","13":"category-salud","14":"tag-cepaso","15":"tag-cesfam","16":"tag-coronavirus","17":"tag-covid-19","18":"tag-la-reina","19":"tag-sapu"},"acf":[],"yoast_head":"<!-- This site is optimized with the Yoast SEO plugin v27.1.1 - https:\/\/yoast.com\/product\/yoast-seo-wordpress\/ -->\n<title>Anuncian segundo Sapu (temporal) para La Reina<\/title>\n<meta name=\"description\" content=\"Para enfrentar mejor al coronavirus, la comuna de La Reina habilitar\u00e1 un segundo Sapu de manera temporal durante el per\u00edodo de enfermedades respiratorias.\" \/>\n<meta name=\"robots\" content=\"index, follow, max-snippet:-1, max-image-preview:large, max-video-preview:-1\" \/>\n<link rel=\"canonical\" href=\"https:\/\/lareinanews.cl\/noticias\/index.php\/2020\/04\/09\/anuncian-segundo-sapu-temporal-para-la-reina\/\" \/>\n<meta property=\"og:locale\" content=\"es_ES\" \/>\n<meta property=\"og:type\" content=\"article\" \/>\n<meta property=\"og:title\" content=\"Anuncian segundo Sapu (temporal) para La Reina\" \/>\n<meta property=\"og:description\" content=\"Para enfrentar mejor al coronavirus, la comuna de La Reina habilitar\u00e1 un segundo Sapu de manera temporal durante el per\u00edodo de enfermedades respiratorias.\" \/>\n<meta property=\"og:url\" content=\"https:\/\/lareinanews.cl\/noticias\/index.php\/2020\/04\/09\/anuncian-segundo-sapu-temporal-para-la-reina\/\" \/>\n<meta property=\"og:site_name\" content=\"Noticias La Reina\" \/>\n<meta property=\"article:publisher\" content=\"https:\/\/www.facebook.com\/LaReinaNews\" \/>\n<meta property=\"article:published_time\" content=\"2020-04-09T18:10:05+00:00\" \/>\n<meta property=\"og:image\" content=\"https:\/\/lareinanews.cl\/noticias\/wp-content\/uploads\/2020\/04\/sapu_ossandon.jpg\" \/>\n\t<meta property=\"og:image:width\" content=\"650\" \/>\n\t<meta property=\"og:image:height\" content=\"490\" \/>\n\t<meta property=\"og:image:type\" content=\"image\/jpeg\" \/>\n<meta name=\"author\" content=\"J M Doren\" \/>\n<meta name=\"twitter:card\" content=\"summary_large_image\" \/>\n<meta name=\"twitter:creator\" content=\"@jmdoren\" \/>\n<meta name=\"twitter:label1\" content=\"Escrito por\" \/>\n\t<meta name=\"twitter:data1\" content=\"J M Doren\" \/>\n\t<meta name=\"twitter:label2\" content=\"Tiempo de lectura\" \/>\n\t<meta name=\"twitter:data2\" content=\"1 minuto\" \/>\n<script type=\"application\/ld+json\" class=\"yoast-schema-graph\">{\"@context\":\"https:\/\/schema.org\",\"@graph\":[{\"@type\":\"Article\",\"@id\":\"https:\/\/lareinanews.cl\/noticias\/index.php\/2020\/04\/09\/anuncian-segundo-sapu-temporal-para-la-reina\/#article\",\"isPartOf\":{\"@id\":\"https:\/\/lareinanews.cl\/noticias\/index.php\/2020\/04\/09\/anuncian-segundo-sapu-temporal-para-la-reina\/\"},\"author\":{\"name\":\"J M Doren\",\"@id\":\"https:\/\/lareinanews.cl\/noticias\/#\/schema\/person\/c697b5a3c8bc9dd1d94222e2d58209ed\"},\"headline\":\"Anuncian segundo Sapu (temporal) para La Reina\",\"datePublished\":\"2020-04-09T18:10:05+00:00\",\"mainEntityOfPage\":{\"@id\":\"https:\/\/lareinanews.cl\/noticias\/index.php\/2020\/04\/09\/anuncian-segundo-sapu-temporal-para-la-reina\/\"},\"wordCount\":187,\"publisher\":{\"@id\":\"https:\/\/lareinanews.cl\/noticias\/#organization\"},\"image\":{\"@id\":\"https:\/\/lareinanews.cl\/noticias\/index.php\/2020\/04\/09\/anuncian-segundo-sapu-temporal-para-la-reina\/#primaryimage\"},\"thumbnailUrl\":\"https:\/\/lareinanews.cl\/noticias\/wp-content\/uploads\/2020\/04\/sapu_ossandon.jpg\",\"keywords\":[\"cepaso\",\"cesfam\",\"coronavirus\",\"covid-19\",\"la reina\",\"sapu\"],\"articleSection\":[\"Alcalde\",\"Coronavirus\",\"Corporaciones\",\"Destacados\",\"La Reina\",\"Noticias\",\"Salud\"],\"inLanguage\":\"es\"},{\"@type\":\"WebPage\",\"@id\":\"https:\/\/lareinanews.cl\/noticias\/index.php\/2020\/04\/09\/anuncian-segundo-sapu-temporal-para-la-reina\/\",\"url\":\"https:\/\/lareinanews.cl\/noticias\/index.php\/2020\/04\/09\/anuncian-segundo-sapu-temporal-para-la-reina\/\",\"name\":\"Anuncian segundo Sapu (temporal) para La Reina\",\"isPartOf\":{\"@id\":\"https:\/\/lareinanews.cl\/noticias\/#website\"},\"primaryImageOfPage\":{\"@id\":\"https:\/\/lareinanews.cl\/noticias\/index.php\/2020\/04\/09\/anuncian-segundo-sapu-temporal-para-la-reina\/#primaryimage\"},\"image\":{\"@id\":\"https:\/\/lareinanews.cl\/noticias\/index.php\/2020\/04\/09\/anuncian-segundo-sapu-temporal-para-la-reina\/#primaryimage\"},\"thumbnailUrl\":\"https:\/\/lareinanews.cl\/noticias\/wp-content\/uploads\/2020\/04\/sapu_ossandon.jpg\",\"datePublished\":\"2020-04-09T18:10:05+00:00\",\"description\":\"Para enfrentar mejor al coronavirus, la comuna de La Reina habilitar\u00e1 un segundo Sapu de manera temporal durante el per\u00edodo de enfermedades respiratorias.\",\"breadcrumb\":{\"@id\":\"https:\/\/lareinanews.cl\/noticias\/index.php\/2020\/04\/09\/anuncian-segundo-sapu-temporal-para-la-reina\/#breadcrumb\"},\"inLanguage\":\"es\",\"potentialAction\":[{\"@type\":\"ReadAction\",\"target\":[\"https:\/\/lareinanews.cl\/noticias\/index.php\/2020\/04\/09\/anuncian-segundo-sapu-temporal-para-la-reina\/\"]}]},{\"@type\":\"ImageObject\",\"inLanguage\":\"es\",\"@id\":\"https:\/\/lareinanews.cl\/noticias\/index.php\/2020\/04\/09\/anuncian-segundo-sapu-temporal-para-la-reina\/#primaryimage\",\"url\":\"https:\/\/lareinanews.cl\/noticias\/wp-content\/uploads\/2020\/04\/sapu_ossandon.jpg\",\"contentUrl\":\"https:\/\/lareinanews.cl\/noticias\/wp-content\/uploads\/2020\/04\/sapu_ossandon.jpg\",\"width\":650,\"height\":490},{\"@type\":\"BreadcrumbList\",\"@id\":\"https:\/\/lareinanews.cl\/noticias\/index.php\/2020\/04\/09\/anuncian-segundo-sapu-temporal-para-la-reina\/#breadcrumb\",\"itemListElement\":[{\"@type\":\"ListItem\",\"position\":1,\"name\":\"Inicio\",\"item\":\"https:\/\/lareinanews.cl\/noticias\/\"},{\"@type\":\"ListItem\",\"position\":2,\"name\":\"Anuncian segundo Sapu (temporal) para La Reina\"}]},{\"@type\":\"WebSite\",\"@id\":\"https:\/\/lareinanews.cl\/noticias\/#website\",\"url\":\"https:\/\/lareinanews.cl\/noticias\/\",\"name\":\"Noticias La Reina\",\"description\":\"LaReina.news\",\"publisher\":{\"@id\":\"https:\/\/lareinanews.cl\/noticias\/#organization\"},\"potentialAction\":[{\"@type\":\"SearchAction\",\"target\":{\"@type\":\"EntryPoint\",\"urlTemplate\":\"https:\/\/lareinanews.cl\/noticias\/?s={search_term_string}\"},\"query-input\":{\"@type\":\"PropertyValueSpecification\",\"valueRequired\":true,\"valueName\":\"search_term_string\"}}],\"inLanguage\":\"es\"},{\"@type\":\"Organization\",\"@id\":\"https:\/\/lareinanews.cl\/noticias\/#organization\",\"name\":\"La Reina.news Peri\u00f3dico comunal de La Reina\",\"url\":\"https:\/\/lareinanews.cl\/noticias\/\",\"logo\":{\"@type\":\"ImageObject\",\"inLanguage\":\"es\",\"@id\":\"https:\/\/lareinanews.cl\/noticias\/#\/schema\/logo\/image\/\",\"url\":\"https:\/\/lareinanews.cl\/noticias\/wp-content\/uploads\/2020\/04\/logo_schema.png\",\"contentUrl\":\"https:\/\/lareinanews.cl\/noticias\/wp-content\/uploads\/2020\/04\/logo_schema.png\",\"width\":640,\"height\":360,\"caption\":\"La Reina.news Peri\u00f3dico comunal de La Reina\"},\"image\":{\"@id\":\"https:\/\/lareinanews.cl\/noticias\/#\/schema\/logo\/image\/\"},\"sameAs\":[\"https:\/\/www.facebook.com\/LaReinaNews\",\"https:\/\/www.instagram.com\/lareinanews\/\"]},{\"@type\":\"Person\",\"@id\":\"https:\/\/lareinanews.cl\/noticias\/#\/schema\/person\/c697b5a3c8bc9dd1d94222e2d58209ed\",\"name\":\"J M Doren\",\"image\":{\"@type\":\"ImageObject\",\"inLanguage\":\"es\",\"@id\":\"https:\/\/lareinanews.cl\/noticias\/#\/schema\/person\/image\/\",\"url\":\"http:\/\/lareina.news\/noticias\/wp-content\/uploads\/2019\/09\/avatar_user_1_1569272876-96x96.png\",\"contentUrl\":\"http:\/\/lareina.news\/noticias\/wp-content\/uploads\/2019\/09\/avatar_user_1_1569272876-96x96.png\",\"caption\":\"J M Doren\"},\"description\":\"Soy ingeniero en inform\u00e1tica, interesado en las humanidades. Fundador y director de La Reina.news y otros medios electr\u00f3nicos. Creo profundamente en que si dejamos de pensar y cuestionar(nos) no hay nada que nos diferencie de los primates. jmdoren@ok.cl Sitios de mi autor&iacute;a\",\"sameAs\":[\"https:\/\/www.ok.cl\/\",\"https:\/\/x.com\/@jmdoren\"],\"url\":\"https:\/\/lareinanews.cl\/noticias\/index.php\/author\/jmdoren\/\"}]}<\/script>\n<!-- \/ Yoast SEO plugin. -->","yoast_head_json":{"title":"Anuncian segundo Sapu (temporal) para La Reina","description":"Para enfrentar mejor al coronavirus, la comuna de La Reina habilitar\u00e1 un segundo Sapu de manera temporal durante el per\u00edodo de enfermedades respiratorias.","robots":{"index":"index","follow":"follow","max-snippet":"max-snippet:-1","max-image-preview":"max-image-preview:large","max-video-preview":"max-video-preview:-1"},"canonical":"https:\/\/lareinanews.cl\/noticias\/index.php\/2020\/04\/09\/anuncian-segundo-sapu-temporal-para-la-reina\/","og_locale":"es_ES","og_type":"article","og_title":"Anuncian segundo Sapu (temporal) para La Reina","og_description":"Para enfrentar mejor al coronavirus, la comuna de La Reina habilitar\u00e1 un segundo Sapu de manera temporal durante el per\u00edodo de enfermedades respiratorias.","og_url":"https:\/\/lareinanews.cl\/noticias\/index.php\/2020\/04\/09\/anuncian-segundo-sapu-temporal-para-la-reina\/","og_site_name":"Noticias La Reina","article_publisher":"https:\/\/www.facebook.com\/LaReinaNews","article_published_time":"2020-04-09T18:10:05+00:00","og_image":[{"width":650,"height":490,"url":"https:\/\/lareinanews.cl\/noticias\/wp-content\/uploads\/2020\/04\/sapu_ossandon.jpg","type":"image\/jpeg"}],"author":"J M Doren","twitter_card":"summary_large_image","twitter_creator":"@jmdoren","twitter_misc":{"Escrito por":"J M Doren","Tiempo de lectura":"1 minuto"},"schema":{"@context":"https:\/\/schema.org","@graph":[{"@type":"Article","@id":"https:\/\/lareinanews.cl\/noticias\/index.php\/2020\/04\/09\/anuncian-segundo-sapu-temporal-para-la-reina\/#article","isPartOf":{"@id":"https:\/\/lareinanews.cl\/noticias\/index.php\/2020\/04\/09\/anuncian-segundo-sapu-temporal-para-la-reina\/"},"author":{"name":"J M Doren","@id":"https:\/\/lareinanews.cl\/noticias\/#\/schema\/person\/c697b5a3c8bc9dd1d94222e2d58209ed"},"headline":"Anuncian segundo Sapu (temporal) para La Reina","datePublished":"2020-04-09T18:10:05+00:00","mainEntityOfPage":{"@id":"https:\/\/lareinanews.cl\/noticias\/index.php\/2020\/04\/09\/anuncian-segundo-sapu-temporal-para-la-reina\/"},"wordCount":187,"publisher":{"@id":"https:\/\/lareinanews.cl\/noticias\/#organization"},"image":{"@id":"https:\/\/lareinanews.cl\/noticias\/index.php\/2020\/04\/09\/anuncian-segundo-sapu-temporal-para-la-reina\/#primaryimage"},"thumbnailUrl":"https:\/\/lareinanews.cl\/noticias\/wp-content\/uploads\/2020\/04\/sapu_ossandon.jpg","keywords":["cepaso","cesfam","coronavirus","covid-19","la reina","sapu"],"articleSection":["Alcalde","Coronavirus","Corporaciones","Destacados","La Reina","Noticias","Salud"],"inLanguage":"es"},{"@type":"WebPage","@id":"https:\/\/lareinanews.cl\/noticias\/index.php\/2020\/04\/09\/anuncian-segundo-sapu-temporal-para-la-reina\/","url":"https:\/\/lareinanews.cl\/noticias\/index.php\/2020\/04\/09\/anuncian-segundo-sapu-temporal-para-la-reina\/","name":"Anuncian segundo Sapu (temporal) para La Reina","isPartOf":{"@id":"https:\/\/lareinanews.cl\/noticias\/#website"},"primaryImageOfPage":{"@id":"https:\/\/lareinanews.cl\/noticias\/index.php\/2020\/04\/09\/anuncian-segundo-sapu-temporal-para-la-reina\/#primaryimage"},"image":{"@id":"https:\/\/lareinanews.cl\/noticias\/index.php\/2020\/04\/09\/anuncian-segundo-sapu-temporal-para-la-reina\/#primaryimage"},"thumbnailUrl":"https:\/\/lareinanews.cl\/noticias\/wp-content\/uploads\/2020\/04\/sapu_ossandon.jpg","datePublished":"2020-04-09T18:10:05+00:00","description":"Para enfrentar mejor al coronavirus, la comuna de La Reina habilitar\u00e1 un segundo Sapu de manera temporal durante el per\u00edodo de enfermedades respiratorias.","breadcrumb":{"@id":"https:\/\/lareinanews.cl\/noticias\/index.php\/2020\/04\/09\/anuncian-segundo-sapu-temporal-para-la-reina\/#breadcrumb"},"inLanguage":"es","potentialAction":[{"@type":"ReadAction","target":["https:\/\/lareinanews.cl\/noticias\/index.php\/2020\/04\/09\/anuncian-segundo-sapu-temporal-para-la-reina\/"]}]},{"@type":"ImageObject","inLanguage":"es","@id":"https:\/\/lareinanews.cl\/noticias\/index.php\/2020\/04\/09\/anuncian-segundo-sapu-temporal-para-la-reina\/#primaryimage","url":"https:\/\/lareinanews.cl\/noticias\/wp-content\/uploads\/2020\/04\/sapu_ossandon.jpg","contentUrl":"https:\/\/lareinanews.cl\/noticias\/wp-content\/uploads\/2020\/04\/sapu_ossandon.jpg","width":650,"height":490},{"@type":"BreadcrumbList","@id":"https:\/\/lareinanews.cl\/noticias\/index.php\/2020\/04\/09\/anuncian-segundo-sapu-temporal-para-la-reina\/#breadcrumb","itemListElement":[{"@type":"ListItem","position":1,"name":"Inicio","item":"https:\/\/lareinanews.cl\/noticias\/"},{"@type":"ListItem","position":2,"name":"Anuncian segundo Sapu (temporal) para La Reina"}]},{"@type":"WebSite","@id":"https:\/\/lareinanews.cl\/noticias\/#website","url":"https:\/\/lareinanews.cl\/noticias\/","name":"Noticias La Reina","description":"LaReina.news","publisher":{"@id":"https:\/\/lareinanews.cl\/noticias\/#organization"},"potentialAction":[{"@type":"SearchAction","target":{"@type":"EntryPoint","urlTemplate":"https:\/\/lareinanews.cl\/noticias\/?s={search_term_string}"},"query-input":{"@type":"PropertyValueSpecification","valueRequired":true,"valueName":"search_term_string"}}],"inLanguage":"es"},{"@type":"Organization","@id":"https:\/\/lareinanews.cl\/noticias\/#organization","name":"La Reina.news Peri\u00f3dico comunal de La Reina","url":"https:\/\/lareinanews.cl\/noticias\/","logo":{"@type":"ImageObject","inLanguage":"es","@id":"https:\/\/lareinanews.cl\/noticias\/#\/schema\/logo\/image\/","url":"https:\/\/lareinanews.cl\/noticias\/wp-content\/uploads\/2020\/04\/logo_schema.png","contentUrl":"https:\/\/lareinanews.cl\/noticias\/wp-content\/uploads\/2020\/04\/logo_schema.png","width":640,"height":360,"caption":"La Reina.news Peri\u00f3dico comunal de La Reina"},"image":{"@id":"https:\/\/lareinanews.cl\/noticias\/#\/schema\/logo\/image\/"},"sameAs":["https:\/\/www.facebook.com\/LaReinaNews","https:\/\/www.instagram.com\/lareinanews\/"]},{"@type":"Person","@id":"https:\/\/lareinanews.cl\/noticias\/#\/schema\/person\/c697b5a3c8bc9dd1d94222e2d58209ed","name":"J M Doren","image":{"@type":"ImageObject","inLanguage":"es","@id":"https:\/\/lareinanews.cl\/noticias\/#\/schema\/person\/image\/","url":"http:\/\/lareina.news\/noticias\/wp-content\/uploads\/2019\/09\/avatar_user_1_1569272876-96x96.png","contentUrl":"http:\/\/lareina.news\/noticias\/wp-content\/uploads\/2019\/09\/avatar_user_1_1569272876-96x96.png","caption":"J M Doren"},"description":"Soy ingeniero en inform\u00e1tica, interesado en las humanidades. Fundador y director de La Reina.news y otros medios electr\u00f3nicos. Creo profundamente en que si dejamos de pensar y cuestionar(nos) no hay nada que nos diferencie de los primates. jmdoren@ok.cl Sitios de mi autor&iacute;a","sameAs":["https:\/\/www.ok.cl\/","https:\/\/x.com\/@jmdoren"],"url":"https:\/\/lareinanews.cl\/noticias\/index.php\/author\/jmdoren\/"}]}},"_links":{"self":[{"href":"https:\/\/lareinanews.cl\/noticias\/index.php\/wp-json\/wp\/v2\/posts\/3918","targetHints":{"allow":["GET"]}}],"collection":[{"href":"https:\/\/lareinanews.cl\/noticias\/index.php\/wp-json\/wp\/v2\/posts"}],"about":[{"href":"https:\/\/lareinanews.cl\/noticias\/index.php\/wp-json\/wp\/v2\/types\/post"}],"author":[{"embeddable":true,"href":"https:\/\/lareinanews.cl\/noticias\/index.php\/wp-json\/wp\/v2\/users\/1"}],"replies":[{"embeddable":true,"href":"https:\/\/lareinanews.cl\/noticias\/index.php\/wp-json\/wp\/v2\/comments?post=3918"}],"version-history":[{"count":5,"href":"https:\/\/lareinanews.cl\/noticias\/index.php\/wp-json\/wp\/v2\/posts\/3918\/revisions"}],"predecessor-version":[{"id":3925,"href":"https:\/\/lareinanews.cl\/noticias\/index.php\/wp-json\/wp\/v2\/posts\/3918\/revisions\/3925"}],"wp:featuredmedia":[{"embeddable":true,"href":"https:\/\/lareinanews.cl\/noticias\/index.php\/wp-json\/wp\/v2\/media\/3922"}],"wp:attachment":[{"href":"https:\/\/lareinanews.cl\/noticias\/index.php\/wp-json\/wp\/v2\/media?parent=3918"}],"wp:term":[{"taxonomy":"category","embeddable":true,"href":"https:\/\/lareinanews.cl\/noticias\/index.php\/wp-json\/wp\/v2\/categories?post=3918"},{"taxonomy":"post_tag","embeddable":true,"href":"https:\/\/lareinanews.cl\/noticias\/index.php\/wp-json\/wp\/v2\/tags?post=3918"}],"curies":[{"name":"wp","href":"https:\/\/api.w.org\/{rel}","templated":true}]}}