{"id":3597,"date":"2019-12-15T23:52:37","date_gmt":"2019-12-16T02:52:37","guid":{"rendered":"https:\/\/lareina.news\/noticias\/?p=3597"},"modified":"2019-12-16T00:51:41","modified_gmt":"2019-12-16T03:51:41","slug":"resultados-consulta-ciudadana","status":"publish","type":"post","link":"https:\/\/lareinanews.cl\/noticias\/index.php\/2019\/12\/15\/resultados-consulta-ciudadana\/","title":{"rendered":"Resultados de la Consulta Ciudadana"},"content":{"rendered":"<p>Con la participaci\u00f3n de 31.284 votantes inscritos en la comuna de <strong>La Reina<\/strong> culmin\u00f3 el proceso de consulta ciudadana que contemplaba preguntas de la asociaci\u00f3n de municipalidades y otras <a href=\"\/Istanbultelaviv\/status\/1205993768127803392\">incluidas espec\u00edficamente para la comuna<\/a>.<\/p>\n<p>Los resultados son los siguientes:<\/p>\n<p>&nbsp;<\/p>\n<table>\n<tbody>\n<tr>\n<td colspan=\"3\" width=\"401\">\n<h3><strong>\u00bfEst\u00e1 usted de acuerdo o en desacuerdo con que Chile tenga una nueva Constituci\u00f3n?<\/strong><\/h3>\n<\/td>\n<\/tr>\n<tr>\n<td>Opci\u00f3n<\/td>\n<td>Votos<\/td>\n<td><\/td>\n<\/tr>\n<tr>\n<td style=\"padding-left: 40px;\"><strong>De acuerdo<\/strong><\/td>\n<td><span style=\"color: #008000;\"><strong>25.829<\/strong><\/span><\/td>\n<td><span style=\"color: #008000;\"><strong>82,6%<\/strong><\/span><\/td>\n<\/tr>\n<tr>\n<td style=\"padding-left: 40px;\">En desacuerdo<\/td>\n<td>5.333<\/td>\n<td>17,0%<\/td>\n<\/tr>\n<tr>\n<td style=\"padding-left: 40px;\">Blancos<\/td>\n<td>101<\/td>\n<td>0,3%<\/td>\n<\/tr>\n<tr>\n<td style=\"padding-left: 40px;\">Nulos<\/td>\n<td>21<\/td>\n<td>0,1%<\/td>\n<\/tr>\n<tr>\n<td>Total<\/td>\n<td>31.284<\/td>\n<td><\/td>\n<\/tr>\n<tr>\n<td>\n<hr \/>\n<\/td>\n<td><\/td>\n<td><\/td>\n<\/tr>\n<tr>\n<td colspan=\"3\">\n<h3><strong>Est\u00e1 de acuerdo con que el voto sea obligatorio?<\/strong><\/h3>\n<\/td>\n<\/tr>\n<tr>\n<td>Opci\u00f3n<\/td>\n<td>Votos<\/td>\n<td><\/td>\n<\/tr>\n<tr>\n<td style=\"padding-left: 40px;\"><strong>S\u00ed<\/strong><\/td>\n<td><span style=\"color: #008000;\"><strong>26.734<\/strong><\/span><\/td>\n<td><span style=\"color: #008000;\"><strong>85,5%<\/strong><\/span><\/td>\n<\/tr>\n<tr>\n<td style=\"padding-left: 40px;\">No<\/td>\n<td>4.399<\/td>\n<td>14,1%<\/td>\n<\/tr>\n<tr>\n<td style=\"padding-left: 40px;\">Blancos<\/td>\n<td>132<\/td>\n<td>0,4%<\/td>\n<\/tr>\n<tr>\n<td style=\"padding-left: 40px;\">Nulos<\/td>\n<td>19<\/td>\n<td>0,1%<\/td>\n<\/tr>\n<tr>\n<td>Total<\/td>\n<td>31.284<\/td>\n<td><\/td>\n<\/tr>\n<tr>\n<td>\n<hr \/>\n<\/td>\n<td><\/td>\n<td><\/td>\n<\/tr>\n<tr>\n<td colspan=\"3\">\n<h3><strong>Para usted, \u00bfcu\u00e1les son las tres demandas sociales m\u00e1s importantes? (Marque hasta tres opciones; si usted marca m\u00e1s de tres, su voto ser\u00e1 anulado)<\/strong><\/h3>\n<\/td>\n<\/tr>\n<tr>\n<td>Opci\u00f3n<\/td>\n<td>Preferencias<\/td>\n<td><\/td>\n<\/tr>\n<tr>\n<td style=\"padding-left: 40px;\"><strong>Acceso y calidad de la educaci\u00f3n p\u00fablica<\/strong><\/td>\n<td><span style=\"color: #008000;\"><strong>16.915<\/strong><\/span><\/td>\n<td>3<\/td>\n<\/tr>\n<tr>\n<td style=\"padding-left: 40px;\">Acceso y calidad de la vivienda<\/td>\n<td>2.934<\/td>\n<td><\/td>\n<\/tr>\n<tr>\n<td style=\"padding-left: 40px;\">Ampliar el acceso al agua<\/td>\n<td>1.559<\/td>\n<td><\/td>\n<\/tr>\n<tr>\n<td style=\"padding-left: 40px;\">Cuidado del medio ambiente y recursos naturales<\/td>\n<td>4.830<\/td>\n<td><\/td>\n<\/tr>\n<tr>\n<td style=\"padding-left: 40px;\">Deuda universitaria (CAE y otros)<\/td>\n<td>3.965<\/td>\n<td><\/td>\n<\/tr>\n<tr>\n<td style=\"padding-left: 40px;\"><strong>Mejorar la calidad de la salud p\u00fablica y su financiamiento<\/strong><\/td>\n<td><span style=\"color: #008000;\"><strong>20.430<\/strong><\/span><\/td>\n<td>2<\/td>\n<\/tr>\n<tr>\n<td style=\"padding-left: 40px;\"><strong>Mejorar las pensiones y dignificar la calidad de vida de los adultos mayores<\/strong><\/td>\n<td><span style=\"color: #008000;\"><strong>21.917<\/strong><\/span><\/td>\n<td>1<\/td>\n<\/tr>\n<tr>\n<td style=\"padding-left: 40px;\">Reducir costos de servicios b\u00e1sicos (agua, electricidad, etc.)<\/td>\n<td>4.118<\/td>\n<td><\/td>\n<\/tr>\n<tr>\n<td style=\"padding-left: 40px;\">Reducir la desigualdad de ingresos<\/td>\n<td>8.132<\/td>\n<td><\/td>\n<\/tr>\n<tr>\n<td style=\"padding-left: 40px;\">Reducir la impunidad y la delincuencia<\/td>\n<td>6.244<\/td>\n<td><\/td>\n<\/tr>\n<tr>\n<td style=\"padding-left: 40px;\">Transporte p\u00fablico (calidad, acceso y precio)<\/td>\n<td>1.563<\/td>\n<td><\/td>\n<\/tr>\n<tr>\n<td style=\"padding-left: 40px;\">Blancos<\/td>\n<td>780<\/td>\n<td><\/td>\n<\/tr>\n<tr>\n<td style=\"padding-left: 40px;\">Nulos\u00a0(cada nulo equivale a 3 preferencias)<\/td>\n<td>155<\/td>\n<td><\/td>\n<\/tr>\n<tr>\n<td>Total<\/td>\n<td>93852<\/td>\n<td><\/td>\n<\/tr>\n<tr>\n<td>\n<hr \/>\n<\/td>\n<td><\/td>\n<td><\/td>\n<\/tr>\n<tr>\n<td colspan=\"3\">\n<h3><strong>\u00bfEst\u00e1 usted de acuerdo o en desacuerdo que los municipios tengan m\u00e1s atribuciones y recursos?<\/strong><\/h3>\n<\/td>\n<\/tr>\n<tr>\n<td>Opci\u00f3n<\/td>\n<td>Votos<\/td>\n<td><\/td>\n<\/tr>\n<tr>\n<td style=\"padding-left: 40px;\"><strong>De acuerdo<\/strong><\/td>\n<td><strong><span style=\"color: #008000;\">27.623<\/span><\/strong><\/td>\n<td><strong><span style=\"color: #008000;\">88,3%<\/span><\/strong><\/td>\n<\/tr>\n<tr>\n<td style=\"padding-left: 40px;\">En desacuerdo<\/td>\n<td>3.113<\/td>\n<td>10,0%<\/td>\n<\/tr>\n<tr>\n<td style=\"padding-left: 40px;\">Blancos<\/td>\n<td>431<\/td>\n<td>1,4%<\/td>\n<\/tr>\n<tr>\n<td style=\"padding-left: 40px;\">Nulos<\/td>\n<td>117<\/td>\n<td>0,4%<\/td>\n<\/tr>\n<tr>\n<td>Total<\/td>\n<td>31.284<\/td>\n<td><\/td>\n<\/tr>\n<tr>\n<td><\/td>\n<td><\/td>\n<td><\/td>\n<\/tr>\n<tr>\n<td colspan=\"3\">\n<h3><strong>\u00bfEst\u00e1 de acuerdo o en desacuerdo que exista un IVA rebajado para productos de primera necesidad?<\/strong><\/h3>\n<\/td>\n<\/tr>\n<tr>\n<td>Opci\u00f3n<\/td>\n<td>Votos<\/td>\n<td><\/td>\n<\/tr>\n<tr>\n<td style=\"padding-left: 40px;\"><strong>De acuerdo<\/strong><\/td>\n<td><span style=\"color: #008000;\"><strong>29.053<\/strong><\/span><\/td>\n<td><span style=\"color: #008000;\"><strong>92,9%<\/strong><\/span><\/td>\n<\/tr>\n<tr>\n<td style=\"padding-left: 40px;\">En desacuerdo<\/td>\n<td>1.945<\/td>\n<td>6,2%<\/td>\n<\/tr>\n<tr>\n<td style=\"padding-left: 40px;\">Blancos<\/td>\n<td>254<\/td>\n<td>0,8%<\/td>\n<\/tr>\n<tr>\n<td style=\"padding-left: 40px;\">Nulos<\/td>\n<td>32<\/td>\n<td>0,1%<\/td>\n<\/tr>\n<tr>\n<td>Total<\/td>\n<td>31.284<\/td>\n<td><\/td>\n<\/tr>\n<tr>\n<td>\n<hr \/>\n<\/td>\n<td><\/td>\n<td><\/td>\n<\/tr>\n<tr>\n<td colspan=\"3\">\n<h3><strong>Independiente de su respuesta anterior, \u00bfqui\u00e9n prefiere usted que elabore una nueva Constituci\u00f3n?<\/strong><\/h3>\n<\/td>\n<\/tr>\n<tr>\n<td>Opci\u00f3n<\/td>\n<td>Votos<\/td>\n<td><\/td>\n<\/tr>\n<tr>\n<td style=\"padding-left: 40px;\">Convenci\u00f3n mixta constitucional. Integrada en partes iguales por ciudadanos\/as electos, y parlamentarios\/as en ejercicio<\/td>\n<td>11.026<\/td>\n<td>35,2%<\/td>\n<\/tr>\n<tr>\n<td style=\"padding-left: 40px;\"><strong>Convenci\u00f3n Constitucional. Integrada en su totalidad por ciudadanos\/as electos \u00edntegramente para este efecto<\/strong><\/td>\n<td><span style=\"color: #008000;\"><strong>19.944<\/strong><\/span><\/td>\n<td><span style=\"color: #008000;\"><strong>63,8%<\/strong><\/span><\/td>\n<\/tr>\n<tr>\n<td style=\"padding-left: 40px;\">Blancos<\/td>\n<td>254<\/td>\n<td>0,8%<\/td>\n<\/tr>\n<tr>\n<td style=\"padding-left: 40px;\">Nulos<\/td>\n<td>60<\/td>\n<td>0,2%<\/td>\n<\/tr>\n<tr>\n<td>Total<\/td>\n<td>31.284<\/td>\n<td><\/td>\n<\/tr>\n<tr>\n<td>\n<hr \/>\n<\/td>\n<td><\/td>\n<td><\/td>\n<\/tr>\n<tr>\n<td colspan=\"3\">\n<h3><strong>Usted cree que:<\/strong><\/h3>\n<\/td>\n<\/tr>\n<tr>\n<td>Opci\u00f3n<\/td>\n<td>Votos<\/td>\n<td><\/td>\n<\/tr>\n<tr>\n<td style=\"padding-left: 40px;\"><strong>Se debe eliminar la actual Constituci\u00f3n Pol\u00edtica<\/strong><\/td>\n<td><span style=\"color: #008000;\"><strong>15.760<\/strong><\/span><\/td>\n<td><span style=\"color: #008000;\"><strong>50,4%<\/strong><\/span><\/td>\n<\/tr>\n<tr>\n<td style=\"padding-left: 40px;\">Se debe modificar la actual Constituci\u00f3n Pol\u00edtica<\/td>\n<td>10.223<\/td>\n<td>32,7%<\/td>\n<\/tr>\n<tr>\n<td style=\"padding-left: 40px;\">Se debe mantener tal como est\u00e1 la actual Constituci\u00f3n Pol\u00edtica<\/td>\n<td>2.826<\/td>\n<td>9,0%<\/td>\n<\/tr>\n<tr>\n<td style=\"padding-left: 40px;\">No sabe\/No responde<\/td>\n<td>450<\/td>\n<td>1,4%<\/td>\n<\/tr>\n<tr>\n<td style=\"padding-left: 40px;\">Blancos<\/td>\n<td>1.951<\/td>\n<td>6,2%<\/td>\n<\/tr>\n<tr>\n<td style=\"padding-left: 40px;\">Nulos<\/td>\n<td>74<\/td>\n<td>0,2%<\/td>\n<\/tr>\n<tr>\n<td>Total<\/td>\n<td>31.284<\/td>\n<td><\/td>\n<\/tr>\n<tr>\n<td>\n<hr \/>\n<\/td>\n<td><\/td>\n<td><\/td>\n<\/tr>\n<tr>\n<td colspan=\"3\">\n<h3><strong>\u00bfUsted cree que con una nueva Constituci\u00f3n Pol\u00edtica se resuelven las demandas sociales?<\/strong><\/h3>\n<\/td>\n<\/tr>\n<tr>\n<td>Opci\u00f3n<\/td>\n<td>Votos<\/td>\n<td><\/td>\n<\/tr>\n<tr>\n<td style=\"padding-left: 40px;\">S\u00ed<\/td>\n<td>13.445<\/td>\n<td>43,0%<\/td>\n<\/tr>\n<tr>\n<td style=\"padding-left: 40px;\"><strong>No<\/strong><\/td>\n<td><span style=\"color: #008000;\"><strong>14.692<\/strong><\/span><\/td>\n<td><span style=\"color: #008000;\"><strong>47,0%<\/strong><\/span><\/td>\n<\/tr>\n<tr>\n<td style=\"padding-left: 40px;\">No sabe\/No responde<\/td>\n<td>905<\/td>\n<td>2,9%<\/td>\n<\/tr>\n<tr>\n<td style=\"padding-left: 40px;\">Blancos<\/td>\n<td>2.143<\/td>\n<td>6,9%<\/td>\n<\/tr>\n<tr>\n<td style=\"padding-left: 40px;\">Nulos<\/td>\n<td>99<\/td>\n<td>0,3%<\/td>\n<\/tr>\n<tr>\n<td>Total<\/td>\n<td>31.284<\/td>\n<td><\/td>\n<\/tr>\n<tr>\n<td>\n<hr \/>\n<\/td>\n<td><\/td>\n<td><\/td>\n<\/tr>\n<tr>\n<td colspan=\"3\">\n<h3><strong>\u00bfAlguna vez ha le\u00eddo completa o parte de la actual Constituci\u00f3n Pol\u00edtica de Chile?<\/strong><\/h3>\n<\/td>\n<\/tr>\n<tr>\n<td>Opci\u00f3n<\/td>\n<td>Votos<\/td>\n<td><\/td>\n<\/tr>\n<tr>\n<td style=\"padding-left: 40px;\"><strong>S\u00ed<\/strong><\/td>\n<td><span style=\"color: #008000;\"><strong>18.590<\/strong><\/span><\/td>\n<td><span style=\"color: #008000;\"><strong>59,4%<\/strong><\/span><\/td>\n<\/tr>\n<tr>\n<td style=\"padding-left: 40px;\">No<\/td>\n<td>10.494<\/td>\n<td>33,5%<\/td>\n<\/tr>\n<tr>\n<td style=\"padding-left: 40px;\">Blancos<\/td>\n<td>2.116<\/td>\n<td>6,8%<\/td>\n<\/tr>\n<tr>\n<td style=\"padding-left: 40px;\">Nulos<\/td>\n<td>84<\/td>\n<td>0,3%<\/td>\n<\/tr>\n<tr>\n<td>Total<\/td>\n<td>31.284<\/td>\n<td><\/td>\n<\/tr>\n<tr>\n<td>\n<hr \/>\n<\/td>\n<td><\/td>\n<td><\/td>\n<\/tr>\n<tr>\n<td colspan=\"3\">\n<h3><strong>Marque las tres demandas sociales que a su juicio son prioritarias en la comuna de La Reina<\/strong><\/h3>\n<\/td>\n<\/tr>\n<tr>\n<td>Opci\u00f3n<\/td>\n<td>Preferencias<\/td>\n<td><\/td>\n<\/tr>\n<tr>\n<td style=\"padding-left: 40px;\"><strong>Mejorar atenci\u00f3n en centros de salud y disminuir precio de medicamentos<\/strong><\/td>\n<td><span style=\"color: #008000;\"><strong>23.434<\/strong><\/span><\/td>\n<td>1<\/td>\n<\/tr>\n<tr>\n<td style=\"padding-left: 40px;\"><strong>Incrementar la presencia de seguridad en los barrios<\/strong><\/td>\n<td><span style=\"color: #008000;\"><strong>11.341<\/strong><\/span><\/td>\n<td>2<\/td>\n<\/tr>\n<tr>\n<td style=\"padding-left: 40px;\">Mejorar \u00e1reas verdes y recuperar espacios p\u00fablicos abandonados<\/td>\n<td>7.137<\/td>\n<td><\/td>\n<\/tr>\n<tr>\n<td style=\"padding-left: 40px;\">Fomentar el deporte en j\u00f3venes y ni\u00f1os<\/td>\n<td>4.414<\/td>\n<td><\/td>\n<\/tr>\n<tr>\n<td style=\"padding-left: 40px;\">Mantener los colegios municipales bajo la dependencia de la Municipalidad y no entregarlo a servicios locales de educaci\u00f3n<\/td>\n<td>5.190<\/td>\n<td><\/td>\n<\/tr>\n<tr>\n<td style=\"padding-left: 40px;\">Fortalecer el sistema de protecci\u00f3n de la ni\u00f1ez comunal (Oficina de Protecci\u00f3n de Derechos y\/o Oficina de la Ni\u00f1ez)<\/td>\n<td>8.305<\/td>\n<td><\/td>\n<\/tr>\n<tr>\n<td style=\"padding-left: 40px;\">Mejorar la conectividad y movilidad comunal<\/td>\n<td>5.406<\/td>\n<td><\/td>\n<\/tr>\n<tr>\n<td style=\"padding-left: 40px;\">Generar m\u00e1s actividades para adultos mayores<\/td>\n<td>3.918<\/td>\n<td><\/td>\n<\/tr>\n<tr>\n<td style=\"padding-left: 40px;\">Fomentar capacitaci\u00f3n y fondos de emprendimiento<\/td>\n<td>6.178<\/td>\n<td><\/td>\n<\/tr>\n<tr>\n<td style=\"padding-left: 40px;\"><strong>Incrementar la participaci\u00f3n ciudadana<\/strong><\/td>\n<td><span style=\"color: #008000;\"><strong>9.080<\/strong><\/span><\/td>\n<td>3<\/td>\n<\/tr>\n<tr>\n<td style=\"padding-left: 40px;\">Blancos<\/td>\n<td>8<\/td>\n<td><\/td>\n<\/tr>\n<tr>\n<td style=\"padding-left: 40px;\">Nulos\u00a0(cada nulo equivale a 3 preferencias)<\/td>\n<td>400<\/td>\n<td><\/td>\n<\/tr>\n<tr>\n<td>Total<\/td>\n<td>93.852<\/td>\n<td><\/td>\n<\/tr>\n<tr>\n<td>\n<hr \/>\n<\/td>\n<td><\/td>\n<td><\/td>\n<\/tr>\n<tr>\n<td colspan=\"3\">\n<h3><strong>\u00bfEst\u00e1 de acuerdo con que el \u00f3rgano que elabore una eventual Nueva Constituci\u00f3n?<\/strong><\/h3>\n<\/td>\n<\/tr>\n<tr>\n<td>Opci\u00f3n<\/td>\n<td>Votos<\/td>\n<td><\/td>\n<\/tr>\n<tr>\n<td style=\"padding-left: 40px;\">Incluya paridad de g\u00e9nero en el n\u00famero de postulantes para ser electos como constituyentes<\/td>\n<td>10.072<\/td>\n<td>32,2%<\/td>\n<\/tr>\n<tr>\n<td style=\"padding-left: 40px;\"><strong>Incluya paridad de g\u00e9nero en el n\u00famero de constituyentes finalmente electos<\/strong><\/td>\n<td><span style=\"color: #008000;\"><strong>14.074<\/strong><\/span><\/td>\n<td><span style=\"color: #008000;\"><strong>45,0%<\/strong><\/span><\/td>\n<\/tr>\n<tr>\n<td style=\"padding-left: 40px;\">No incluya ning\u00fan tipo de paridad de g\u00e9nero<\/td>\n<td>4.812<\/td>\n<td>15,4%<\/td>\n<\/tr>\n<tr>\n<td style=\"padding-left: 40px;\">Blancos<\/td>\n<td>2<\/td>\n<td>0,0%<\/td>\n<\/tr>\n<tr>\n<td style=\"padding-left: 40px;\">Nulos<\/td>\n<td>137<\/td>\n<td>0,4%<\/td>\n<\/tr>\n<tr>\n<td>Total<\/td>\n<td>31.284<\/td>\n<td><\/td>\n<\/tr>\n<tr>\n<td>\n<hr \/>\n<\/td>\n<td><\/td>\n<td><\/td>\n<\/tr>\n<tr>\n<td colspan=\"3\">\n<h3><strong>\u00bfEst\u00e1 de acuerdo con que el \u00f3rgano que elabore una eventual Nueva Constituci\u00f3n?<\/strong><\/h3>\n<\/td>\n<\/tr>\n<tr>\n<td>Opci\u00f3n<\/td>\n<td>Votos<\/td>\n<td><\/td>\n<\/tr>\n<tr>\n<td style=\"padding-left: 40px;\">Incluya cuotas de representantes de pueblos originarios en el n\u00famero de postulantes para ser electos como constituyentes<\/td>\n<td>9.224<\/td>\n<td>29,5%<\/td>\n<\/tr>\n<tr>\n<td style=\"padding-left: 40px;\"><strong>Incluya cuotas de representantes de pueblos originarios en el n\u00famero de constituyentes finalmente electos<\/strong><\/td>\n<td><span style=\"color: #008000;\"><strong>15.185<\/strong><\/span><\/td>\n<td><span style=\"color: #008000;\"><strong>48,5%<\/strong><\/span><\/td>\n<\/tr>\n<tr>\n<td style=\"padding-left: 40px;\">No incluya ning\u00fan tipo de cuota de representantes de pueblos originarios<\/td>\n<td>4.584<\/td>\n<td>14,7%<\/td>\n<\/tr>\n<tr>\n<td style=\"padding-left: 40px;\">Blancos<\/td>\n<td>2<\/td>\n<td>0,0%<\/td>\n<\/tr>\n<tr>\n<td style=\"padding-left: 40px;\">Nulos<\/td>\n<td>117<\/td>\n<td>0,4&lt;5<\/td>\n<\/tr>\n<tr>\n<td>Total<\/td>\n<td>31.284<\/td>\n<td><\/td>\n<\/tr>\n<tr>\n<td>\n<hr \/>\n<\/td>\n<td><\/td>\n<td><\/td>\n<\/tr>\n<tr>\n<td colspan=\"3\">\n<h3><strong>\u00bfUd. valida actos de violencia en La Reina como medida de presi\u00f3n para conseguir respuesta a las demandas sociales?<\/strong><\/h3>\n<\/td>\n<\/tr>\n<tr>\n<td>Opci\u00f3n<\/td>\n<td>Votos<\/td>\n<td><\/td>\n<\/tr>\n<tr>\n<td style=\"padding-left: 40px;\">S\u00ed<\/td>\n<td>4.833<\/td>\n<td>15,4%<\/td>\n<\/tr>\n<tr>\n<td style=\"padding-left: 40px;\"><strong>No<\/strong><\/td>\n<td><span style=\"color: #008000;\"><strong>21.730<\/strong><\/span><\/td>\n<td><span style=\"color: #008000;\"><strong>69,5%<\/strong><\/span><\/td>\n<\/tr>\n<tr>\n<td style=\"padding-left: 40px;\">No sabe\/No responde<\/td>\n<td>1.974<\/td>\n<td>6,3%<\/td>\n<\/tr>\n<tr>\n<td style=\"padding-left: 40px;\">Blancos<\/td>\n<td>2.482<\/td>\n<td>7,9%<\/td>\n<\/tr>\n<tr>\n<td style=\"padding-left: 40px;\">Nulos<\/td>\n<td>265<\/td>\n<td>0,8%<\/td>\n<\/tr>\n<tr>\n<td>Total<\/td>\n<td>31.284<\/td>\n<td><\/td>\n<\/tr>\n<tr>\n<td>\n<hr \/>\n<hr \/>\n<\/td>\n<td><\/td>\n<td><\/td>\n<\/tr>\n<tr>\n<td colspan=\"3\">\n<h3><strong>\u00bfUd. est\u00e1 de acuerdo con las marchas y manifestaciones pac\u00edficas en La Reina como medida de protesta para conseguir respuesta a las demandas sociales?<\/strong><\/h3>\n<\/td>\n<\/tr>\n<tr>\n<td>Opci\u00f3n<\/td>\n<td>Votos<\/td>\n<td><\/td>\n<\/tr>\n<tr>\n<td style=\"padding-left: 40px;\"><strong>S\u00ed<\/strong><\/td>\n<td><span style=\"color: #008000;\"><strong>24.343<\/strong><\/span><\/td>\n<td><span style=\"color: #008000;\"><strong>77,8%<\/strong><\/span><\/td>\n<\/tr>\n<tr>\n<td style=\"padding-left: 40px;\">No<\/td>\n<td>4.413<\/td>\n<td>14,1%<\/td>\n<\/tr>\n<tr>\n<td style=\"padding-left: 40px;\">No sabe\/No responde<\/td>\n<td>310<\/td>\n<td>1,0%<\/td>\n<\/tr>\n<tr>\n<td style=\"padding-left: 40px;\">Blancos<\/td>\n<td>2.137<\/td>\n<td>6,8%<\/td>\n<\/tr>\n<tr>\n<td style=\"padding-left: 40px;\">Nulos<\/td>\n<td>81<\/td>\n<td>0,3%<\/td>\n<\/tr>\n<tr>\n<td>Total<\/td>\n<td>31.284<\/td>\n<td><\/td>\n<\/tr>\n<tr>\n<td>\n<hr \/>\n<\/td>\n<td><\/td>\n<td><\/td>\n<\/tr>\n<tr>\n<td colspan=\"3\">\n<h3><strong>\u00bfUsted cree que manifestaciones verbales, en rayados y\/o pancartas con contenido ofensivo, debe ser considerado un acto violento en el marco de una marcha?<\/strong><\/h3>\n<\/td>\n<\/tr>\n<tr>\n<td>Opci\u00f3n<\/td>\n<td>Votos<\/td>\n<td><\/td>\n<\/tr>\n<tr>\n<td style=\"padding-left: 40px;\">S\u00ed<\/td>\n<td>11.498<\/td>\n<td>36,8%<\/td>\n<\/tr>\n<tr>\n<td style=\"padding-left: 40px;\"><strong>No<\/strong><\/td>\n<td><span style=\"color: #008000;\"><strong>16.274<\/strong><\/span><\/td>\n<td><span style=\"color: #008000;\"><strong>52,0%<\/strong><\/span><\/td>\n<\/tr>\n<tr>\n<td style=\"padding-left: 40px;\">No sabe\/No responde<\/td>\n<td>1.122<\/td>\n<td>3,6%<\/td>\n<\/tr>\n<tr>\n<td style=\"padding-left: 40px;\">Blancos<\/td>\n<td>2.278<\/td>\n<td>7,3%<\/td>\n<\/tr>\n<tr>\n<td style=\"padding-left: 40px;\">Nulos<\/td>\n<td>112<\/td>\n<td>0,4%<\/td>\n<\/tr>\n<tr>\n<td>Total<\/td>\n<td>31.284<\/td>\n<td><\/td>\n<\/tr>\n<tr>\n<td>\n<hr \/>\n<\/td>\n<td><\/td>\n<td><\/td>\n<\/tr>\n<tr>\n<td colspan=\"3\">\n<h3><strong>\u00bfEstar\u00eda Ud. de acuerdo en que las Fuerzas Armadas resguarden la seguridad de instalaciones cr\u00edticas en La Reina, tales como servicios b\u00e1sicos y de transporte?<\/strong><\/h3>\n<\/td>\n<\/tr>\n<tr>\n<td>Opci\u00f3n<\/td>\n<td>Votos<\/td>\n<td><\/td>\n<\/tr>\n<tr>\n<td style=\"padding-left: 40px;\">S\u00ed<\/td>\n<td>13.619<\/td>\n<td>43,5%<\/td>\n<\/tr>\n<tr>\n<td style=\"padding-left: 40px;\"><strong>No<\/strong><\/td>\n<td><span style=\"color: #008000;\"><strong>14.628<\/strong><\/span><\/td>\n<td><span style=\"color: #008000;\"><strong>46,8%<\/strong><\/span><\/td>\n<\/tr>\n<tr>\n<td style=\"padding-left: 40px;\">No sabe\/No responde<\/td>\n<td>754<\/td>\n<td>2,4%<\/td>\n<\/tr>\n<tr>\n<td style=\"padding-left: 40px;\">Blancos<\/td>\n<td>2.194<\/td>\n<td>7,0%<\/td>\n<\/tr>\n<tr>\n<td style=\"padding-left: 40px;\">Nulos<\/td>\n<td>89<\/td>\n<td>0,3%<\/td>\n<\/tr>\n<tr>\n<td>Total<\/td>\n<td>31.284<\/td>\n<td><\/td>\n<\/tr>\n<tr>\n<td>\n<hr \/>\n<\/td>\n<td><\/td>\n<td><\/td>\n<\/tr>\n<tr>\n<td colspan=\"3\">\n<h3><strong>\u00bfEstar\u00eda Ud. de acuerdo en que exista una defensor\u00eda de los derechos humanos para todos, incluyendo las personas que trabajan en las Fuerzas Armadas y Polic\u00edas?<\/strong><\/h3>\n<\/td>\n<\/tr>\n<tr>\n<td>Opci\u00f3n<\/td>\n<td>Votos<\/td>\n<td><\/td>\n<\/tr>\n<tr>\n<td style=\"padding-left: 40px;\"><strong>S\u00ed<\/strong><\/td>\n<td><span style=\"color: #008000;\">21.572<\/span><\/td>\n<td><span style=\"color: #008000;\">69,0%<\/span><\/td>\n<\/tr>\n<tr>\n<td style=\"padding-left: 40px;\">No<\/td>\n<td>6.062<\/td>\n<td>19,4%<\/td>\n<\/tr>\n<tr>\n<td style=\"padding-left: 40px;\">No sabe\/No responde<\/td>\n<td>1.103<\/td>\n<td>3,5%<\/td>\n<\/tr>\n<tr>\n<td style=\"padding-left: 40px;\">Blancos<\/td>\n<td>2.391<\/td>\n<td>7,6%<\/td>\n<\/tr>\n<tr>\n<td style=\"padding-left: 40px;\">Nulos<\/td>\n<td>156<\/td>\n<td>0,5%<\/td>\n<\/tr>\n<tr>\n<td>Total<\/td>\n<td>31.284<\/td>\n<td><\/td>\n<\/tr>\n<\/tbody>\n<\/table>\n<p>&nbsp;<\/p>\n","protected":false},"excerpt":{"rendered":"<div class=\"mh-excerpt\"><p>Con la participaci\u00f3n de 31.284 votantes inscritos en la comuna de La Reina culmin\u00f3 el proceso de consulta ciudadana que contemplaba preguntas de la asociaci\u00f3n de municipalidades y otras incluidas espec\u00edficamente para la comuna. Los <a class=\"mh-excerpt-more\" href=\"https:\/\/lareinanews.cl\/noticias\/index.php\/2019\/12\/15\/resultados-consulta-ciudadana\/\" title=\"Resultados de la Consulta Ciudadana\">[&#8230;]<\/a><\/p>\n<\/div>","protected":false},"author":9,"featured_media":3611,"comment_status":"closed","ping_status":"closed","sticky":false,"template":"","format":"standard","meta":{"_acf_changed":false,"footnotes":""},"categories":[159,31,2,14],"tags":[6,233,4,33],"class_list":{"0":"post-3597","1":"post","2":"type-post","3":"status-publish","4":"format-standard","5":"has-post-thumbnail","7":"category-concejo-municipal","8":"category-destacados","9":"category-comuna","10":"category-noticias","11":"tag-comunidad","12":"tag-consulta-ciudadana","13":"tag-la-reina","14":"tag-participacion-ciudadana"},"acf":[],"yoast_head":"<!-- This site is optimized with the Yoast SEO plugin v27.1.1 - https:\/\/yoast.com\/product\/yoast-seo-wordpress\/ -->\n<title>\u25b7 Resultados de la Consulta Ciudadana en La Reina<\/title>\n<meta name=\"description\" content=\"Revisa los resultados de la consulta ciudadana en la comuna de La Reina. Tanto las preguntas de la asociaci\u00f3n de municipalidades como las locales.\" \/>\n<meta name=\"robots\" content=\"index, follow, max-snippet:-1, max-image-preview:large, max-video-preview:-1\" \/>\n<link rel=\"canonical\" href=\"https:\/\/lareinanews.cl\/noticias\/index.php\/2019\/12\/15\/resultados-consulta-ciudadana\/\" \/>\n<meta property=\"og:locale\" content=\"es_ES\" \/>\n<meta property=\"og:type\" content=\"article\" \/>\n<meta property=\"og:title\" content=\"\u25b7 Resultados de la Consulta Ciudadana en La Reina\" \/>\n<meta property=\"og:description\" content=\"Revisa los resultados de la consulta ciudadana en la comuna de La Reina. Tanto las preguntas de la asociaci\u00f3n de municipalidades como las locales.\" \/>\n<meta property=\"og:url\" content=\"https:\/\/lareinanews.cl\/noticias\/index.php\/2019\/12\/15\/resultados-consulta-ciudadana\/\" \/>\n<meta property=\"og:site_name\" content=\"Noticias La Reina\" \/>\n<meta property=\"article:publisher\" content=\"https:\/\/www.facebook.com\/LaReinaNews\" \/>\n<meta property=\"article:published_time\" content=\"2019-12-16T02:52:37+00:00\" \/>\n<meta property=\"article:modified_time\" content=\"2019-12-16T03:51:41+00:00\" \/>\n<meta property=\"og:image\" content=\"https:\/\/lareinanews.cl\/noticias\/wp-content\/uploads\/2019\/12\/La_Reina_Resultados.jpg\" \/>\n\t<meta property=\"og:image:width\" content=\"650\" \/>\n\t<meta property=\"og:image:height\" content=\"490\" \/>\n\t<meta property=\"og:image:type\" content=\"image\/jpeg\" \/>\n<meta name=\"author\" content=\"Redacci\u00f3n\" \/>\n<meta name=\"twitter:card\" content=\"summary_large_image\" \/>\n<meta name=\"twitter:label1\" content=\"Escrito por\" \/>\n\t<meta name=\"twitter:data1\" content=\"Redacci\u00f3n\" \/>\n\t<meta name=\"twitter:label2\" content=\"Tiempo de lectura\" \/>\n\t<meta name=\"twitter:data2\" content=\"4 minutos\" \/>\n<script type=\"application\/ld+json\" class=\"yoast-schema-graph\">{\"@context\":\"https:\/\/schema.org\",\"@graph\":[{\"@type\":\"Article\",\"@id\":\"https:\/\/lareinanews.cl\/noticias\/index.php\/2019\/12\/15\/resultados-consulta-ciudadana\/#article\",\"isPartOf\":{\"@id\":\"https:\/\/lareinanews.cl\/noticias\/index.php\/2019\/12\/15\/resultados-consulta-ciudadana\/\"},\"author\":{\"name\":\"Redacci\u00f3n\",\"@id\":\"https:\/\/lareinanews.cl\/noticias\/#\/schema\/person\/3a12c4adeed52195fb4ab3cab65d7c4a\"},\"headline\":\"Resultados de la Consulta Ciudadana\",\"datePublished\":\"2019-12-16T02:52:37+00:00\",\"dateModified\":\"2019-12-16T03:51:41+00:00\",\"mainEntityOfPage\":{\"@id\":\"https:\/\/lareinanews.cl\/noticias\/index.php\/2019\/12\/15\/resultados-consulta-ciudadana\/\"},\"wordCount\":857,\"publisher\":{\"@id\":\"https:\/\/lareinanews.cl\/noticias\/#organization\"},\"image\":{\"@id\":\"https:\/\/lareinanews.cl\/noticias\/index.php\/2019\/12\/15\/resultados-consulta-ciudadana\/#primaryimage\"},\"thumbnailUrl\":\"https:\/\/lareinanews.cl\/noticias\/wp-content\/uploads\/2019\/12\/La_Reina_Resultados.jpg\",\"keywords\":[\"comunidad\",\"consulta ciudadana\",\"la reina\",\"participaci\u00f3n ciudadana\"],\"articleSection\":[\"Concejo Municipal\",\"Destacados\",\"La Reina\",\"Noticias\"],\"inLanguage\":\"es\"},{\"@type\":\"WebPage\",\"@id\":\"https:\/\/lareinanews.cl\/noticias\/index.php\/2019\/12\/15\/resultados-consulta-ciudadana\/\",\"url\":\"https:\/\/lareinanews.cl\/noticias\/index.php\/2019\/12\/15\/resultados-consulta-ciudadana\/\",\"name\":\"\u25b7 Resultados de la Consulta Ciudadana en La Reina\",\"isPartOf\":{\"@id\":\"https:\/\/lareinanews.cl\/noticias\/#website\"},\"primaryImageOfPage\":{\"@id\":\"https:\/\/lareinanews.cl\/noticias\/index.php\/2019\/12\/15\/resultados-consulta-ciudadana\/#primaryimage\"},\"image\":{\"@id\":\"https:\/\/lareinanews.cl\/noticias\/index.php\/2019\/12\/15\/resultados-consulta-ciudadana\/#primaryimage\"},\"thumbnailUrl\":\"https:\/\/lareinanews.cl\/noticias\/wp-content\/uploads\/2019\/12\/La_Reina_Resultados.jpg\",\"datePublished\":\"2019-12-16T02:52:37+00:00\",\"dateModified\":\"2019-12-16T03:51:41+00:00\",\"description\":\"Revisa los resultados de la consulta ciudadana en la comuna de La Reina. Tanto las preguntas de la asociaci\u00f3n de municipalidades como las locales.\",\"breadcrumb\":{\"@id\":\"https:\/\/lareinanews.cl\/noticias\/index.php\/2019\/12\/15\/resultados-consulta-ciudadana\/#breadcrumb\"},\"inLanguage\":\"es\",\"potentialAction\":[{\"@type\":\"ReadAction\",\"target\":[\"https:\/\/lareinanews.cl\/noticias\/index.php\/2019\/12\/15\/resultados-consulta-ciudadana\/\"]}]},{\"@type\":\"ImageObject\",\"inLanguage\":\"es\",\"@id\":\"https:\/\/lareinanews.cl\/noticias\/index.php\/2019\/12\/15\/resultados-consulta-ciudadana\/#primaryimage\",\"url\":\"https:\/\/lareinanews.cl\/noticias\/wp-content\/uploads\/2019\/12\/La_Reina_Resultados.jpg\",\"contentUrl\":\"https:\/\/lareinanews.cl\/noticias\/wp-content\/uploads\/2019\/12\/La_Reina_Resultados.jpg\",\"width\":650,\"height\":490},{\"@type\":\"BreadcrumbList\",\"@id\":\"https:\/\/lareinanews.cl\/noticias\/index.php\/2019\/12\/15\/resultados-consulta-ciudadana\/#breadcrumb\",\"itemListElement\":[{\"@type\":\"ListItem\",\"position\":1,\"name\":\"Inicio\",\"item\":\"https:\/\/lareinanews.cl\/noticias\/\"},{\"@type\":\"ListItem\",\"position\":2,\"name\":\"Resultados de la Consulta Ciudadana\"}]},{\"@type\":\"WebSite\",\"@id\":\"https:\/\/lareinanews.cl\/noticias\/#website\",\"url\":\"https:\/\/lareinanews.cl\/noticias\/\",\"name\":\"Noticias La Reina\",\"description\":\"LaReina.news\",\"publisher\":{\"@id\":\"https:\/\/lareinanews.cl\/noticias\/#organization\"},\"potentialAction\":[{\"@type\":\"SearchAction\",\"target\":{\"@type\":\"EntryPoint\",\"urlTemplate\":\"https:\/\/lareinanews.cl\/noticias\/?s={search_term_string}\"},\"query-input\":{\"@type\":\"PropertyValueSpecification\",\"valueRequired\":true,\"valueName\":\"search_term_string\"}}],\"inLanguage\":\"es\"},{\"@type\":\"Organization\",\"@id\":\"https:\/\/lareinanews.cl\/noticias\/#organization\",\"name\":\"La Reina.news Peri\u00f3dico comunal de La Reina\",\"url\":\"https:\/\/lareinanews.cl\/noticias\/\",\"logo\":{\"@type\":\"ImageObject\",\"inLanguage\":\"es\",\"@id\":\"https:\/\/lareinanews.cl\/noticias\/#\/schema\/logo\/image\/\",\"url\":\"https:\/\/lareinanews.cl\/noticias\/wp-content\/uploads\/2020\/04\/logo_schema.png\",\"contentUrl\":\"https:\/\/lareinanews.cl\/noticias\/wp-content\/uploads\/2020\/04\/logo_schema.png\",\"width\":640,\"height\":360,\"caption\":\"La Reina.news Peri\u00f3dico comunal de La Reina\"},\"image\":{\"@id\":\"https:\/\/lareinanews.cl\/noticias\/#\/schema\/logo\/image\/\"},\"sameAs\":[\"https:\/\/www.facebook.com\/LaReinaNews\",\"https:\/\/www.instagram.com\/lareinanews\/\"]},{\"@type\":\"Person\",\"@id\":\"https:\/\/lareinanews.cl\/noticias\/#\/schema\/person\/3a12c4adeed52195fb4ab3cab65d7c4a\",\"name\":\"Redacci\u00f3n\",\"image\":{\"@type\":\"ImageObject\",\"inLanguage\":\"es\",\"@id\":\"https:\/\/lareinanews.cl\/noticias\/#\/schema\/person\/image\/\",\"url\":\"http:\/\/lareina.news\/noticias\/wp-content\/uploads\/2017\/10\/avatar_user_9_1507321806-96x96.png\",\"contentUrl\":\"http:\/\/lareina.news\/noticias\/wp-content\/uploads\/2017\/10\/avatar_user_9_1507321806-96x96.png\",\"caption\":\"Redacci\u00f3n\"},\"sameAs\":[\"http:\/\/lareina.news\"],\"url\":\"https:\/\/lareinanews.cl\/noticias\/index.php\/author\/staff\/\"}]}<\/script>\n<!-- \/ Yoast SEO plugin. -->","yoast_head_json":{"title":"\u25b7 Resultados de la Consulta Ciudadana en La Reina","description":"Revisa los resultados de la consulta ciudadana en la comuna de La Reina. Tanto las preguntas de la asociaci\u00f3n de municipalidades como las locales.","robots":{"index":"index","follow":"follow","max-snippet":"max-snippet:-1","max-image-preview":"max-image-preview:large","max-video-preview":"max-video-preview:-1"},"canonical":"https:\/\/lareinanews.cl\/noticias\/index.php\/2019\/12\/15\/resultados-consulta-ciudadana\/","og_locale":"es_ES","og_type":"article","og_title":"\u25b7 Resultados de la Consulta Ciudadana en La Reina","og_description":"Revisa los resultados de la consulta ciudadana en la comuna de La Reina. Tanto las preguntas de la asociaci\u00f3n de municipalidades como las locales.","og_url":"https:\/\/lareinanews.cl\/noticias\/index.php\/2019\/12\/15\/resultados-consulta-ciudadana\/","og_site_name":"Noticias La Reina","article_publisher":"https:\/\/www.facebook.com\/LaReinaNews","article_published_time":"2019-12-16T02:52:37+00:00","article_modified_time":"2019-12-16T03:51:41+00:00","og_image":[{"width":650,"height":490,"url":"https:\/\/lareinanews.cl\/noticias\/wp-content\/uploads\/2019\/12\/La_Reina_Resultados.jpg","type":"image\/jpeg"}],"author":"Redacci\u00f3n","twitter_card":"summary_large_image","twitter_misc":{"Escrito por":"Redacci\u00f3n","Tiempo de lectura":"4 minutos"},"schema":{"@context":"https:\/\/schema.org","@graph":[{"@type":"Article","@id":"https:\/\/lareinanews.cl\/noticias\/index.php\/2019\/12\/15\/resultados-consulta-ciudadana\/#article","isPartOf":{"@id":"https:\/\/lareinanews.cl\/noticias\/index.php\/2019\/12\/15\/resultados-consulta-ciudadana\/"},"author":{"name":"Redacci\u00f3n","@id":"https:\/\/lareinanews.cl\/noticias\/#\/schema\/person\/3a12c4adeed52195fb4ab3cab65d7c4a"},"headline":"Resultados de la Consulta Ciudadana","datePublished":"2019-12-16T02:52:37+00:00","dateModified":"2019-12-16T03:51:41+00:00","mainEntityOfPage":{"@id":"https:\/\/lareinanews.cl\/noticias\/index.php\/2019\/12\/15\/resultados-consulta-ciudadana\/"},"wordCount":857,"publisher":{"@id":"https:\/\/lareinanews.cl\/noticias\/#organization"},"image":{"@id":"https:\/\/lareinanews.cl\/noticias\/index.php\/2019\/12\/15\/resultados-consulta-ciudadana\/#primaryimage"},"thumbnailUrl":"https:\/\/lareinanews.cl\/noticias\/wp-content\/uploads\/2019\/12\/La_Reina_Resultados.jpg","keywords":["comunidad","consulta ciudadana","la reina","participaci\u00f3n ciudadana"],"articleSection":["Concejo Municipal","Destacados","La Reina","Noticias"],"inLanguage":"es"},{"@type":"WebPage","@id":"https:\/\/lareinanews.cl\/noticias\/index.php\/2019\/12\/15\/resultados-consulta-ciudadana\/","url":"https:\/\/lareinanews.cl\/noticias\/index.php\/2019\/12\/15\/resultados-consulta-ciudadana\/","name":"\u25b7 Resultados de la Consulta Ciudadana en La Reina","isPartOf":{"@id":"https:\/\/lareinanews.cl\/noticias\/#website"},"primaryImageOfPage":{"@id":"https:\/\/lareinanews.cl\/noticias\/index.php\/2019\/12\/15\/resultados-consulta-ciudadana\/#primaryimage"},"image":{"@id":"https:\/\/lareinanews.cl\/noticias\/index.php\/2019\/12\/15\/resultados-consulta-ciudadana\/#primaryimage"},"thumbnailUrl":"https:\/\/lareinanews.cl\/noticias\/wp-content\/uploads\/2019\/12\/La_Reina_Resultados.jpg","datePublished":"2019-12-16T02:52:37+00:00","dateModified":"2019-12-16T03:51:41+00:00","description":"Revisa los resultados de la consulta ciudadana en la comuna de La Reina. Tanto las preguntas de la asociaci\u00f3n de municipalidades como las locales.","breadcrumb":{"@id":"https:\/\/lareinanews.cl\/noticias\/index.php\/2019\/12\/15\/resultados-consulta-ciudadana\/#breadcrumb"},"inLanguage":"es","potentialAction":[{"@type":"ReadAction","target":["https:\/\/lareinanews.cl\/noticias\/index.php\/2019\/12\/15\/resultados-consulta-ciudadana\/"]}]},{"@type":"ImageObject","inLanguage":"es","@id":"https:\/\/lareinanews.cl\/noticias\/index.php\/2019\/12\/15\/resultados-consulta-ciudadana\/#primaryimage","url":"https:\/\/lareinanews.cl\/noticias\/wp-content\/uploads\/2019\/12\/La_Reina_Resultados.jpg","contentUrl":"https:\/\/lareinanews.cl\/noticias\/wp-content\/uploads\/2019\/12\/La_Reina_Resultados.jpg","width":650,"height":490},{"@type":"BreadcrumbList","@id":"https:\/\/lareinanews.cl\/noticias\/index.php\/2019\/12\/15\/resultados-consulta-ciudadana\/#breadcrumb","itemListElement":[{"@type":"ListItem","position":1,"name":"Inicio","item":"https:\/\/lareinanews.cl\/noticias\/"},{"@type":"ListItem","position":2,"name":"Resultados de la Consulta Ciudadana"}]},{"@type":"WebSite","@id":"https:\/\/lareinanews.cl\/noticias\/#website","url":"https:\/\/lareinanews.cl\/noticias\/","name":"Noticias La Reina","description":"LaReina.news","publisher":{"@id":"https:\/\/lareinanews.cl\/noticias\/#organization"},"potentialAction":[{"@type":"SearchAction","target":{"@type":"EntryPoint","urlTemplate":"https:\/\/lareinanews.cl\/noticias\/?s={search_term_string}"},"query-input":{"@type":"PropertyValueSpecification","valueRequired":true,"valueName":"search_term_string"}}],"inLanguage":"es"},{"@type":"Organization","@id":"https:\/\/lareinanews.cl\/noticias\/#organization","name":"La Reina.news Peri\u00f3dico comunal de La Reina","url":"https:\/\/lareinanews.cl\/noticias\/","logo":{"@type":"ImageObject","inLanguage":"es","@id":"https:\/\/lareinanews.cl\/noticias\/#\/schema\/logo\/image\/","url":"https:\/\/lareinanews.cl\/noticias\/wp-content\/uploads\/2020\/04\/logo_schema.png","contentUrl":"https:\/\/lareinanews.cl\/noticias\/wp-content\/uploads\/2020\/04\/logo_schema.png","width":640,"height":360,"caption":"La Reina.news Peri\u00f3dico comunal de La Reina"},"image":{"@id":"https:\/\/lareinanews.cl\/noticias\/#\/schema\/logo\/image\/"},"sameAs":["https:\/\/www.facebook.com\/LaReinaNews","https:\/\/www.instagram.com\/lareinanews\/"]},{"@type":"Person","@id":"https:\/\/lareinanews.cl\/noticias\/#\/schema\/person\/3a12c4adeed52195fb4ab3cab65d7c4a","name":"Redacci\u00f3n","image":{"@type":"ImageObject","inLanguage":"es","@id":"https:\/\/lareinanews.cl\/noticias\/#\/schema\/person\/image\/","url":"http:\/\/lareina.news\/noticias\/wp-content\/uploads\/2017\/10\/avatar_user_9_1507321806-96x96.png","contentUrl":"http:\/\/lareina.news\/noticias\/wp-content\/uploads\/2017\/10\/avatar_user_9_1507321806-96x96.png","caption":"Redacci\u00f3n"},"sameAs":["http:\/\/lareina.news"],"url":"https:\/\/lareinanews.cl\/noticias\/index.php\/author\/staff\/"}]}},"_links":{"self":[{"href":"https:\/\/lareinanews.cl\/noticias\/index.php\/wp-json\/wp\/v2\/posts\/3597","targetHints":{"allow":["GET"]}}],"collection":[{"href":"https:\/\/lareinanews.cl\/noticias\/index.php\/wp-json\/wp\/v2\/posts"}],"about":[{"href":"https:\/\/lareinanews.cl\/noticias\/index.php\/wp-json\/wp\/v2\/types\/post"}],"author":[{"embeddable":true,"href":"https:\/\/lareinanews.cl\/noticias\/index.php\/wp-json\/wp\/v2\/users\/9"}],"replies":[{"embeddable":true,"href":"https:\/\/lareinanews.cl\/noticias\/index.php\/wp-json\/wp\/v2\/comments?post=3597"}],"version-history":[{"count":13,"href":"https:\/\/lareinanews.cl\/noticias\/index.php\/wp-json\/wp\/v2\/posts\/3597\/revisions"}],"predecessor-version":[{"id":3610,"href":"https:\/\/lareinanews.cl\/noticias\/index.php\/wp-json\/wp\/v2\/posts\/3597\/revisions\/3610"}],"wp:featuredmedia":[{"embeddable":true,"href":"https:\/\/lareinanews.cl\/noticias\/index.php\/wp-json\/wp\/v2\/media\/3611"}],"wp:attachment":[{"href":"https:\/\/lareinanews.cl\/noticias\/index.php\/wp-json\/wp\/v2\/media?parent=3597"}],"wp:term":[{"taxonomy":"category","embeddable":true,"href":"https:\/\/lareinanews.cl\/noticias\/index.php\/wp-json\/wp\/v2\/categories?post=3597"},{"taxonomy":"post_tag","embeddable":true,"href":"https:\/\/lareinanews.cl\/noticias\/index.php\/wp-json\/wp\/v2\/tags?post=3597"}],"curies":[{"name":"wp","href":"https:\/\/api.w.org\/{rel}","templated":true}]}}