{"id":3278,"date":"2019-03-21T16:27:07","date_gmt":"2019-03-21T19:27:07","guid":{"rendered":"http:\/\/lareina.news\/noticias\/?p=3278"},"modified":"2019-03-21T20:47:13","modified_gmt":"2019-03-21T23:47:13","slug":"nuevo-circulo-comunitario-en-villa-la-reina","status":"publish","type":"post","link":"https:\/\/lareinanews.cl\/noticias\/index.php\/2019\/03\/21\/nuevo-circulo-comunitario-en-villa-la-reina\/","title":{"rendered":"Nuevo C\u00edrculo Comunitario en Villa La Reina"},"content":{"rendered":"<p>Ya se han realizado m\u00e1s de 50 C\u00edrculos Comunitarios en la comuna de La Reina desde que se iniciaron en enero del 2018. Principalmente en cuatro lugares de la comuna: las Juntas de Vecinos 6 y 10, el Consultorio Juan Pablo II y la Agrupaci\u00f3n Alegr\u00eda de Ni\u00f1os de la Villa La Reina.<\/p>\n<p>A partir de este viernes 22 de marzo, se abre un nuevo C\u00edrculo permanente, que se realizar\u00e1 <strong>todos los viernes a las 10:00 am en la Junta de Vecinos 13 de Villa La Reina<\/strong> (ubicada detr\u00e1s del Colegio San Constantino en Pasaje 8 \u00f3 Guillermo Avila frente al pasaje Pomaire).<\/p>\n<p>&nbsp;<\/p>\n<p>&nbsp;<\/p>\n<p style=\"text-align: right\"><a href=\"https:\/\/lareina.news\/noticias\/wp-content\/uploads\/2019\/03\/2019-01-22-Circulo-en-JV-10-La-Reina-2.jpg\"><img loading=\"lazy\" decoding=\"async\" class=\"size-medium wp-image-3284 alignleft\" src=\"https:\/\/lareina.news\/noticias\/wp-content\/uploads\/2019\/03\/2019-01-22-Circulo-en-JV-10-La-Reina-2-300x225.jpg\" alt=\"\" width=\"300\" height=\"225\" srcset=\"https:\/\/lareinanews.cl\/noticias\/wp-content\/uploads\/2019\/03\/2019-01-22-Circulo-en-JV-10-La-Reina-2-300x225.jpg 300w, https:\/\/lareinanews.cl\/noticias\/wp-content\/uploads\/2019\/03\/2019-01-22-Circulo-en-JV-10-La-Reina-2-768x576.jpg 768w, https:\/\/lareinanews.cl\/noticias\/wp-content\/uploads\/2019\/03\/2019-01-22-Circulo-en-JV-10-La-Reina-2-1024x768.jpg 1024w, https:\/\/lareinanews.cl\/noticias\/wp-content\/uploads\/2019\/03\/2019-01-22-Circulo-en-JV-10-La-Reina-2-678x509.jpg 678w, https:\/\/lareinanews.cl\/noticias\/wp-content\/uploads\/2019\/03\/2019-01-22-Circulo-en-JV-10-La-Reina-2-326x245.jpg 326w, https:\/\/lareinanews.cl\/noticias\/wp-content\/uploads\/2019\/03\/2019-01-22-Circulo-en-JV-10-La-Reina-2-80x60.jpg 80w, https:\/\/lareinanews.cl\/noticias\/wp-content\/uploads\/2019\/03\/2019-01-22-Circulo-en-JV-10-La-Reina-2.jpg 1280w\" sizes=\"auto, (max-width: 300px) 100vw, 300px\" \/><\/a><\/p>\n<p>Los C\u00edrculos Comunitarios, tambi\u00e9n llamados C\u00edrculos de Escucha, <strong>son gratuitos, abiertos, libres, y no requieren inscripci\u00f3n<\/strong>. Tienen una duraci\u00f3n de unos 90 minutos.<\/p>\n<p>Los objetivos de los C\u00edrculos de Escucha son m\u00faltiples:<strong> la (re)construcci\u00f3n de redes comunitarias, la disminuci\u00f3n del sufrimiento individual, mental y f\u00edsico, la reducci\u00f3n del estr\u00e9s, de los conflictos, de las dependencias, de la violencia..<\/strong>.<\/p>\n<p>Los C\u00edrculos permiten compartir alegr\u00edas y preocupaciones, tomar conciencia de los recursos propios y descubrir recursos nuevos con las experiencias ajenas, y as\u00ed fortalecer la autoestima y la empat\u00eda.<\/p>\n<p>Los C\u00edrculos de Escucha son la herramienta de la Terapia Comunitaria Integrativa (TCI), una t\u00e9cnica terap\u00e9utica creada en Brasil hace m\u00e1s de 30 a\u00f1os en una Facultad de Medicina por el siquiatra y antrop\u00f3logo<strong> Adalberto Barreto<\/strong>.<\/p>\n<p>La Terapia Comunitaria Integrativa est\u00e1 utilizada con \u00e9xito en Chile, Francia, Suiza, B\u00e9lgica, Argentina, Ecuador y en varios otros pa\u00edses.<\/p>\n<p><a href=\"https:\/\/lareina.news\/noticias\/wp-content\/uploads\/2019\/03\/2019-01-24-Centro-Adulto-Mayor-La-Reina-5.jpg\"><img loading=\"lazy\" decoding=\"async\" class=\"size-medium wp-image-3282 alignright\" src=\"https:\/\/lareina.news\/noticias\/wp-content\/uploads\/2019\/03\/2019-01-24-Centro-Adulto-Mayor-La-Reina-5-300x169.jpg\" alt=\"\" width=\"300\" height=\"169\" srcset=\"https:\/\/lareinanews.cl\/noticias\/wp-content\/uploads\/2019\/03\/2019-01-24-Centro-Adulto-Mayor-La-Reina-5-300x169.jpg 300w, https:\/\/lareinanews.cl\/noticias\/wp-content\/uploads\/2019\/03\/2019-01-24-Centro-Adulto-Mayor-La-Reina-5-768x432.jpg 768w, https:\/\/lareinanews.cl\/noticias\/wp-content\/uploads\/2019\/03\/2019-01-24-Centro-Adulto-Mayor-La-Reina-5-1024x576.jpg 1024w, https:\/\/lareinanews.cl\/noticias\/wp-content\/uploads\/2019\/03\/2019-01-24-Centro-Adulto-Mayor-La-Reina-5-678x381.jpg 678w, https:\/\/lareinanews.cl\/noticias\/wp-content\/uploads\/2019\/03\/2019-01-24-Centro-Adulto-Mayor-La-Reina-5.jpg 1280w\" sizes=\"auto, (max-width: 300px) 100vw, 300px\" \/><\/a>Cada C\u00edrculo se realiza bajo la conducci\u00f3n de por lo menos dos Monitores, llamados Terapeutas Comunitarios, que han recibido una formaci\u00f3n espec\u00edfica y que ponen las reglas de la conversaci\u00f3n, en particular hacer silencio, hablar en primera persona, no dar consejos, y no juzgar.<\/p>\n<p>Cada C\u00edrculo trata un tema espec\u00edfico definido por los mismos participantes. Ning\u00fan C\u00edrculo es id\u00e9ntico al anterior, ya que cambian siempre los temas, muchas veces los participantes, y a veces los monitores.<\/p>\n<p>Independientemente de este nuevo C\u00edrculo, sigue funcionando todos los <strong>martes a las 19:30<\/strong> el primer C\u00edrculo de Escucha de La Reina, en la Junta de Vecinos 10,\u00a0 <strong>Plaza de las Campanas (Leonardo da Vinci 7220)<\/strong>.<\/p>\n<p>Los C\u00edrculos se terminan compartiendo un caf\u00e9 para permitir un intercambio informal y libre entre los participantes.<\/p>\n","protected":false},"excerpt":{"rendered":"<div class=\"mh-excerpt\"><p>Ya se han realizado m\u00e1s de 50 C\u00edrculos Comunitarios en la comuna de La Reina desde que se iniciaron en enero del 2018. Principalmente en cuatro lugares de la comuna: las Juntas de Vecinos 6 <a class=\"mh-excerpt-more\" href=\"https:\/\/lareinanews.cl\/noticias\/index.php\/2019\/03\/21\/nuevo-circulo-comunitario-en-villa-la-reina\/\" title=\"Nuevo C\u00edrculo Comunitario en Villa La Reina\">[&#8230;]<\/a><\/p>\n<\/div>","protected":false},"author":12,"featured_media":3283,"comment_status":"closed","ping_status":"closed","sticky":false,"template":"","format":"standard","meta":{"_acf_changed":false,"footnotes":""},"categories":[18,31,2,1],"tags":[],"class_list":{"0":"post-3278","1":"post","2":"type-post","3":"status-publish","4":"format-standard","5":"has-post-thumbnail","7":"category-columnas","8":"category-destacados","9":"category-comuna","10":"category-varios"},"acf":[],"yoast_head":"<!-- This site is optimized with the Yoast SEO plugin v27.1.1 - https:\/\/yoast.com\/product\/yoast-seo-wordpress\/ -->\n<title>Nuevo C\u00edrculo Comunitario en Villa La Reina<\/title>\n<meta name=\"robots\" content=\"index, follow, max-snippet:-1, max-image-preview:large, max-video-preview:-1\" \/>\n<link rel=\"canonical\" href=\"https:\/\/lareinanews.cl\/noticias\/index.php\/2019\/03\/21\/nuevo-circulo-comunitario-en-villa-la-reina\/\" \/>\n<meta property=\"og:locale\" content=\"es_ES\" \/>\n<meta property=\"og:type\" content=\"article\" \/>\n<meta property=\"og:title\" content=\"Nuevo C\u00edrculo Comunitario en Villa La Reina\" \/>\n<meta property=\"og:description\" content=\"Ya se han realizado m\u00e1s de 50 C\u00edrculos Comunitarios en la comuna de La Reina desde que se iniciaron en enero del 2018. Principalmente en cuatro lugares de la comuna: las Juntas de Vecinos 6 [...]\" \/>\n<meta property=\"og:url\" content=\"https:\/\/lareinanews.cl\/noticias\/index.php\/2019\/03\/21\/nuevo-circulo-comunitario-en-villa-la-reina\/\" \/>\n<meta property=\"og:site_name\" content=\"Noticias La Reina\" \/>\n<meta property=\"article:publisher\" content=\"https:\/\/www.facebook.com\/LaReinaNews\" \/>\n<meta property=\"article:published_time\" content=\"2019-03-21T19:27:07+00:00\" \/>\n<meta property=\"article:modified_time\" content=\"2019-03-21T23:47:13+00:00\" \/>\n<meta property=\"og:image\" content=\"https:\/\/lareinanews.cl\/noticias\/wp-content\/uploads\/2019\/03\/2018-11-23-Alegria-de-Ni\u00f1os-5.jpg\" \/>\n\t<meta property=\"og:image:width\" content=\"653\" \/>\n\t<meta property=\"og:image:height\" content=\"490\" \/>\n\t<meta property=\"og:image:type\" content=\"image\/jpeg\" \/>\n<meta name=\"author\" content=\"Fran\u00e7ois Richard\" \/>\n<meta name=\"twitter:card\" content=\"summary_large_image\" \/>\n<meta name=\"twitter:label1\" content=\"Escrito por\" \/>\n\t<meta name=\"twitter:data1\" content=\"Fran\u00e7ois Richard\" \/>\n\t<meta name=\"twitter:label2\" content=\"Tiempo de lectura\" \/>\n\t<meta name=\"twitter:data2\" content=\"2 minutos\" \/>\n<script type=\"application\/ld+json\" class=\"yoast-schema-graph\">{\"@context\":\"https:\/\/schema.org\",\"@graph\":[{\"@type\":\"Article\",\"@id\":\"https:\/\/lareinanews.cl\/noticias\/index.php\/2019\/03\/21\/nuevo-circulo-comunitario-en-villa-la-reina\/#article\",\"isPartOf\":{\"@id\":\"https:\/\/lareinanews.cl\/noticias\/index.php\/2019\/03\/21\/nuevo-circulo-comunitario-en-villa-la-reina\/\"},\"author\":{\"name\":\"Fran\u00e7ois Richard\",\"@id\":\"https:\/\/lareinanews.cl\/noticias\/#\/schema\/person\/5646a2be75b518d7fa46783437800c90\"},\"headline\":\"Nuevo C\u00edrculo Comunitario en Villa La Reina\",\"datePublished\":\"2019-03-21T19:27:07+00:00\",\"dateModified\":\"2019-03-21T23:47:13+00:00\",\"mainEntityOfPage\":{\"@id\":\"https:\/\/lareinanews.cl\/noticias\/index.php\/2019\/03\/21\/nuevo-circulo-comunitario-en-villa-la-reina\/\"},\"wordCount\":414,\"publisher\":{\"@id\":\"https:\/\/lareinanews.cl\/noticias\/#organization\"},\"image\":{\"@id\":\"https:\/\/lareinanews.cl\/noticias\/index.php\/2019\/03\/21\/nuevo-circulo-comunitario-en-villa-la-reina\/#primaryimage\"},\"thumbnailUrl\":\"https:\/\/lareinanews.cl\/noticias\/wp-content\/uploads\/2019\/03\/2018-11-23-Alegria-de-Ni\u00f1os-5.jpg\",\"articleSection\":[\"Columnas\",\"Destacados\",\"La Reina\",\"Varios\"],\"inLanguage\":\"es\"},{\"@type\":\"WebPage\",\"@id\":\"https:\/\/lareinanews.cl\/noticias\/index.php\/2019\/03\/21\/nuevo-circulo-comunitario-en-villa-la-reina\/\",\"url\":\"https:\/\/lareinanews.cl\/noticias\/index.php\/2019\/03\/21\/nuevo-circulo-comunitario-en-villa-la-reina\/\",\"name\":\"Nuevo C\u00edrculo Comunitario en Villa La Reina\",\"isPartOf\":{\"@id\":\"https:\/\/lareinanews.cl\/noticias\/#website\"},\"primaryImageOfPage\":{\"@id\":\"https:\/\/lareinanews.cl\/noticias\/index.php\/2019\/03\/21\/nuevo-circulo-comunitario-en-villa-la-reina\/#primaryimage\"},\"image\":{\"@id\":\"https:\/\/lareinanews.cl\/noticias\/index.php\/2019\/03\/21\/nuevo-circulo-comunitario-en-villa-la-reina\/#primaryimage\"},\"thumbnailUrl\":\"https:\/\/lareinanews.cl\/noticias\/wp-content\/uploads\/2019\/03\/2018-11-23-Alegria-de-Ni\u00f1os-5.jpg\",\"datePublished\":\"2019-03-21T19:27:07+00:00\",\"dateModified\":\"2019-03-21T23:47:13+00:00\",\"breadcrumb\":{\"@id\":\"https:\/\/lareinanews.cl\/noticias\/index.php\/2019\/03\/21\/nuevo-circulo-comunitario-en-villa-la-reina\/#breadcrumb\"},\"inLanguage\":\"es\",\"potentialAction\":[{\"@type\":\"ReadAction\",\"target\":[\"https:\/\/lareinanews.cl\/noticias\/index.php\/2019\/03\/21\/nuevo-circulo-comunitario-en-villa-la-reina\/\"]}]},{\"@type\":\"ImageObject\",\"inLanguage\":\"es\",\"@id\":\"https:\/\/lareinanews.cl\/noticias\/index.php\/2019\/03\/21\/nuevo-circulo-comunitario-en-villa-la-reina\/#primaryimage\",\"url\":\"https:\/\/lareinanews.cl\/noticias\/wp-content\/uploads\/2019\/03\/2018-11-23-Alegria-de-Ni\u00f1os-5.jpg\",\"contentUrl\":\"https:\/\/lareinanews.cl\/noticias\/wp-content\/uploads\/2019\/03\/2018-11-23-Alegria-de-Ni\u00f1os-5.jpg\",\"width\":653,\"height\":490},{\"@type\":\"BreadcrumbList\",\"@id\":\"https:\/\/lareinanews.cl\/noticias\/index.php\/2019\/03\/21\/nuevo-circulo-comunitario-en-villa-la-reina\/#breadcrumb\",\"itemListElement\":[{\"@type\":\"ListItem\",\"position\":1,\"name\":\"Inicio\",\"item\":\"https:\/\/lareinanews.cl\/noticias\/\"},{\"@type\":\"ListItem\",\"position\":2,\"name\":\"Nuevo C\u00edrculo Comunitario en Villa La Reina\"}]},{\"@type\":\"WebSite\",\"@id\":\"https:\/\/lareinanews.cl\/noticias\/#website\",\"url\":\"https:\/\/lareinanews.cl\/noticias\/\",\"name\":\"Noticias La Reina\",\"description\":\"LaReina.news\",\"publisher\":{\"@id\":\"https:\/\/lareinanews.cl\/noticias\/#organization\"},\"potentialAction\":[{\"@type\":\"SearchAction\",\"target\":{\"@type\":\"EntryPoint\",\"urlTemplate\":\"https:\/\/lareinanews.cl\/noticias\/?s={search_term_string}\"},\"query-input\":{\"@type\":\"PropertyValueSpecification\",\"valueRequired\":true,\"valueName\":\"search_term_string\"}}],\"inLanguage\":\"es\"},{\"@type\":\"Organization\",\"@id\":\"https:\/\/lareinanews.cl\/noticias\/#organization\",\"name\":\"La Reina.news Peri\u00f3dico comunal de La Reina\",\"url\":\"https:\/\/lareinanews.cl\/noticias\/\",\"logo\":{\"@type\":\"ImageObject\",\"inLanguage\":\"es\",\"@id\":\"https:\/\/lareinanews.cl\/noticias\/#\/schema\/logo\/image\/\",\"url\":\"https:\/\/lareinanews.cl\/noticias\/wp-content\/uploads\/2020\/04\/logo_schema.png\",\"contentUrl\":\"https:\/\/lareinanews.cl\/noticias\/wp-content\/uploads\/2020\/04\/logo_schema.png\",\"width\":640,\"height\":360,\"caption\":\"La Reina.news Peri\u00f3dico comunal de La Reina\"},\"image\":{\"@id\":\"https:\/\/lareinanews.cl\/noticias\/#\/schema\/logo\/image\/\"},\"sameAs\":[\"https:\/\/www.facebook.com\/LaReinaNews\",\"https:\/\/www.instagram.com\/lareinanews\/\"]},{\"@type\":\"Person\",\"@id\":\"https:\/\/lareinanews.cl\/noticias\/#\/schema\/person\/5646a2be75b518d7fa46783437800c90\",\"name\":\"Fran\u00e7ois Richard\",\"image\":{\"@type\":\"ImageObject\",\"inLanguage\":\"es\",\"@id\":\"https:\/\/lareinanews.cl\/noticias\/#\/schema\/person\/image\/\",\"url\":\"http:\/\/lareina.news\/noticias\/wp-content\/uploads\/2017\/10\/avatar_user_12_1507694400-96x96.jpg\",\"contentUrl\":\"http:\/\/lareina.news\/noticias\/wp-content\/uploads\/2017\/10\/avatar_user_12_1507694400-96x96.jpg\",\"caption\":\"Fran\u00e7ois Richard\"},\"description\":\"Miembro del COSOC de La Reina (Consejo de la Sociedad Civil), Socio de la Junta de Vecinos 12-F \\\"Fernando Castillo Velasco\\\" Director Fundaci\u00f3n por un Movimiento Ciudadano Participativo francois@richard.cl\",\"url\":\"https:\/\/lareinanews.cl\/noticias\/index.php\/author\/frichard\/\"}]}<\/script>\n<!-- \/ Yoast SEO plugin. -->","yoast_head_json":{"title":"Nuevo C\u00edrculo Comunitario en Villa La Reina","robots":{"index":"index","follow":"follow","max-snippet":"max-snippet:-1","max-image-preview":"max-image-preview:large","max-video-preview":"max-video-preview:-1"},"canonical":"https:\/\/lareinanews.cl\/noticias\/index.php\/2019\/03\/21\/nuevo-circulo-comunitario-en-villa-la-reina\/","og_locale":"es_ES","og_type":"article","og_title":"Nuevo C\u00edrculo Comunitario en Villa La Reina","og_description":"Ya se han realizado m\u00e1s de 50 C\u00edrculos Comunitarios en la comuna de La Reina desde que se iniciaron en enero del 2018. Principalmente en cuatro lugares de la comuna: las Juntas de Vecinos 6 [...]","og_url":"https:\/\/lareinanews.cl\/noticias\/index.php\/2019\/03\/21\/nuevo-circulo-comunitario-en-villa-la-reina\/","og_site_name":"Noticias La Reina","article_publisher":"https:\/\/www.facebook.com\/LaReinaNews","article_published_time":"2019-03-21T19:27:07+00:00","article_modified_time":"2019-03-21T23:47:13+00:00","og_image":[{"width":653,"height":490,"url":"https:\/\/lareinanews.cl\/noticias\/wp-content\/uploads\/2019\/03\/2018-11-23-Alegria-de-Ni\u00f1os-5.jpg","type":"image\/jpeg"}],"author":"Fran\u00e7ois Richard","twitter_card":"summary_large_image","twitter_misc":{"Escrito por":"Fran\u00e7ois Richard","Tiempo de lectura":"2 minutos"},"schema":{"@context":"https:\/\/schema.org","@graph":[{"@type":"Article","@id":"https:\/\/lareinanews.cl\/noticias\/index.php\/2019\/03\/21\/nuevo-circulo-comunitario-en-villa-la-reina\/#article","isPartOf":{"@id":"https:\/\/lareinanews.cl\/noticias\/index.php\/2019\/03\/21\/nuevo-circulo-comunitario-en-villa-la-reina\/"},"author":{"name":"Fran\u00e7ois Richard","@id":"https:\/\/lareinanews.cl\/noticias\/#\/schema\/person\/5646a2be75b518d7fa46783437800c90"},"headline":"Nuevo C\u00edrculo Comunitario en Villa La Reina","datePublished":"2019-03-21T19:27:07+00:00","dateModified":"2019-03-21T23:47:13+00:00","mainEntityOfPage":{"@id":"https:\/\/lareinanews.cl\/noticias\/index.php\/2019\/03\/21\/nuevo-circulo-comunitario-en-villa-la-reina\/"},"wordCount":414,"publisher":{"@id":"https:\/\/lareinanews.cl\/noticias\/#organization"},"image":{"@id":"https:\/\/lareinanews.cl\/noticias\/index.php\/2019\/03\/21\/nuevo-circulo-comunitario-en-villa-la-reina\/#primaryimage"},"thumbnailUrl":"https:\/\/lareinanews.cl\/noticias\/wp-content\/uploads\/2019\/03\/2018-11-23-Alegria-de-Ni\u00f1os-5.jpg","articleSection":["Columnas","Destacados","La Reina","Varios"],"inLanguage":"es"},{"@type":"WebPage","@id":"https:\/\/lareinanews.cl\/noticias\/index.php\/2019\/03\/21\/nuevo-circulo-comunitario-en-villa-la-reina\/","url":"https:\/\/lareinanews.cl\/noticias\/index.php\/2019\/03\/21\/nuevo-circulo-comunitario-en-villa-la-reina\/","name":"Nuevo C\u00edrculo Comunitario en Villa La Reina","isPartOf":{"@id":"https:\/\/lareinanews.cl\/noticias\/#website"},"primaryImageOfPage":{"@id":"https:\/\/lareinanews.cl\/noticias\/index.php\/2019\/03\/21\/nuevo-circulo-comunitario-en-villa-la-reina\/#primaryimage"},"image":{"@id":"https:\/\/lareinanews.cl\/noticias\/index.php\/2019\/03\/21\/nuevo-circulo-comunitario-en-villa-la-reina\/#primaryimage"},"thumbnailUrl":"https:\/\/lareinanews.cl\/noticias\/wp-content\/uploads\/2019\/03\/2018-11-23-Alegria-de-Ni\u00f1os-5.jpg","datePublished":"2019-03-21T19:27:07+00:00","dateModified":"2019-03-21T23:47:13+00:00","breadcrumb":{"@id":"https:\/\/lareinanews.cl\/noticias\/index.php\/2019\/03\/21\/nuevo-circulo-comunitario-en-villa-la-reina\/#breadcrumb"},"inLanguage":"es","potentialAction":[{"@type":"ReadAction","target":["https:\/\/lareinanews.cl\/noticias\/index.php\/2019\/03\/21\/nuevo-circulo-comunitario-en-villa-la-reina\/"]}]},{"@type":"ImageObject","inLanguage":"es","@id":"https:\/\/lareinanews.cl\/noticias\/index.php\/2019\/03\/21\/nuevo-circulo-comunitario-en-villa-la-reina\/#primaryimage","url":"https:\/\/lareinanews.cl\/noticias\/wp-content\/uploads\/2019\/03\/2018-11-23-Alegria-de-Ni\u00f1os-5.jpg","contentUrl":"https:\/\/lareinanews.cl\/noticias\/wp-content\/uploads\/2019\/03\/2018-11-23-Alegria-de-Ni\u00f1os-5.jpg","width":653,"height":490},{"@type":"BreadcrumbList","@id":"https:\/\/lareinanews.cl\/noticias\/index.php\/2019\/03\/21\/nuevo-circulo-comunitario-en-villa-la-reina\/#breadcrumb","itemListElement":[{"@type":"ListItem","position":1,"name":"Inicio","item":"https:\/\/lareinanews.cl\/noticias\/"},{"@type":"ListItem","position":2,"name":"Nuevo C\u00edrculo Comunitario en Villa La Reina"}]},{"@type":"WebSite","@id":"https:\/\/lareinanews.cl\/noticias\/#website","url":"https:\/\/lareinanews.cl\/noticias\/","name":"Noticias La Reina","description":"LaReina.news","publisher":{"@id":"https:\/\/lareinanews.cl\/noticias\/#organization"},"potentialAction":[{"@type":"SearchAction","target":{"@type":"EntryPoint","urlTemplate":"https:\/\/lareinanews.cl\/noticias\/?s={search_term_string}"},"query-input":{"@type":"PropertyValueSpecification","valueRequired":true,"valueName":"search_term_string"}}],"inLanguage":"es"},{"@type":"Organization","@id":"https:\/\/lareinanews.cl\/noticias\/#organization","name":"La Reina.news Peri\u00f3dico comunal de La Reina","url":"https:\/\/lareinanews.cl\/noticias\/","logo":{"@type":"ImageObject","inLanguage":"es","@id":"https:\/\/lareinanews.cl\/noticias\/#\/schema\/logo\/image\/","url":"https:\/\/lareinanews.cl\/noticias\/wp-content\/uploads\/2020\/04\/logo_schema.png","contentUrl":"https:\/\/lareinanews.cl\/noticias\/wp-content\/uploads\/2020\/04\/logo_schema.png","width":640,"height":360,"caption":"La Reina.news Peri\u00f3dico comunal de La Reina"},"image":{"@id":"https:\/\/lareinanews.cl\/noticias\/#\/schema\/logo\/image\/"},"sameAs":["https:\/\/www.facebook.com\/LaReinaNews","https:\/\/www.instagram.com\/lareinanews\/"]},{"@type":"Person","@id":"https:\/\/lareinanews.cl\/noticias\/#\/schema\/person\/5646a2be75b518d7fa46783437800c90","name":"Fran\u00e7ois Richard","image":{"@type":"ImageObject","inLanguage":"es","@id":"https:\/\/lareinanews.cl\/noticias\/#\/schema\/person\/image\/","url":"http:\/\/lareina.news\/noticias\/wp-content\/uploads\/2017\/10\/avatar_user_12_1507694400-96x96.jpg","contentUrl":"http:\/\/lareina.news\/noticias\/wp-content\/uploads\/2017\/10\/avatar_user_12_1507694400-96x96.jpg","caption":"Fran\u00e7ois Richard"},"description":"Miembro del COSOC de La Reina (Consejo de la Sociedad Civil), Socio de la Junta de Vecinos 12-F \"Fernando Castillo Velasco\" Director Fundaci\u00f3n por un Movimiento Ciudadano Participativo francois@richard.cl","url":"https:\/\/lareinanews.cl\/noticias\/index.php\/author\/frichard\/"}]}},"_links":{"self":[{"href":"https:\/\/lareinanews.cl\/noticias\/index.php\/wp-json\/wp\/v2\/posts\/3278","targetHints":{"allow":["GET"]}}],"collection":[{"href":"https:\/\/lareinanews.cl\/noticias\/index.php\/wp-json\/wp\/v2\/posts"}],"about":[{"href":"https:\/\/lareinanews.cl\/noticias\/index.php\/wp-json\/wp\/v2\/types\/post"}],"author":[{"embeddable":true,"href":"https:\/\/lareinanews.cl\/noticias\/index.php\/wp-json\/wp\/v2\/users\/12"}],"replies":[{"embeddable":true,"href":"https:\/\/lareinanews.cl\/noticias\/index.php\/wp-json\/wp\/v2\/comments?post=3278"}],"version-history":[{"count":16,"href":"https:\/\/lareinanews.cl\/noticias\/index.php\/wp-json\/wp\/v2\/posts\/3278\/revisions"}],"predecessor-version":[{"id":3306,"href":"https:\/\/lareinanews.cl\/noticias\/index.php\/wp-json\/wp\/v2\/posts\/3278\/revisions\/3306"}],"wp:featuredmedia":[{"embeddable":true,"href":"https:\/\/lareinanews.cl\/noticias\/index.php\/wp-json\/wp\/v2\/media\/3283"}],"wp:attachment":[{"href":"https:\/\/lareinanews.cl\/noticias\/index.php\/wp-json\/wp\/v2\/media?parent=3278"}],"wp:term":[{"taxonomy":"category","embeddable":true,"href":"https:\/\/lareinanews.cl\/noticias\/index.php\/wp-json\/wp\/v2\/categories?post=3278"},{"taxonomy":"post_tag","embeddable":true,"href":"https:\/\/lareinanews.cl\/noticias\/index.php\/wp-json\/wp\/v2\/tags?post=3278"}],"curies":[{"name":"wp","href":"https:\/\/api.w.org\/{rel}","templated":true}]}}