{"id":2948,"date":"2018-05-23T23:39:11","date_gmt":"2018-05-24T02:39:11","guid":{"rendered":"http:\/\/lareina.news\/noticias\/?p=2948"},"modified":"2018-05-24T00:06:00","modified_gmt":"2018-05-24T03:06:00","slug":"mejoras-al-cepaso-serian-entregadas-en-agosto","status":"publish","type":"post","link":"https:\/\/lareinanews.cl\/noticias\/index.php\/2018\/05\/23\/mejoras-al-cepaso-serian-entregadas-en-agosto\/","title":{"rendered":"Mejoras al cepaso ser\u00edan entregadas en agosto"},"content":{"rendered":"<p>En la calle Quillagua esquina de Mami\u00f1a se est\u00e1n realizando las obras del nuevo Centro de Participaci\u00f3n Social. Este se est\u00e1 realizando como parte del programa \u00abQuiero mi Barrio\u00bb. En una visita realizada el d\u00eda de hoy nos enteramos de que el proyecto que deb\u00eda entregarse en Junio del 2018, tiene al d\u00eda de hoy un\u00a0 75% de avance y que una fecha razonable de entrega ( previo a la recepci\u00f3n municipal), ser\u00eda en agosto de este a\u00f1o.<\/p>\n<p>El centro tendr\u00e1 un anfiteatro para 220 personas, 8 espacios que la comunidad administrar\u00e1 pudiendo ser oficinas para agrupaciones comunitarias o destinarse a otros usos.<\/p>\n<p>La accesibilidad est\u00e1 garantizada por una rampa que permite acceder a los espacios sin utilizar escaleras. Habr\u00e1 terrazas y una sala multiuso.<\/p>\n<p>La presidenta de la Junta de vecinos Reyes de La Reina, se\u00f1ora Ana Mu\u00f1oz record\u00f3 que ya una vez tuvieron una infraestructura similar pero que la municipalidad la destin\u00f3 a otros usos y declar\u00f3:<\/p>\n<blockquote><p>Este no lo vamos a soltar para nada<\/p><\/blockquote>\n<p>Los constructores explicaron que el atraso se deber\u00eda a que los proveedores de materiales no entregan a tiempo. Un dirigente se\u00f1or Patricio Cruz, insinu\u00f3 que no hay que exigir fechas porque\u00a0 porque los proveedores no entregan al Serviu ya que habr\u00edan deudas, sin embargo averiguamos que la empresa constructora compra directo y sin restricciones.<\/p>\n<p>Don Jos\u00e9 Treuquemil expres\u00f3 que ser\u00eda muy bueno que el programa Quiero mi Barrio que debe terminar en Junio ( junto con la entrega comprometida del proyecto ), se extienda hasta que se entregue el mismo. La se\u00f1ora Paulina Zu\u00f1iga ( actualmente la \u00fanica funcionaria de Quiero mi Barrio ) expres\u00f3 que eso ya se solicit\u00f3, pidiendo seguir hasta la entrega del proyecto y que ser\u00eda bueno pensar en que el proyecto se entregar\u00e1 antes de fin de a\u00f1o ya que a esta empresa no se le deber\u00eda pedir acelerar las obras ya que el mandante es el gobierno central.<\/p>\n<p><a href=\"http:\/\/lareina.news\/noticias\/wp-content\/uploads\/2018\/05\/SAM_2900.jpg\"><img loading=\"lazy\" decoding=\"async\" class=\"alignleft wp-image-2953 size-medium\" src=\"http:\/\/lareina.news\/noticias\/wp-content\/uploads\/2018\/05\/SAM_2900-300x225.jpg\" alt=\"\" width=\"300\" height=\"225\" srcset=\"https:\/\/lareinanews.cl\/noticias\/wp-content\/uploads\/2018\/05\/SAM_2900-300x225.jpg 300w, https:\/\/lareinanews.cl\/noticias\/wp-content\/uploads\/2018\/05\/SAM_2900-768x576.jpg 768w, https:\/\/lareinanews.cl\/noticias\/wp-content\/uploads\/2018\/05\/SAM_2900-1024x768.jpg 1024w, https:\/\/lareinanews.cl\/noticias\/wp-content\/uploads\/2018\/05\/SAM_2900-678x509.jpg 678w, https:\/\/lareinanews.cl\/noticias\/wp-content\/uploads\/2018\/05\/SAM_2900-326x245.jpg 326w, https:\/\/lareinanews.cl\/noticias\/wp-content\/uploads\/2018\/05\/SAM_2900-80x60.jpg 80w\" sizes=\"auto, (max-width: 300px) 100vw, 300px\" \/><\/a><\/p>\n<p><a href=\"http:\/\/lareina.news\/noticias\/wp-content\/uploads\/2018\/05\/SAM_2913.jpg\"><img loading=\"lazy\" decoding=\"async\" class=\"alignleft wp-image-2954 size-medium\" src=\"http:\/\/lareina.news\/noticias\/wp-content\/uploads\/2018\/05\/SAM_2913-300x225.jpg\" alt=\"\" width=\"300\" height=\"225\" srcset=\"https:\/\/lareinanews.cl\/noticias\/wp-content\/uploads\/2018\/05\/SAM_2913-300x225.jpg 300w, https:\/\/lareinanews.cl\/noticias\/wp-content\/uploads\/2018\/05\/SAM_2913-768x576.jpg 768w, https:\/\/lareinanews.cl\/noticias\/wp-content\/uploads\/2018\/05\/SAM_2913-1024x768.jpg 1024w, https:\/\/lareinanews.cl\/noticias\/wp-content\/uploads\/2018\/05\/SAM_2913-678x509.jpg 678w, https:\/\/lareinanews.cl\/noticias\/wp-content\/uploads\/2018\/05\/SAM_2913-326x245.jpg 326w, https:\/\/lareinanews.cl\/noticias\/wp-content\/uploads\/2018\/05\/SAM_2913-80x60.jpg 80w\" sizes=\"auto, (max-width: 300px) 100vw, 300px\" \/><\/a><\/p>\n<p><a href=\"http:\/\/lareina.news\/noticias\/wp-content\/uploads\/2018\/05\/SAM_2911.jpg\"><img loading=\"lazy\" decoding=\"async\" class=\"alignnone wp-image-2955\" src=\"http:\/\/lareina.news\/noticias\/wp-content\/uploads\/2018\/05\/SAM_2911.jpg\" alt=\"\" width=\"790\" height=\"593\" srcset=\"https:\/\/lareinanews.cl\/noticias\/wp-content\/uploads\/2018\/05\/SAM_2911.jpg 4608w, https:\/\/lareinanews.cl\/noticias\/wp-content\/uploads\/2018\/05\/SAM_2911-300x225.jpg 300w, https:\/\/lareinanews.cl\/noticias\/wp-content\/uploads\/2018\/05\/SAM_2911-768x576.jpg 768w, https:\/\/lareinanews.cl\/noticias\/wp-content\/uploads\/2018\/05\/SAM_2911-1024x768.jpg 1024w, https:\/\/lareinanews.cl\/noticias\/wp-content\/uploads\/2018\/05\/SAM_2911-678x509.jpg 678w, https:\/\/lareinanews.cl\/noticias\/wp-content\/uploads\/2018\/05\/SAM_2911-326x245.jpg 326w, https:\/\/lareinanews.cl\/noticias\/wp-content\/uploads\/2018\/05\/SAM_2911-80x60.jpg 80w\" sizes=\"auto, (max-width: 790px) 100vw, 790px\" \/><\/a><\/p>\n<p>&nbsp;<\/p>\n<p>&nbsp;<\/p>\n","protected":false},"excerpt":{"rendered":"<div class=\"mh-excerpt\"><p>En la calle Quillagua esquina de Mami\u00f1a se est\u00e1n realizando las obras del nuevo Centro de Participaci\u00f3n Social. Este se est\u00e1 realizando como parte del programa \u00abQuiero mi Barrio\u00bb. En una visita realizada el d\u00eda <a class=\"mh-excerpt-more\" href=\"https:\/\/lareinanews.cl\/noticias\/index.php\/2018\/05\/23\/mejoras-al-cepaso-serian-entregadas-en-agosto\/\" title=\"Mejoras al cepaso ser\u00edan entregadas en agosto\">[&#8230;]<\/a><\/p>\n<\/div>","protected":false},"author":1,"featured_media":2957,"comment_status":"closed","ping_status":"closed","sticky":false,"template":"","format":"standard","meta":{"_acf_changed":false,"footnotes":""},"categories":[31,2,14],"tags":[199,6,200,4],"class_list":{"0":"post-2948","1":"post","2":"type-post","3":"status-publish","4":"format-standard","5":"has-post-thumbnail","7":"category-destacados","8":"category-comuna","9":"category-noticias","10":"tag-cepaso","11":"tag-comunidad","12":"tag-cvd","13":"tag-la-reina"},"acf":[],"yoast_head":"<!-- This site is optimized with the Yoast SEO plugin v27.1.1 - https:\/\/yoast.com\/product\/yoast-seo-wordpress\/ -->\n<title>Mejoras al cepaso ser\u00edan entregadas en agosto<\/title>\n<meta name=\"robots\" content=\"index, follow, max-snippet:-1, max-image-preview:large, max-video-preview:-1\" \/>\n<link rel=\"canonical\" href=\"https:\/\/lareinanews.cl\/noticias\/index.php\/2018\/05\/23\/mejoras-al-cepaso-serian-entregadas-en-agosto\/\" \/>\n<meta property=\"og:locale\" content=\"es_ES\" \/>\n<meta property=\"og:type\" content=\"article\" \/>\n<meta property=\"og:title\" content=\"Mejoras al cepaso ser\u00edan entregadas en agosto\" \/>\n<meta property=\"og:description\" content=\"En la calle Quillagua esquina de Mami\u00f1a se est\u00e1n realizando las obras del nuevo Centro de Participaci\u00f3n Social. Este se est\u00e1 realizando como parte del programa \u00abQuiero mi Barrio\u00bb. En una visita realizada el d\u00eda [...]\" \/>\n<meta property=\"og:url\" content=\"https:\/\/lareinanews.cl\/noticias\/index.php\/2018\/05\/23\/mejoras-al-cepaso-serian-entregadas-en-agosto\/\" \/>\n<meta property=\"og:site_name\" content=\"Noticias La Reina\" \/>\n<meta property=\"article:publisher\" content=\"https:\/\/www.facebook.com\/LaReinaNews\" \/>\n<meta property=\"article:published_time\" content=\"2018-05-24T02:39:11+00:00\" \/>\n<meta property=\"article:modified_time\" content=\"2018-05-24T03:06:00+00:00\" \/>\n<meta property=\"og:image\" content=\"https:\/\/lareinanews.cl\/noticias\/wp-content\/uploads\/2018\/05\/portada-1.jpg\" \/>\n\t<meta property=\"og:image:width\" content=\"650\" \/>\n\t<meta property=\"og:image:height\" content=\"488\" \/>\n\t<meta property=\"og:image:type\" content=\"image\/jpeg\" \/>\n<meta name=\"author\" content=\"J M Doren\" \/>\n<meta name=\"twitter:card\" content=\"summary_large_image\" \/>\n<meta name=\"twitter:creator\" content=\"@jmdoren\" \/>\n<meta name=\"twitter:label1\" content=\"Escrito por\" \/>\n\t<meta name=\"twitter:data1\" content=\"J M Doren\" \/>\n\t<meta name=\"twitter:label2\" content=\"Tiempo de lectura\" \/>\n\t<meta name=\"twitter:data2\" content=\"2 minutos\" \/>\n<script type=\"application\/ld+json\" class=\"yoast-schema-graph\">{\"@context\":\"https:\/\/schema.org\",\"@graph\":[{\"@type\":\"Article\",\"@id\":\"https:\/\/lareinanews.cl\/noticias\/index.php\/2018\/05\/23\/mejoras-al-cepaso-serian-entregadas-en-agosto\/#article\",\"isPartOf\":{\"@id\":\"https:\/\/lareinanews.cl\/noticias\/index.php\/2018\/05\/23\/mejoras-al-cepaso-serian-entregadas-en-agosto\/\"},\"author\":{\"name\":\"J M Doren\",\"@id\":\"https:\/\/lareinanews.cl\/noticias\/#\/schema\/person\/c697b5a3c8bc9dd1d94222e2d58209ed\"},\"headline\":\"Mejoras al cepaso ser\u00edan entregadas en agosto\",\"datePublished\":\"2018-05-24T02:39:11+00:00\",\"dateModified\":\"2018-05-24T03:06:00+00:00\",\"mainEntityOfPage\":{\"@id\":\"https:\/\/lareinanews.cl\/noticias\/index.php\/2018\/05\/23\/mejoras-al-cepaso-serian-entregadas-en-agosto\/\"},\"wordCount\":342,\"publisher\":{\"@id\":\"https:\/\/lareinanews.cl\/noticias\/#organization\"},\"image\":{\"@id\":\"https:\/\/lareinanews.cl\/noticias\/index.php\/2018\/05\/23\/mejoras-al-cepaso-serian-entregadas-en-agosto\/#primaryimage\"},\"thumbnailUrl\":\"https:\/\/lareinanews.cl\/noticias\/wp-content\/uploads\/2018\/05\/portada-1.jpg\",\"keywords\":[\"cepaso\",\"comunidad\",\"cvd\",\"la reina\"],\"articleSection\":[\"Destacados\",\"La Reina\",\"Noticias\"],\"inLanguage\":\"es\"},{\"@type\":\"WebPage\",\"@id\":\"https:\/\/lareinanews.cl\/noticias\/index.php\/2018\/05\/23\/mejoras-al-cepaso-serian-entregadas-en-agosto\/\",\"url\":\"https:\/\/lareinanews.cl\/noticias\/index.php\/2018\/05\/23\/mejoras-al-cepaso-serian-entregadas-en-agosto\/\",\"name\":\"Mejoras al cepaso ser\u00edan entregadas en agosto\",\"isPartOf\":{\"@id\":\"https:\/\/lareinanews.cl\/noticias\/#website\"},\"primaryImageOfPage\":{\"@id\":\"https:\/\/lareinanews.cl\/noticias\/index.php\/2018\/05\/23\/mejoras-al-cepaso-serian-entregadas-en-agosto\/#primaryimage\"},\"image\":{\"@id\":\"https:\/\/lareinanews.cl\/noticias\/index.php\/2018\/05\/23\/mejoras-al-cepaso-serian-entregadas-en-agosto\/#primaryimage\"},\"thumbnailUrl\":\"https:\/\/lareinanews.cl\/noticias\/wp-content\/uploads\/2018\/05\/portada-1.jpg\",\"datePublished\":\"2018-05-24T02:39:11+00:00\",\"dateModified\":\"2018-05-24T03:06:00+00:00\",\"breadcrumb\":{\"@id\":\"https:\/\/lareinanews.cl\/noticias\/index.php\/2018\/05\/23\/mejoras-al-cepaso-serian-entregadas-en-agosto\/#breadcrumb\"},\"inLanguage\":\"es\",\"potentialAction\":[{\"@type\":\"ReadAction\",\"target\":[\"https:\/\/lareinanews.cl\/noticias\/index.php\/2018\/05\/23\/mejoras-al-cepaso-serian-entregadas-en-agosto\/\"]}]},{\"@type\":\"ImageObject\",\"inLanguage\":\"es\",\"@id\":\"https:\/\/lareinanews.cl\/noticias\/index.php\/2018\/05\/23\/mejoras-al-cepaso-serian-entregadas-en-agosto\/#primaryimage\",\"url\":\"https:\/\/lareinanews.cl\/noticias\/wp-content\/uploads\/2018\/05\/portada-1.jpg\",\"contentUrl\":\"https:\/\/lareinanews.cl\/noticias\/wp-content\/uploads\/2018\/05\/portada-1.jpg\",\"width\":650,\"height\":488,\"caption\":\"SAMSUNG CAMERA PICTURES\"},{\"@type\":\"BreadcrumbList\",\"@id\":\"https:\/\/lareinanews.cl\/noticias\/index.php\/2018\/05\/23\/mejoras-al-cepaso-serian-entregadas-en-agosto\/#breadcrumb\",\"itemListElement\":[{\"@type\":\"ListItem\",\"position\":1,\"name\":\"Inicio\",\"item\":\"https:\/\/lareinanews.cl\/noticias\/\"},{\"@type\":\"ListItem\",\"position\":2,\"name\":\"Mejoras al cepaso ser\u00edan entregadas en agosto\"}]},{\"@type\":\"WebSite\",\"@id\":\"https:\/\/lareinanews.cl\/noticias\/#website\",\"url\":\"https:\/\/lareinanews.cl\/noticias\/\",\"name\":\"Noticias La Reina\",\"description\":\"LaReina.news\",\"publisher\":{\"@id\":\"https:\/\/lareinanews.cl\/noticias\/#organization\"},\"potentialAction\":[{\"@type\":\"SearchAction\",\"target\":{\"@type\":\"EntryPoint\",\"urlTemplate\":\"https:\/\/lareinanews.cl\/noticias\/?s={search_term_string}\"},\"query-input\":{\"@type\":\"PropertyValueSpecification\",\"valueRequired\":true,\"valueName\":\"search_term_string\"}}],\"inLanguage\":\"es\"},{\"@type\":\"Organization\",\"@id\":\"https:\/\/lareinanews.cl\/noticias\/#organization\",\"name\":\"La Reina.news Peri\u00f3dico comunal de La Reina\",\"url\":\"https:\/\/lareinanews.cl\/noticias\/\",\"logo\":{\"@type\":\"ImageObject\",\"inLanguage\":\"es\",\"@id\":\"https:\/\/lareinanews.cl\/noticias\/#\/schema\/logo\/image\/\",\"url\":\"https:\/\/lareinanews.cl\/noticias\/wp-content\/uploads\/2020\/04\/logo_schema.png\",\"contentUrl\":\"https:\/\/lareinanews.cl\/noticias\/wp-content\/uploads\/2020\/04\/logo_schema.png\",\"width\":640,\"height\":360,\"caption\":\"La Reina.news Peri\u00f3dico comunal de La Reina\"},\"image\":{\"@id\":\"https:\/\/lareinanews.cl\/noticias\/#\/schema\/logo\/image\/\"},\"sameAs\":[\"https:\/\/www.facebook.com\/LaReinaNews\",\"https:\/\/www.instagram.com\/lareinanews\/\"]},{\"@type\":\"Person\",\"@id\":\"https:\/\/lareinanews.cl\/noticias\/#\/schema\/person\/c697b5a3c8bc9dd1d94222e2d58209ed\",\"name\":\"J M Doren\",\"image\":{\"@type\":\"ImageObject\",\"inLanguage\":\"es\",\"@id\":\"https:\/\/lareinanews.cl\/noticias\/#\/schema\/person\/image\/\",\"url\":\"http:\/\/lareina.news\/noticias\/wp-content\/uploads\/2019\/09\/avatar_user_1_1569272876-96x96.png\",\"contentUrl\":\"http:\/\/lareina.news\/noticias\/wp-content\/uploads\/2019\/09\/avatar_user_1_1569272876-96x96.png\",\"caption\":\"J M Doren\"},\"description\":\"Soy ingeniero en inform\u00e1tica, interesado en las humanidades. Fundador y director de La Reina.news y otros medios electr\u00f3nicos. Creo profundamente en que si dejamos de pensar y cuestionar(nos) no hay nada que nos diferencie de los primates. jmdoren@ok.cl Sitios de mi autor&iacute;a\",\"sameAs\":[\"https:\/\/www.ok.cl\/\",\"https:\/\/x.com\/@jmdoren\"],\"url\":\"https:\/\/lareinanews.cl\/noticias\/index.php\/author\/jmdoren\/\"}]}<\/script>\n<!-- \/ Yoast SEO plugin. -->","yoast_head_json":{"title":"Mejoras al cepaso ser\u00edan entregadas en agosto","robots":{"index":"index","follow":"follow","max-snippet":"max-snippet:-1","max-image-preview":"max-image-preview:large","max-video-preview":"max-video-preview:-1"},"canonical":"https:\/\/lareinanews.cl\/noticias\/index.php\/2018\/05\/23\/mejoras-al-cepaso-serian-entregadas-en-agosto\/","og_locale":"es_ES","og_type":"article","og_title":"Mejoras al cepaso ser\u00edan entregadas en agosto","og_description":"En la calle Quillagua esquina de Mami\u00f1a se est\u00e1n realizando las obras del nuevo Centro de Participaci\u00f3n Social. Este se est\u00e1 realizando como parte del programa \u00abQuiero mi Barrio\u00bb. En una visita realizada el d\u00eda [...]","og_url":"https:\/\/lareinanews.cl\/noticias\/index.php\/2018\/05\/23\/mejoras-al-cepaso-serian-entregadas-en-agosto\/","og_site_name":"Noticias La Reina","article_publisher":"https:\/\/www.facebook.com\/LaReinaNews","article_published_time":"2018-05-24T02:39:11+00:00","article_modified_time":"2018-05-24T03:06:00+00:00","og_image":[{"width":650,"height":488,"url":"https:\/\/lareinanews.cl\/noticias\/wp-content\/uploads\/2018\/05\/portada-1.jpg","type":"image\/jpeg"}],"author":"J M Doren","twitter_card":"summary_large_image","twitter_creator":"@jmdoren","twitter_misc":{"Escrito por":"J M Doren","Tiempo de lectura":"2 minutos"},"schema":{"@context":"https:\/\/schema.org","@graph":[{"@type":"Article","@id":"https:\/\/lareinanews.cl\/noticias\/index.php\/2018\/05\/23\/mejoras-al-cepaso-serian-entregadas-en-agosto\/#article","isPartOf":{"@id":"https:\/\/lareinanews.cl\/noticias\/index.php\/2018\/05\/23\/mejoras-al-cepaso-serian-entregadas-en-agosto\/"},"author":{"name":"J M Doren","@id":"https:\/\/lareinanews.cl\/noticias\/#\/schema\/person\/c697b5a3c8bc9dd1d94222e2d58209ed"},"headline":"Mejoras al cepaso ser\u00edan entregadas en agosto","datePublished":"2018-05-24T02:39:11+00:00","dateModified":"2018-05-24T03:06:00+00:00","mainEntityOfPage":{"@id":"https:\/\/lareinanews.cl\/noticias\/index.php\/2018\/05\/23\/mejoras-al-cepaso-serian-entregadas-en-agosto\/"},"wordCount":342,"publisher":{"@id":"https:\/\/lareinanews.cl\/noticias\/#organization"},"image":{"@id":"https:\/\/lareinanews.cl\/noticias\/index.php\/2018\/05\/23\/mejoras-al-cepaso-serian-entregadas-en-agosto\/#primaryimage"},"thumbnailUrl":"https:\/\/lareinanews.cl\/noticias\/wp-content\/uploads\/2018\/05\/portada-1.jpg","keywords":["cepaso","comunidad","cvd","la reina"],"articleSection":["Destacados","La Reina","Noticias"],"inLanguage":"es"},{"@type":"WebPage","@id":"https:\/\/lareinanews.cl\/noticias\/index.php\/2018\/05\/23\/mejoras-al-cepaso-serian-entregadas-en-agosto\/","url":"https:\/\/lareinanews.cl\/noticias\/index.php\/2018\/05\/23\/mejoras-al-cepaso-serian-entregadas-en-agosto\/","name":"Mejoras al cepaso ser\u00edan entregadas en agosto","isPartOf":{"@id":"https:\/\/lareinanews.cl\/noticias\/#website"},"primaryImageOfPage":{"@id":"https:\/\/lareinanews.cl\/noticias\/index.php\/2018\/05\/23\/mejoras-al-cepaso-serian-entregadas-en-agosto\/#primaryimage"},"image":{"@id":"https:\/\/lareinanews.cl\/noticias\/index.php\/2018\/05\/23\/mejoras-al-cepaso-serian-entregadas-en-agosto\/#primaryimage"},"thumbnailUrl":"https:\/\/lareinanews.cl\/noticias\/wp-content\/uploads\/2018\/05\/portada-1.jpg","datePublished":"2018-05-24T02:39:11+00:00","dateModified":"2018-05-24T03:06:00+00:00","breadcrumb":{"@id":"https:\/\/lareinanews.cl\/noticias\/index.php\/2018\/05\/23\/mejoras-al-cepaso-serian-entregadas-en-agosto\/#breadcrumb"},"inLanguage":"es","potentialAction":[{"@type":"ReadAction","target":["https:\/\/lareinanews.cl\/noticias\/index.php\/2018\/05\/23\/mejoras-al-cepaso-serian-entregadas-en-agosto\/"]}]},{"@type":"ImageObject","inLanguage":"es","@id":"https:\/\/lareinanews.cl\/noticias\/index.php\/2018\/05\/23\/mejoras-al-cepaso-serian-entregadas-en-agosto\/#primaryimage","url":"https:\/\/lareinanews.cl\/noticias\/wp-content\/uploads\/2018\/05\/portada-1.jpg","contentUrl":"https:\/\/lareinanews.cl\/noticias\/wp-content\/uploads\/2018\/05\/portada-1.jpg","width":650,"height":488,"caption":"SAMSUNG CAMERA PICTURES"},{"@type":"BreadcrumbList","@id":"https:\/\/lareinanews.cl\/noticias\/index.php\/2018\/05\/23\/mejoras-al-cepaso-serian-entregadas-en-agosto\/#breadcrumb","itemListElement":[{"@type":"ListItem","position":1,"name":"Inicio","item":"https:\/\/lareinanews.cl\/noticias\/"},{"@type":"ListItem","position":2,"name":"Mejoras al cepaso ser\u00edan entregadas en agosto"}]},{"@type":"WebSite","@id":"https:\/\/lareinanews.cl\/noticias\/#website","url":"https:\/\/lareinanews.cl\/noticias\/","name":"Noticias La Reina","description":"LaReina.news","publisher":{"@id":"https:\/\/lareinanews.cl\/noticias\/#organization"},"potentialAction":[{"@type":"SearchAction","target":{"@type":"EntryPoint","urlTemplate":"https:\/\/lareinanews.cl\/noticias\/?s={search_term_string}"},"query-input":{"@type":"PropertyValueSpecification","valueRequired":true,"valueName":"search_term_string"}}],"inLanguage":"es"},{"@type":"Organization","@id":"https:\/\/lareinanews.cl\/noticias\/#organization","name":"La Reina.news Peri\u00f3dico comunal de La Reina","url":"https:\/\/lareinanews.cl\/noticias\/","logo":{"@type":"ImageObject","inLanguage":"es","@id":"https:\/\/lareinanews.cl\/noticias\/#\/schema\/logo\/image\/","url":"https:\/\/lareinanews.cl\/noticias\/wp-content\/uploads\/2020\/04\/logo_schema.png","contentUrl":"https:\/\/lareinanews.cl\/noticias\/wp-content\/uploads\/2020\/04\/logo_schema.png","width":640,"height":360,"caption":"La Reina.news Peri\u00f3dico comunal de La Reina"},"image":{"@id":"https:\/\/lareinanews.cl\/noticias\/#\/schema\/logo\/image\/"},"sameAs":["https:\/\/www.facebook.com\/LaReinaNews","https:\/\/www.instagram.com\/lareinanews\/"]},{"@type":"Person","@id":"https:\/\/lareinanews.cl\/noticias\/#\/schema\/person\/c697b5a3c8bc9dd1d94222e2d58209ed","name":"J M Doren","image":{"@type":"ImageObject","inLanguage":"es","@id":"https:\/\/lareinanews.cl\/noticias\/#\/schema\/person\/image\/","url":"http:\/\/lareina.news\/noticias\/wp-content\/uploads\/2019\/09\/avatar_user_1_1569272876-96x96.png","contentUrl":"http:\/\/lareina.news\/noticias\/wp-content\/uploads\/2019\/09\/avatar_user_1_1569272876-96x96.png","caption":"J M Doren"},"description":"Soy ingeniero en inform\u00e1tica, interesado en las humanidades. Fundador y director de La Reina.news y otros medios electr\u00f3nicos. Creo profundamente en que si dejamos de pensar y cuestionar(nos) no hay nada que nos diferencie de los primates. jmdoren@ok.cl Sitios de mi autor&iacute;a","sameAs":["https:\/\/www.ok.cl\/","https:\/\/x.com\/@jmdoren"],"url":"https:\/\/lareinanews.cl\/noticias\/index.php\/author\/jmdoren\/"}]}},"_links":{"self":[{"href":"https:\/\/lareinanews.cl\/noticias\/index.php\/wp-json\/wp\/v2\/posts\/2948","targetHints":{"allow":["GET"]}}],"collection":[{"href":"https:\/\/lareinanews.cl\/noticias\/index.php\/wp-json\/wp\/v2\/posts"}],"about":[{"href":"https:\/\/lareinanews.cl\/noticias\/index.php\/wp-json\/wp\/v2\/types\/post"}],"author":[{"embeddable":true,"href":"https:\/\/lareinanews.cl\/noticias\/index.php\/wp-json\/wp\/v2\/users\/1"}],"replies":[{"embeddable":true,"href":"https:\/\/lareinanews.cl\/noticias\/index.php\/wp-json\/wp\/v2\/comments?post=2948"}],"version-history":[{"count":10,"href":"https:\/\/lareinanews.cl\/noticias\/index.php\/wp-json\/wp\/v2\/posts\/2948\/revisions"}],"predecessor-version":[{"id":2962,"href":"https:\/\/lareinanews.cl\/noticias\/index.php\/wp-json\/wp\/v2\/posts\/2948\/revisions\/2962"}],"wp:featuredmedia":[{"embeddable":true,"href":"https:\/\/lareinanews.cl\/noticias\/index.php\/wp-json\/wp\/v2\/media\/2957"}],"wp:attachment":[{"href":"https:\/\/lareinanews.cl\/noticias\/index.php\/wp-json\/wp\/v2\/media?parent=2948"}],"wp:term":[{"taxonomy":"category","embeddable":true,"href":"https:\/\/lareinanews.cl\/noticias\/index.php\/wp-json\/wp\/v2\/categories?post=2948"},{"taxonomy":"post_tag","embeddable":true,"href":"https:\/\/lareinanews.cl\/noticias\/index.php\/wp-json\/wp\/v2\/tags?post=2948"}],"curies":[{"name":"wp","href":"https:\/\/api.w.org\/{rel}","templated":true}]}}