{"id":2365,"date":"2018-03-26T02:03:07","date_gmt":"2018-03-26T05:03:07","guid":{"rendered":"http:\/\/lareina.news\/noticias\/?p=2365"},"modified":"2018-03-27T10:48:43","modified_gmt":"2018-03-27T13:48:43","slug":"la-reina-por-el-agua-limpia","status":"publish","type":"post","link":"https:\/\/lareinanews.cl\/noticias\/index.php\/2018\/03\/26\/la-reina-por-el-agua-limpia\/","title":{"rendered":"La Reina por el agua limpia"},"content":{"rendered":"<p>Aunque la municipalidad de La Reina ha presentado una \u00ab<a href=\"https:\/\/www.lareina.cl\/index.php\/noticias\/10-noticias-la-reina\/293-declaracion-publica-sobre-aguas-contaminadas\" target=\"_blank\" rel=\"noopener\">querella contra quienes resulten responsables<\/a>\u00ab,\u00a0 vecinos de la comuna consideran esta acci\u00f3n como positiva pero insuficiente, por lo tanto se movilizan para que las empresas sanitarias, en este caso Aguas Andinas, garanticen que el agua que llega a los hogares sea realmente potable. Las iniciativas de origen ciudadano son al menos tres.<\/p>\n<h2>Recurso de protecci\u00f3n<\/h2>\n<p><a href=\"\/noticias\/wp-content\/uploads\/2018\/03\/rp_aguas-andinas.pdf\" target=\"_blank\" rel=\"noopener\"><img loading=\"lazy\" decoding=\"async\" class=\"alignleft wp-image-2366 size-thumbnail\" src=\"http:\/\/lareina.news\/noticias\/wp-content\/uploads\/2018\/03\/envio-150x150.png\" alt=\"\" width=\"150\" height=\"150\" \/><\/a>La abogada y vecina de la comuna, Marta de la Fuente, present\u00f3 un recurso de protecci\u00f3n ante la Corte de Apelaciones de Santiago en contra de Aguas Andinas S.A . y en favor de los habitantes de la comuna La Reina, por la vulneraci\u00f3n a las garant\u00edas constitucionales que aseguran\u00a0 el derecho de vivir en un medio ambiente libre de contaminaci\u00f3n como asimismo por la afectaci\u00f3n al derecho a la vida y la integridad f\u00edsica, a ra\u00edz de la contaminaci\u00f3n en el agua potable.<br \/>\nEn el recurso se plantea que la empresa Aguas Andinas, que opera en condiciones monop\u00f3licas, debe responder por sus actos de servicio, por la efectividad de sus prestaciones, tanto en calidad como continuidad. Existe negligencia e incumplimiento de parte de la empresa y a\u00fan desconocemos el alcance de esta contaminaci\u00f3n. En los pr\u00f3ximos d\u00edas sabremos si se admiti\u00f3 a tr\u00e1mite esta presentaci\u00f3n y en caso positivo se podr\u00e1n hacer parte otras personas y\/u organizaciones.<\/p>\n<p>&nbsp;<\/p>\n<p>&nbsp;<\/p>\n<h2>Campa\u00f1a de Recolecci\u00f3n de Firmas<\/h2>\n<p><a href=\"http:\/\/lacaca.cl\" target=\"_blank\" rel=\"noopener\"><img loading=\"lazy\" decoding=\"async\" class=\"alignleft wp-image-2371 size-thumbnail\" src=\"http:\/\/lareina.news\/noticias\/wp-content\/uploads\/2018\/03\/logoLaCaca-150x150.jpg\" alt=\"\" width=\"150\" height=\"150\" srcset=\"https:\/\/lareinanews.cl\/noticias\/wp-content\/uploads\/2018\/03\/logoLaCaca-150x150.jpg 150w, https:\/\/lareinanews.cl\/noticias\/wp-content\/uploads\/2018\/03\/logoLaCaca-300x300.jpg 300w, https:\/\/lareinanews.cl\/noticias\/wp-content\/uploads\/2018\/03\/logoLaCaca-768x768.jpg 768w, https:\/\/lareinanews.cl\/noticias\/wp-content\/uploads\/2018\/03\/logoLaCaca.jpg 775w\" sizes=\"auto, (max-width: 150px) 100vw, 150px\" \/><\/a>El vecino y director de este diario, Juan Manuel Doren ha iniciado una campa\u00f1a de recolecci\u00f3n de firmas para exigir que se garantice la seguridad de la red de distribuci\u00f3n de agua. La puedes encontrar y firmar por internet en <strong><a href=\"http:\/\/lacaca.cl\/\" target=\"_blank\" rel=\"noopener\">LaCaca.cl<\/a><\/strong><\/p>\n<p>&nbsp;<\/p>\n<p>&nbsp;<\/p>\n<p>&nbsp;<\/p>\n<h2>Manifestaciones Ciudadanas<\/h2>\n<p>Los vecinos iniciaron adem\u00e1s una serie de manifestaciones ciudadanas para exigir un manejo profesional y transparente de la situaci\u00f3n. El d\u00eda s\u00e1bado 24 a las 18:00 lo hicieron frente al estanque de Aguas Andinas ubicado en avenida Fernando Castillo Velasco.<\/p>\n<p>&nbsp;<\/p>\n<figure id=\"attachment_2375\" aria-describedby=\"caption-attachment-2375\" style=\"width: 960px\" class=\"wp-caption aligncenter\"><img loading=\"lazy\" decoding=\"async\" class=\"wp-image-2375 size-full\" src=\"http:\/\/lareina.news\/noticias\/wp-content\/uploads\/2018\/03\/230f05a6-6fcb-4d98-a237-cc150ccfe064.jpg\" alt=\"\" width=\"960\" height=\"540\" srcset=\"https:\/\/lareinanews.cl\/noticias\/wp-content\/uploads\/2018\/03\/230f05a6-6fcb-4d98-a237-cc150ccfe064.jpg 960w, https:\/\/lareinanews.cl\/noticias\/wp-content\/uploads\/2018\/03\/230f05a6-6fcb-4d98-a237-cc150ccfe064-300x169.jpg 300w, https:\/\/lareinanews.cl\/noticias\/wp-content\/uploads\/2018\/03\/230f05a6-6fcb-4d98-a237-cc150ccfe064-768x432.jpg 768w, https:\/\/lareinanews.cl\/noticias\/wp-content\/uploads\/2018\/03\/230f05a6-6fcb-4d98-a237-cc150ccfe064-678x381.jpg 678w\" sizes=\"auto, (max-width: 960px) 100vw, 960px\" \/><figcaption id=\"caption-attachment-2375\" class=\"wp-caption-text\">De izquierda a derecha:, por LaReina.news <a href=\"\/noticias\/index.php\/author\/mjherrera\/\">Mar\u00eda Jos\u00e9 Herrera<\/a>, <a href=\"\/noticias\/index.php\/author\/jmdoren\/\">Juan Manuel Doren<\/a> y la concejala <a href=\"https:\/\/web.facebook.com\/mcatalinarubio\">Mar\u00eda Catalina Rubio (RD)<\/a><\/figcaption><\/figure>\n<figure id=\"attachment_2377\" aria-describedby=\"caption-attachment-2377\" style=\"width: 963px\" class=\"wp-caption aligncenter\"><a href=\"http:\/\/lareina.news\/noticias\/wp-content\/uploads\/2018\/03\/sole-cata.png\"><img loading=\"lazy\" decoding=\"async\" class=\"wp-image-2377 \" src=\"http:\/\/lareina.news\/noticias\/wp-content\/uploads\/2018\/03\/sole-cata.png\" alt=\"\" width=\"963\" height=\"721\" srcset=\"https:\/\/lareinanews.cl\/noticias\/wp-content\/uploads\/2018\/03\/sole-cata.png 1150w, https:\/\/lareinanews.cl\/noticias\/wp-content\/uploads\/2018\/03\/sole-cata-300x225.png 300w, https:\/\/lareinanews.cl\/noticias\/wp-content\/uploads\/2018\/03\/sole-cata-768x575.png 768w, https:\/\/lareinanews.cl\/noticias\/wp-content\/uploads\/2018\/03\/sole-cata-1024x767.png 1024w, https:\/\/lareinanews.cl\/noticias\/wp-content\/uploads\/2018\/03\/sole-cata-678x509.png 678w, https:\/\/lareinanews.cl\/noticias\/wp-content\/uploads\/2018\/03\/sole-cata-326x245.png 326w, https:\/\/lareinanews.cl\/noticias\/wp-content\/uploads\/2018\/03\/sole-cata-80x60.png 80w\" sizes=\"auto, (max-width: 963px) 100vw, 963px\" \/><\/a><figcaption id=\"caption-attachment-2377\" class=\"wp-caption-text\">Junto a la concejala Rubio, <a href=\"https:\/\/web.facebook.com\/soledad.a.fuenzalida\">Mar\u00eda Soledad \u00c1lamos<\/a> de Revoluci\u00f3n Democr\u00e1tica<\/figcaption><\/figure>\n<p><a href=\"http:\/\/lareina.news\/noticias\/wp-content\/uploads\/2018\/03\/91290c3d-af11-4dbc-84da-4be6d4280c1a.jpg\"><img loading=\"lazy\" decoding=\"async\" class=\"size-medium wp-image-2380 alignleft\" src=\"http:\/\/lareina.news\/noticias\/wp-content\/uploads\/2018\/03\/91290c3d-af11-4dbc-84da-4be6d4280c1a-300x169.jpg\" alt=\"\" width=\"300\" height=\"169\" srcset=\"https:\/\/lareinanews.cl\/noticias\/wp-content\/uploads\/2018\/03\/91290c3d-af11-4dbc-84da-4be6d4280c1a-300x169.jpg 300w, https:\/\/lareinanews.cl\/noticias\/wp-content\/uploads\/2018\/03\/91290c3d-af11-4dbc-84da-4be6d4280c1a-768x432.jpg 768w, https:\/\/lareinanews.cl\/noticias\/wp-content\/uploads\/2018\/03\/91290c3d-af11-4dbc-84da-4be6d4280c1a-1024x576.jpg 1024w, https:\/\/lareinanews.cl\/noticias\/wp-content\/uploads\/2018\/03\/91290c3d-af11-4dbc-84da-4be6d4280c1a-678x381.jpg 678w, https:\/\/lareinanews.cl\/noticias\/wp-content\/uploads\/2018\/03\/91290c3d-af11-4dbc-84da-4be6d4280c1a.jpg 1032w\" sizes=\"auto, (max-width: 300px) 100vw, 300px\" \/><\/a> <a href=\"http:\/\/lareina.news\/noticias\/wp-content\/uploads\/2018\/03\/29512367_10216554288148929_7740233122959494717_n.jpg\"><img loading=\"lazy\" decoding=\"async\" class=\"size-medium wp-image-2381 alignleft\" src=\"http:\/\/lareina.news\/noticias\/wp-content\/uploads\/2018\/03\/29512367_10216554288148929_7740233122959494717_n-300x169.jpg\" alt=\"\" width=\"300\" height=\"169\" srcset=\"https:\/\/lareinanews.cl\/noticias\/wp-content\/uploads\/2018\/03\/29512367_10216554288148929_7740233122959494717_n-300x169.jpg 300w, https:\/\/lareinanews.cl\/noticias\/wp-content\/uploads\/2018\/03\/29512367_10216554288148929_7740233122959494717_n-768x432.jpg 768w, https:\/\/lareinanews.cl\/noticias\/wp-content\/uploads\/2018\/03\/29512367_10216554288148929_7740233122959494717_n-678x381.jpg 678w, https:\/\/lareinanews.cl\/noticias\/wp-content\/uploads\/2018\/03\/29512367_10216554288148929_7740233122959494717_n.jpg 960w\" sizes=\"auto, (max-width: 300px) 100vw, 300px\" \/><\/a> <a href=\"http:\/\/lareina.news\/noticias\/wp-content\/uploads\/2018\/03\/29542617_10216554183546314_3336715478399900368_n.jpg\"><img loading=\"lazy\" decoding=\"async\" class=\"size-medium wp-image-2382 alignleft\" src=\"http:\/\/lareina.news\/noticias\/wp-content\/uploads\/2018\/03\/29542617_10216554183546314_3336715478399900368_n-300x169.jpg\" alt=\"\" width=\"300\" height=\"169\" srcset=\"https:\/\/lareinanews.cl\/noticias\/wp-content\/uploads\/2018\/03\/29542617_10216554183546314_3336715478399900368_n-300x169.jpg 300w, https:\/\/lareinanews.cl\/noticias\/wp-content\/uploads\/2018\/03\/29542617_10216554183546314_3336715478399900368_n-768x432.jpg 768w, https:\/\/lareinanews.cl\/noticias\/wp-content\/uploads\/2018\/03\/29542617_10216554183546314_3336715478399900368_n-678x381.jpg 678w, https:\/\/lareinanews.cl\/noticias\/wp-content\/uploads\/2018\/03\/29542617_10216554183546314_3336715478399900368_n.jpg 960w\" sizes=\"auto, (max-width: 300px) 100vw, 300px\" \/><\/a> <a href=\"http:\/\/lareina.news\/noticias\/wp-content\/uploads\/2018\/03\/29570280_10216554287588915_3830979668790814279_n.jpg\"><img loading=\"lazy\" decoding=\"async\" class=\"aligncenter size-medium wp-image-2383\" src=\"http:\/\/lareina.news\/noticias\/wp-content\/uploads\/2018\/03\/29570280_10216554287588915_3830979668790814279_n-300x169.jpg\" alt=\"\" width=\"300\" height=\"169\" srcset=\"https:\/\/lareinanews.cl\/noticias\/wp-content\/uploads\/2018\/03\/29570280_10216554287588915_3830979668790814279_n-300x169.jpg 300w, https:\/\/lareinanews.cl\/noticias\/wp-content\/uploads\/2018\/03\/29570280_10216554287588915_3830979668790814279_n-768x432.jpg 768w, https:\/\/lareinanews.cl\/noticias\/wp-content\/uploads\/2018\/03\/29570280_10216554287588915_3830979668790814279_n-678x381.jpg 678w, https:\/\/lareinanews.cl\/noticias\/wp-content\/uploads\/2018\/03\/29570280_10216554287588915_3830979668790814279_n.jpg 960w\" sizes=\"auto, (max-width: 300px) 100vw, 300px\" \/><\/a><a href=\"http:\/\/lareina.news\/noticias\/wp-content\/uploads\/2018\/03\/ecf17ff6-299b-4922-a6f0-9432acd84d35.jpg\"><img loading=\"lazy\" decoding=\"async\" class=\"aligncenter wp-image-2386 size-large\" src=\"http:\/\/lareina.news\/noticias\/wp-content\/uploads\/2018\/03\/ecf17ff6-299b-4922-a6f0-9432acd84d35-1024x768.jpg\" alt=\"\" width=\"1024\" height=\"768\" srcset=\"https:\/\/lareinanews.cl\/noticias\/wp-content\/uploads\/2018\/03\/ecf17ff6-299b-4922-a6f0-9432acd84d35-1024x768.jpg 1024w, https:\/\/lareinanews.cl\/noticias\/wp-content\/uploads\/2018\/03\/ecf17ff6-299b-4922-a6f0-9432acd84d35-300x225.jpg 300w, https:\/\/lareinanews.cl\/noticias\/wp-content\/uploads\/2018\/03\/ecf17ff6-299b-4922-a6f0-9432acd84d35-768x576.jpg 768w, https:\/\/lareinanews.cl\/noticias\/wp-content\/uploads\/2018\/03\/ecf17ff6-299b-4922-a6f0-9432acd84d35-678x509.jpg 678w, https:\/\/lareinanews.cl\/noticias\/wp-content\/uploads\/2018\/03\/ecf17ff6-299b-4922-a6f0-9432acd84d35-326x245.jpg 326w, https:\/\/lareinanews.cl\/noticias\/wp-content\/uploads\/2018\/03\/ecf17ff6-299b-4922-a6f0-9432acd84d35-80x60.jpg 80w, https:\/\/lareinanews.cl\/noticias\/wp-content\/uploads\/2018\/03\/ecf17ff6-299b-4922-a6f0-9432acd84d35.jpg 1280w\" sizes=\"auto, (max-width: 1024px) 100vw, 1024px\" \/><\/a><\/p>\n<p><img loading=\"lazy\" decoding=\"async\" class=\"aligncenter wp-image-2379 size-large\" src=\"http:\/\/lareina.news\/noticias\/wp-content\/uploads\/2018\/03\/4ea68e29-84f6-4e02-aa8e-2eb7caecfef0-1024x576.jpg\" alt=\"\" width=\"1024\" height=\"576\" srcset=\"https:\/\/lareinanews.cl\/noticias\/wp-content\/uploads\/2018\/03\/4ea68e29-84f6-4e02-aa8e-2eb7caecfef0-1024x576.jpg 1024w, https:\/\/lareinanews.cl\/noticias\/wp-content\/uploads\/2018\/03\/4ea68e29-84f6-4e02-aa8e-2eb7caecfef0-300x169.jpg 300w, https:\/\/lareinanews.cl\/noticias\/wp-content\/uploads\/2018\/03\/4ea68e29-84f6-4e02-aa8e-2eb7caecfef0-768x432.jpg 768w, https:\/\/lareinanews.cl\/noticias\/wp-content\/uploads\/2018\/03\/4ea68e29-84f6-4e02-aa8e-2eb7caecfef0-678x381.jpg 678w, https:\/\/lareinanews.cl\/noticias\/wp-content\/uploads\/2018\/03\/4ea68e29-84f6-4e02-aa8e-2eb7caecfef0.jpg 1032w\" sizes=\"auto, (max-width: 1024px) 100vw, 1024px\" \/><\/p>\n","protected":false},"excerpt":{"rendered":"<div class=\"mh-excerpt\"><p>Aunque la municipalidad de La Reina ha presentado una \u00abquerella contra quienes resulten responsables\u00ab,\u00a0 vecinos de la comuna consideran esta acci\u00f3n como positiva pero insuficiente, por lo tanto se movilizan para que las empresas sanitarias, <a class=\"mh-excerpt-more\" href=\"https:\/\/lareinanews.cl\/noticias\/index.php\/2018\/03\/26\/la-reina-por-el-agua-limpia\/\" title=\"La Reina por el agua limpia\">[&#8230;]<\/a><\/p>\n<\/div>","protected":false},"author":1,"featured_media":2393,"comment_status":"closed","ping_status":"closed","sticky":false,"template":"","format":"standard","meta":{"_acf_changed":false,"footnotes":""},"categories":[31,2,14],"tags":[170,172,171],"class_list":{"0":"post-2365","1":"post","2":"type-post","3":"status-publish","4":"format-standard","5":"has-post-thumbnail","7":"category-destacados","8":"category-comuna","9":"category-noticias","10":"tag-agua","11":"tag-aguas-andinas","12":"tag-caca"},"acf":[],"yoast_head":"<!-- This site is optimized with the Yoast SEO plugin v27.1.1 - https:\/\/yoast.com\/product\/yoast-seo-wordpress\/ -->\n<title>La Reina por el agua limpia<\/title>\n<meta name=\"robots\" content=\"index, follow, max-snippet:-1, max-image-preview:large, max-video-preview:-1\" \/>\n<link rel=\"canonical\" href=\"https:\/\/lareinanews.cl\/noticias\/index.php\/2018\/03\/26\/la-reina-por-el-agua-limpia\/\" \/>\n<meta property=\"og:locale\" content=\"es_ES\" \/>\n<meta property=\"og:type\" content=\"article\" \/>\n<meta property=\"og:title\" content=\"La Reina por el agua limpia\" \/>\n<meta property=\"og:description\" content=\"Aunque la municipalidad de La Reina ha presentado una \u00abquerella contra quienes resulten responsables\u00ab,\u00a0 vecinos de la comuna consideran esta acci\u00f3n como positiva pero insuficiente, por lo tanto se movilizan para que las empresas sanitarias, [...]\" \/>\n<meta property=\"og:url\" content=\"https:\/\/lareinanews.cl\/noticias\/index.php\/2018\/03\/26\/la-reina-por-el-agua-limpia\/\" \/>\n<meta property=\"og:site_name\" content=\"Noticias La Reina\" \/>\n<meta property=\"article:publisher\" content=\"https:\/\/www.facebook.com\/LaReinaNews\" \/>\n<meta property=\"article:published_time\" content=\"2018-03-26T05:03:07+00:00\" \/>\n<meta property=\"article:modified_time\" content=\"2018-03-27T13:48:43+00:00\" \/>\n<meta property=\"og:image\" content=\"https:\/\/lareinanews.cl\/noticias\/wp-content\/uploads\/2018\/03\/portada-8.png\" \/>\n\t<meta property=\"og:image:width\" content=\"650\" \/>\n\t<meta property=\"og:image:height\" content=\"490\" \/>\n\t<meta property=\"og:image:type\" content=\"image\/png\" \/>\n<meta name=\"author\" content=\"J M Doren\" \/>\n<meta name=\"twitter:card\" content=\"summary_large_image\" \/>\n<meta name=\"twitter:creator\" content=\"@jmdoren\" \/>\n<meta name=\"twitter:label1\" content=\"Escrito por\" \/>\n\t<meta name=\"twitter:data1\" content=\"J M Doren\" \/>\n\t<meta name=\"twitter:label2\" content=\"Tiempo de lectura\" \/>\n\t<meta name=\"twitter:data2\" content=\"2 minutos\" \/>\n<script type=\"application\/ld+json\" class=\"yoast-schema-graph\">{\"@context\":\"https:\/\/schema.org\",\"@graph\":[{\"@type\":\"Article\",\"@id\":\"https:\/\/lareinanews.cl\/noticias\/index.php\/2018\/03\/26\/la-reina-por-el-agua-limpia\/#article\",\"isPartOf\":{\"@id\":\"https:\/\/lareinanews.cl\/noticias\/index.php\/2018\/03\/26\/la-reina-por-el-agua-limpia\/\"},\"author\":{\"name\":\"J M Doren\",\"@id\":\"https:\/\/lareinanews.cl\/noticias\/#\/schema\/person\/c697b5a3c8bc9dd1d94222e2d58209ed\"},\"headline\":\"La Reina por el agua limpia\",\"datePublished\":\"2018-03-26T05:03:07+00:00\",\"dateModified\":\"2018-03-27T13:48:43+00:00\",\"mainEntityOfPage\":{\"@id\":\"https:\/\/lareinanews.cl\/noticias\/index.php\/2018\/03\/26\/la-reina-por-el-agua-limpia\/\"},\"wordCount\":399,\"publisher\":{\"@id\":\"https:\/\/lareinanews.cl\/noticias\/#organization\"},\"image\":{\"@id\":\"https:\/\/lareinanews.cl\/noticias\/index.php\/2018\/03\/26\/la-reina-por-el-agua-limpia\/#primaryimage\"},\"thumbnailUrl\":\"https:\/\/lareinanews.cl\/noticias\/wp-content\/uploads\/2018\/03\/portada-8.png\",\"keywords\":[\"agua\",\"aguas andinas\",\"caca\"],\"articleSection\":[\"Destacados\",\"La Reina\",\"Noticias\"],\"inLanguage\":\"es\"},{\"@type\":\"WebPage\",\"@id\":\"https:\/\/lareinanews.cl\/noticias\/index.php\/2018\/03\/26\/la-reina-por-el-agua-limpia\/\",\"url\":\"https:\/\/lareinanews.cl\/noticias\/index.php\/2018\/03\/26\/la-reina-por-el-agua-limpia\/\",\"name\":\"La Reina por el agua limpia\",\"isPartOf\":{\"@id\":\"https:\/\/lareinanews.cl\/noticias\/#website\"},\"primaryImageOfPage\":{\"@id\":\"https:\/\/lareinanews.cl\/noticias\/index.php\/2018\/03\/26\/la-reina-por-el-agua-limpia\/#primaryimage\"},\"image\":{\"@id\":\"https:\/\/lareinanews.cl\/noticias\/index.php\/2018\/03\/26\/la-reina-por-el-agua-limpia\/#primaryimage\"},\"thumbnailUrl\":\"https:\/\/lareinanews.cl\/noticias\/wp-content\/uploads\/2018\/03\/portada-8.png\",\"datePublished\":\"2018-03-26T05:03:07+00:00\",\"dateModified\":\"2018-03-27T13:48:43+00:00\",\"breadcrumb\":{\"@id\":\"https:\/\/lareinanews.cl\/noticias\/index.php\/2018\/03\/26\/la-reina-por-el-agua-limpia\/#breadcrumb\"},\"inLanguage\":\"es\",\"potentialAction\":[{\"@type\":\"ReadAction\",\"target\":[\"https:\/\/lareinanews.cl\/noticias\/index.php\/2018\/03\/26\/la-reina-por-el-agua-limpia\/\"]}]},{\"@type\":\"ImageObject\",\"inLanguage\":\"es\",\"@id\":\"https:\/\/lareinanews.cl\/noticias\/index.php\/2018\/03\/26\/la-reina-por-el-agua-limpia\/#primaryimage\",\"url\":\"https:\/\/lareinanews.cl\/noticias\/wp-content\/uploads\/2018\/03\/portada-8.png\",\"contentUrl\":\"https:\/\/lareinanews.cl\/noticias\/wp-content\/uploads\/2018\/03\/portada-8.png\",\"width\":650,\"height\":490},{\"@type\":\"BreadcrumbList\",\"@id\":\"https:\/\/lareinanews.cl\/noticias\/index.php\/2018\/03\/26\/la-reina-por-el-agua-limpia\/#breadcrumb\",\"itemListElement\":[{\"@type\":\"ListItem\",\"position\":1,\"name\":\"Inicio\",\"item\":\"https:\/\/lareinanews.cl\/noticias\/\"},{\"@type\":\"ListItem\",\"position\":2,\"name\":\"La Reina por el agua limpia\"}]},{\"@type\":\"WebSite\",\"@id\":\"https:\/\/lareinanews.cl\/noticias\/#website\",\"url\":\"https:\/\/lareinanews.cl\/noticias\/\",\"name\":\"Noticias La Reina\",\"description\":\"LaReina.news\",\"publisher\":{\"@id\":\"https:\/\/lareinanews.cl\/noticias\/#organization\"},\"potentialAction\":[{\"@type\":\"SearchAction\",\"target\":{\"@type\":\"EntryPoint\",\"urlTemplate\":\"https:\/\/lareinanews.cl\/noticias\/?s={search_term_string}\"},\"query-input\":{\"@type\":\"PropertyValueSpecification\",\"valueRequired\":true,\"valueName\":\"search_term_string\"}}],\"inLanguage\":\"es\"},{\"@type\":\"Organization\",\"@id\":\"https:\/\/lareinanews.cl\/noticias\/#organization\",\"name\":\"La Reina.news Peri\u00f3dico comunal de La Reina\",\"url\":\"https:\/\/lareinanews.cl\/noticias\/\",\"logo\":{\"@type\":\"ImageObject\",\"inLanguage\":\"es\",\"@id\":\"https:\/\/lareinanews.cl\/noticias\/#\/schema\/logo\/image\/\",\"url\":\"https:\/\/lareinanews.cl\/noticias\/wp-content\/uploads\/2020\/04\/logo_schema.png\",\"contentUrl\":\"https:\/\/lareinanews.cl\/noticias\/wp-content\/uploads\/2020\/04\/logo_schema.png\",\"width\":640,\"height\":360,\"caption\":\"La Reina.news Peri\u00f3dico comunal de La Reina\"},\"image\":{\"@id\":\"https:\/\/lareinanews.cl\/noticias\/#\/schema\/logo\/image\/\"},\"sameAs\":[\"https:\/\/www.facebook.com\/LaReinaNews\",\"https:\/\/www.instagram.com\/lareinanews\/\"]},{\"@type\":\"Person\",\"@id\":\"https:\/\/lareinanews.cl\/noticias\/#\/schema\/person\/c697b5a3c8bc9dd1d94222e2d58209ed\",\"name\":\"J M Doren\",\"image\":{\"@type\":\"ImageObject\",\"inLanguage\":\"es\",\"@id\":\"https:\/\/lareinanews.cl\/noticias\/#\/schema\/person\/image\/\",\"url\":\"http:\/\/lareina.news\/noticias\/wp-content\/uploads\/2019\/09\/avatar_user_1_1569272876-96x96.png\",\"contentUrl\":\"http:\/\/lareina.news\/noticias\/wp-content\/uploads\/2019\/09\/avatar_user_1_1569272876-96x96.png\",\"caption\":\"J M Doren\"},\"description\":\"Soy ingeniero en inform\u00e1tica, interesado en las humanidades. Fundador y director de La Reina.news y otros medios electr\u00f3nicos. Creo profundamente en que si dejamos de pensar y cuestionar(nos) no hay nada que nos diferencie de los primates. jmdoren@ok.cl Sitios de mi autor&iacute;a\",\"sameAs\":[\"https:\/\/www.ok.cl\/\",\"https:\/\/x.com\/@jmdoren\"],\"url\":\"https:\/\/lareinanews.cl\/noticias\/index.php\/author\/jmdoren\/\"}]}<\/script>\n<!-- \/ Yoast SEO plugin. -->","yoast_head_json":{"title":"La Reina por el agua limpia","robots":{"index":"index","follow":"follow","max-snippet":"max-snippet:-1","max-image-preview":"max-image-preview:large","max-video-preview":"max-video-preview:-1"},"canonical":"https:\/\/lareinanews.cl\/noticias\/index.php\/2018\/03\/26\/la-reina-por-el-agua-limpia\/","og_locale":"es_ES","og_type":"article","og_title":"La Reina por el agua limpia","og_description":"Aunque la municipalidad de La Reina ha presentado una \u00abquerella contra quienes resulten responsables\u00ab,\u00a0 vecinos de la comuna consideran esta acci\u00f3n como positiva pero insuficiente, por lo tanto se movilizan para que las empresas sanitarias, [...]","og_url":"https:\/\/lareinanews.cl\/noticias\/index.php\/2018\/03\/26\/la-reina-por-el-agua-limpia\/","og_site_name":"Noticias La Reina","article_publisher":"https:\/\/www.facebook.com\/LaReinaNews","article_published_time":"2018-03-26T05:03:07+00:00","article_modified_time":"2018-03-27T13:48:43+00:00","og_image":[{"width":650,"height":490,"url":"https:\/\/lareinanews.cl\/noticias\/wp-content\/uploads\/2018\/03\/portada-8.png","type":"image\/png"}],"author":"J M Doren","twitter_card":"summary_large_image","twitter_creator":"@jmdoren","twitter_misc":{"Escrito por":"J M Doren","Tiempo de lectura":"2 minutos"},"schema":{"@context":"https:\/\/schema.org","@graph":[{"@type":"Article","@id":"https:\/\/lareinanews.cl\/noticias\/index.php\/2018\/03\/26\/la-reina-por-el-agua-limpia\/#article","isPartOf":{"@id":"https:\/\/lareinanews.cl\/noticias\/index.php\/2018\/03\/26\/la-reina-por-el-agua-limpia\/"},"author":{"name":"J M Doren","@id":"https:\/\/lareinanews.cl\/noticias\/#\/schema\/person\/c697b5a3c8bc9dd1d94222e2d58209ed"},"headline":"La Reina por el agua limpia","datePublished":"2018-03-26T05:03:07+00:00","dateModified":"2018-03-27T13:48:43+00:00","mainEntityOfPage":{"@id":"https:\/\/lareinanews.cl\/noticias\/index.php\/2018\/03\/26\/la-reina-por-el-agua-limpia\/"},"wordCount":399,"publisher":{"@id":"https:\/\/lareinanews.cl\/noticias\/#organization"},"image":{"@id":"https:\/\/lareinanews.cl\/noticias\/index.php\/2018\/03\/26\/la-reina-por-el-agua-limpia\/#primaryimage"},"thumbnailUrl":"https:\/\/lareinanews.cl\/noticias\/wp-content\/uploads\/2018\/03\/portada-8.png","keywords":["agua","aguas andinas","caca"],"articleSection":["Destacados","La Reina","Noticias"],"inLanguage":"es"},{"@type":"WebPage","@id":"https:\/\/lareinanews.cl\/noticias\/index.php\/2018\/03\/26\/la-reina-por-el-agua-limpia\/","url":"https:\/\/lareinanews.cl\/noticias\/index.php\/2018\/03\/26\/la-reina-por-el-agua-limpia\/","name":"La Reina por el agua limpia","isPartOf":{"@id":"https:\/\/lareinanews.cl\/noticias\/#website"},"primaryImageOfPage":{"@id":"https:\/\/lareinanews.cl\/noticias\/index.php\/2018\/03\/26\/la-reina-por-el-agua-limpia\/#primaryimage"},"image":{"@id":"https:\/\/lareinanews.cl\/noticias\/index.php\/2018\/03\/26\/la-reina-por-el-agua-limpia\/#primaryimage"},"thumbnailUrl":"https:\/\/lareinanews.cl\/noticias\/wp-content\/uploads\/2018\/03\/portada-8.png","datePublished":"2018-03-26T05:03:07+00:00","dateModified":"2018-03-27T13:48:43+00:00","breadcrumb":{"@id":"https:\/\/lareinanews.cl\/noticias\/index.php\/2018\/03\/26\/la-reina-por-el-agua-limpia\/#breadcrumb"},"inLanguage":"es","potentialAction":[{"@type":"ReadAction","target":["https:\/\/lareinanews.cl\/noticias\/index.php\/2018\/03\/26\/la-reina-por-el-agua-limpia\/"]}]},{"@type":"ImageObject","inLanguage":"es","@id":"https:\/\/lareinanews.cl\/noticias\/index.php\/2018\/03\/26\/la-reina-por-el-agua-limpia\/#primaryimage","url":"https:\/\/lareinanews.cl\/noticias\/wp-content\/uploads\/2018\/03\/portada-8.png","contentUrl":"https:\/\/lareinanews.cl\/noticias\/wp-content\/uploads\/2018\/03\/portada-8.png","width":650,"height":490},{"@type":"BreadcrumbList","@id":"https:\/\/lareinanews.cl\/noticias\/index.php\/2018\/03\/26\/la-reina-por-el-agua-limpia\/#breadcrumb","itemListElement":[{"@type":"ListItem","position":1,"name":"Inicio","item":"https:\/\/lareinanews.cl\/noticias\/"},{"@type":"ListItem","position":2,"name":"La Reina por el agua limpia"}]},{"@type":"WebSite","@id":"https:\/\/lareinanews.cl\/noticias\/#website","url":"https:\/\/lareinanews.cl\/noticias\/","name":"Noticias La Reina","description":"LaReina.news","publisher":{"@id":"https:\/\/lareinanews.cl\/noticias\/#organization"},"potentialAction":[{"@type":"SearchAction","target":{"@type":"EntryPoint","urlTemplate":"https:\/\/lareinanews.cl\/noticias\/?s={search_term_string}"},"query-input":{"@type":"PropertyValueSpecification","valueRequired":true,"valueName":"search_term_string"}}],"inLanguage":"es"},{"@type":"Organization","@id":"https:\/\/lareinanews.cl\/noticias\/#organization","name":"La Reina.news Peri\u00f3dico comunal de La Reina","url":"https:\/\/lareinanews.cl\/noticias\/","logo":{"@type":"ImageObject","inLanguage":"es","@id":"https:\/\/lareinanews.cl\/noticias\/#\/schema\/logo\/image\/","url":"https:\/\/lareinanews.cl\/noticias\/wp-content\/uploads\/2020\/04\/logo_schema.png","contentUrl":"https:\/\/lareinanews.cl\/noticias\/wp-content\/uploads\/2020\/04\/logo_schema.png","width":640,"height":360,"caption":"La Reina.news Peri\u00f3dico comunal de La Reina"},"image":{"@id":"https:\/\/lareinanews.cl\/noticias\/#\/schema\/logo\/image\/"},"sameAs":["https:\/\/www.facebook.com\/LaReinaNews","https:\/\/www.instagram.com\/lareinanews\/"]},{"@type":"Person","@id":"https:\/\/lareinanews.cl\/noticias\/#\/schema\/person\/c697b5a3c8bc9dd1d94222e2d58209ed","name":"J M Doren","image":{"@type":"ImageObject","inLanguage":"es","@id":"https:\/\/lareinanews.cl\/noticias\/#\/schema\/person\/image\/","url":"http:\/\/lareina.news\/noticias\/wp-content\/uploads\/2019\/09\/avatar_user_1_1569272876-96x96.png","contentUrl":"http:\/\/lareina.news\/noticias\/wp-content\/uploads\/2019\/09\/avatar_user_1_1569272876-96x96.png","caption":"J M Doren"},"description":"Soy ingeniero en inform\u00e1tica, interesado en las humanidades. Fundador y director de La Reina.news y otros medios electr\u00f3nicos. Creo profundamente en que si dejamos de pensar y cuestionar(nos) no hay nada que nos diferencie de los primates. jmdoren@ok.cl Sitios de mi autor&iacute;a","sameAs":["https:\/\/www.ok.cl\/","https:\/\/x.com\/@jmdoren"],"url":"https:\/\/lareinanews.cl\/noticias\/index.php\/author\/jmdoren\/"}]}},"_links":{"self":[{"href":"https:\/\/lareinanews.cl\/noticias\/index.php\/wp-json\/wp\/v2\/posts\/2365","targetHints":{"allow":["GET"]}}],"collection":[{"href":"https:\/\/lareinanews.cl\/noticias\/index.php\/wp-json\/wp\/v2\/posts"}],"about":[{"href":"https:\/\/lareinanews.cl\/noticias\/index.php\/wp-json\/wp\/v2\/types\/post"}],"author":[{"embeddable":true,"href":"https:\/\/lareinanews.cl\/noticias\/index.php\/wp-json\/wp\/v2\/users\/1"}],"replies":[{"embeddable":true,"href":"https:\/\/lareinanews.cl\/noticias\/index.php\/wp-json\/wp\/v2\/comments?post=2365"}],"version-history":[{"count":18,"href":"https:\/\/lareinanews.cl\/noticias\/index.php\/wp-json\/wp\/v2\/posts\/2365\/revisions"}],"predecessor-version":[{"id":2413,"href":"https:\/\/lareinanews.cl\/noticias\/index.php\/wp-json\/wp\/v2\/posts\/2365\/revisions\/2413"}],"wp:featuredmedia":[{"embeddable":true,"href":"https:\/\/lareinanews.cl\/noticias\/index.php\/wp-json\/wp\/v2\/media\/2393"}],"wp:attachment":[{"href":"https:\/\/lareinanews.cl\/noticias\/index.php\/wp-json\/wp\/v2\/media?parent=2365"}],"wp:term":[{"taxonomy":"category","embeddable":true,"href":"https:\/\/lareinanews.cl\/noticias\/index.php\/wp-json\/wp\/v2\/categories?post=2365"},{"taxonomy":"post_tag","embeddable":true,"href":"https:\/\/lareinanews.cl\/noticias\/index.php\/wp-json\/wp\/v2\/tags?post=2365"}],"curies":[{"name":"wp","href":"https:\/\/api.w.org\/{rel}","templated":true}]}}