{"id":2353,"date":"2018-03-23T19:27:31","date_gmt":"2018-03-23T22:27:31","guid":{"rendered":"http:\/\/lareina.news\/noticias\/?p=2353"},"modified":"2018-03-26T00:04:18","modified_gmt":"2018-03-26T03:04:18","slug":"agua-con-caca-en-la-reina","status":"publish","type":"post","link":"https:\/\/lareinanews.cl\/noticias\/index.php\/2018\/03\/23\/agua-con-caca-en-la-reina\/","title":{"rendered":"Agua con Caca en La Reina, vecinos llaman a protestar"},"content":{"rendered":"<p>No hace falta recordar el episodio que mantuvo largas horas a sectores de La Reina y Las Condes sin agua. El olor a caca, qu\u00edmicos y el color evidenciaban una contaminaci\u00f3n mayor. Pero con medias verdades nos quisieron enga\u00f1ar. Se dijo que el agua nunca revisti\u00f3 peligro para la salud, que no hab\u00eda riesgo bacteriol\u00f3gico y se hablaba de malos olores. Es posible que los qu\u00edmicos hayan matado las bacterias y que en la disoluci\u00f3n no hayan provocado da\u00f1os. Aunque mucho vecinos se quejaron de dolores de est\u00f3mago. Pero la verdad es que una cantidad importante de contaminaci\u00f3n hab\u00eda ingresado a la red y los usuarios no recibimos informaci\u00f3n oportuna ni precisa.<\/p>\n<h2>Lo peligroso<\/h2>\n<p>Lo alarmante es que la contaminaci\u00f3n vino de <strong>alguien que abri\u00f3 una tapa en la calle y tranquilamente vaci\u00f3 el contendido de ba\u00f1os qu\u00edmicos<\/strong>.\u00a0 Las explicaciones que Aguas Andinas debe dar de inmediato es como es posible verter tan f\u00e1cilmente elementos extra\u00f1os al agua potable. Tengo todo el derecho a pensar que eso puede ser una pr\u00e1ctica habitual y que ahora \u00abse les pas\u00f3 la mano\u00bb.<\/p>\n<p>Tambi\u00e9n es l\u00f3gico temer que con esto evidenciado alguien vierta intencionalmente alg\u00fan veneno m\u00e1s concentrado y mueran personas.<\/p>\n<p>Aguas Andinas debe explicar adem\u00e1s los tiempos de respuesta y la metodolog\u00eda que utilizan para medir la calidad del agua frente a emergencias como estas.<\/p>\n<p>Al parecer Aguas Andinas ha desplegado una estrategia comunicacional tendiente a bajar el perfil de este incidente que seg\u00fan ellos, es aislado. Pero hoy es labor de las autoridades exigir a nombre de la comunidad explicaciones, sanciones y especialmente garant\u00edas reales de que sucesos como este no se van a repetir.<\/p>\n<h2>Protesta vecinal<\/h2>\n<p>Como esto no es tolerable los vecinos han decidido protestar pac\u00edficamente contra la empresa \u00absanitaria\u00bb en<strong> frente de la Aldea del Encuentro, donde hay un estanque que abastece a gran parte de la comuna<\/strong>. El encuentro es pac\u00edfico, invitamos a las autoridades comunales a unirse en esta causa que a todos nos afecta.\u00a0 <strong>Nos juntaremos\u00a0 el d\u00eda s\u00e1bado a las 18:00 hrs, avenida Fernando Castillo Velasco ( ex Larra\u00edn ), nro 9750<\/strong><\/p>\n<p>&nbsp;<\/p>\n<p>&nbsp;<\/p>\n<p>&nbsp;<\/p>\n","protected":false},"excerpt":{"rendered":"<div class=\"mh-excerpt\"><p>No hace falta recordar el episodio que mantuvo largas horas a sectores de La Reina y Las Condes sin agua. El olor a caca, qu\u00edmicos y el color evidenciaban una contaminaci\u00f3n mayor. Pero con medias <a class=\"mh-excerpt-more\" href=\"https:\/\/lareinanews.cl\/noticias\/index.php\/2018\/03\/23\/agua-con-caca-en-la-reina\/\" title=\"Agua con Caca en La Reina, vecinos llaman a protestar\">[&#8230;]<\/a><\/p>\n<\/div>","protected":false},"author":1,"featured_media":2356,"comment_status":"closed","ping_status":"closed","sticky":false,"template":"","format":"standard","meta":{"_acf_changed":false,"footnotes":""},"categories":[31,2,14],"tags":[170,172,171,6,151],"class_list":{"0":"post-2353","1":"post","2":"type-post","3":"status-publish","4":"format-standard","5":"has-post-thumbnail","7":"category-destacados","8":"category-comuna","9":"category-noticias","10":"tag-agua","11":"tag-aguas-andinas","12":"tag-caca","13":"tag-comunidad","14":"tag-salud"},"acf":[],"yoast_head":"<!-- This site is optimized with the Yoast SEO plugin v27.1.1 - https:\/\/yoast.com\/product\/yoast-seo-wordpress\/ -->\n<title>Agua con Caca en La Reina, vecinos llaman a protestar<\/title>\n<meta name=\"robots\" content=\"index, follow, max-snippet:-1, max-image-preview:large, max-video-preview:-1\" \/>\n<link rel=\"canonical\" href=\"https:\/\/lareinanews.cl\/noticias\/index.php\/2018\/03\/23\/agua-con-caca-en-la-reina\/\" \/>\n<meta property=\"og:locale\" content=\"es_ES\" \/>\n<meta property=\"og:type\" content=\"article\" \/>\n<meta property=\"og:title\" content=\"Agua con Caca en La Reina, vecinos llaman a protestar\" \/>\n<meta property=\"og:description\" content=\"No hace falta recordar el episodio que mantuvo largas horas a sectores de La Reina y Las Condes sin agua. El olor a caca, qu\u00edmicos y el color evidenciaban una contaminaci\u00f3n mayor. Pero con medias [...]\" \/>\n<meta property=\"og:url\" content=\"https:\/\/lareinanews.cl\/noticias\/index.php\/2018\/03\/23\/agua-con-caca-en-la-reina\/\" \/>\n<meta property=\"og:site_name\" content=\"Noticias La Reina\" \/>\n<meta property=\"article:publisher\" content=\"https:\/\/www.facebook.com\/LaReinaNews\" \/>\n<meta property=\"article:published_time\" content=\"2018-03-23T22:27:31+00:00\" \/>\n<meta property=\"article:modified_time\" content=\"2018-03-26T03:04:18+00:00\" \/>\n<meta property=\"og:image\" content=\"https:\/\/lareinanews.cl\/noticias\/wp-content\/uploads\/2018\/03\/portada-7.png\" \/>\n\t<meta property=\"og:image:width\" content=\"650\" \/>\n\t<meta property=\"og:image:height\" content=\"490\" \/>\n\t<meta property=\"og:image:type\" content=\"image\/png\" \/>\n<meta name=\"author\" content=\"J M Doren\" \/>\n<meta name=\"twitter:card\" content=\"summary_large_image\" \/>\n<meta name=\"twitter:creator\" content=\"@jmdoren\" \/>\n<meta name=\"twitter:label1\" content=\"Escrito por\" \/>\n\t<meta name=\"twitter:data1\" content=\"J M Doren\" \/>\n\t<meta name=\"twitter:label2\" content=\"Tiempo de lectura\" \/>\n\t<meta name=\"twitter:data2\" content=\"2 minutos\" \/>\n<script type=\"application\/ld+json\" class=\"yoast-schema-graph\">{\"@context\":\"https:\/\/schema.org\",\"@graph\":[{\"@type\":\"Article\",\"@id\":\"https:\/\/lareinanews.cl\/noticias\/index.php\/2018\/03\/23\/agua-con-caca-en-la-reina\/#article\",\"isPartOf\":{\"@id\":\"https:\/\/lareinanews.cl\/noticias\/index.php\/2018\/03\/23\/agua-con-caca-en-la-reina\/\"},\"author\":{\"name\":\"J M Doren\",\"@id\":\"https:\/\/lareinanews.cl\/noticias\/#\/schema\/person\/c697b5a3c8bc9dd1d94222e2d58209ed\"},\"headline\":\"Agua con Caca en La Reina, vecinos llaman a protestar\",\"datePublished\":\"2018-03-23T22:27:31+00:00\",\"dateModified\":\"2018-03-26T03:04:18+00:00\",\"mainEntityOfPage\":{\"@id\":\"https:\/\/lareinanews.cl\/noticias\/index.php\/2018\/03\/23\/agua-con-caca-en-la-reina\/\"},\"wordCount\":388,\"publisher\":{\"@id\":\"https:\/\/lareinanews.cl\/noticias\/#organization\"},\"image\":{\"@id\":\"https:\/\/lareinanews.cl\/noticias\/index.php\/2018\/03\/23\/agua-con-caca-en-la-reina\/#primaryimage\"},\"thumbnailUrl\":\"https:\/\/lareinanews.cl\/noticias\/wp-content\/uploads\/2018\/03\/portada-7.png\",\"keywords\":[\"agua\",\"aguas andinas\",\"caca\",\"comunidad\",\"salud\"],\"articleSection\":[\"Destacados\",\"La Reina\",\"Noticias\"],\"inLanguage\":\"es\"},{\"@type\":\"WebPage\",\"@id\":\"https:\/\/lareinanews.cl\/noticias\/index.php\/2018\/03\/23\/agua-con-caca-en-la-reina\/\",\"url\":\"https:\/\/lareinanews.cl\/noticias\/index.php\/2018\/03\/23\/agua-con-caca-en-la-reina\/\",\"name\":\"Agua con Caca en La Reina, vecinos llaman a protestar\",\"isPartOf\":{\"@id\":\"https:\/\/lareinanews.cl\/noticias\/#website\"},\"primaryImageOfPage\":{\"@id\":\"https:\/\/lareinanews.cl\/noticias\/index.php\/2018\/03\/23\/agua-con-caca-en-la-reina\/#primaryimage\"},\"image\":{\"@id\":\"https:\/\/lareinanews.cl\/noticias\/index.php\/2018\/03\/23\/agua-con-caca-en-la-reina\/#primaryimage\"},\"thumbnailUrl\":\"https:\/\/lareinanews.cl\/noticias\/wp-content\/uploads\/2018\/03\/portada-7.png\",\"datePublished\":\"2018-03-23T22:27:31+00:00\",\"dateModified\":\"2018-03-26T03:04:18+00:00\",\"breadcrumb\":{\"@id\":\"https:\/\/lareinanews.cl\/noticias\/index.php\/2018\/03\/23\/agua-con-caca-en-la-reina\/#breadcrumb\"},\"inLanguage\":\"es\",\"potentialAction\":[{\"@type\":\"ReadAction\",\"target\":[\"https:\/\/lareinanews.cl\/noticias\/index.php\/2018\/03\/23\/agua-con-caca-en-la-reina\/\"]}]},{\"@type\":\"ImageObject\",\"inLanguage\":\"es\",\"@id\":\"https:\/\/lareinanews.cl\/noticias\/index.php\/2018\/03\/23\/agua-con-caca-en-la-reina\/#primaryimage\",\"url\":\"https:\/\/lareinanews.cl\/noticias\/wp-content\/uploads\/2018\/03\/portada-7.png\",\"contentUrl\":\"https:\/\/lareinanews.cl\/noticias\/wp-content\/uploads\/2018\/03\/portada-7.png\",\"width\":650,\"height\":490},{\"@type\":\"BreadcrumbList\",\"@id\":\"https:\/\/lareinanews.cl\/noticias\/index.php\/2018\/03\/23\/agua-con-caca-en-la-reina\/#breadcrumb\",\"itemListElement\":[{\"@type\":\"ListItem\",\"position\":1,\"name\":\"Inicio\",\"item\":\"https:\/\/lareinanews.cl\/noticias\/\"},{\"@type\":\"ListItem\",\"position\":2,\"name\":\"Agua con Caca en La Reina, vecinos llaman a protestar\"}]},{\"@type\":\"WebSite\",\"@id\":\"https:\/\/lareinanews.cl\/noticias\/#website\",\"url\":\"https:\/\/lareinanews.cl\/noticias\/\",\"name\":\"Noticias La Reina\",\"description\":\"LaReina.news\",\"publisher\":{\"@id\":\"https:\/\/lareinanews.cl\/noticias\/#organization\"},\"potentialAction\":[{\"@type\":\"SearchAction\",\"target\":{\"@type\":\"EntryPoint\",\"urlTemplate\":\"https:\/\/lareinanews.cl\/noticias\/?s={search_term_string}\"},\"query-input\":{\"@type\":\"PropertyValueSpecification\",\"valueRequired\":true,\"valueName\":\"search_term_string\"}}],\"inLanguage\":\"es\"},{\"@type\":\"Organization\",\"@id\":\"https:\/\/lareinanews.cl\/noticias\/#organization\",\"name\":\"La Reina.news Peri\u00f3dico comunal de La Reina\",\"url\":\"https:\/\/lareinanews.cl\/noticias\/\",\"logo\":{\"@type\":\"ImageObject\",\"inLanguage\":\"es\",\"@id\":\"https:\/\/lareinanews.cl\/noticias\/#\/schema\/logo\/image\/\",\"url\":\"https:\/\/lareinanews.cl\/noticias\/wp-content\/uploads\/2020\/04\/logo_schema.png\",\"contentUrl\":\"https:\/\/lareinanews.cl\/noticias\/wp-content\/uploads\/2020\/04\/logo_schema.png\",\"width\":640,\"height\":360,\"caption\":\"La Reina.news Peri\u00f3dico comunal de La Reina\"},\"image\":{\"@id\":\"https:\/\/lareinanews.cl\/noticias\/#\/schema\/logo\/image\/\"},\"sameAs\":[\"https:\/\/www.facebook.com\/LaReinaNews\",\"https:\/\/www.instagram.com\/lareinanews\/\"]},{\"@type\":\"Person\",\"@id\":\"https:\/\/lareinanews.cl\/noticias\/#\/schema\/person\/c697b5a3c8bc9dd1d94222e2d58209ed\",\"name\":\"J M Doren\",\"image\":{\"@type\":\"ImageObject\",\"inLanguage\":\"es\",\"@id\":\"https:\/\/lareinanews.cl\/noticias\/#\/schema\/person\/image\/\",\"url\":\"http:\/\/lareina.news\/noticias\/wp-content\/uploads\/2019\/09\/avatar_user_1_1569272876-96x96.png\",\"contentUrl\":\"http:\/\/lareina.news\/noticias\/wp-content\/uploads\/2019\/09\/avatar_user_1_1569272876-96x96.png\",\"caption\":\"J M Doren\"},\"description\":\"Soy ingeniero en inform\u00e1tica, interesado en las humanidades. Fundador y director de La Reina.news y otros medios electr\u00f3nicos. Creo profundamente en que si dejamos de pensar y cuestionar(nos) no hay nada que nos diferencie de los primates. jmdoren@ok.cl Sitios de mi autor&iacute;a\",\"sameAs\":[\"https:\/\/www.ok.cl\/\",\"https:\/\/x.com\/@jmdoren\"],\"url\":\"https:\/\/lareinanews.cl\/noticias\/index.php\/author\/jmdoren\/\"}]}<\/script>\n<!-- \/ Yoast SEO plugin. -->","yoast_head_json":{"title":"Agua con Caca en La Reina, vecinos llaman a protestar","robots":{"index":"index","follow":"follow","max-snippet":"max-snippet:-1","max-image-preview":"max-image-preview:large","max-video-preview":"max-video-preview:-1"},"canonical":"https:\/\/lareinanews.cl\/noticias\/index.php\/2018\/03\/23\/agua-con-caca-en-la-reina\/","og_locale":"es_ES","og_type":"article","og_title":"Agua con Caca en La Reina, vecinos llaman a protestar","og_description":"No hace falta recordar el episodio que mantuvo largas horas a sectores de La Reina y Las Condes sin agua. El olor a caca, qu\u00edmicos y el color evidenciaban una contaminaci\u00f3n mayor. Pero con medias [...]","og_url":"https:\/\/lareinanews.cl\/noticias\/index.php\/2018\/03\/23\/agua-con-caca-en-la-reina\/","og_site_name":"Noticias La Reina","article_publisher":"https:\/\/www.facebook.com\/LaReinaNews","article_published_time":"2018-03-23T22:27:31+00:00","article_modified_time":"2018-03-26T03:04:18+00:00","og_image":[{"width":650,"height":490,"url":"https:\/\/lareinanews.cl\/noticias\/wp-content\/uploads\/2018\/03\/portada-7.png","type":"image\/png"}],"author":"J M Doren","twitter_card":"summary_large_image","twitter_creator":"@jmdoren","twitter_misc":{"Escrito por":"J M Doren","Tiempo de lectura":"2 minutos"},"schema":{"@context":"https:\/\/schema.org","@graph":[{"@type":"Article","@id":"https:\/\/lareinanews.cl\/noticias\/index.php\/2018\/03\/23\/agua-con-caca-en-la-reina\/#article","isPartOf":{"@id":"https:\/\/lareinanews.cl\/noticias\/index.php\/2018\/03\/23\/agua-con-caca-en-la-reina\/"},"author":{"name":"J M Doren","@id":"https:\/\/lareinanews.cl\/noticias\/#\/schema\/person\/c697b5a3c8bc9dd1d94222e2d58209ed"},"headline":"Agua con Caca en La Reina, vecinos llaman a protestar","datePublished":"2018-03-23T22:27:31+00:00","dateModified":"2018-03-26T03:04:18+00:00","mainEntityOfPage":{"@id":"https:\/\/lareinanews.cl\/noticias\/index.php\/2018\/03\/23\/agua-con-caca-en-la-reina\/"},"wordCount":388,"publisher":{"@id":"https:\/\/lareinanews.cl\/noticias\/#organization"},"image":{"@id":"https:\/\/lareinanews.cl\/noticias\/index.php\/2018\/03\/23\/agua-con-caca-en-la-reina\/#primaryimage"},"thumbnailUrl":"https:\/\/lareinanews.cl\/noticias\/wp-content\/uploads\/2018\/03\/portada-7.png","keywords":["agua","aguas andinas","caca","comunidad","salud"],"articleSection":["Destacados","La Reina","Noticias"],"inLanguage":"es"},{"@type":"WebPage","@id":"https:\/\/lareinanews.cl\/noticias\/index.php\/2018\/03\/23\/agua-con-caca-en-la-reina\/","url":"https:\/\/lareinanews.cl\/noticias\/index.php\/2018\/03\/23\/agua-con-caca-en-la-reina\/","name":"Agua con Caca en La Reina, vecinos llaman a protestar","isPartOf":{"@id":"https:\/\/lareinanews.cl\/noticias\/#website"},"primaryImageOfPage":{"@id":"https:\/\/lareinanews.cl\/noticias\/index.php\/2018\/03\/23\/agua-con-caca-en-la-reina\/#primaryimage"},"image":{"@id":"https:\/\/lareinanews.cl\/noticias\/index.php\/2018\/03\/23\/agua-con-caca-en-la-reina\/#primaryimage"},"thumbnailUrl":"https:\/\/lareinanews.cl\/noticias\/wp-content\/uploads\/2018\/03\/portada-7.png","datePublished":"2018-03-23T22:27:31+00:00","dateModified":"2018-03-26T03:04:18+00:00","breadcrumb":{"@id":"https:\/\/lareinanews.cl\/noticias\/index.php\/2018\/03\/23\/agua-con-caca-en-la-reina\/#breadcrumb"},"inLanguage":"es","potentialAction":[{"@type":"ReadAction","target":["https:\/\/lareinanews.cl\/noticias\/index.php\/2018\/03\/23\/agua-con-caca-en-la-reina\/"]}]},{"@type":"ImageObject","inLanguage":"es","@id":"https:\/\/lareinanews.cl\/noticias\/index.php\/2018\/03\/23\/agua-con-caca-en-la-reina\/#primaryimage","url":"https:\/\/lareinanews.cl\/noticias\/wp-content\/uploads\/2018\/03\/portada-7.png","contentUrl":"https:\/\/lareinanews.cl\/noticias\/wp-content\/uploads\/2018\/03\/portada-7.png","width":650,"height":490},{"@type":"BreadcrumbList","@id":"https:\/\/lareinanews.cl\/noticias\/index.php\/2018\/03\/23\/agua-con-caca-en-la-reina\/#breadcrumb","itemListElement":[{"@type":"ListItem","position":1,"name":"Inicio","item":"https:\/\/lareinanews.cl\/noticias\/"},{"@type":"ListItem","position":2,"name":"Agua con Caca en La Reina, vecinos llaman a protestar"}]},{"@type":"WebSite","@id":"https:\/\/lareinanews.cl\/noticias\/#website","url":"https:\/\/lareinanews.cl\/noticias\/","name":"Noticias La Reina","description":"LaReina.news","publisher":{"@id":"https:\/\/lareinanews.cl\/noticias\/#organization"},"potentialAction":[{"@type":"SearchAction","target":{"@type":"EntryPoint","urlTemplate":"https:\/\/lareinanews.cl\/noticias\/?s={search_term_string}"},"query-input":{"@type":"PropertyValueSpecification","valueRequired":true,"valueName":"search_term_string"}}],"inLanguage":"es"},{"@type":"Organization","@id":"https:\/\/lareinanews.cl\/noticias\/#organization","name":"La Reina.news Peri\u00f3dico comunal de La Reina","url":"https:\/\/lareinanews.cl\/noticias\/","logo":{"@type":"ImageObject","inLanguage":"es","@id":"https:\/\/lareinanews.cl\/noticias\/#\/schema\/logo\/image\/","url":"https:\/\/lareinanews.cl\/noticias\/wp-content\/uploads\/2020\/04\/logo_schema.png","contentUrl":"https:\/\/lareinanews.cl\/noticias\/wp-content\/uploads\/2020\/04\/logo_schema.png","width":640,"height":360,"caption":"La Reina.news Peri\u00f3dico comunal de La Reina"},"image":{"@id":"https:\/\/lareinanews.cl\/noticias\/#\/schema\/logo\/image\/"},"sameAs":["https:\/\/www.facebook.com\/LaReinaNews","https:\/\/www.instagram.com\/lareinanews\/"]},{"@type":"Person","@id":"https:\/\/lareinanews.cl\/noticias\/#\/schema\/person\/c697b5a3c8bc9dd1d94222e2d58209ed","name":"J M Doren","image":{"@type":"ImageObject","inLanguage":"es","@id":"https:\/\/lareinanews.cl\/noticias\/#\/schema\/person\/image\/","url":"http:\/\/lareina.news\/noticias\/wp-content\/uploads\/2019\/09\/avatar_user_1_1569272876-96x96.png","contentUrl":"http:\/\/lareina.news\/noticias\/wp-content\/uploads\/2019\/09\/avatar_user_1_1569272876-96x96.png","caption":"J M Doren"},"description":"Soy ingeniero en inform\u00e1tica, interesado en las humanidades. Fundador y director de La Reina.news y otros medios electr\u00f3nicos. Creo profundamente en que si dejamos de pensar y cuestionar(nos) no hay nada que nos diferencie de los primates. jmdoren@ok.cl Sitios de mi autor&iacute;a","sameAs":["https:\/\/www.ok.cl\/","https:\/\/x.com\/@jmdoren"],"url":"https:\/\/lareinanews.cl\/noticias\/index.php\/author\/jmdoren\/"}]}},"_links":{"self":[{"href":"https:\/\/lareinanews.cl\/noticias\/index.php\/wp-json\/wp\/v2\/posts\/2353","targetHints":{"allow":["GET"]}}],"collection":[{"href":"https:\/\/lareinanews.cl\/noticias\/index.php\/wp-json\/wp\/v2\/posts"}],"about":[{"href":"https:\/\/lareinanews.cl\/noticias\/index.php\/wp-json\/wp\/v2\/types\/post"}],"author":[{"embeddable":true,"href":"https:\/\/lareinanews.cl\/noticias\/index.php\/wp-json\/wp\/v2\/users\/1"}],"replies":[{"embeddable":true,"href":"https:\/\/lareinanews.cl\/noticias\/index.php\/wp-json\/wp\/v2\/comments?post=2353"}],"version-history":[{"count":8,"href":"https:\/\/lareinanews.cl\/noticias\/index.php\/wp-json\/wp\/v2\/posts\/2353\/revisions"}],"predecessor-version":[{"id":2362,"href":"https:\/\/lareinanews.cl\/noticias\/index.php\/wp-json\/wp\/v2\/posts\/2353\/revisions\/2362"}],"wp:featuredmedia":[{"embeddable":true,"href":"https:\/\/lareinanews.cl\/noticias\/index.php\/wp-json\/wp\/v2\/media\/2356"}],"wp:attachment":[{"href":"https:\/\/lareinanews.cl\/noticias\/index.php\/wp-json\/wp\/v2\/media?parent=2353"}],"wp:term":[{"taxonomy":"category","embeddable":true,"href":"https:\/\/lareinanews.cl\/noticias\/index.php\/wp-json\/wp\/v2\/categories?post=2353"},{"taxonomy":"post_tag","embeddable":true,"href":"https:\/\/lareinanews.cl\/noticias\/index.php\/wp-json\/wp\/v2\/tags?post=2353"}],"curies":[{"name":"wp","href":"https:\/\/api.w.org\/{rel}","templated":true}]}}