{"id":2270,"date":"2018-03-16T15:50:25","date_gmt":"2018-03-16T18:50:25","guid":{"rendered":"http:\/\/lareina.news\/noticias\/?p=2270"},"modified":"2018-03-16T15:50:25","modified_gmt":"2018-03-16T18:50:25","slug":"declaracion-publica","status":"publish","type":"post","link":"https:\/\/lareinanews.cl\/noticias\/index.php\/2018\/03\/16\/declaracion-publica\/","title":{"rendered":"DECLARACI\u00d3N P\u00daBLICA"},"content":{"rendered":"<p>DECLARACI\u00d3N P\u00daBLICA POR <a href=\"\/noticias\/index.php\/2018\/03\/15\/removido-director-de-corp-desarrollo\/\" target=\"_blank\" rel=\"noopener\">DESVINCULACI\u00d3N DE OPERADOR POL\u00cdTICO EN CORPORACI\u00d3N DE DESARROLLO<\/a> DE LA REINA<\/p>\n<p>Respecto de la desvinculaci\u00f3n del hasta hoy Director de la Corporaci\u00f3n de Desarrollo de La Reina, por parte del Alcalde Palacios, declaramos lo siguiente:<\/p>\n<p>Durante la sesi\u00f3n de Concejo Municipal del Martes 13 de Marzo, se evidenci\u00f3 un conflicto entre el Director de Salud y el Director Ejecutivo de la Corporaci\u00f3n de Desarrollo de La Reina, que se arrastraba hace meses. Dicha sit<span class=\"text_exposed_show\">uaci\u00f3n, de origen meramente pol\u00edtico, afecta la calidad del servicio de Salud y Educaci\u00f3n que la Corporaci\u00f3n entrega a vecinos y vecinas. Sin ir m\u00e1s lejos el d\u00eda de hoy funcionarios partidarios del Director saliente dejaron sus puestos de trabajo para manifestarse en contra de la medida.<\/span><\/p>\n<div class=\"text_exposed_show\">\n<p>El Alcalde Palacios ha solicitado la renuncia del Director de la Corporaci\u00f3n, hecho que valoramos pero que se pudo hacer antes, considerando que el nombramiento del funcionario obedec\u00eda exclusivamente a razones pol\u00edticas, y no a su idoneidad para el cargo.<\/p>\n<p>La Corporaci\u00f3n estaba en manos del ala m\u00e1s dura de la UDI, y eso provoc\u00f3 que se convirtiera en la caja de pagos de favores pol\u00edticos de un gran n\u00famero de partidarios de Jos\u00e9 Antonio Kast y miembros de la Fundaci\u00f3n Jaime Guzm\u00e1n (Direcci\u00f3n de Finanzas, Direcci\u00f3n de Educaci\u00f3n, entre otros funcionarios).<\/p>\n<p>Resulta a lo menos contradictorio que luego de los dichos anti \u201cpitutos\u201d y \u201camiguismos\u201d del se\u00f1or Kast, sus operadores se hayan instalado en la Corporaci\u00f3n de Desarrollo de La Reina, perjudicando el servicio prestado a vecinos y vecinas de La Reina.<\/p>\n<p>Al respecto, hacemos presente que la actual legislaci\u00f3n hace imposible que el Concejo Municipal pueda fiscalizar en un 100% lo que ocurre en las Corporaciones Municipales. Concejales y concejalas s\u00f3lo tienen la atribuci\u00f3n de fiscalizar la subvenci\u00f3n que entregan las Municipalidades a las Corporaciones, pese a que \u00e9stas manejan much\u00edsimos recursos provenientes tanto del Municipio como del Ministerio de Salud y Ministerio de Educaci\u00f3n.<\/p>\n<p>Cuando las instituciones no pueden ser fiscalizadas se convierten en instrumentos ideales para pagar favores o financiar operadores pol\u00edticos que poco o nada aportan a la actividad de las Municipalidades.<\/p>\n<p>Nos preocupa esta situaci\u00f3n, porque las Corporaciones Municipales se han transformado en cajas negras, m\u00e1s all\u00e1 de las administraciones de turno, de cualquier color pol\u00edtico, y es impresentable que la legislaci\u00f3n permita que instituciones de derecho privado gestionen de esa forma los recursos p\u00fablicos.<\/p>\n<p>Valoramos la desvinculaci\u00f3n del referido Director Ejecutivo, pero esperamos que a futuro estas controversias de operadores pol\u00edticos no sigan afectando servicios que son un derecho para la comunidad de La Reina.<\/p>\n<p>Revoluci\u00f3n Democr\u00e1tica La Reina<\/p>\n<\/div>\n","protected":false},"excerpt":{"rendered":"<div class=\"mh-excerpt\"><p>DECLARACI\u00d3N P\u00daBLICA POR DESVINCULACI\u00d3N DE OPERADOR POL\u00cdTICO EN CORPORACI\u00d3N DE DESARROLLO DE LA REINA Respecto de la desvinculaci\u00f3n del hasta hoy Director de la Corporaci\u00f3n de Desarrollo de La Reina, por parte del Alcalde Palacios, <a class=\"mh-excerpt-more\" href=\"https:\/\/lareinanews.cl\/noticias\/index.php\/2018\/03\/16\/declaracion-publica\/\" title=\"DECLARACI\u00d3N P\u00daBLICA\">[&#8230;]<\/a><\/p>\n<\/div>","protected":false},"author":4,"featured_media":2271,"comment_status":"closed","ping_status":"closed","sticky":false,"template":"","format":"standard","meta":{"_acf_changed":false,"footnotes":""},"categories":[18,31,2,14],"tags":[16,169,4],"class_list":{"0":"post-2270","1":"post","2":"type-post","3":"status-publish","4":"format-standard","5":"has-post-thumbnail","7":"category-columnas","8":"category-destacados","9":"category-comuna","10":"category-noticias","11":"tag-concejales","12":"tag-corporaciones","13":"tag-la-reina"},"acf":[],"yoast_head":"<!-- This site is optimized with the Yoast SEO plugin v27.1.1 - https:\/\/yoast.com\/product\/yoast-seo-wordpress\/ -->\n<title>DECLARACI\u00d3N P\u00daBLICA<\/title>\n<meta name=\"robots\" content=\"index, follow, max-snippet:-1, max-image-preview:large, max-video-preview:-1\" \/>\n<link rel=\"canonical\" href=\"https:\/\/lareinanews.cl\/noticias\/index.php\/2018\/03\/16\/declaracion-publica\/\" \/>\n<meta property=\"og:locale\" content=\"es_ES\" \/>\n<meta property=\"og:type\" content=\"article\" \/>\n<meta property=\"og:title\" content=\"DECLARACI\u00d3N P\u00daBLICA\" \/>\n<meta property=\"og:description\" content=\"DECLARACI\u00d3N P\u00daBLICA POR DESVINCULACI\u00d3N DE OPERADOR POL\u00cdTICO EN CORPORACI\u00d3N DE DESARROLLO DE LA REINA Respecto de la desvinculaci\u00f3n del hasta hoy Director de la Corporaci\u00f3n de Desarrollo de La Reina, por parte del Alcalde Palacios, [...]\" \/>\n<meta property=\"og:url\" content=\"https:\/\/lareinanews.cl\/noticias\/index.php\/2018\/03\/16\/declaracion-publica\/\" \/>\n<meta property=\"og:site_name\" content=\"Noticias La Reina\" \/>\n<meta property=\"article:publisher\" content=\"https:\/\/www.facebook.com\/LaReinaNews\" \/>\n<meta property=\"article:author\" content=\"https:\/\/www.facebook.com\/mcatarubio\" \/>\n<meta property=\"article:published_time\" content=\"2018-03-16T18:50:25+00:00\" \/>\n<meta property=\"og:image\" content=\"https:\/\/lareinanews.cl\/noticias\/wp-content\/uploads\/2018\/03\/DeclaracionPublica.png\" \/>\n\t<meta property=\"og:image:width\" content=\"650\" \/>\n\t<meta property=\"og:image:height\" content=\"490\" \/>\n\t<meta property=\"og:image:type\" content=\"image\/png\" \/>\n<meta name=\"author\" content=\"Catalina Rubio\" \/>\n<meta name=\"twitter:card\" content=\"summary_large_image\" \/>\n<meta name=\"twitter:creator\" content=\"@https:\/\/twitter.com\/mcatarubio\" \/>\n<meta name=\"twitter:label1\" content=\"Escrito por\" \/>\n\t<meta name=\"twitter:data1\" content=\"Catalina Rubio\" \/>\n\t<meta name=\"twitter:label2\" content=\"Tiempo de lectura\" \/>\n\t<meta name=\"twitter:data2\" content=\"2 minutos\" \/>\n<script type=\"application\/ld+json\" class=\"yoast-schema-graph\">{\"@context\":\"https:\/\/schema.org\",\"@graph\":[{\"@type\":\"Article\",\"@id\":\"https:\/\/lareinanews.cl\/noticias\/index.php\/2018\/03\/16\/declaracion-publica\/#article\",\"isPartOf\":{\"@id\":\"https:\/\/lareinanews.cl\/noticias\/index.php\/2018\/03\/16\/declaracion-publica\/\"},\"author\":{\"name\":\"Catalina Rubio\",\"@id\":\"https:\/\/lareinanews.cl\/noticias\/#\/schema\/person\/abcb43dc7d25767b7c0042b415909358\"},\"headline\":\"DECLARACI\u00d3N P\u00daBLICA\",\"datePublished\":\"2018-03-16T18:50:25+00:00\",\"mainEntityOfPage\":{\"@id\":\"https:\/\/lareinanews.cl\/noticias\/index.php\/2018\/03\/16\/declaracion-publica\/\"},\"wordCount\":476,\"publisher\":{\"@id\":\"https:\/\/lareinanews.cl\/noticias\/#organization\"},\"image\":{\"@id\":\"https:\/\/lareinanews.cl\/noticias\/index.php\/2018\/03\/16\/declaracion-publica\/#primaryimage\"},\"thumbnailUrl\":\"https:\/\/lareinanews.cl\/noticias\/wp-content\/uploads\/2018\/03\/DeclaracionPublica.png\",\"keywords\":[\"concejales\",\"corporaciones\",\"la reina\"],\"articleSection\":[\"Columnas\",\"Destacados\",\"La Reina\",\"Noticias\"],\"inLanguage\":\"es\"},{\"@type\":\"WebPage\",\"@id\":\"https:\/\/lareinanews.cl\/noticias\/index.php\/2018\/03\/16\/declaracion-publica\/\",\"url\":\"https:\/\/lareinanews.cl\/noticias\/index.php\/2018\/03\/16\/declaracion-publica\/\",\"name\":\"DECLARACI\u00d3N P\u00daBLICA\",\"isPartOf\":{\"@id\":\"https:\/\/lareinanews.cl\/noticias\/#website\"},\"primaryImageOfPage\":{\"@id\":\"https:\/\/lareinanews.cl\/noticias\/index.php\/2018\/03\/16\/declaracion-publica\/#primaryimage\"},\"image\":{\"@id\":\"https:\/\/lareinanews.cl\/noticias\/index.php\/2018\/03\/16\/declaracion-publica\/#primaryimage\"},\"thumbnailUrl\":\"https:\/\/lareinanews.cl\/noticias\/wp-content\/uploads\/2018\/03\/DeclaracionPublica.png\",\"datePublished\":\"2018-03-16T18:50:25+00:00\",\"breadcrumb\":{\"@id\":\"https:\/\/lareinanews.cl\/noticias\/index.php\/2018\/03\/16\/declaracion-publica\/#breadcrumb\"},\"inLanguage\":\"es\",\"potentialAction\":[{\"@type\":\"ReadAction\",\"target\":[\"https:\/\/lareinanews.cl\/noticias\/index.php\/2018\/03\/16\/declaracion-publica\/\"]}]},{\"@type\":\"ImageObject\",\"inLanguage\":\"es\",\"@id\":\"https:\/\/lareinanews.cl\/noticias\/index.php\/2018\/03\/16\/declaracion-publica\/#primaryimage\",\"url\":\"https:\/\/lareinanews.cl\/noticias\/wp-content\/uploads\/2018\/03\/DeclaracionPublica.png\",\"contentUrl\":\"https:\/\/lareinanews.cl\/noticias\/wp-content\/uploads\/2018\/03\/DeclaracionPublica.png\",\"width\":650,\"height\":490},{\"@type\":\"BreadcrumbList\",\"@id\":\"https:\/\/lareinanews.cl\/noticias\/index.php\/2018\/03\/16\/declaracion-publica\/#breadcrumb\",\"itemListElement\":[{\"@type\":\"ListItem\",\"position\":1,\"name\":\"Inicio\",\"item\":\"https:\/\/lareinanews.cl\/noticias\/\"},{\"@type\":\"ListItem\",\"position\":2,\"name\":\"DECLARACI\u00d3N P\u00daBLICA\"}]},{\"@type\":\"WebSite\",\"@id\":\"https:\/\/lareinanews.cl\/noticias\/#website\",\"url\":\"https:\/\/lareinanews.cl\/noticias\/\",\"name\":\"Noticias La Reina\",\"description\":\"LaReina.news\",\"publisher\":{\"@id\":\"https:\/\/lareinanews.cl\/noticias\/#organization\"},\"potentialAction\":[{\"@type\":\"SearchAction\",\"target\":{\"@type\":\"EntryPoint\",\"urlTemplate\":\"https:\/\/lareinanews.cl\/noticias\/?s={search_term_string}\"},\"query-input\":{\"@type\":\"PropertyValueSpecification\",\"valueRequired\":true,\"valueName\":\"search_term_string\"}}],\"inLanguage\":\"es\"},{\"@type\":\"Organization\",\"@id\":\"https:\/\/lareinanews.cl\/noticias\/#organization\",\"name\":\"La Reina.news Peri\u00f3dico comunal de La Reina\",\"url\":\"https:\/\/lareinanews.cl\/noticias\/\",\"logo\":{\"@type\":\"ImageObject\",\"inLanguage\":\"es\",\"@id\":\"https:\/\/lareinanews.cl\/noticias\/#\/schema\/logo\/image\/\",\"url\":\"https:\/\/lareinanews.cl\/noticias\/wp-content\/uploads\/2020\/04\/logo_schema.png\",\"contentUrl\":\"https:\/\/lareinanews.cl\/noticias\/wp-content\/uploads\/2020\/04\/logo_schema.png\",\"width\":640,\"height\":360,\"caption\":\"La Reina.news Peri\u00f3dico comunal de La Reina\"},\"image\":{\"@id\":\"https:\/\/lareinanews.cl\/noticias\/#\/schema\/logo\/image\/\"},\"sameAs\":[\"https:\/\/www.facebook.com\/LaReinaNews\",\"https:\/\/www.instagram.com\/lareinanews\/\"]},{\"@type\":\"Person\",\"@id\":\"https:\/\/lareinanews.cl\/noticias\/#\/schema\/person\/abcb43dc7d25767b7c0042b415909358\",\"name\":\"Catalina Rubio\",\"image\":{\"@type\":\"ImageObject\",\"inLanguage\":\"es\",\"@id\":\"https:\/\/lareinanews.cl\/noticias\/#\/schema\/person\/image\/\",\"url\":\"https:\/\/lareina.news\/noticias\/wp-content\/uploads\/2020\/12\/avatar_user_4_1607433124-96x96.jpg\",\"contentUrl\":\"https:\/\/lareina.news\/noticias\/wp-content\/uploads\/2020\/12\/avatar_user_4_1607433124-96x96.jpg\",\"caption\":\"Catalina Rubio\"},\"description\":\"Reinina ?. Economista y Magister en Pol\u00edticas P\u00fablicas, U. de Chile. Concejala en @MuniLaReina 2016-2020. Miembro de @RdLaReina #NuevaEdP\u00fablicaAhora P\u00e1gina Personal\",\"sameAs\":[\"https:\/\/www.catalinarubio.cl\/\",\"https:\/\/www.facebook.com\/mcatarubio\",\"https:\/\/www.instagram.com\/mcatarubio\/\",\"https:\/\/x.com\/https:\/\/twitter.com\/mcatarubio\"],\"url\":\"https:\/\/lareinanews.cl\/noticias\/index.php\/author\/catarubio\/\"}]}<\/script>\n<!-- \/ Yoast SEO plugin. -->","yoast_head_json":{"title":"DECLARACI\u00d3N P\u00daBLICA","robots":{"index":"index","follow":"follow","max-snippet":"max-snippet:-1","max-image-preview":"max-image-preview:large","max-video-preview":"max-video-preview:-1"},"canonical":"https:\/\/lareinanews.cl\/noticias\/index.php\/2018\/03\/16\/declaracion-publica\/","og_locale":"es_ES","og_type":"article","og_title":"DECLARACI\u00d3N P\u00daBLICA","og_description":"DECLARACI\u00d3N P\u00daBLICA POR DESVINCULACI\u00d3N DE OPERADOR POL\u00cdTICO EN CORPORACI\u00d3N DE DESARROLLO DE LA REINA Respecto de la desvinculaci\u00f3n del hasta hoy Director de la Corporaci\u00f3n de Desarrollo de La Reina, por parte del Alcalde Palacios, [...]","og_url":"https:\/\/lareinanews.cl\/noticias\/index.php\/2018\/03\/16\/declaracion-publica\/","og_site_name":"Noticias La Reina","article_publisher":"https:\/\/www.facebook.com\/LaReinaNews","article_author":"https:\/\/www.facebook.com\/mcatarubio","article_published_time":"2018-03-16T18:50:25+00:00","og_image":[{"width":650,"height":490,"url":"https:\/\/lareinanews.cl\/noticias\/wp-content\/uploads\/2018\/03\/DeclaracionPublica.png","type":"image\/png"}],"author":"Catalina Rubio","twitter_card":"summary_large_image","twitter_creator":"@https:\/\/twitter.com\/mcatarubio","twitter_misc":{"Escrito por":"Catalina Rubio","Tiempo de lectura":"2 minutos"},"schema":{"@context":"https:\/\/schema.org","@graph":[{"@type":"Article","@id":"https:\/\/lareinanews.cl\/noticias\/index.php\/2018\/03\/16\/declaracion-publica\/#article","isPartOf":{"@id":"https:\/\/lareinanews.cl\/noticias\/index.php\/2018\/03\/16\/declaracion-publica\/"},"author":{"name":"Catalina Rubio","@id":"https:\/\/lareinanews.cl\/noticias\/#\/schema\/person\/abcb43dc7d25767b7c0042b415909358"},"headline":"DECLARACI\u00d3N P\u00daBLICA","datePublished":"2018-03-16T18:50:25+00:00","mainEntityOfPage":{"@id":"https:\/\/lareinanews.cl\/noticias\/index.php\/2018\/03\/16\/declaracion-publica\/"},"wordCount":476,"publisher":{"@id":"https:\/\/lareinanews.cl\/noticias\/#organization"},"image":{"@id":"https:\/\/lareinanews.cl\/noticias\/index.php\/2018\/03\/16\/declaracion-publica\/#primaryimage"},"thumbnailUrl":"https:\/\/lareinanews.cl\/noticias\/wp-content\/uploads\/2018\/03\/DeclaracionPublica.png","keywords":["concejales","corporaciones","la reina"],"articleSection":["Columnas","Destacados","La Reina","Noticias"],"inLanguage":"es"},{"@type":"WebPage","@id":"https:\/\/lareinanews.cl\/noticias\/index.php\/2018\/03\/16\/declaracion-publica\/","url":"https:\/\/lareinanews.cl\/noticias\/index.php\/2018\/03\/16\/declaracion-publica\/","name":"DECLARACI\u00d3N P\u00daBLICA","isPartOf":{"@id":"https:\/\/lareinanews.cl\/noticias\/#website"},"primaryImageOfPage":{"@id":"https:\/\/lareinanews.cl\/noticias\/index.php\/2018\/03\/16\/declaracion-publica\/#primaryimage"},"image":{"@id":"https:\/\/lareinanews.cl\/noticias\/index.php\/2018\/03\/16\/declaracion-publica\/#primaryimage"},"thumbnailUrl":"https:\/\/lareinanews.cl\/noticias\/wp-content\/uploads\/2018\/03\/DeclaracionPublica.png","datePublished":"2018-03-16T18:50:25+00:00","breadcrumb":{"@id":"https:\/\/lareinanews.cl\/noticias\/index.php\/2018\/03\/16\/declaracion-publica\/#breadcrumb"},"inLanguage":"es","potentialAction":[{"@type":"ReadAction","target":["https:\/\/lareinanews.cl\/noticias\/index.php\/2018\/03\/16\/declaracion-publica\/"]}]},{"@type":"ImageObject","inLanguage":"es","@id":"https:\/\/lareinanews.cl\/noticias\/index.php\/2018\/03\/16\/declaracion-publica\/#primaryimage","url":"https:\/\/lareinanews.cl\/noticias\/wp-content\/uploads\/2018\/03\/DeclaracionPublica.png","contentUrl":"https:\/\/lareinanews.cl\/noticias\/wp-content\/uploads\/2018\/03\/DeclaracionPublica.png","width":650,"height":490},{"@type":"BreadcrumbList","@id":"https:\/\/lareinanews.cl\/noticias\/index.php\/2018\/03\/16\/declaracion-publica\/#breadcrumb","itemListElement":[{"@type":"ListItem","position":1,"name":"Inicio","item":"https:\/\/lareinanews.cl\/noticias\/"},{"@type":"ListItem","position":2,"name":"DECLARACI\u00d3N P\u00daBLICA"}]},{"@type":"WebSite","@id":"https:\/\/lareinanews.cl\/noticias\/#website","url":"https:\/\/lareinanews.cl\/noticias\/","name":"Noticias La Reina","description":"LaReina.news","publisher":{"@id":"https:\/\/lareinanews.cl\/noticias\/#organization"},"potentialAction":[{"@type":"SearchAction","target":{"@type":"EntryPoint","urlTemplate":"https:\/\/lareinanews.cl\/noticias\/?s={search_term_string}"},"query-input":{"@type":"PropertyValueSpecification","valueRequired":true,"valueName":"search_term_string"}}],"inLanguage":"es"},{"@type":"Organization","@id":"https:\/\/lareinanews.cl\/noticias\/#organization","name":"La Reina.news Peri\u00f3dico comunal de La Reina","url":"https:\/\/lareinanews.cl\/noticias\/","logo":{"@type":"ImageObject","inLanguage":"es","@id":"https:\/\/lareinanews.cl\/noticias\/#\/schema\/logo\/image\/","url":"https:\/\/lareinanews.cl\/noticias\/wp-content\/uploads\/2020\/04\/logo_schema.png","contentUrl":"https:\/\/lareinanews.cl\/noticias\/wp-content\/uploads\/2020\/04\/logo_schema.png","width":640,"height":360,"caption":"La Reina.news Peri\u00f3dico comunal de La Reina"},"image":{"@id":"https:\/\/lareinanews.cl\/noticias\/#\/schema\/logo\/image\/"},"sameAs":["https:\/\/www.facebook.com\/LaReinaNews","https:\/\/www.instagram.com\/lareinanews\/"]},{"@type":"Person","@id":"https:\/\/lareinanews.cl\/noticias\/#\/schema\/person\/abcb43dc7d25767b7c0042b415909358","name":"Catalina Rubio","image":{"@type":"ImageObject","inLanguage":"es","@id":"https:\/\/lareinanews.cl\/noticias\/#\/schema\/person\/image\/","url":"https:\/\/lareina.news\/noticias\/wp-content\/uploads\/2020\/12\/avatar_user_4_1607433124-96x96.jpg","contentUrl":"https:\/\/lareina.news\/noticias\/wp-content\/uploads\/2020\/12\/avatar_user_4_1607433124-96x96.jpg","caption":"Catalina Rubio"},"description":"Reinina ?. Economista y Magister en Pol\u00edticas P\u00fablicas, U. de Chile. Concejala en @MuniLaReina 2016-2020. Miembro de @RdLaReina #NuevaEdP\u00fablicaAhora P\u00e1gina Personal","sameAs":["https:\/\/www.catalinarubio.cl\/","https:\/\/www.facebook.com\/mcatarubio","https:\/\/www.instagram.com\/mcatarubio\/","https:\/\/x.com\/https:\/\/twitter.com\/mcatarubio"],"url":"https:\/\/lareinanews.cl\/noticias\/index.php\/author\/catarubio\/"}]}},"_links":{"self":[{"href":"https:\/\/lareinanews.cl\/noticias\/index.php\/wp-json\/wp\/v2\/posts\/2270","targetHints":{"allow":["GET"]}}],"collection":[{"href":"https:\/\/lareinanews.cl\/noticias\/index.php\/wp-json\/wp\/v2\/posts"}],"about":[{"href":"https:\/\/lareinanews.cl\/noticias\/index.php\/wp-json\/wp\/v2\/types\/post"}],"author":[{"embeddable":true,"href":"https:\/\/lareinanews.cl\/noticias\/index.php\/wp-json\/wp\/v2\/users\/4"}],"replies":[{"embeddable":true,"href":"https:\/\/lareinanews.cl\/noticias\/index.php\/wp-json\/wp\/v2\/comments?post=2270"}],"version-history":[{"count":1,"href":"https:\/\/lareinanews.cl\/noticias\/index.php\/wp-json\/wp\/v2\/posts\/2270\/revisions"}],"predecessor-version":[{"id":2272,"href":"https:\/\/lareinanews.cl\/noticias\/index.php\/wp-json\/wp\/v2\/posts\/2270\/revisions\/2272"}],"wp:featuredmedia":[{"embeddable":true,"href":"https:\/\/lareinanews.cl\/noticias\/index.php\/wp-json\/wp\/v2\/media\/2271"}],"wp:attachment":[{"href":"https:\/\/lareinanews.cl\/noticias\/index.php\/wp-json\/wp\/v2\/media?parent=2270"}],"wp:term":[{"taxonomy":"category","embeddable":true,"href":"https:\/\/lareinanews.cl\/noticias\/index.php\/wp-json\/wp\/v2\/categories?post=2270"},{"taxonomy":"post_tag","embeddable":true,"href":"https:\/\/lareinanews.cl\/noticias\/index.php\/wp-json\/wp\/v2\/tags?post=2270"}],"curies":[{"name":"wp","href":"https:\/\/api.w.org\/{rel}","templated":true}]}}