{"id":1986,"date":"2018-02-21T19:39:13","date_gmt":"2018-02-21T22:39:13","guid":{"rendered":"http:\/\/lareina.news\/noticias\/?p=1986"},"modified":"2018-02-21T19:40:03","modified_gmt":"2018-02-21T22:40:03","slug":"la-delincuencia-logra-unir-a-los-vecinos-de-la-reina","status":"publish","type":"post","link":"https:\/\/lareinanews.cl\/noticias\/index.php\/2018\/02\/21\/la-delincuencia-logra-unir-a-los-vecinos-de-la-reina\/","title":{"rendered":"La delincuencia logra unir a los vecinos de La Reina"},"content":{"rendered":"<p><span style=\"font-weight: 400;\">Corr\u00eda \u00a0el a\u00f1o 2015 cuando se conformaron los primeros Comit\u00e9s de Seguridad, as\u00ed vecinos\/as \u00a0organizados empezaban su lucha contra la delincuencia, a 3 a\u00f1os de la creaci\u00f3n de los primeros comit\u00e9s, \u00a0la comuna ya cuenta con m\u00e1s de 100 \u00a0y con m\u00e1s de 50 <a href=\"\/noticias\/index.php\/author\/comites\/\" target=\"_blank\" rel=\"noopener\">organizados como agrupaci\u00f3n<\/a>. Pero el trabajo no ha sido f\u00e1cil han tenido que capacitarse, conocerse para lograr un trabajo mancomunado entre ellos lo que ha dado buenos frutos tanto en coordinaci\u00f3n como de traspaso de experiencia.<\/span><\/p>\n<p><span style=\"font-weight: 400;\">En este camino de crear redes y trabajo colaborativo es que a comienzos de a\u00f1o se reunieron la coordinadora de los <strong>Comit\u00e9s \u00a0de Seguridad Sra. Carolina G\u00f3mez<\/strong> con la <strong>Presidenta de la Uni\u00f3n Comunal de Juntas de Vecinos Sra. Antonieta Garrido<\/strong>, ah\u00ed analizaron la actualidad comunal respecto a lo que se refiere a\u00a0 seguridad y acordaron que \u00a0deben \u00a0trabajar en conjunto, y \u00a0cada junta de vecinos con los comit\u00e9s de su territorio deben formar una alianza colaborativa para generar instancias que ayuden a la prevenci\u00f3n del delito.<\/span><\/p>\n<figure id=\"attachment_1978\" aria-describedby=\"caption-attachment-1978\" style=\"width: 300px\" class=\"wp-caption alignright\"><img loading=\"lazy\" decoding=\"async\" class=\"size-medium wp-image-1978\" src=\"http:\/\/lareina.news\/noticias\/wp-content\/uploads\/2018\/02\/a5-300x225.jpg\" alt=\"\" width=\"300\" height=\"225\" srcset=\"https:\/\/lareinanews.cl\/noticias\/wp-content\/uploads\/2018\/02\/a5-300x225.jpg 300w, https:\/\/lareinanews.cl\/noticias\/wp-content\/uploads\/2018\/02\/a5-768x576.jpg 768w, https:\/\/lareinanews.cl\/noticias\/wp-content\/uploads\/2018\/02\/a5-1024x768.jpg 1024w, https:\/\/lareinanews.cl\/noticias\/wp-content\/uploads\/2018\/02\/a5-678x509.jpg 678w, https:\/\/lareinanews.cl\/noticias\/wp-content\/uploads\/2018\/02\/a5-326x245.jpg 326w, https:\/\/lareinanews.cl\/noticias\/wp-content\/uploads\/2018\/02\/a5-80x60.jpg 80w, https:\/\/lareinanews.cl\/noticias\/wp-content\/uploads\/2018\/02\/a5.jpg 1280w\" sizes=\"auto, (max-width: 300px) 100vw, 300px\" \/><figcaption id=\"caption-attachment-1978\" class=\"wp-caption-text\">El esp\u00edritu de barrio poco a poco vuelve a la comuna, gracias al trabajo de Juntas de Vecinos y Comit\u00e9s de Seguridad<\/figcaption><\/figure>\n<p><span style=\"font-weight: 400;\">De esta reuni\u00f3n sali\u00f3 la idea de realizar un <strong>Mal\u00f3n<\/strong> organizado por ambas organizaciones, el cual se realizar\u00e1 durante el mes de marzo en una plaza de la comuna, en donde converger\u00e1n tanto los dirigentes de Juntas de Vecinos como dirigentes de los Comit\u00e9s de Seguridad, el objetivo es que en torno a una mesa comunitaria, \u00a0se compartan experiencias, conocimiento y se empiece a trabajar en conjunto en actividades tanto de autocuidado como prevenci\u00f3n; pues hemos entendido que la \u00fanica forma de combatir la delincuencia es estando unidos y trabajando codo a codo las juntas de vecinos con los comit\u00e9s de seguridad, y con ayudad de la autoridad decirle no a la delincuencia. <\/span><\/p>\n<hr \/>\n<p>Nota del editor:<\/p>\n<p><span style=\"color: #333399;\">La agrupaci\u00f3n de comit\u00e9s de seguridad invita a todos los vecinos sea que ya hayan conformado un comit\u00e9 o no, a inscribirse y participar de este movimiento por la seguridad en la comuna<\/span>. <a href=\"\/noticias\/index.php\/2018\/02\/20\/vecinos-se-organizan-frente-al-delito-en-toda-la-reina\/\">M\u00e1s informaci\u00f3n en este art\u00edculo<\/a>.<\/p>\n","protected":false},"excerpt":{"rendered":"<div class=\"mh-excerpt\"><p>Corr\u00eda \u00a0el a\u00f1o 2015 cuando se conformaron los primeros Comit\u00e9s de Seguridad, as\u00ed vecinos\/as \u00a0organizados empezaban su lucha contra la delincuencia, a 3 a\u00f1os de la creaci\u00f3n de los primeros comit\u00e9s, \u00a0la comuna ya cuenta <a class=\"mh-excerpt-more\" href=\"https:\/\/lareinanews.cl\/noticias\/index.php\/2018\/02\/21\/la-delincuencia-logra-unir-a-los-vecinos-de-la-reina\/\" title=\"La delincuencia logra unir a los vecinos de La Reina\">[&#8230;]<\/a><\/p>\n<\/div>","protected":false},"author":27,"featured_media":1989,"comment_status":"closed","ping_status":"closed","sticky":false,"template":"","format":"standard","meta":{"_acf_changed":false,"footnotes":""},"categories":[31,2,14],"tags":[23,6,72,4],"class_list":{"0":"post-1986","1":"post","2":"type-post","3":"status-publish","4":"format-standard","5":"has-post-thumbnail","7":"category-destacados","8":"category-comuna","9":"category-noticias","10":"tag-comites-de-seguridad","11":"tag-comunidad","12":"tag-juntas-de-vecinos","13":"tag-la-reina"},"acf":[],"yoast_head":"<!-- This site is optimized with the Yoast SEO plugin v27.1.1 - https:\/\/yoast.com\/product\/yoast-seo-wordpress\/ -->\n<title>La delincuencia logra unir a los vecinos de La Reina<\/title>\n<meta name=\"robots\" content=\"index, follow, max-snippet:-1, max-image-preview:large, max-video-preview:-1\" \/>\n<link rel=\"canonical\" href=\"https:\/\/lareinanews.cl\/noticias\/index.php\/2018\/02\/21\/la-delincuencia-logra-unir-a-los-vecinos-de-la-reina\/\" \/>\n<meta property=\"og:locale\" content=\"es_ES\" \/>\n<meta property=\"og:type\" content=\"article\" \/>\n<meta property=\"og:title\" content=\"La delincuencia logra unir a los vecinos de La Reina\" \/>\n<meta property=\"og:description\" content=\"Corr\u00eda \u00a0el a\u00f1o 2015 cuando se conformaron los primeros Comit\u00e9s de Seguridad, as\u00ed vecinos\/as \u00a0organizados empezaban su lucha contra la delincuencia, a 3 a\u00f1os de la creaci\u00f3n de los primeros comit\u00e9s, \u00a0la comuna ya cuenta [...]\" \/>\n<meta property=\"og:url\" content=\"https:\/\/lareinanews.cl\/noticias\/index.php\/2018\/02\/21\/la-delincuencia-logra-unir-a-los-vecinos-de-la-reina\/\" \/>\n<meta property=\"og:site_name\" content=\"Noticias La Reina\" \/>\n<meta property=\"article:publisher\" content=\"https:\/\/www.facebook.com\/LaReinaNews\" \/>\n<meta property=\"article:published_time\" content=\"2018-02-21T22:39:13+00:00\" \/>\n<meta property=\"article:modified_time\" content=\"2018-02-21T22:40:03+00:00\" \/>\n<meta property=\"og:image\" content=\"https:\/\/lareinanews.cl\/noticias\/wp-content\/uploads\/2018\/02\/malon.jpg\" \/>\n\t<meta property=\"og:image:width\" content=\"650\" \/>\n\t<meta property=\"og:image:height\" content=\"490\" \/>\n\t<meta property=\"og:image:type\" content=\"image\/jpeg\" \/>\n<meta name=\"author\" content=\"Claudia Pirac\u00e9s\" \/>\n<meta name=\"twitter:card\" content=\"summary_large_image\" \/>\n<meta name=\"twitter:label1\" content=\"Escrito por\" \/>\n\t<meta name=\"twitter:data1\" content=\"Claudia Pirac\u00e9s\" \/>\n\t<meta name=\"twitter:label2\" content=\"Tiempo de lectura\" \/>\n\t<meta name=\"twitter:data2\" content=\"2 minutos\" \/>\n<script type=\"application\/ld+json\" class=\"yoast-schema-graph\">{\"@context\":\"https:\/\/schema.org\",\"@graph\":[{\"@type\":\"Article\",\"@id\":\"https:\/\/lareinanews.cl\/noticias\/index.php\/2018\/02\/21\/la-delincuencia-logra-unir-a-los-vecinos-de-la-reina\/#article\",\"isPartOf\":{\"@id\":\"https:\/\/lareinanews.cl\/noticias\/index.php\/2018\/02\/21\/la-delincuencia-logra-unir-a-los-vecinos-de-la-reina\/\"},\"author\":{\"name\":\"Claudia Pirac\u00e9s\",\"@id\":\"https:\/\/lareinanews.cl\/noticias\/#\/schema\/person\/1a366d9e3ffe1c23723276fe3c4486cc\"},\"headline\":\"La delincuencia logra unir a los vecinos de La Reina\",\"datePublished\":\"2018-02-21T22:39:13+00:00\",\"dateModified\":\"2018-02-21T22:40:03+00:00\",\"mainEntityOfPage\":{\"@id\":\"https:\/\/lareinanews.cl\/noticias\/index.php\/2018\/02\/21\/la-delincuencia-logra-unir-a-los-vecinos-de-la-reina\/\"},\"wordCount\":387,\"publisher\":{\"@id\":\"https:\/\/lareinanews.cl\/noticias\/#organization\"},\"image\":{\"@id\":\"https:\/\/lareinanews.cl\/noticias\/index.php\/2018\/02\/21\/la-delincuencia-logra-unir-a-los-vecinos-de-la-reina\/#primaryimage\"},\"thumbnailUrl\":\"https:\/\/lareinanews.cl\/noticias\/wp-content\/uploads\/2018\/02\/malon.jpg\",\"keywords\":[\"comit\u00e9s de seguridad\",\"comunidad\",\"juntas de vecinos\",\"la reina\"],\"articleSection\":[\"Destacados\",\"La Reina\",\"Noticias\"],\"inLanguage\":\"es\"},{\"@type\":\"WebPage\",\"@id\":\"https:\/\/lareinanews.cl\/noticias\/index.php\/2018\/02\/21\/la-delincuencia-logra-unir-a-los-vecinos-de-la-reina\/\",\"url\":\"https:\/\/lareinanews.cl\/noticias\/index.php\/2018\/02\/21\/la-delincuencia-logra-unir-a-los-vecinos-de-la-reina\/\",\"name\":\"La delincuencia logra unir a los vecinos de La Reina\",\"isPartOf\":{\"@id\":\"https:\/\/lareinanews.cl\/noticias\/#website\"},\"primaryImageOfPage\":{\"@id\":\"https:\/\/lareinanews.cl\/noticias\/index.php\/2018\/02\/21\/la-delincuencia-logra-unir-a-los-vecinos-de-la-reina\/#primaryimage\"},\"image\":{\"@id\":\"https:\/\/lareinanews.cl\/noticias\/index.php\/2018\/02\/21\/la-delincuencia-logra-unir-a-los-vecinos-de-la-reina\/#primaryimage\"},\"thumbnailUrl\":\"https:\/\/lareinanews.cl\/noticias\/wp-content\/uploads\/2018\/02\/malon.jpg\",\"datePublished\":\"2018-02-21T22:39:13+00:00\",\"dateModified\":\"2018-02-21T22:40:03+00:00\",\"breadcrumb\":{\"@id\":\"https:\/\/lareinanews.cl\/noticias\/index.php\/2018\/02\/21\/la-delincuencia-logra-unir-a-los-vecinos-de-la-reina\/#breadcrumb\"},\"inLanguage\":\"es\",\"potentialAction\":[{\"@type\":\"ReadAction\",\"target\":[\"https:\/\/lareinanews.cl\/noticias\/index.php\/2018\/02\/21\/la-delincuencia-logra-unir-a-los-vecinos-de-la-reina\/\"]}]},{\"@type\":\"ImageObject\",\"inLanguage\":\"es\",\"@id\":\"https:\/\/lareinanews.cl\/noticias\/index.php\/2018\/02\/21\/la-delincuencia-logra-unir-a-los-vecinos-de-la-reina\/#primaryimage\",\"url\":\"https:\/\/lareinanews.cl\/noticias\/wp-content\/uploads\/2018\/02\/malon.jpg\",\"contentUrl\":\"https:\/\/lareinanews.cl\/noticias\/wp-content\/uploads\/2018\/02\/malon.jpg\",\"width\":650,\"height\":490},{\"@type\":\"BreadcrumbList\",\"@id\":\"https:\/\/lareinanews.cl\/noticias\/index.php\/2018\/02\/21\/la-delincuencia-logra-unir-a-los-vecinos-de-la-reina\/#breadcrumb\",\"itemListElement\":[{\"@type\":\"ListItem\",\"position\":1,\"name\":\"Inicio\",\"item\":\"https:\/\/lareinanews.cl\/noticias\/\"},{\"@type\":\"ListItem\",\"position\":2,\"name\":\"La delincuencia logra unir a los vecinos de La Reina\"}]},{\"@type\":\"WebSite\",\"@id\":\"https:\/\/lareinanews.cl\/noticias\/#website\",\"url\":\"https:\/\/lareinanews.cl\/noticias\/\",\"name\":\"Noticias La Reina\",\"description\":\"LaReina.news\",\"publisher\":{\"@id\":\"https:\/\/lareinanews.cl\/noticias\/#organization\"},\"potentialAction\":[{\"@type\":\"SearchAction\",\"target\":{\"@type\":\"EntryPoint\",\"urlTemplate\":\"https:\/\/lareinanews.cl\/noticias\/?s={search_term_string}\"},\"query-input\":{\"@type\":\"PropertyValueSpecification\",\"valueRequired\":true,\"valueName\":\"search_term_string\"}}],\"inLanguage\":\"es\"},{\"@type\":\"Organization\",\"@id\":\"https:\/\/lareinanews.cl\/noticias\/#organization\",\"name\":\"La Reina.news Peri\u00f3dico comunal de La Reina\",\"url\":\"https:\/\/lareinanews.cl\/noticias\/\",\"logo\":{\"@type\":\"ImageObject\",\"inLanguage\":\"es\",\"@id\":\"https:\/\/lareinanews.cl\/noticias\/#\/schema\/logo\/image\/\",\"url\":\"https:\/\/lareinanews.cl\/noticias\/wp-content\/uploads\/2020\/04\/logo_schema.png\",\"contentUrl\":\"https:\/\/lareinanews.cl\/noticias\/wp-content\/uploads\/2020\/04\/logo_schema.png\",\"width\":640,\"height\":360,\"caption\":\"La Reina.news Peri\u00f3dico comunal de La Reina\"},\"image\":{\"@id\":\"https:\/\/lareinanews.cl\/noticias\/#\/schema\/logo\/image\/\"},\"sameAs\":[\"https:\/\/www.facebook.com\/LaReinaNews\",\"https:\/\/www.instagram.com\/lareinanews\/\"]},{\"@type\":\"Person\",\"@id\":\"https:\/\/lareinanews.cl\/noticias\/#\/schema\/person\/1a366d9e3ffe1c23723276fe3c4486cc\",\"name\":\"Claudia Pirac\u00e9s\",\"image\":{\"@type\":\"ImageObject\",\"inLanguage\":\"es\",\"@id\":\"https:\/\/lareinanews.cl\/noticias\/#\/schema\/person\/image\/\",\"url\":\"http:\/\/lareina.news\/noticias\/wp-content\/uploads\/2018\/02\/avatar_user_27_1519252625-96x96.jpg\",\"contentUrl\":\"http:\/\/lareina.news\/noticias\/wp-content\/uploads\/2018\/02\/avatar_user_27_1519252625-96x96.jpg\",\"caption\":\"Claudia Pirac\u00e9s\"},\"description\":\"Claudia es la actual presidenta de la Junta de Vecinos n\u00famero 6 de la comuna de La Reina\",\"url\":\"https:\/\/lareinanews.cl\/noticias\/index.php\/author\/cpiraces\/\"}]}<\/script>\n<!-- \/ Yoast SEO plugin. -->","yoast_head_json":{"title":"La delincuencia logra unir a los vecinos de La Reina","robots":{"index":"index","follow":"follow","max-snippet":"max-snippet:-1","max-image-preview":"max-image-preview:large","max-video-preview":"max-video-preview:-1"},"canonical":"https:\/\/lareinanews.cl\/noticias\/index.php\/2018\/02\/21\/la-delincuencia-logra-unir-a-los-vecinos-de-la-reina\/","og_locale":"es_ES","og_type":"article","og_title":"La delincuencia logra unir a los vecinos de La Reina","og_description":"Corr\u00eda \u00a0el a\u00f1o 2015 cuando se conformaron los primeros Comit\u00e9s de Seguridad, as\u00ed vecinos\/as \u00a0organizados empezaban su lucha contra la delincuencia, a 3 a\u00f1os de la creaci\u00f3n de los primeros comit\u00e9s, \u00a0la comuna ya cuenta [...]","og_url":"https:\/\/lareinanews.cl\/noticias\/index.php\/2018\/02\/21\/la-delincuencia-logra-unir-a-los-vecinos-de-la-reina\/","og_site_name":"Noticias La Reina","article_publisher":"https:\/\/www.facebook.com\/LaReinaNews","article_published_time":"2018-02-21T22:39:13+00:00","article_modified_time":"2018-02-21T22:40:03+00:00","og_image":[{"width":650,"height":490,"url":"https:\/\/lareinanews.cl\/noticias\/wp-content\/uploads\/2018\/02\/malon.jpg","type":"image\/jpeg"}],"author":"Claudia Pirac\u00e9s","twitter_card":"summary_large_image","twitter_misc":{"Escrito por":"Claudia Pirac\u00e9s","Tiempo de lectura":"2 minutos"},"schema":{"@context":"https:\/\/schema.org","@graph":[{"@type":"Article","@id":"https:\/\/lareinanews.cl\/noticias\/index.php\/2018\/02\/21\/la-delincuencia-logra-unir-a-los-vecinos-de-la-reina\/#article","isPartOf":{"@id":"https:\/\/lareinanews.cl\/noticias\/index.php\/2018\/02\/21\/la-delincuencia-logra-unir-a-los-vecinos-de-la-reina\/"},"author":{"name":"Claudia Pirac\u00e9s","@id":"https:\/\/lareinanews.cl\/noticias\/#\/schema\/person\/1a366d9e3ffe1c23723276fe3c4486cc"},"headline":"La delincuencia logra unir a los vecinos de La Reina","datePublished":"2018-02-21T22:39:13+00:00","dateModified":"2018-02-21T22:40:03+00:00","mainEntityOfPage":{"@id":"https:\/\/lareinanews.cl\/noticias\/index.php\/2018\/02\/21\/la-delincuencia-logra-unir-a-los-vecinos-de-la-reina\/"},"wordCount":387,"publisher":{"@id":"https:\/\/lareinanews.cl\/noticias\/#organization"},"image":{"@id":"https:\/\/lareinanews.cl\/noticias\/index.php\/2018\/02\/21\/la-delincuencia-logra-unir-a-los-vecinos-de-la-reina\/#primaryimage"},"thumbnailUrl":"https:\/\/lareinanews.cl\/noticias\/wp-content\/uploads\/2018\/02\/malon.jpg","keywords":["comit\u00e9s de seguridad","comunidad","juntas de vecinos","la reina"],"articleSection":["Destacados","La Reina","Noticias"],"inLanguage":"es"},{"@type":"WebPage","@id":"https:\/\/lareinanews.cl\/noticias\/index.php\/2018\/02\/21\/la-delincuencia-logra-unir-a-los-vecinos-de-la-reina\/","url":"https:\/\/lareinanews.cl\/noticias\/index.php\/2018\/02\/21\/la-delincuencia-logra-unir-a-los-vecinos-de-la-reina\/","name":"La delincuencia logra unir a los vecinos de La Reina","isPartOf":{"@id":"https:\/\/lareinanews.cl\/noticias\/#website"},"primaryImageOfPage":{"@id":"https:\/\/lareinanews.cl\/noticias\/index.php\/2018\/02\/21\/la-delincuencia-logra-unir-a-los-vecinos-de-la-reina\/#primaryimage"},"image":{"@id":"https:\/\/lareinanews.cl\/noticias\/index.php\/2018\/02\/21\/la-delincuencia-logra-unir-a-los-vecinos-de-la-reina\/#primaryimage"},"thumbnailUrl":"https:\/\/lareinanews.cl\/noticias\/wp-content\/uploads\/2018\/02\/malon.jpg","datePublished":"2018-02-21T22:39:13+00:00","dateModified":"2018-02-21T22:40:03+00:00","breadcrumb":{"@id":"https:\/\/lareinanews.cl\/noticias\/index.php\/2018\/02\/21\/la-delincuencia-logra-unir-a-los-vecinos-de-la-reina\/#breadcrumb"},"inLanguage":"es","potentialAction":[{"@type":"ReadAction","target":["https:\/\/lareinanews.cl\/noticias\/index.php\/2018\/02\/21\/la-delincuencia-logra-unir-a-los-vecinos-de-la-reina\/"]}]},{"@type":"ImageObject","inLanguage":"es","@id":"https:\/\/lareinanews.cl\/noticias\/index.php\/2018\/02\/21\/la-delincuencia-logra-unir-a-los-vecinos-de-la-reina\/#primaryimage","url":"https:\/\/lareinanews.cl\/noticias\/wp-content\/uploads\/2018\/02\/malon.jpg","contentUrl":"https:\/\/lareinanews.cl\/noticias\/wp-content\/uploads\/2018\/02\/malon.jpg","width":650,"height":490},{"@type":"BreadcrumbList","@id":"https:\/\/lareinanews.cl\/noticias\/index.php\/2018\/02\/21\/la-delincuencia-logra-unir-a-los-vecinos-de-la-reina\/#breadcrumb","itemListElement":[{"@type":"ListItem","position":1,"name":"Inicio","item":"https:\/\/lareinanews.cl\/noticias\/"},{"@type":"ListItem","position":2,"name":"La delincuencia logra unir a los vecinos de La Reina"}]},{"@type":"WebSite","@id":"https:\/\/lareinanews.cl\/noticias\/#website","url":"https:\/\/lareinanews.cl\/noticias\/","name":"Noticias La Reina","description":"LaReina.news","publisher":{"@id":"https:\/\/lareinanews.cl\/noticias\/#organization"},"potentialAction":[{"@type":"SearchAction","target":{"@type":"EntryPoint","urlTemplate":"https:\/\/lareinanews.cl\/noticias\/?s={search_term_string}"},"query-input":{"@type":"PropertyValueSpecification","valueRequired":true,"valueName":"search_term_string"}}],"inLanguage":"es"},{"@type":"Organization","@id":"https:\/\/lareinanews.cl\/noticias\/#organization","name":"La Reina.news Peri\u00f3dico comunal de La Reina","url":"https:\/\/lareinanews.cl\/noticias\/","logo":{"@type":"ImageObject","inLanguage":"es","@id":"https:\/\/lareinanews.cl\/noticias\/#\/schema\/logo\/image\/","url":"https:\/\/lareinanews.cl\/noticias\/wp-content\/uploads\/2020\/04\/logo_schema.png","contentUrl":"https:\/\/lareinanews.cl\/noticias\/wp-content\/uploads\/2020\/04\/logo_schema.png","width":640,"height":360,"caption":"La Reina.news Peri\u00f3dico comunal de La Reina"},"image":{"@id":"https:\/\/lareinanews.cl\/noticias\/#\/schema\/logo\/image\/"},"sameAs":["https:\/\/www.facebook.com\/LaReinaNews","https:\/\/www.instagram.com\/lareinanews\/"]},{"@type":"Person","@id":"https:\/\/lareinanews.cl\/noticias\/#\/schema\/person\/1a366d9e3ffe1c23723276fe3c4486cc","name":"Claudia Pirac\u00e9s","image":{"@type":"ImageObject","inLanguage":"es","@id":"https:\/\/lareinanews.cl\/noticias\/#\/schema\/person\/image\/","url":"http:\/\/lareina.news\/noticias\/wp-content\/uploads\/2018\/02\/avatar_user_27_1519252625-96x96.jpg","contentUrl":"http:\/\/lareina.news\/noticias\/wp-content\/uploads\/2018\/02\/avatar_user_27_1519252625-96x96.jpg","caption":"Claudia Pirac\u00e9s"},"description":"Claudia es la actual presidenta de la Junta de Vecinos n\u00famero 6 de la comuna de La Reina","url":"https:\/\/lareinanews.cl\/noticias\/index.php\/author\/cpiraces\/"}]}},"_links":{"self":[{"href":"https:\/\/lareinanews.cl\/noticias\/index.php\/wp-json\/wp\/v2\/posts\/1986","targetHints":{"allow":["GET"]}}],"collection":[{"href":"https:\/\/lareinanews.cl\/noticias\/index.php\/wp-json\/wp\/v2\/posts"}],"about":[{"href":"https:\/\/lareinanews.cl\/noticias\/index.php\/wp-json\/wp\/v2\/types\/post"}],"author":[{"embeddable":true,"href":"https:\/\/lareinanews.cl\/noticias\/index.php\/wp-json\/wp\/v2\/users\/27"}],"replies":[{"embeddable":true,"href":"https:\/\/lareinanews.cl\/noticias\/index.php\/wp-json\/wp\/v2\/comments?post=1986"}],"version-history":[{"count":6,"href":"https:\/\/lareinanews.cl\/noticias\/index.php\/wp-json\/wp\/v2\/posts\/1986\/revisions"}],"predecessor-version":[{"id":1993,"href":"https:\/\/lareinanews.cl\/noticias\/index.php\/wp-json\/wp\/v2\/posts\/1986\/revisions\/1993"}],"wp:featuredmedia":[{"embeddable":true,"href":"https:\/\/lareinanews.cl\/noticias\/index.php\/wp-json\/wp\/v2\/media\/1989"}],"wp:attachment":[{"href":"https:\/\/lareinanews.cl\/noticias\/index.php\/wp-json\/wp\/v2\/media?parent=1986"}],"wp:term":[{"taxonomy":"category","embeddable":true,"href":"https:\/\/lareinanews.cl\/noticias\/index.php\/wp-json\/wp\/v2\/categories?post=1986"},{"taxonomy":"post_tag","embeddable":true,"href":"https:\/\/lareinanews.cl\/noticias\/index.php\/wp-json\/wp\/v2\/tags?post=1986"}],"curies":[{"name":"wp","href":"https:\/\/api.w.org\/{rel}","templated":true}]}}