{"id":1734,"date":"2018-01-08T18:16:10","date_gmt":"2018-01-08T21:16:10","guid":{"rendered":"http:\/\/lareina.news\/noticias\/?p=1734"},"modified":"2018-02-05T09:33:35","modified_gmt":"2018-02-05T12:33:35","slug":"un-paso-hacia-la-equidad-y-la-justicia-la-idea-del-ingreso-basico-universal","status":"publish","type":"post","link":"https:\/\/lareinanews.cl\/noticias\/index.php\/2018\/01\/08\/un-paso-hacia-la-equidad-y-la-justicia-la-idea-del-ingreso-basico-universal\/","title":{"rendered":"Un paso hacia la equidad y la justicia: la idea del ingreso b\u00e1sico universal"},"content":{"rendered":"<p class=\"western\"><img loading=\"lazy\" decoding=\"async\" class=\"alignleft size-full wp-image-1875\" src=\"http:\/\/lareina.news\/noticias\/wp-content\/uploads\/2018\/02\/Renta-basica-universal-600x443.jpg\" alt=\"\" width=\"259\" height=\"194\" srcset=\"https:\/\/lareinanews.cl\/noticias\/wp-content\/uploads\/2018\/02\/Renta-basica-universal-600x443.jpg 259w, https:\/\/lareinanews.cl\/noticias\/wp-content\/uploads\/2018\/02\/Renta-basica-universal-600x443-80x60.jpg 80w\" sizes=\"auto, (max-width: 259px) 100vw, 259px\" \/>Este lunes 8 de mayo, a las 19:00, est\u00e1 organizado el primer encuentro en La Reina sobre un tema transcendantal de la econom\u00eda moderna, la renta b\u00e1sica universal. La periodista espa\u00f1ola Juana P\u00e9rez Montero har\u00e1 un conversatorio sobre este tema en la Junta de Vecinos 10, Plaza de las Campanas (Leonardo da Vinci 7220, La Reina).<\/p>\n<p class=\"western\"><span style=\"color: #000000\"><span style=\"font-family: 'Liberation Serif', 'Times New Roman', serif\"><span style=\"font-size: medium\"><span lang=\"es-CL\">La idea del ingreso b\u00e1sico universal incondicional es simple: dar a cada ciudadano, independiente de su edad, de su educaci\u00f3n, de sus condiciones sociales y de sus actividades laborales, un ingreso m\u00ednimo que le permita vivir.<\/span><\/span><\/span><\/span><\/p>\n<p class=\"western\"><span style=\"font-family: 'Liberation Serif', 'Times New Roman', serif\"><span style=\"font-size: medium\">Esta propuesta revolucionaria puede ser implementada sin cambiar el sistema econ\u00f3mico, sin modificar la propiedad de los medios de producci\u00f3n, ni el r\u00e9gimen pol\u00edtico vigente! Permitir\u00eda a todos los ciudadanos seguir gozando su libertad de acci\u00f3n, y en particular su libertad de trabajar, de intentar ganar mucho m\u00e1s dinero. Pero tendr\u00eda un impacto sensacional sobre toda la sociedad, y en particular sobre sus eslabones m\u00e1s d\u00e9biles, los m\u00e1s pobres. Y permitir\u00eda as\u00ed a toda la sociedad sentirse mucho mejor, tener mucho menos miedo, y en consecuencia, ser m\u00e1s feliz.<\/span><\/span><\/p>\n<p class=\"western\"><span style=\"color: #000000\"><span style=\"font-family: 'Liberation Serif', 'Times New Roman', serif\"><span style=\"font-size: medium\"><span lang=\"es-CL\">La noci\u00f3n de \u201ctrabajo\u201d en la antig\u00fcedad era considerada como un actividad vil, reservada a los esclavos. En la sociedad medieval, era una actividad reservada a los siervos. En ambos casos, no ten\u00eda remuneraci\u00f3n, simplemente era una obligaci\u00f3n impuesta al pueblo. Los nobles, los religiosos y los militares no ten\u00edan la obligaci\u00f3n de trabajar. La Revoluci\u00f3n de 1789 cambi\u00f3 este orden milenario. Pero es la revoluci\u00f3n industrial, en el siglo XIX, que generaliza la noci\u00f3n de salario como una remuneraci\u00f3n relacionada con el trabajo. Esta discutible concepci\u00f3n, generalmente aceptada hoy, que el salario es una justa remuneraci\u00f3n por el trabajo realizado, es reciente en la historia de la humanidad.<\/span><\/span><\/span><\/span><\/p>\n<p class=\"western\"><span style=\"color: #000000\"><span style=\"font-family: 'Liberation Serif', 'Times New Roman', serif\"><span style=\"font-size: medium\"><span lang=\"es-CL\">Hoy en d\u00eda, la noci\u00f3n de \u201cactivo\u201d es variada. Originalmente, se consideraba como activos solamente los productores, que lograban cosechar, criar o fabricar bienes de consumo. Pero r\u00e1pidamente se ha llegado a considerar tambi\u00e9n como activo personas que no producen bienes de consumo, sino servicios considerados como \u00fatiles para la sociedad, como los m\u00e9dicos, los profesores, los empleados, y se considera como normal que exista una salario para compensar esta dedicaci\u00f3n de tiempo para dar estos servicios.<\/span><\/span><\/span><\/span><\/p>\n<p class=\"western\"><span style=\"color: #000000\"><span style=\"font-family: 'Liberation Serif', 'Times New Roman', serif\"><span style=\"font-size: medium\"><span lang=\"es-CL\">La noci\u00f3n de \u201cinactivo\u201d es tambi\u00e9n variada. Ciertas sociedades consideran que el trabajo de una mujer como procreadora o como due\u00f1a de casa, es un aporte sustancial a la sociedad. Hoy se considera \u201cnormal\u201d que un joven, escolar o estudiante, se dedique a estudiar, y no a trabajar. No se habla de salario para estas remuneraciones. Las sociedades civilizadas, desde hace mucho tiempo consideran que ciertos individuos deber\u00edan ser protegidos por sus cercanos o por la sociedad sin tener que trabajar: es el caso de los ni\u00f1os, las mujeres embarazadas y con reci\u00e9n nacidos, los enfermos, los ancianos. Se ha creado subvenciones, seguros y fondos de previsi\u00f3n de todos tipos para asegurar ingresos a estas categor\u00edas sociales.<\/span><\/span><\/span><\/span><\/p>\n<p class=\"western\"><span style=\"color: #000000\"><span style=\"font-family: 'Liberation Serif', 'Times New Roman', serif\"><span style=\"font-size: medium\"><span lang=\"es-CL\">La idea del ingreso b\u00e1sico universal puede ser considerada como una consecuencia l\u00f3gica del Derecho a la Vida consagrado en casi todas las constituciones del mundo. Pero a\u00fan reconociendo este Derecho, las sociedades modernas, no dan a los ciudadanos los medios para poder vivir, sin no es atraves de un trabajo. Hoy en nuestras sociedades liberales, rige la Ley de la Oferta y de la Demanda, o sea, la ley de la selva: arr\u00e9glese qui\u00e9n puede y como puede. <\/span><\/span><\/span><\/span><\/p>\n<p class=\"western\"><span style=\"color: #000000\"><span style=\"font-family: 'Liberation Serif', 'Times New Roman', serif\"><span style=\"font-size: medium\"><span lang=\"es-CL\">Por lo tanto, la mayor\u00eda de los ciudadanos busca un trabajo productivo para vivir. Otros una ocupaci\u00f3n remunerada, a\u00fan que no sea productiva, como los militares, los funcionarios, los empleados&#8230; Unos pocos encuentran maneras de vivir mejor gracias a su ingeniosidad, sus conocimientos, o porque entienden las reglas del juego econ\u00f3mico un poco mejor que la mayor\u00eda: son los comerciantes, los emprendedores, los pol\u00edticos, los especuladores&#8230; Los que no logran recursos al nivel de sus expectativas y que no tienen demasiado problemas morales, buscan recursos en forma il\u00edcita: los ladrones, los prostitutos, los estafadores, los traficantes&#8230; <\/span><\/span><\/span><\/span><\/p>\n<p class=\"western\"><span style=\"color: #000000\"><span style=\"font-family: 'Liberation Serif', 'Times New Roman', serif\"><span style=\"font-size: medium\"><span lang=\"es-CL\">La <\/span><\/span><\/span><\/span><span style=\"color: #000000\"><span style=\"font-family: 'Liberation Serif', 'Times New Roman', serif\"><span style=\"font-size: medium\"><span lang=\"es-CL\">l<\/span><\/span><\/span><\/span><span style=\"color: #000000\"><span style=\"font-family: 'Liberation Serif', 'Times New Roman', serif\"><span style=\"font-size: medium\"><span lang=\"es-CL\">ey de la Oferta y la Demanda no tiene parang\u00f3n <\/span><\/span><\/span><\/span><span style=\"color: #000000\"><span style=\"font-family: 'Liberation Serif', 'Times New Roman', serif\"><span style=\"font-size: medium\"><span lang=\"es-CL\">\u00e9tico<\/span><\/span><\/span><\/span><span style=\"color: #000000\"><span style=\"font-family: 'Liberation Serif', 'Times New Roman', serif\"><span style=\"font-size: medium\"><span lang=\"es-CL\"> que la pueda <\/span><\/span><\/span><\/span><span style=\"color: #000000\"><span style=\"font-family: 'Liberation Serif', 'Times New Roman', serif\"><span style=\"font-size: medium\"><span lang=\"es-CL\">regular<\/span><\/span><\/span><\/span><span style=\"color: #000000\"><span style=\"font-family: 'Liberation Serif', 'Times New Roman', serif\"><span style=\"font-size: medium\"><span lang=\"es-CL\">. Muchas personas tienen una remuneraci\u00f3n sin relaci\u00f3n con su trabajo, sus esfuerzos. Unos trabajan muy duro, todo el d\u00eda y todo el a\u00f1o, y ganan una miseria, mientras otros trabajan muy poco y gana remuneraciones impresionantes, 10 veces, 100 veces o 1000 veces m\u00e1s que los primeros. Estas injusticias de la sociedad y del mercado generan frustraciones, y todo tipo de reacciones, como en particular la delincuencia. El ingreso b\u00e1sico universal es una respuesta concreta para luchar contra los injusticias generadas por <\/span><\/span><\/span><\/span><span style=\"color: #000000\"><span style=\"font-family: 'Liberation Serif', 'Times New Roman', serif\"><span style=\"font-size: medium\"><span lang=\"es-CL\">la historia de la humanidad y mantenidas por <\/span><\/span><\/span><\/span><span style=\"color: #000000\"><span style=\"font-family: 'Liberation Serif', 'Times New Roman', serif\"><span style=\"font-size: medium\"><span lang=\"es-CL\">el sistema econ\u00f3mico vigente.<\/span><\/span><\/span><\/span><\/p>\n<p class=\"western\" align=\"justify\"><span style=\"color: #000000\"><span style=\"font-family: 'Liberation Serif', 'Times New Roman', serif\"><span style=\"font-size: medium\"><span lang=\"es-CL\">Uno de los objetivos evidentes de la propuesta de ingreso b\u00e1sico universal es la disminuci\u00f3n de las vergonzosas inegualidades en nuestra sociedad. Tiene tambi\u00e9n muchas otras justificaciones sociales y morales. Por ejemplo, la mayor\u00eda de los chilenos considera que un recurso natural como el cobre, es de todos los chilenos, es el pago de Chile. Parece entonces justo que una parte m\u00ednima del dinero producido por el cobre sea distribuido a todos los chilenos, en vez de ser acaparado por unos pocos, en su mayor\u00eda extranjeros.<\/span><\/span><\/span><\/span><\/p>\n<p class=\"western\"><span style=\"font-family: 'Liberation Serif', 'Times New Roman', serif\"><span style=\"font-size: medium\">Un ingreso b\u00e1sico universal, independiente del trabajo o de las actividades del ciudadano, podr\u00eda cambiar radicalmente la manera de vivir y el orden de la sociedad. El ingreso b\u00e1sico universal eliminar\u00eda la primera causa y justificaci\u00f3n de la delincuencia: robar para sobrevivir!<\/span><\/span><\/p>\n<p class=\"western\"><span style=\"font-family: 'Liberation Serif', 'Times New Roman', serif\"><span style=\"font-size: medium\">Otra raz\u00f3n, macroecon\u00f3mica, para promover el ingreso b\u00e1sico m\u00ednimo, es la desesperada lucha de las sociedades modernas contra la cesant\u00eda. De mi modesto punto de vista, esta lucha esta perdida. En primer lugar porque desde m\u00e1s de 5.000 a\u00f1os, el hombre esta inventando instrumentos, maquinas y sistemas que tienen todos un mismo objetivo com\u00fan: disminuir el trabajo. Lo hemos logrado: hay cada vez menos trabajo. La sociedad debe evolucionar y empezar a darse cuenta que el trabajo no es el objetivo principal de la vida! Tal como el dinero, el trabajo debe ser considerado solamente como un medio, y no como un fin! En vez de pasar su tiempo buscando trabajo o dinero, el hombre debe dedicar su vida a buscar la felicidad!<\/span><\/span><\/p>\n<p class=\"western\"><span style=\"color: #000000\"><span style=\"font-family: 'Liberation Serif', 'Times New Roman', serif\"><span style=\"font-size: medium\"><span lang=\"es-CL\"><img loading=\"lazy\" decoding=\"async\" class=\"alignleft size-full wp-image-1877\" src=\"http:\/\/lareina.news\/noticias\/wp-content\/uploads\/2018\/01\/revenu-universel.jpg\" alt=\"\" width=\"228\" height=\"221\" \/>Los suizos rechazaron el 5 de junio 2016 un refer\u00e9ndum para crear un ingreso b\u00e1sico universal. Agradezco a los suizos de haber planteado formal y claramente, por primera vez en el mundo, esta tem\u00e1tico. Pero a mi gusto, enfocaron el problema en una manera un poco equivocada, como ciudadano de una sociedad muy desarrollada y privilegiada.\u00a0<\/span><\/span><\/span><\/span><\/p>\n<p>&nbsp;<\/p>\n<p class=\"western\"><span style=\"color: #000000\"><span style=\"font-family: 'Liberation Serif', 'Times New Roman', serif\"><span style=\"font-size: medium\"><span lang=\"es-CL\">El mayor eslogan de la campa\u00f1a, publicitado en el cartel publicitario m\u00e1s grande del mundo, fue \u201c\u00bfQue har\u00edas si no ten\u00edas que trabajar para vivir?\u201d (What would you do if your income were taken taken of?). Esta pregunta debe haber destabilizado m\u00e1s de un ciudadano <\/span><\/span><\/span><\/span><span style=\"color: #000000\"><span style=\"font-family: 'Liberation Serif', 'Times New Roman', serif\"><span style=\"font-size: medium\"><span lang=\"es-CL\">votante<\/span><\/span><\/span><\/span><span style=\"color: #000000\"><span style=\"font-family: 'Liberation Serif', 'Times New Roman', serif\"><span style=\"font-size: medium\"><span lang=\"es-CL\"> suizo. Creo que los suizos tambi\u00e9n se equivocaron en hablar de un monto que pareci\u00f3 a muchos muy exagerado: unos 2.500 francos suizos mensuales (m\u00e1s de 1.600.000 pesos chilenos). Pero otros pa\u00edses siguen estudiando muy seriamente la idea del ingreso b\u00e1sico universal, en particular Finlandia, Holanda, Canad\u00e1.<\/span><\/span><\/span><\/span><\/p>\n<p class=\"western\"><span style=\"color: #000000\"><span style=\"font-family: 'Liberation Serif', 'Times New Roman', serif\"><span style=\"font-size: medium\"><span lang=\"es-CL\">\u00bfEs posible implementar el ingreso b\u00e1sico universal en Chile? Claro que s\u00ed. Mi propuesta ser\u00eda que el Estado Chileno empiece a entregar a todos los chilenos, adultos, viejos, j\u00f3venes y ni\u00f1os un monto <\/span><\/span><\/span><\/span><span style=\"color: #000000\"><span style=\"font-family: 'Liberation Serif', 'Times New Roman', serif\"><span style=\"font-size: medium\"><span lang=\"es-CL\">inicial <\/span><\/span><\/span><\/span><span style=\"color: #000000\"><span style=\"font-family: 'Liberation Serif', 'Times New Roman', serif\"><span style=\"font-size: medium\"><span lang=\"es-CL\">de alrededor de 100.000 pesos mensuales. Esto corresponde a unos 150 dolares por mes, o sea 1.800 dolares por a\u00f1o! \u00bfPorque esta cifra? Porque corresponde a la definici\u00f3n por el Ministerio de Desarrollo Social de la linea de la pobreza. <\/span><\/span><\/span><\/span><\/p>\n<p class=\"western\"><span style=\"color: #000000\"><span style=\"font-family: 'Liberation Serif', 'Times New Roman', serif\"><span style=\"font-size: medium\"><span lang=\"es-CL\">Un ingreso de 100.000 pesos por persona, significar\u00eda un ingreso de 500.000 pesos para una familia con tres ni\u00f1os: claramente, podr\u00eda erradicar en gran parte la pobreza en Chile, solucionando de paso un enorme cantidad de problemas sociales relacionas con la pobreza, y en particular buena parte el tema de la seguridad, sobre todo porque eliminar\u00eda la justificaci\u00f3n \u201cmoral\u201d de la delincuencia.<\/span><\/span><\/span><\/span><\/p>\n<p class=\"western\"><span style=\"font-family: 'Liberation Serif', 'Times New Roman', serif\"><span style=\"font-size: medium\">El efecto social de un ingreso m\u00ednimo igual para todos podr\u00eda ser tambi\u00e9n enorme, al dar un sentido sencillo y concreto a la palabra equidad. <\/span><\/span><\/p>\n<p class=\"western\"><span style=\"font-family: 'Liberation Serif', 'Times New Roman', serif\"><span style=\"font-size: medium\">\u00bfChile podr\u00eda pagar este ingreso b\u00e1sico universal? Claro que s\u00ed! El Producto Interior Bruto chileno (PIB), es decir el valor de la producci\u00f3n total del pa\u00eds dividida por el numero total de habitantes fue de 23.500 dolares durante el a\u00f1o 2015! Un ingreso b\u00e1sico universal de 100.000 pesos por ciudadano representa menos del 8% de este PIB.<\/span><\/span><\/p>\n<p class=\"western\"><span style=\"color: #000000\"><span style=\"font-family: 'Liberation Serif', 'Times New Roman', serif\"><span style=\"font-size: medium\"><span lang=\"es-CL\">Un objetivo que parece muy f\u00e1cil de lograr, sobre todo considerando que podr\u00eda permitir economizar ciertas subvenciones y subsidios, toda la burocracia necesaria para determinar qui\u00e9nes son los que merecen estas subvenciones. Tambi\u00e9n podr\u00eda generar muchas ganancias sociales al disminuir en forma importante la delincuencia.<\/span><\/span><\/span><\/span><\/p>\n<p class=\"western\"><span style=\"font-family: 'Liberation Serif', 'Times New Roman', serif\"><span style=\"font-size: medium\">Ojala seamos muchos reininos hoy, para conversar este tema fundamental con Juana P\u00e9rez Montero en la Junta de Vecinos 10, Plaza de las Campanas (Leonardo da Vinci 7220, La Reina).<\/span><\/span><\/p>\n<p><img loading=\"lazy\" decoding=\"async\" class=\"alignleft size-full wp-image-1878\" src=\"http:\/\/lareina.news\/noticias\/wp-content\/uploads\/2018\/01\/pancarta-renta-basica-1123x404.jpg\" alt=\"\" width=\"1123\" height=\"404\" srcset=\"https:\/\/lareinanews.cl\/noticias\/wp-content\/uploads\/2018\/01\/pancarta-renta-basica-1123x404.jpg 1123w, https:\/\/lareinanews.cl\/noticias\/wp-content\/uploads\/2018\/01\/pancarta-renta-basica-1123x404-300x108.jpg 300w, https:\/\/lareinanews.cl\/noticias\/wp-content\/uploads\/2018\/01\/pancarta-renta-basica-1123x404-768x276.jpg 768w, https:\/\/lareinanews.cl\/noticias\/wp-content\/uploads\/2018\/01\/pancarta-renta-basica-1123x404-1024x368.jpg 1024w\" sizes=\"auto, (max-width: 1123px) 100vw, 1123px\" \/><\/p>\n","protected":false},"excerpt":{"rendered":"<div class=\"mh-excerpt\"><p>Este lunes 8 de mayo, a las 19:00, est\u00e1 organizado el primer encuentro en La Reina sobre un tema transcendantal de la econom\u00eda moderna, la renta b\u00e1sica universal. La periodista espa\u00f1ola Juana P\u00e9rez Montero har\u00e1 <a class=\"mh-excerpt-more\" href=\"https:\/\/lareinanews.cl\/noticias\/index.php\/2018\/01\/08\/un-paso-hacia-la-equidad-y-la-justicia-la-idea-del-ingreso-basico-universal\/\" title=\"Un paso hacia la equidad y la justicia: la idea del ingreso b\u00e1sico universal\">[&#8230;]<\/a><\/p>\n<\/div>","protected":false},"author":12,"featured_media":1875,"comment_status":"closed","ping_status":"closed","sticky":false,"template":"","format":"standard","meta":{"_acf_changed":false,"footnotes":""},"categories":[18,2],"tags":[],"class_list":{"0":"post-1734","1":"post","2":"type-post","3":"status-publish","4":"format-standard","5":"has-post-thumbnail","7":"category-columnas","8":"category-comuna"},"acf":[],"yoast_head":"<!-- This site is optimized with the Yoast SEO plugin v27.1.1 - https:\/\/yoast.com\/product\/yoast-seo-wordpress\/ -->\n<title>Un paso hacia la equidad y la justicia: la idea del ingreso b\u00e1sico universal<\/title>\n<meta name=\"robots\" content=\"index, follow, max-snippet:-1, max-image-preview:large, max-video-preview:-1\" \/>\n<link rel=\"canonical\" href=\"https:\/\/lareinanews.cl\/noticias\/index.php\/2018\/01\/08\/un-paso-hacia-la-equidad-y-la-justicia-la-idea-del-ingreso-basico-universal\/\" \/>\n<meta property=\"og:locale\" content=\"es_ES\" \/>\n<meta property=\"og:type\" content=\"article\" \/>\n<meta property=\"og:title\" content=\"Un paso hacia la equidad y la justicia: la idea del ingreso b\u00e1sico universal\" \/>\n<meta property=\"og:description\" content=\"Este lunes 8 de mayo, a las 19:00, est\u00e1 organizado el primer encuentro en La Reina sobre un tema transcendantal de la econom\u00eda moderna, la renta b\u00e1sica universal. La periodista espa\u00f1ola Juana P\u00e9rez Montero har\u00e1 [...]\" \/>\n<meta property=\"og:url\" content=\"https:\/\/lareinanews.cl\/noticias\/index.php\/2018\/01\/08\/un-paso-hacia-la-equidad-y-la-justicia-la-idea-del-ingreso-basico-universal\/\" \/>\n<meta property=\"og:site_name\" content=\"Noticias La Reina\" \/>\n<meta property=\"article:publisher\" content=\"https:\/\/www.facebook.com\/LaReinaNews\" \/>\n<meta property=\"article:published_time\" content=\"2018-01-08T21:16:10+00:00\" \/>\n<meta property=\"article:modified_time\" content=\"2018-02-05T12:33:35+00:00\" \/>\n<meta property=\"og:image\" content=\"https:\/\/lareinanews.cl\/noticias\/wp-content\/uploads\/2018\/02\/Renta-basica-universal-600x443.jpg\" \/>\n\t<meta property=\"og:image:width\" content=\"259\" \/>\n\t<meta property=\"og:image:height\" content=\"194\" \/>\n\t<meta property=\"og:image:type\" content=\"image\/jpeg\" \/>\n<meta name=\"author\" content=\"Fran\u00e7ois Richard\" \/>\n<meta name=\"twitter:card\" content=\"summary_large_image\" \/>\n<meta name=\"twitter:label1\" content=\"Escrito por\" \/>\n\t<meta name=\"twitter:data1\" content=\"Fran\u00e7ois Richard\" \/>\n\t<meta name=\"twitter:label2\" content=\"Tiempo de lectura\" \/>\n\t<meta name=\"twitter:data2\" content=\"8 minutos\" \/>\n<script type=\"application\/ld+json\" class=\"yoast-schema-graph\">{\"@context\":\"https:\/\/schema.org\",\"@graph\":[{\"@type\":\"Article\",\"@id\":\"https:\/\/lareinanews.cl\/noticias\/index.php\/2018\/01\/08\/un-paso-hacia-la-equidad-y-la-justicia-la-idea-del-ingreso-basico-universal\/#article\",\"isPartOf\":{\"@id\":\"https:\/\/lareinanews.cl\/noticias\/index.php\/2018\/01\/08\/un-paso-hacia-la-equidad-y-la-justicia-la-idea-del-ingreso-basico-universal\/\"},\"author\":{\"name\":\"Fran\u00e7ois Richard\",\"@id\":\"https:\/\/lareinanews.cl\/noticias\/#\/schema\/person\/5646a2be75b518d7fa46783437800c90\"},\"headline\":\"Un paso hacia la equidad y la justicia: la idea del ingreso b\u00e1sico universal\",\"datePublished\":\"2018-01-08T21:16:10+00:00\",\"dateModified\":\"2018-02-05T12:33:35+00:00\",\"mainEntityOfPage\":{\"@id\":\"https:\/\/lareinanews.cl\/noticias\/index.php\/2018\/01\/08\/un-paso-hacia-la-equidad-y-la-justicia-la-idea-del-ingreso-basico-universal\/\"},\"wordCount\":1579,\"publisher\":{\"@id\":\"https:\/\/lareinanews.cl\/noticias\/#organization\"},\"image\":{\"@id\":\"https:\/\/lareinanews.cl\/noticias\/index.php\/2018\/01\/08\/un-paso-hacia-la-equidad-y-la-justicia-la-idea-del-ingreso-basico-universal\/#primaryimage\"},\"thumbnailUrl\":\"https:\/\/lareinanews.cl\/noticias\/wp-content\/uploads\/2018\/02\/Renta-basica-universal-600x443.jpg\",\"articleSection\":[\"Columnas\",\"La Reina\"],\"inLanguage\":\"es\"},{\"@type\":\"WebPage\",\"@id\":\"https:\/\/lareinanews.cl\/noticias\/index.php\/2018\/01\/08\/un-paso-hacia-la-equidad-y-la-justicia-la-idea-del-ingreso-basico-universal\/\",\"url\":\"https:\/\/lareinanews.cl\/noticias\/index.php\/2018\/01\/08\/un-paso-hacia-la-equidad-y-la-justicia-la-idea-del-ingreso-basico-universal\/\",\"name\":\"Un paso hacia la equidad y la justicia: la idea del ingreso b\u00e1sico universal\",\"isPartOf\":{\"@id\":\"https:\/\/lareinanews.cl\/noticias\/#website\"},\"primaryImageOfPage\":{\"@id\":\"https:\/\/lareinanews.cl\/noticias\/index.php\/2018\/01\/08\/un-paso-hacia-la-equidad-y-la-justicia-la-idea-del-ingreso-basico-universal\/#primaryimage\"},\"image\":{\"@id\":\"https:\/\/lareinanews.cl\/noticias\/index.php\/2018\/01\/08\/un-paso-hacia-la-equidad-y-la-justicia-la-idea-del-ingreso-basico-universal\/#primaryimage\"},\"thumbnailUrl\":\"https:\/\/lareinanews.cl\/noticias\/wp-content\/uploads\/2018\/02\/Renta-basica-universal-600x443.jpg\",\"datePublished\":\"2018-01-08T21:16:10+00:00\",\"dateModified\":\"2018-02-05T12:33:35+00:00\",\"breadcrumb\":{\"@id\":\"https:\/\/lareinanews.cl\/noticias\/index.php\/2018\/01\/08\/un-paso-hacia-la-equidad-y-la-justicia-la-idea-del-ingreso-basico-universal\/#breadcrumb\"},\"inLanguage\":\"es\",\"potentialAction\":[{\"@type\":\"ReadAction\",\"target\":[\"https:\/\/lareinanews.cl\/noticias\/index.php\/2018\/01\/08\/un-paso-hacia-la-equidad-y-la-justicia-la-idea-del-ingreso-basico-universal\/\"]}]},{\"@type\":\"ImageObject\",\"inLanguage\":\"es\",\"@id\":\"https:\/\/lareinanews.cl\/noticias\/index.php\/2018\/01\/08\/un-paso-hacia-la-equidad-y-la-justicia-la-idea-del-ingreso-basico-universal\/#primaryimage\",\"url\":\"https:\/\/lareinanews.cl\/noticias\/wp-content\/uploads\/2018\/02\/Renta-basica-universal-600x443.jpg\",\"contentUrl\":\"https:\/\/lareinanews.cl\/noticias\/wp-content\/uploads\/2018\/02\/Renta-basica-universal-600x443.jpg\",\"width\":259,\"height\":194},{\"@type\":\"BreadcrumbList\",\"@id\":\"https:\/\/lareinanews.cl\/noticias\/index.php\/2018\/01\/08\/un-paso-hacia-la-equidad-y-la-justicia-la-idea-del-ingreso-basico-universal\/#breadcrumb\",\"itemListElement\":[{\"@type\":\"ListItem\",\"position\":1,\"name\":\"Inicio\",\"item\":\"https:\/\/lareinanews.cl\/noticias\/\"},{\"@type\":\"ListItem\",\"position\":2,\"name\":\"Un paso hacia la equidad y la justicia: la idea del ingreso b\u00e1sico universal\"}]},{\"@type\":\"WebSite\",\"@id\":\"https:\/\/lareinanews.cl\/noticias\/#website\",\"url\":\"https:\/\/lareinanews.cl\/noticias\/\",\"name\":\"Noticias La Reina\",\"description\":\"LaReina.news\",\"publisher\":{\"@id\":\"https:\/\/lareinanews.cl\/noticias\/#organization\"},\"potentialAction\":[{\"@type\":\"SearchAction\",\"target\":{\"@type\":\"EntryPoint\",\"urlTemplate\":\"https:\/\/lareinanews.cl\/noticias\/?s={search_term_string}\"},\"query-input\":{\"@type\":\"PropertyValueSpecification\",\"valueRequired\":true,\"valueName\":\"search_term_string\"}}],\"inLanguage\":\"es\"},{\"@type\":\"Organization\",\"@id\":\"https:\/\/lareinanews.cl\/noticias\/#organization\",\"name\":\"La Reina.news Peri\u00f3dico comunal de La Reina\",\"url\":\"https:\/\/lareinanews.cl\/noticias\/\",\"logo\":{\"@type\":\"ImageObject\",\"inLanguage\":\"es\",\"@id\":\"https:\/\/lareinanews.cl\/noticias\/#\/schema\/logo\/image\/\",\"url\":\"https:\/\/lareinanews.cl\/noticias\/wp-content\/uploads\/2020\/04\/logo_schema.png\",\"contentUrl\":\"https:\/\/lareinanews.cl\/noticias\/wp-content\/uploads\/2020\/04\/logo_schema.png\",\"width\":640,\"height\":360,\"caption\":\"La Reina.news Peri\u00f3dico comunal de La Reina\"},\"image\":{\"@id\":\"https:\/\/lareinanews.cl\/noticias\/#\/schema\/logo\/image\/\"},\"sameAs\":[\"https:\/\/www.facebook.com\/LaReinaNews\",\"https:\/\/www.instagram.com\/lareinanews\/\"]},{\"@type\":\"Person\",\"@id\":\"https:\/\/lareinanews.cl\/noticias\/#\/schema\/person\/5646a2be75b518d7fa46783437800c90\",\"name\":\"Fran\u00e7ois Richard\",\"image\":{\"@type\":\"ImageObject\",\"inLanguage\":\"es\",\"@id\":\"https:\/\/lareinanews.cl\/noticias\/#\/schema\/person\/image\/\",\"url\":\"http:\/\/lareina.news\/noticias\/wp-content\/uploads\/2017\/10\/avatar_user_12_1507694400-96x96.jpg\",\"contentUrl\":\"http:\/\/lareina.news\/noticias\/wp-content\/uploads\/2017\/10\/avatar_user_12_1507694400-96x96.jpg\",\"caption\":\"Fran\u00e7ois Richard\"},\"description\":\"Miembro del COSOC de La Reina (Consejo de la Sociedad Civil), Socio de la Junta de Vecinos 12-F \\\"Fernando Castillo Velasco\\\" Director Fundaci\u00f3n por un Movimiento Ciudadano Participativo francois@richard.cl\",\"url\":\"https:\/\/lareinanews.cl\/noticias\/index.php\/author\/frichard\/\"}]}<\/script>\n<!-- \/ Yoast SEO plugin. -->","yoast_head_json":{"title":"Un paso hacia la equidad y la justicia: la idea del ingreso b\u00e1sico universal","robots":{"index":"index","follow":"follow","max-snippet":"max-snippet:-1","max-image-preview":"max-image-preview:large","max-video-preview":"max-video-preview:-1"},"canonical":"https:\/\/lareinanews.cl\/noticias\/index.php\/2018\/01\/08\/un-paso-hacia-la-equidad-y-la-justicia-la-idea-del-ingreso-basico-universal\/","og_locale":"es_ES","og_type":"article","og_title":"Un paso hacia la equidad y la justicia: la idea del ingreso b\u00e1sico universal","og_description":"Este lunes 8 de mayo, a las 19:00, est\u00e1 organizado el primer encuentro en La Reina sobre un tema transcendantal de la econom\u00eda moderna, la renta b\u00e1sica universal. La periodista espa\u00f1ola Juana P\u00e9rez Montero har\u00e1 [...]","og_url":"https:\/\/lareinanews.cl\/noticias\/index.php\/2018\/01\/08\/un-paso-hacia-la-equidad-y-la-justicia-la-idea-del-ingreso-basico-universal\/","og_site_name":"Noticias La Reina","article_publisher":"https:\/\/www.facebook.com\/LaReinaNews","article_published_time":"2018-01-08T21:16:10+00:00","article_modified_time":"2018-02-05T12:33:35+00:00","og_image":[{"width":259,"height":194,"url":"https:\/\/lareinanews.cl\/noticias\/wp-content\/uploads\/2018\/02\/Renta-basica-universal-600x443.jpg","type":"image\/jpeg"}],"author":"Fran\u00e7ois Richard","twitter_card":"summary_large_image","twitter_misc":{"Escrito por":"Fran\u00e7ois Richard","Tiempo de lectura":"8 minutos"},"schema":{"@context":"https:\/\/schema.org","@graph":[{"@type":"Article","@id":"https:\/\/lareinanews.cl\/noticias\/index.php\/2018\/01\/08\/un-paso-hacia-la-equidad-y-la-justicia-la-idea-del-ingreso-basico-universal\/#article","isPartOf":{"@id":"https:\/\/lareinanews.cl\/noticias\/index.php\/2018\/01\/08\/un-paso-hacia-la-equidad-y-la-justicia-la-idea-del-ingreso-basico-universal\/"},"author":{"name":"Fran\u00e7ois Richard","@id":"https:\/\/lareinanews.cl\/noticias\/#\/schema\/person\/5646a2be75b518d7fa46783437800c90"},"headline":"Un paso hacia la equidad y la justicia: la idea del ingreso b\u00e1sico universal","datePublished":"2018-01-08T21:16:10+00:00","dateModified":"2018-02-05T12:33:35+00:00","mainEntityOfPage":{"@id":"https:\/\/lareinanews.cl\/noticias\/index.php\/2018\/01\/08\/un-paso-hacia-la-equidad-y-la-justicia-la-idea-del-ingreso-basico-universal\/"},"wordCount":1579,"publisher":{"@id":"https:\/\/lareinanews.cl\/noticias\/#organization"},"image":{"@id":"https:\/\/lareinanews.cl\/noticias\/index.php\/2018\/01\/08\/un-paso-hacia-la-equidad-y-la-justicia-la-idea-del-ingreso-basico-universal\/#primaryimage"},"thumbnailUrl":"https:\/\/lareinanews.cl\/noticias\/wp-content\/uploads\/2018\/02\/Renta-basica-universal-600x443.jpg","articleSection":["Columnas","La Reina"],"inLanguage":"es"},{"@type":"WebPage","@id":"https:\/\/lareinanews.cl\/noticias\/index.php\/2018\/01\/08\/un-paso-hacia-la-equidad-y-la-justicia-la-idea-del-ingreso-basico-universal\/","url":"https:\/\/lareinanews.cl\/noticias\/index.php\/2018\/01\/08\/un-paso-hacia-la-equidad-y-la-justicia-la-idea-del-ingreso-basico-universal\/","name":"Un paso hacia la equidad y la justicia: la idea del ingreso b\u00e1sico universal","isPartOf":{"@id":"https:\/\/lareinanews.cl\/noticias\/#website"},"primaryImageOfPage":{"@id":"https:\/\/lareinanews.cl\/noticias\/index.php\/2018\/01\/08\/un-paso-hacia-la-equidad-y-la-justicia-la-idea-del-ingreso-basico-universal\/#primaryimage"},"image":{"@id":"https:\/\/lareinanews.cl\/noticias\/index.php\/2018\/01\/08\/un-paso-hacia-la-equidad-y-la-justicia-la-idea-del-ingreso-basico-universal\/#primaryimage"},"thumbnailUrl":"https:\/\/lareinanews.cl\/noticias\/wp-content\/uploads\/2018\/02\/Renta-basica-universal-600x443.jpg","datePublished":"2018-01-08T21:16:10+00:00","dateModified":"2018-02-05T12:33:35+00:00","breadcrumb":{"@id":"https:\/\/lareinanews.cl\/noticias\/index.php\/2018\/01\/08\/un-paso-hacia-la-equidad-y-la-justicia-la-idea-del-ingreso-basico-universal\/#breadcrumb"},"inLanguage":"es","potentialAction":[{"@type":"ReadAction","target":["https:\/\/lareinanews.cl\/noticias\/index.php\/2018\/01\/08\/un-paso-hacia-la-equidad-y-la-justicia-la-idea-del-ingreso-basico-universal\/"]}]},{"@type":"ImageObject","inLanguage":"es","@id":"https:\/\/lareinanews.cl\/noticias\/index.php\/2018\/01\/08\/un-paso-hacia-la-equidad-y-la-justicia-la-idea-del-ingreso-basico-universal\/#primaryimage","url":"https:\/\/lareinanews.cl\/noticias\/wp-content\/uploads\/2018\/02\/Renta-basica-universal-600x443.jpg","contentUrl":"https:\/\/lareinanews.cl\/noticias\/wp-content\/uploads\/2018\/02\/Renta-basica-universal-600x443.jpg","width":259,"height":194},{"@type":"BreadcrumbList","@id":"https:\/\/lareinanews.cl\/noticias\/index.php\/2018\/01\/08\/un-paso-hacia-la-equidad-y-la-justicia-la-idea-del-ingreso-basico-universal\/#breadcrumb","itemListElement":[{"@type":"ListItem","position":1,"name":"Inicio","item":"https:\/\/lareinanews.cl\/noticias\/"},{"@type":"ListItem","position":2,"name":"Un paso hacia la equidad y la justicia: la idea del ingreso b\u00e1sico universal"}]},{"@type":"WebSite","@id":"https:\/\/lareinanews.cl\/noticias\/#website","url":"https:\/\/lareinanews.cl\/noticias\/","name":"Noticias La Reina","description":"LaReina.news","publisher":{"@id":"https:\/\/lareinanews.cl\/noticias\/#organization"},"potentialAction":[{"@type":"SearchAction","target":{"@type":"EntryPoint","urlTemplate":"https:\/\/lareinanews.cl\/noticias\/?s={search_term_string}"},"query-input":{"@type":"PropertyValueSpecification","valueRequired":true,"valueName":"search_term_string"}}],"inLanguage":"es"},{"@type":"Organization","@id":"https:\/\/lareinanews.cl\/noticias\/#organization","name":"La Reina.news Peri\u00f3dico comunal de La Reina","url":"https:\/\/lareinanews.cl\/noticias\/","logo":{"@type":"ImageObject","inLanguage":"es","@id":"https:\/\/lareinanews.cl\/noticias\/#\/schema\/logo\/image\/","url":"https:\/\/lareinanews.cl\/noticias\/wp-content\/uploads\/2020\/04\/logo_schema.png","contentUrl":"https:\/\/lareinanews.cl\/noticias\/wp-content\/uploads\/2020\/04\/logo_schema.png","width":640,"height":360,"caption":"La Reina.news Peri\u00f3dico comunal de La Reina"},"image":{"@id":"https:\/\/lareinanews.cl\/noticias\/#\/schema\/logo\/image\/"},"sameAs":["https:\/\/www.facebook.com\/LaReinaNews","https:\/\/www.instagram.com\/lareinanews\/"]},{"@type":"Person","@id":"https:\/\/lareinanews.cl\/noticias\/#\/schema\/person\/5646a2be75b518d7fa46783437800c90","name":"Fran\u00e7ois Richard","image":{"@type":"ImageObject","inLanguage":"es","@id":"https:\/\/lareinanews.cl\/noticias\/#\/schema\/person\/image\/","url":"http:\/\/lareina.news\/noticias\/wp-content\/uploads\/2017\/10\/avatar_user_12_1507694400-96x96.jpg","contentUrl":"http:\/\/lareina.news\/noticias\/wp-content\/uploads\/2017\/10\/avatar_user_12_1507694400-96x96.jpg","caption":"Fran\u00e7ois Richard"},"description":"Miembro del COSOC de La Reina (Consejo de la Sociedad Civil), Socio de la Junta de Vecinos 12-F \"Fernando Castillo Velasco\" Director Fundaci\u00f3n por un Movimiento Ciudadano Participativo francois@richard.cl","url":"https:\/\/lareinanews.cl\/noticias\/index.php\/author\/frichard\/"}]}},"_links":{"self":[{"href":"https:\/\/lareinanews.cl\/noticias\/index.php\/wp-json\/wp\/v2\/posts\/1734","targetHints":{"allow":["GET"]}}],"collection":[{"href":"https:\/\/lareinanews.cl\/noticias\/index.php\/wp-json\/wp\/v2\/posts"}],"about":[{"href":"https:\/\/lareinanews.cl\/noticias\/index.php\/wp-json\/wp\/v2\/types\/post"}],"author":[{"embeddable":true,"href":"https:\/\/lareinanews.cl\/noticias\/index.php\/wp-json\/wp\/v2\/users\/12"}],"replies":[{"embeddable":true,"href":"https:\/\/lareinanews.cl\/noticias\/index.php\/wp-json\/wp\/v2\/comments?post=1734"}],"version-history":[{"count":6,"href":"https:\/\/lareinanews.cl\/noticias\/index.php\/wp-json\/wp\/v2\/posts\/1734\/revisions"}],"predecessor-version":[{"id":1881,"href":"https:\/\/lareinanews.cl\/noticias\/index.php\/wp-json\/wp\/v2\/posts\/1734\/revisions\/1881"}],"wp:featuredmedia":[{"embeddable":true,"href":"https:\/\/lareinanews.cl\/noticias\/index.php\/wp-json\/wp\/v2\/media\/1875"}],"wp:attachment":[{"href":"https:\/\/lareinanews.cl\/noticias\/index.php\/wp-json\/wp\/v2\/media?parent=1734"}],"wp:term":[{"taxonomy":"category","embeddable":true,"href":"https:\/\/lareinanews.cl\/noticias\/index.php\/wp-json\/wp\/v2\/categories?post=1734"},{"taxonomy":"post_tag","embeddable":true,"href":"https:\/\/lareinanews.cl\/noticias\/index.php\/wp-json\/wp\/v2\/tags?post=1734"}],"curies":[{"name":"wp","href":"https:\/\/api.w.org\/{rel}","templated":true}]}}