{"id":1513,"date":"2017-12-17T13:14:53","date_gmt":"2017-12-17T16:14:53","guid":{"rendered":"http:\/\/lareina.news\/noticias\/?p=1513"},"modified":"2017-12-17T23:43:29","modified_gmt":"2017-12-18T02:43:29","slug":"vecinos-de-santa-luisa-de-marillac-otra-cara-en-estas-elecciones-presidenciales","status":"publish","type":"post","link":"https:\/\/lareinanews.cl\/noticias\/index.php\/2017\/12\/17\/vecinos-de-santa-luisa-de-marillac-otra-cara-en-estas-elecciones-presidenciales\/","title":{"rendered":"Vecinos de Santa Luisa de Marillac: otra cara en estas elecciones presidenciales"},"content":{"rendered":"<p><img loading=\"lazy\" decoding=\"async\" class=\"size-medium wp-image-1514 alignleft\" src=\"http:\/\/lareina.news\/noticias\/wp-content\/uploads\/2017\/12\/IMG_76131-300x225.jpg\" alt=\"\" width=\"300\" height=\"225\" \/>Una entretenida Feria de las Pulgas organizaron los vecinos de\u00a0Santa Luisa de Marillac, ubicados a pocos metros del Colegio Teresiano Enrique de Oss\u00f3, sede electoral en estas elecciones presidenciales.<\/p>\n<p>Luego de haber cumplido con su deber c\u00edvico, una decena de vecinos instal\u00f3 diferentes cosas entre usadas, nuevas y producidas por ellos mismos en la plaza de esta lindo barrio ubicado al\u00a0 costado derecho de Eche\u00f1ique.<\/p>\n<p><img loading=\"lazy\" decoding=\"async\" class=\"size-medium wp-image-1516 alignright\" src=\"http:\/\/lareina.news\/noticias\/wp-content\/uploads\/2017\/12\/IMG_76281-300x225.jpg\" alt=\"\" width=\"300\" height=\"225\" \/><\/p>\n<p>&nbsp;<\/p>\n<p>La actividad, organizada por la presidenta del Comit\u00e9 de Seguridad y Desarrollo, Ethel Cort\u00e9s, fue difundida entre los integrantes de\u00a0 Agrupaci\u00f3n de Comit\u00e9s de Seguridad De la Reina y este diario electr\u00f3nico reinino cumple con la labor de darlo a conocer. Nos parece una excelente instancia de hacer comunidad, de aprovechar a la poblaci\u00f3n flotante por las elecciones y de reciclar y dar a conocer producciones propias.<\/p>\n<p>&nbsp;<\/p>\n<p><img loading=\"lazy\" decoding=\"async\" class=\"size-medium wp-image-1517 aligncenter\" src=\"http:\/\/lareina.news\/noticias\/wp-content\/uploads\/2017\/12\/IMG_76381-300x225.jpg\" alt=\"\" width=\"300\" height=\"225\" \/><br \/>\n<img loading=\"lazy\" decoding=\"async\" class=\"size-medium wp-image-1518 aligncenter\" src=\"http:\/\/lareina.news\/noticias\/wp-content\/uploads\/2017\/12\/IMG_76331-300x225.jpg\" alt=\"\" width=\"300\" height=\"225\" \/><\/p>\n<figure id=\"attachment_1519\" aria-describedby=\"caption-attachment-1519\" style=\"width: 300px\" class=\"wp-caption aligncenter\"><img loading=\"lazy\" decoding=\"async\" class=\"wp-image-1519 size-medium\" src=\"http:\/\/lareina.news\/noticias\/wp-content\/uploads\/2017\/12\/IMG_76191-300x225.jpg\" alt=\"\" width=\"300\" height=\"225\" \/><figcaption id=\"caption-attachment-1519\" class=\"wp-caption-text\">Vecina hace manicura<\/figcaption><\/figure>\n<p><img loading=\"lazy\" decoding=\"async\" class=\"size-medium wp-image-1520 aligncenter\" src=\"http:\/\/lareina.news\/noticias\/wp-content\/uploads\/2017\/12\/IMG_76341-300x225.jpg\" alt=\"\" width=\"300\" height=\"225\" \/>\u00a0 <img loading=\"lazy\" decoding=\"async\" class=\"size-medium wp-image-1521 aligncenter\" src=\"http:\/\/lareina.news\/noticias\/wp-content\/uploads\/2017\/12\/IMG_76401-300x225.jpg\" alt=\"\" width=\"300\" height=\"225\" \/><\/p>\n<p>&nbsp;<\/p>\n","protected":false},"excerpt":{"rendered":"<div class=\"mh-excerpt\"><p>Una entretenida Feria de las Pulgas organizaron los vecinos de\u00a0Santa Luisa de Marillac, ubicados a pocos metros del Colegio Teresiano Enrique de Oss\u00f3, sede electoral en estas elecciones presidenciales. Luego de haber cumplido con su <a class=\"mh-excerpt-more\" href=\"https:\/\/lareinanews.cl\/noticias\/index.php\/2017\/12\/17\/vecinos-de-santa-luisa-de-marillac-otra-cara-en-estas-elecciones-presidenciales\/\" title=\"Vecinos de Santa Luisa de Marillac: otra cara en estas elecciones presidenciales\">[&#8230;]<\/a><\/p>\n<\/div>","protected":false},"author":10,"featured_media":1520,"comment_status":"closed","ping_status":"closed","sticky":false,"template":"","format":"standard","meta":{"_acf_changed":false,"footnotes":""},"categories":[2,14],"tags":[6,4],"class_list":{"0":"post-1513","1":"post","2":"type-post","3":"status-publish","4":"format-standard","5":"has-post-thumbnail","7":"category-comuna","8":"category-noticias","9":"tag-comunidad","10":"tag-la-reina"},"acf":[],"yoast_head":"<!-- This site is optimized with the Yoast SEO plugin v27.1.1 - https:\/\/yoast.com\/product\/yoast-seo-wordpress\/ -->\n<title>Vecinos de Santa Luisa de Marillac: otra cara en estas elecciones presidenciales<\/title>\n<meta name=\"robots\" content=\"index, follow, max-snippet:-1, max-image-preview:large, max-video-preview:-1\" \/>\n<link rel=\"canonical\" href=\"https:\/\/lareinanews.cl\/noticias\/index.php\/2017\/12\/17\/vecinos-de-santa-luisa-de-marillac-otra-cara-en-estas-elecciones-presidenciales\/\" \/>\n<meta property=\"og:locale\" content=\"es_ES\" \/>\n<meta property=\"og:type\" content=\"article\" \/>\n<meta property=\"og:title\" content=\"Vecinos de Santa Luisa de Marillac: otra cara en estas elecciones presidenciales\" \/>\n<meta property=\"og:description\" content=\"Una entretenida Feria de las Pulgas organizaron los vecinos de\u00a0Santa Luisa de Marillac, ubicados a pocos metros del Colegio Teresiano Enrique de Oss\u00f3, sede electoral en estas elecciones presidenciales. Luego de haber cumplido con su [...]\" \/>\n<meta property=\"og:url\" content=\"https:\/\/lareinanews.cl\/noticias\/index.php\/2017\/12\/17\/vecinos-de-santa-luisa-de-marillac-otra-cara-en-estas-elecciones-presidenciales\/\" \/>\n<meta property=\"og:site_name\" content=\"Noticias La Reina\" \/>\n<meta property=\"article:publisher\" content=\"https:\/\/www.facebook.com\/LaReinaNews\" \/>\n<meta property=\"article:published_time\" content=\"2017-12-17T16:14:53+00:00\" \/>\n<meta property=\"article:modified_time\" content=\"2017-12-18T02:43:29+00:00\" \/>\n<meta property=\"og:image\" content=\"https:\/\/lareinanews.cl\/noticias\/wp-content\/uploads\/2017\/12\/IMG_76341-e1513527100175.jpg\" \/>\n\t<meta property=\"og:image:width\" content=\"490\" \/>\n\t<meta property=\"og:image:height\" content=\"368\" \/>\n\t<meta property=\"og:image:type\" content=\"image\/jpeg\" \/>\n<meta name=\"author\" content=\"Mar\u00eda Jos\u00e9 Herrera\" \/>\n<meta name=\"twitter:card\" content=\"summary_large_image\" \/>\n<meta name=\"twitter:label1\" content=\"Escrito por\" \/>\n\t<meta name=\"twitter:data1\" content=\"Mar\u00eda Jos\u00e9 Herrera\" \/>\n\t<meta name=\"twitter:label2\" content=\"Tiempo de lectura\" \/>\n\t<meta name=\"twitter:data2\" content=\"1 minuto\" \/>\n<script type=\"application\/ld+json\" class=\"yoast-schema-graph\">{\"@context\":\"https:\/\/schema.org\",\"@graph\":[{\"@type\":\"Article\",\"@id\":\"https:\/\/lareinanews.cl\/noticias\/index.php\/2017\/12\/17\/vecinos-de-santa-luisa-de-marillac-otra-cara-en-estas-elecciones-presidenciales\/#article\",\"isPartOf\":{\"@id\":\"https:\/\/lareinanews.cl\/noticias\/index.php\/2017\/12\/17\/vecinos-de-santa-luisa-de-marillac-otra-cara-en-estas-elecciones-presidenciales\/\"},\"author\":{\"name\":\"Mar\u00eda Jos\u00e9 Herrera\",\"@id\":\"https:\/\/lareinanews.cl\/noticias\/#\/schema\/person\/0a6a04d9459fe4165105f2f7b175aeb4\"},\"headline\":\"Vecinos de Santa Luisa de Marillac: otra cara en estas elecciones presidenciales\",\"datePublished\":\"2017-12-17T16:14:53+00:00\",\"dateModified\":\"2017-12-18T02:43:29+00:00\",\"mainEntityOfPage\":{\"@id\":\"https:\/\/lareinanews.cl\/noticias\/index.php\/2017\/12\/17\/vecinos-de-santa-luisa-de-marillac-otra-cara-en-estas-elecciones-presidenciales\/\"},\"wordCount\":165,\"publisher\":{\"@id\":\"https:\/\/lareinanews.cl\/noticias\/#organization\"},\"image\":{\"@id\":\"https:\/\/lareinanews.cl\/noticias\/index.php\/2017\/12\/17\/vecinos-de-santa-luisa-de-marillac-otra-cara-en-estas-elecciones-presidenciales\/#primaryimage\"},\"thumbnailUrl\":\"https:\/\/lareinanews.cl\/noticias\/wp-content\/uploads\/2017\/12\/IMG_76341-e1513527100175.jpg\",\"keywords\":[\"comunidad\",\"la reina\"],\"articleSection\":[\"La Reina\",\"Noticias\"],\"inLanguage\":\"es\"},{\"@type\":\"WebPage\",\"@id\":\"https:\/\/lareinanews.cl\/noticias\/index.php\/2017\/12\/17\/vecinos-de-santa-luisa-de-marillac-otra-cara-en-estas-elecciones-presidenciales\/\",\"url\":\"https:\/\/lareinanews.cl\/noticias\/index.php\/2017\/12\/17\/vecinos-de-santa-luisa-de-marillac-otra-cara-en-estas-elecciones-presidenciales\/\",\"name\":\"Vecinos de Santa Luisa de Marillac: otra cara en estas elecciones presidenciales\",\"isPartOf\":{\"@id\":\"https:\/\/lareinanews.cl\/noticias\/#website\"},\"primaryImageOfPage\":{\"@id\":\"https:\/\/lareinanews.cl\/noticias\/index.php\/2017\/12\/17\/vecinos-de-santa-luisa-de-marillac-otra-cara-en-estas-elecciones-presidenciales\/#primaryimage\"},\"image\":{\"@id\":\"https:\/\/lareinanews.cl\/noticias\/index.php\/2017\/12\/17\/vecinos-de-santa-luisa-de-marillac-otra-cara-en-estas-elecciones-presidenciales\/#primaryimage\"},\"thumbnailUrl\":\"https:\/\/lareinanews.cl\/noticias\/wp-content\/uploads\/2017\/12\/IMG_76341-e1513527100175.jpg\",\"datePublished\":\"2017-12-17T16:14:53+00:00\",\"dateModified\":\"2017-12-18T02:43:29+00:00\",\"breadcrumb\":{\"@id\":\"https:\/\/lareinanews.cl\/noticias\/index.php\/2017\/12\/17\/vecinos-de-santa-luisa-de-marillac-otra-cara-en-estas-elecciones-presidenciales\/#breadcrumb\"},\"inLanguage\":\"es\",\"potentialAction\":[{\"@type\":\"ReadAction\",\"target\":[\"https:\/\/lareinanews.cl\/noticias\/index.php\/2017\/12\/17\/vecinos-de-santa-luisa-de-marillac-otra-cara-en-estas-elecciones-presidenciales\/\"]}]},{\"@type\":\"ImageObject\",\"inLanguage\":\"es\",\"@id\":\"https:\/\/lareinanews.cl\/noticias\/index.php\/2017\/12\/17\/vecinos-de-santa-luisa-de-marillac-otra-cara-en-estas-elecciones-presidenciales\/#primaryimage\",\"url\":\"https:\/\/lareinanews.cl\/noticias\/wp-content\/uploads\/2017\/12\/IMG_76341-e1513527100175.jpg\",\"contentUrl\":\"https:\/\/lareinanews.cl\/noticias\/wp-content\/uploads\/2017\/12\/IMG_76341-e1513527100175.jpg\",\"width\":490,\"height\":368},{\"@type\":\"BreadcrumbList\",\"@id\":\"https:\/\/lareinanews.cl\/noticias\/index.php\/2017\/12\/17\/vecinos-de-santa-luisa-de-marillac-otra-cara-en-estas-elecciones-presidenciales\/#breadcrumb\",\"itemListElement\":[{\"@type\":\"ListItem\",\"position\":1,\"name\":\"Inicio\",\"item\":\"https:\/\/lareinanews.cl\/noticias\/\"},{\"@type\":\"ListItem\",\"position\":2,\"name\":\"Vecinos de Santa Luisa de Marillac: otra cara en estas elecciones presidenciales\"}]},{\"@type\":\"WebSite\",\"@id\":\"https:\/\/lareinanews.cl\/noticias\/#website\",\"url\":\"https:\/\/lareinanews.cl\/noticias\/\",\"name\":\"Noticias La Reina\",\"description\":\"LaReina.news\",\"publisher\":{\"@id\":\"https:\/\/lareinanews.cl\/noticias\/#organization\"},\"potentialAction\":[{\"@type\":\"SearchAction\",\"target\":{\"@type\":\"EntryPoint\",\"urlTemplate\":\"https:\/\/lareinanews.cl\/noticias\/?s={search_term_string}\"},\"query-input\":{\"@type\":\"PropertyValueSpecification\",\"valueRequired\":true,\"valueName\":\"search_term_string\"}}],\"inLanguage\":\"es\"},{\"@type\":\"Organization\",\"@id\":\"https:\/\/lareinanews.cl\/noticias\/#organization\",\"name\":\"La Reina.news Peri\u00f3dico comunal de La Reina\",\"url\":\"https:\/\/lareinanews.cl\/noticias\/\",\"logo\":{\"@type\":\"ImageObject\",\"inLanguage\":\"es\",\"@id\":\"https:\/\/lareinanews.cl\/noticias\/#\/schema\/logo\/image\/\",\"url\":\"https:\/\/lareinanews.cl\/noticias\/wp-content\/uploads\/2020\/04\/logo_schema.png\",\"contentUrl\":\"https:\/\/lareinanews.cl\/noticias\/wp-content\/uploads\/2020\/04\/logo_schema.png\",\"width\":640,\"height\":360,\"caption\":\"La Reina.news Peri\u00f3dico comunal de La Reina\"},\"image\":{\"@id\":\"https:\/\/lareinanews.cl\/noticias\/#\/schema\/logo\/image\/\"},\"sameAs\":[\"https:\/\/www.facebook.com\/LaReinaNews\",\"https:\/\/www.instagram.com\/lareinanews\/\"]},{\"@type\":\"Person\",\"@id\":\"https:\/\/lareinanews.cl\/noticias\/#\/schema\/person\/0a6a04d9459fe4165105f2f7b175aeb4\",\"name\":\"Mar\u00eda Jos\u00e9 Herrera\",\"image\":{\"@type\":\"ImageObject\",\"inLanguage\":\"es\",\"@id\":\"https:\/\/lareinanews.cl\/noticias\/#\/schema\/person\/image\/\",\"url\":\"http:\/\/lareina.news\/noticias\/wp-content\/uploads\/2017\/10\/avatar_user_10_1507484294-96x96.jpg\",\"contentUrl\":\"http:\/\/lareina.news\/noticias\/wp-content\/uploads\/2017\/10\/avatar_user_10_1507484294-96x96.jpg\",\"caption\":\"Mar\u00eda Jos\u00e9 Herrera\"},\"description\":\"Periodista e Historiadora - Asesora en Comunicaci\u00f3n en Br\u00fcmmer Comunicaci\u00f3n Corporativa S.A. - Vecina de La Reina\",\"url\":\"https:\/\/lareinanews.cl\/noticias\/index.php\/author\/mjherrera\/\"}]}<\/script>\n<!-- \/ Yoast SEO plugin. -->","yoast_head_json":{"title":"Vecinos de Santa Luisa de Marillac: otra cara en estas elecciones presidenciales","robots":{"index":"index","follow":"follow","max-snippet":"max-snippet:-1","max-image-preview":"max-image-preview:large","max-video-preview":"max-video-preview:-1"},"canonical":"https:\/\/lareinanews.cl\/noticias\/index.php\/2017\/12\/17\/vecinos-de-santa-luisa-de-marillac-otra-cara-en-estas-elecciones-presidenciales\/","og_locale":"es_ES","og_type":"article","og_title":"Vecinos de Santa Luisa de Marillac: otra cara en estas elecciones presidenciales","og_description":"Una entretenida Feria de las Pulgas organizaron los vecinos de\u00a0Santa Luisa de Marillac, ubicados a pocos metros del Colegio Teresiano Enrique de Oss\u00f3, sede electoral en estas elecciones presidenciales. Luego de haber cumplido con su [...]","og_url":"https:\/\/lareinanews.cl\/noticias\/index.php\/2017\/12\/17\/vecinos-de-santa-luisa-de-marillac-otra-cara-en-estas-elecciones-presidenciales\/","og_site_name":"Noticias La Reina","article_publisher":"https:\/\/www.facebook.com\/LaReinaNews","article_published_time":"2017-12-17T16:14:53+00:00","article_modified_time":"2017-12-18T02:43:29+00:00","og_image":[{"width":490,"height":368,"url":"https:\/\/lareinanews.cl\/noticias\/wp-content\/uploads\/2017\/12\/IMG_76341-e1513527100175.jpg","type":"image\/jpeg"}],"author":"Mar\u00eda Jos\u00e9 Herrera","twitter_card":"summary_large_image","twitter_misc":{"Escrito por":"Mar\u00eda Jos\u00e9 Herrera","Tiempo de lectura":"1 minuto"},"schema":{"@context":"https:\/\/schema.org","@graph":[{"@type":"Article","@id":"https:\/\/lareinanews.cl\/noticias\/index.php\/2017\/12\/17\/vecinos-de-santa-luisa-de-marillac-otra-cara-en-estas-elecciones-presidenciales\/#article","isPartOf":{"@id":"https:\/\/lareinanews.cl\/noticias\/index.php\/2017\/12\/17\/vecinos-de-santa-luisa-de-marillac-otra-cara-en-estas-elecciones-presidenciales\/"},"author":{"name":"Mar\u00eda Jos\u00e9 Herrera","@id":"https:\/\/lareinanews.cl\/noticias\/#\/schema\/person\/0a6a04d9459fe4165105f2f7b175aeb4"},"headline":"Vecinos de Santa Luisa de Marillac: otra cara en estas elecciones presidenciales","datePublished":"2017-12-17T16:14:53+00:00","dateModified":"2017-12-18T02:43:29+00:00","mainEntityOfPage":{"@id":"https:\/\/lareinanews.cl\/noticias\/index.php\/2017\/12\/17\/vecinos-de-santa-luisa-de-marillac-otra-cara-en-estas-elecciones-presidenciales\/"},"wordCount":165,"publisher":{"@id":"https:\/\/lareinanews.cl\/noticias\/#organization"},"image":{"@id":"https:\/\/lareinanews.cl\/noticias\/index.php\/2017\/12\/17\/vecinos-de-santa-luisa-de-marillac-otra-cara-en-estas-elecciones-presidenciales\/#primaryimage"},"thumbnailUrl":"https:\/\/lareinanews.cl\/noticias\/wp-content\/uploads\/2017\/12\/IMG_76341-e1513527100175.jpg","keywords":["comunidad","la reina"],"articleSection":["La Reina","Noticias"],"inLanguage":"es"},{"@type":"WebPage","@id":"https:\/\/lareinanews.cl\/noticias\/index.php\/2017\/12\/17\/vecinos-de-santa-luisa-de-marillac-otra-cara-en-estas-elecciones-presidenciales\/","url":"https:\/\/lareinanews.cl\/noticias\/index.php\/2017\/12\/17\/vecinos-de-santa-luisa-de-marillac-otra-cara-en-estas-elecciones-presidenciales\/","name":"Vecinos de Santa Luisa de Marillac: otra cara en estas elecciones presidenciales","isPartOf":{"@id":"https:\/\/lareinanews.cl\/noticias\/#website"},"primaryImageOfPage":{"@id":"https:\/\/lareinanews.cl\/noticias\/index.php\/2017\/12\/17\/vecinos-de-santa-luisa-de-marillac-otra-cara-en-estas-elecciones-presidenciales\/#primaryimage"},"image":{"@id":"https:\/\/lareinanews.cl\/noticias\/index.php\/2017\/12\/17\/vecinos-de-santa-luisa-de-marillac-otra-cara-en-estas-elecciones-presidenciales\/#primaryimage"},"thumbnailUrl":"https:\/\/lareinanews.cl\/noticias\/wp-content\/uploads\/2017\/12\/IMG_76341-e1513527100175.jpg","datePublished":"2017-12-17T16:14:53+00:00","dateModified":"2017-12-18T02:43:29+00:00","breadcrumb":{"@id":"https:\/\/lareinanews.cl\/noticias\/index.php\/2017\/12\/17\/vecinos-de-santa-luisa-de-marillac-otra-cara-en-estas-elecciones-presidenciales\/#breadcrumb"},"inLanguage":"es","potentialAction":[{"@type":"ReadAction","target":["https:\/\/lareinanews.cl\/noticias\/index.php\/2017\/12\/17\/vecinos-de-santa-luisa-de-marillac-otra-cara-en-estas-elecciones-presidenciales\/"]}]},{"@type":"ImageObject","inLanguage":"es","@id":"https:\/\/lareinanews.cl\/noticias\/index.php\/2017\/12\/17\/vecinos-de-santa-luisa-de-marillac-otra-cara-en-estas-elecciones-presidenciales\/#primaryimage","url":"https:\/\/lareinanews.cl\/noticias\/wp-content\/uploads\/2017\/12\/IMG_76341-e1513527100175.jpg","contentUrl":"https:\/\/lareinanews.cl\/noticias\/wp-content\/uploads\/2017\/12\/IMG_76341-e1513527100175.jpg","width":490,"height":368},{"@type":"BreadcrumbList","@id":"https:\/\/lareinanews.cl\/noticias\/index.php\/2017\/12\/17\/vecinos-de-santa-luisa-de-marillac-otra-cara-en-estas-elecciones-presidenciales\/#breadcrumb","itemListElement":[{"@type":"ListItem","position":1,"name":"Inicio","item":"https:\/\/lareinanews.cl\/noticias\/"},{"@type":"ListItem","position":2,"name":"Vecinos de Santa Luisa de Marillac: otra cara en estas elecciones presidenciales"}]},{"@type":"WebSite","@id":"https:\/\/lareinanews.cl\/noticias\/#website","url":"https:\/\/lareinanews.cl\/noticias\/","name":"Noticias La Reina","description":"LaReina.news","publisher":{"@id":"https:\/\/lareinanews.cl\/noticias\/#organization"},"potentialAction":[{"@type":"SearchAction","target":{"@type":"EntryPoint","urlTemplate":"https:\/\/lareinanews.cl\/noticias\/?s={search_term_string}"},"query-input":{"@type":"PropertyValueSpecification","valueRequired":true,"valueName":"search_term_string"}}],"inLanguage":"es"},{"@type":"Organization","@id":"https:\/\/lareinanews.cl\/noticias\/#organization","name":"La Reina.news Peri\u00f3dico comunal de La Reina","url":"https:\/\/lareinanews.cl\/noticias\/","logo":{"@type":"ImageObject","inLanguage":"es","@id":"https:\/\/lareinanews.cl\/noticias\/#\/schema\/logo\/image\/","url":"https:\/\/lareinanews.cl\/noticias\/wp-content\/uploads\/2020\/04\/logo_schema.png","contentUrl":"https:\/\/lareinanews.cl\/noticias\/wp-content\/uploads\/2020\/04\/logo_schema.png","width":640,"height":360,"caption":"La Reina.news Peri\u00f3dico comunal de La Reina"},"image":{"@id":"https:\/\/lareinanews.cl\/noticias\/#\/schema\/logo\/image\/"},"sameAs":["https:\/\/www.facebook.com\/LaReinaNews","https:\/\/www.instagram.com\/lareinanews\/"]},{"@type":"Person","@id":"https:\/\/lareinanews.cl\/noticias\/#\/schema\/person\/0a6a04d9459fe4165105f2f7b175aeb4","name":"Mar\u00eda Jos\u00e9 Herrera","image":{"@type":"ImageObject","inLanguage":"es","@id":"https:\/\/lareinanews.cl\/noticias\/#\/schema\/person\/image\/","url":"http:\/\/lareina.news\/noticias\/wp-content\/uploads\/2017\/10\/avatar_user_10_1507484294-96x96.jpg","contentUrl":"http:\/\/lareina.news\/noticias\/wp-content\/uploads\/2017\/10\/avatar_user_10_1507484294-96x96.jpg","caption":"Mar\u00eda Jos\u00e9 Herrera"},"description":"Periodista e Historiadora - Asesora en Comunicaci\u00f3n en Br\u00fcmmer Comunicaci\u00f3n Corporativa S.A. - Vecina de La Reina","url":"https:\/\/lareinanews.cl\/noticias\/index.php\/author\/mjherrera\/"}]}},"_links":{"self":[{"href":"https:\/\/lareinanews.cl\/noticias\/index.php\/wp-json\/wp\/v2\/posts\/1513","targetHints":{"allow":["GET"]}}],"collection":[{"href":"https:\/\/lareinanews.cl\/noticias\/index.php\/wp-json\/wp\/v2\/posts"}],"about":[{"href":"https:\/\/lareinanews.cl\/noticias\/index.php\/wp-json\/wp\/v2\/types\/post"}],"author":[{"embeddable":true,"href":"https:\/\/lareinanews.cl\/noticias\/index.php\/wp-json\/wp\/v2\/users\/10"}],"replies":[{"embeddable":true,"href":"https:\/\/lareinanews.cl\/noticias\/index.php\/wp-json\/wp\/v2\/comments?post=1513"}],"version-history":[{"count":8,"href":"https:\/\/lareinanews.cl\/noticias\/index.php\/wp-json\/wp\/v2\/posts\/1513\/revisions"}],"predecessor-version":[{"id":1535,"href":"https:\/\/lareinanews.cl\/noticias\/index.php\/wp-json\/wp\/v2\/posts\/1513\/revisions\/1535"}],"wp:featuredmedia":[{"embeddable":true,"href":"https:\/\/lareinanews.cl\/noticias\/index.php\/wp-json\/wp\/v2\/media\/1520"}],"wp:attachment":[{"href":"https:\/\/lareinanews.cl\/noticias\/index.php\/wp-json\/wp\/v2\/media?parent=1513"}],"wp:term":[{"taxonomy":"category","embeddable":true,"href":"https:\/\/lareinanews.cl\/noticias\/index.php\/wp-json\/wp\/v2\/categories?post=1513"},{"taxonomy":"post_tag","embeddable":true,"href":"https:\/\/lareinanews.cl\/noticias\/index.php\/wp-json\/wp\/v2\/tags?post=1513"}],"curies":[{"name":"wp","href":"https:\/\/api.w.org\/{rel}","templated":true}]}}