{"id":1504,"date":"2017-12-17T12:51:44","date_gmt":"2017-12-17T15:51:44","guid":{"rendered":"http:\/\/lareina.news\/noticias\/?p=1504"},"modified":"2017-12-17T13:41:30","modified_gmt":"2017-12-17T16:41:30","slug":"raul-donckaster-en-estas-elecciones-se-definira-la-postura-del-pais-que-queremos","status":"publish","type":"post","link":"https:\/\/lareinanews.cl\/noticias\/index.php\/2017\/12\/17\/raul-donckaster-en-estas-elecciones-se-definira-la-postura-del-pais-que-queremos\/","title":{"rendered":"Ra\u00fal Donckaster: En estas elecciones se definir\u00e1 la postura del pa\u00eds que queremos"},"content":{"rendered":"<p>Tras haber sufragado en el\u00a0Colegio\u00a0Teresiano\u00a0Enrique de Oss\u00f3, me encontr\u00e9 a nuestro exalcalde, Ra\u00fal Donckaster. Muy gentil acept\u00f3 inmediatamente que le hiciera una peque\u00f1a entrevista respecto a estas elecciones y al modelo de pa\u00eds que seg\u00fan el mismo indic\u00f3, se est\u00e1 jugando hoy.<\/p>\n<p><img loading=\"lazy\" decoding=\"async\" class=\"size-medium wp-image-1505 alignleft\" src=\"http:\/\/lareina.news\/noticias\/wp-content\/uploads\/2017\/12\/IMG_76091-300x225.jpg\" alt=\"\" width=\"300\" height=\"225\" \/><\/p>\n<p>\u00bfA su modo de ver, cu\u00e1l el la importancia de esta elecci\u00f3n?<\/p>\n<p><em>Son unas elecciones bastante \u00fatiles para nuestro pa\u00eds, en este caso espec\u00edfico, m\u00e1s que en otras ocasiones, porque nos va a permitir entregar una opini\u00f3n respecto a c\u00f3mo queremos el pa\u00eds que viene. Lo que hoy se juega es una se\u00f1al significativa en relaci\u00f3n a qu\u00e9 tipo de pa\u00eds es el que queremos. Y los que estamos con la opci\u00f3n de lo que representa Alejandro Guillier, creemos que con \u00e9l se profundizar\u00e1n las reformas, habr\u00e1 m\u00e1s equidad, mayor acceso a la gratuidad en la educaci\u00f3n y se respetar\u00e1n m\u00e1s los derechos. Por ello, es algo muy significativo y valiosa esta elecci\u00f3n. Lo que se marcar\u00e1 hoy, y tenemos casi la certeza que ser\u00e1 la mayor\u00eda, nos permitir\u00e1 orientar a nuestro pa\u00eds hacia la direcci\u00f3n de la equidad y de la felicidad.<\/em><\/p>\n<p>\u00bfCu\u00e1l es la importancia de los j\u00f3venes en estos sufragios?<\/p>\n<p><em>Ojal\u00e1 vengan de inmediato a votar y no se queden en sus casas. Lo que sea que se resuelva ahora, a quienes m\u00e1s los va a determinar en su vida ser\u00e1 a los j\u00f3venes. A los m\u00e1s j\u00f3venes es a los que m\u00e1s los va a afectar porque las pol\u00edticas de un pa\u00eds se fijan a largo plazo y son los j\u00f3venes de hoy los que ser\u00e1n adultos cuando estas pol\u00edticas se est\u00e1n ejecutando.\u00a0<\/em><\/p>\n<figure id=\"attachment_1511\" aria-describedby=\"caption-attachment-1511\" style=\"width: 300px\" class=\"wp-caption alignright\"><img loading=\"lazy\" decoding=\"async\" class=\"wp-image-1511 size-medium\" src=\"http:\/\/lareina.news\/noticias\/wp-content\/uploads\/2017\/12\/IMG_75971-300x225.jpg\" alt=\"\" width=\"300\" height=\"225\" \/><figcaption id=\"caption-attachment-1511\" class=\"wp-caption-text\">Pato Pimienta, Ex Club de la Comedia, cumpliendo con su deber de Vocal de Mesa.<\/figcaption><\/figure>\n<p>&nbsp;<\/p>\n<p>Con su posici\u00f3n clara, Donckaster se mostr\u00f3 muy seguro que su candidato ser\u00eda el ganador. En tanto,para nosotros con reininos sea quien gane hoy, esperamos que el presidente que llegue se haga cargo y escuche la voz y las demandas de vecinos, que necesitamos pol\u00edticas de seguridad m\u00e1s claras y barrios m\u00e1s seguros, adem\u00e1s de mejorar otros aspectos de nuestra diario vivir.<\/p>\n<p>Desde LaReinaNews y sin color pol\u00edtico alguno, invitamos a todos a dirigirse a los locales de votaci\u00f3n y a hacer validar este relevante derecho que tenemos en democracia: <strong>VOTAR<\/strong>. Si no votamos no tendremos ning\u00fan derecho a opinar respecto a lo que haga la autoridad central, ni tampoco juzgar las nuevas pol\u00edticas que se impongan. Lev\u00e1ntese, vaya a cumplir con su deber c\u00edvico y si tiene nietos o hijos\u00a0que lo acompa\u00f1en porque de los ejemplos tambi\u00e9n se hace democracia.<\/p>\n<p>&nbsp;<\/p>\n<p>&nbsp;<\/p>\n","protected":false},"excerpt":{"rendered":"<div class=\"mh-excerpt\"><p>Tras haber sufragado en el\u00a0Colegio\u00a0Teresiano\u00a0Enrique de Oss\u00f3, me encontr\u00e9 a nuestro exalcalde, Ra\u00fal Donckaster. Muy gentil acept\u00f3 inmediatamente que le hiciera una peque\u00f1a entrevista respecto a estas elecciones y al modelo de pa\u00eds que seg\u00fan <a class=\"mh-excerpt-more\" href=\"https:\/\/lareinanews.cl\/noticias\/index.php\/2017\/12\/17\/raul-donckaster-en-estas-elecciones-se-definira-la-postura-del-pais-que-queremos\/\" title=\"Ra\u00fal Donckaster: En estas elecciones se definir\u00e1 la postura del pa\u00eds que queremos\">[&#8230;]<\/a><\/p>\n<\/div>","protected":false},"author":10,"featured_media":1525,"comment_status":"closed","ping_status":"closed","sticky":false,"template":"","format":"standard","meta":{"_acf_changed":false,"footnotes":""},"categories":[31,135,14],"tags":[138,75,139],"class_list":{"0":"post-1504","1":"post","2":"type-post","3":"status-publish","4":"format-standard","5":"has-post-thumbnail","7":"category-destacados","8":"category-entrevista","9":"category-noticias","10":"tag-elecciones-presidenciales","11":"tag-raul-donckaster","12":"tag-votaciones"},"acf":[],"yoast_head":"<!-- This site is optimized with the Yoast SEO plugin v27.1.1 - https:\/\/yoast.com\/product\/yoast-seo-wordpress\/ -->\n<title>Ra\u00fal Donckaster: En estas elecciones se definir\u00e1 la postura del pa\u00eds que queremos<\/title>\n<meta name=\"robots\" content=\"index, follow, max-snippet:-1, max-image-preview:large, max-video-preview:-1\" \/>\n<link rel=\"canonical\" href=\"https:\/\/lareinanews.cl\/noticias\/index.php\/2017\/12\/17\/raul-donckaster-en-estas-elecciones-se-definira-la-postura-del-pais-que-queremos\/\" \/>\n<meta property=\"og:locale\" content=\"es_ES\" \/>\n<meta property=\"og:type\" content=\"article\" \/>\n<meta property=\"og:title\" content=\"Ra\u00fal Donckaster: En estas elecciones se definir\u00e1 la postura del pa\u00eds que queremos\" \/>\n<meta property=\"og:description\" content=\"Tras haber sufragado en el\u00a0Colegio\u00a0Teresiano\u00a0Enrique de Oss\u00f3, me encontr\u00e9 a nuestro exalcalde, Ra\u00fal Donckaster. Muy gentil acept\u00f3 inmediatamente que le hiciera una peque\u00f1a entrevista respecto a estas elecciones y al modelo de pa\u00eds que seg\u00fan [...]\" \/>\n<meta property=\"og:url\" content=\"https:\/\/lareinanews.cl\/noticias\/index.php\/2017\/12\/17\/raul-donckaster-en-estas-elecciones-se-definira-la-postura-del-pais-que-queremos\/\" \/>\n<meta property=\"og:site_name\" content=\"Noticias La Reina\" \/>\n<meta property=\"article:publisher\" content=\"https:\/\/www.facebook.com\/LaReinaNews\" \/>\n<meta property=\"article:published_time\" content=\"2017-12-17T15:51:44+00:00\" \/>\n<meta property=\"article:modified_time\" content=\"2017-12-17T16:41:30+00:00\" \/>\n<meta property=\"og:image\" content=\"https:\/\/lareinanews.cl\/noticias\/wp-content\/uploads\/2017\/12\/donckaster.png\" \/>\n\t<meta property=\"og:image:width\" content=\"650\" \/>\n\t<meta property=\"og:image:height\" content=\"490\" \/>\n\t<meta property=\"og:image:type\" content=\"image\/png\" \/>\n<meta name=\"author\" content=\"Mar\u00eda Jos\u00e9 Herrera\" \/>\n<meta name=\"twitter:card\" content=\"summary_large_image\" \/>\n<meta name=\"twitter:label1\" content=\"Escrito por\" \/>\n\t<meta name=\"twitter:data1\" content=\"Mar\u00eda Jos\u00e9 Herrera\" \/>\n\t<meta name=\"twitter:label2\" content=\"Tiempo de lectura\" \/>\n\t<meta name=\"twitter:data2\" content=\"2 minutos\" \/>\n<script type=\"application\/ld+json\" class=\"yoast-schema-graph\">{\"@context\":\"https:\/\/schema.org\",\"@graph\":[{\"@type\":\"Article\",\"@id\":\"https:\/\/lareinanews.cl\/noticias\/index.php\/2017\/12\/17\/raul-donckaster-en-estas-elecciones-se-definira-la-postura-del-pais-que-queremos\/#article\",\"isPartOf\":{\"@id\":\"https:\/\/lareinanews.cl\/noticias\/index.php\/2017\/12\/17\/raul-donckaster-en-estas-elecciones-se-definira-la-postura-del-pais-que-queremos\/\"},\"author\":{\"name\":\"Mar\u00eda Jos\u00e9 Herrera\",\"@id\":\"https:\/\/lareinanews.cl\/noticias\/#\/schema\/person\/0a6a04d9459fe4165105f2f7b175aeb4\"},\"headline\":\"Ra\u00fal Donckaster: En estas elecciones se definir\u00e1 la postura del pa\u00eds que queremos\",\"datePublished\":\"2017-12-17T15:51:44+00:00\",\"dateModified\":\"2017-12-17T16:41:30+00:00\",\"mainEntityOfPage\":{\"@id\":\"https:\/\/lareinanews.cl\/noticias\/index.php\/2017\/12\/17\/raul-donckaster-en-estas-elecciones-se-definira-la-postura-del-pais-que-queremos\/\"},\"wordCount\":507,\"publisher\":{\"@id\":\"https:\/\/lareinanews.cl\/noticias\/#organization\"},\"image\":{\"@id\":\"https:\/\/lareinanews.cl\/noticias\/index.php\/2017\/12\/17\/raul-donckaster-en-estas-elecciones-se-definira-la-postura-del-pais-que-queremos\/#primaryimage\"},\"thumbnailUrl\":\"https:\/\/lareinanews.cl\/noticias\/wp-content\/uploads\/2017\/12\/donckaster.png\",\"keywords\":[\"ELECCIONES PRESIDENCIALES\",\"Ra\u00fal Donckaster\",\"votaciones\"],\"articleSection\":[\"Destacados\",\"Entrevista\",\"Noticias\"],\"inLanguage\":\"es\"},{\"@type\":\"WebPage\",\"@id\":\"https:\/\/lareinanews.cl\/noticias\/index.php\/2017\/12\/17\/raul-donckaster-en-estas-elecciones-se-definira-la-postura-del-pais-que-queremos\/\",\"url\":\"https:\/\/lareinanews.cl\/noticias\/index.php\/2017\/12\/17\/raul-donckaster-en-estas-elecciones-se-definira-la-postura-del-pais-que-queremos\/\",\"name\":\"Ra\u00fal Donckaster: En estas elecciones se definir\u00e1 la postura del pa\u00eds que queremos\",\"isPartOf\":{\"@id\":\"https:\/\/lareinanews.cl\/noticias\/#website\"},\"primaryImageOfPage\":{\"@id\":\"https:\/\/lareinanews.cl\/noticias\/index.php\/2017\/12\/17\/raul-donckaster-en-estas-elecciones-se-definira-la-postura-del-pais-que-queremos\/#primaryimage\"},\"image\":{\"@id\":\"https:\/\/lareinanews.cl\/noticias\/index.php\/2017\/12\/17\/raul-donckaster-en-estas-elecciones-se-definira-la-postura-del-pais-que-queremos\/#primaryimage\"},\"thumbnailUrl\":\"https:\/\/lareinanews.cl\/noticias\/wp-content\/uploads\/2017\/12\/donckaster.png\",\"datePublished\":\"2017-12-17T15:51:44+00:00\",\"dateModified\":\"2017-12-17T16:41:30+00:00\",\"breadcrumb\":{\"@id\":\"https:\/\/lareinanews.cl\/noticias\/index.php\/2017\/12\/17\/raul-donckaster-en-estas-elecciones-se-definira-la-postura-del-pais-que-queremos\/#breadcrumb\"},\"inLanguage\":\"es\",\"potentialAction\":[{\"@type\":\"ReadAction\",\"target\":[\"https:\/\/lareinanews.cl\/noticias\/index.php\/2017\/12\/17\/raul-donckaster-en-estas-elecciones-se-definira-la-postura-del-pais-que-queremos\/\"]}]},{\"@type\":\"ImageObject\",\"inLanguage\":\"es\",\"@id\":\"https:\/\/lareinanews.cl\/noticias\/index.php\/2017\/12\/17\/raul-donckaster-en-estas-elecciones-se-definira-la-postura-del-pais-que-queremos\/#primaryimage\",\"url\":\"https:\/\/lareinanews.cl\/noticias\/wp-content\/uploads\/2017\/12\/donckaster.png\",\"contentUrl\":\"https:\/\/lareinanews.cl\/noticias\/wp-content\/uploads\/2017\/12\/donckaster.png\",\"width\":650,\"height\":490},{\"@type\":\"BreadcrumbList\",\"@id\":\"https:\/\/lareinanews.cl\/noticias\/index.php\/2017\/12\/17\/raul-donckaster-en-estas-elecciones-se-definira-la-postura-del-pais-que-queremos\/#breadcrumb\",\"itemListElement\":[{\"@type\":\"ListItem\",\"position\":1,\"name\":\"Inicio\",\"item\":\"https:\/\/lareinanews.cl\/noticias\/\"},{\"@type\":\"ListItem\",\"position\":2,\"name\":\"Ra\u00fal Donckaster: En estas elecciones se definir\u00e1 la postura del pa\u00eds que queremos\"}]},{\"@type\":\"WebSite\",\"@id\":\"https:\/\/lareinanews.cl\/noticias\/#website\",\"url\":\"https:\/\/lareinanews.cl\/noticias\/\",\"name\":\"Noticias La Reina\",\"description\":\"LaReina.news\",\"publisher\":{\"@id\":\"https:\/\/lareinanews.cl\/noticias\/#organization\"},\"potentialAction\":[{\"@type\":\"SearchAction\",\"target\":{\"@type\":\"EntryPoint\",\"urlTemplate\":\"https:\/\/lareinanews.cl\/noticias\/?s={search_term_string}\"},\"query-input\":{\"@type\":\"PropertyValueSpecification\",\"valueRequired\":true,\"valueName\":\"search_term_string\"}}],\"inLanguage\":\"es\"},{\"@type\":\"Organization\",\"@id\":\"https:\/\/lareinanews.cl\/noticias\/#organization\",\"name\":\"La Reina.news Peri\u00f3dico comunal de La Reina\",\"url\":\"https:\/\/lareinanews.cl\/noticias\/\",\"logo\":{\"@type\":\"ImageObject\",\"inLanguage\":\"es\",\"@id\":\"https:\/\/lareinanews.cl\/noticias\/#\/schema\/logo\/image\/\",\"url\":\"https:\/\/lareinanews.cl\/noticias\/wp-content\/uploads\/2020\/04\/logo_schema.png\",\"contentUrl\":\"https:\/\/lareinanews.cl\/noticias\/wp-content\/uploads\/2020\/04\/logo_schema.png\",\"width\":640,\"height\":360,\"caption\":\"La Reina.news Peri\u00f3dico comunal de La Reina\"},\"image\":{\"@id\":\"https:\/\/lareinanews.cl\/noticias\/#\/schema\/logo\/image\/\"},\"sameAs\":[\"https:\/\/www.facebook.com\/LaReinaNews\",\"https:\/\/www.instagram.com\/lareinanews\/\"]},{\"@type\":\"Person\",\"@id\":\"https:\/\/lareinanews.cl\/noticias\/#\/schema\/person\/0a6a04d9459fe4165105f2f7b175aeb4\",\"name\":\"Mar\u00eda Jos\u00e9 Herrera\",\"image\":{\"@type\":\"ImageObject\",\"inLanguage\":\"es\",\"@id\":\"https:\/\/lareinanews.cl\/noticias\/#\/schema\/person\/image\/\",\"url\":\"http:\/\/lareina.news\/noticias\/wp-content\/uploads\/2017\/10\/avatar_user_10_1507484294-96x96.jpg\",\"contentUrl\":\"http:\/\/lareina.news\/noticias\/wp-content\/uploads\/2017\/10\/avatar_user_10_1507484294-96x96.jpg\",\"caption\":\"Mar\u00eda Jos\u00e9 Herrera\"},\"description\":\"Periodista e Historiadora - Asesora en Comunicaci\u00f3n en Br\u00fcmmer Comunicaci\u00f3n Corporativa S.A. - Vecina de La Reina\",\"url\":\"https:\/\/lareinanews.cl\/noticias\/index.php\/author\/mjherrera\/\"}]}<\/script>\n<!-- \/ Yoast SEO plugin. -->","yoast_head_json":{"title":"Ra\u00fal Donckaster: En estas elecciones se definir\u00e1 la postura del pa\u00eds que queremos","robots":{"index":"index","follow":"follow","max-snippet":"max-snippet:-1","max-image-preview":"max-image-preview:large","max-video-preview":"max-video-preview:-1"},"canonical":"https:\/\/lareinanews.cl\/noticias\/index.php\/2017\/12\/17\/raul-donckaster-en-estas-elecciones-se-definira-la-postura-del-pais-que-queremos\/","og_locale":"es_ES","og_type":"article","og_title":"Ra\u00fal Donckaster: En estas elecciones se definir\u00e1 la postura del pa\u00eds que queremos","og_description":"Tras haber sufragado en el\u00a0Colegio\u00a0Teresiano\u00a0Enrique de Oss\u00f3, me encontr\u00e9 a nuestro exalcalde, Ra\u00fal Donckaster. Muy gentil acept\u00f3 inmediatamente que le hiciera una peque\u00f1a entrevista respecto a estas elecciones y al modelo de pa\u00eds que seg\u00fan [...]","og_url":"https:\/\/lareinanews.cl\/noticias\/index.php\/2017\/12\/17\/raul-donckaster-en-estas-elecciones-se-definira-la-postura-del-pais-que-queremos\/","og_site_name":"Noticias La Reina","article_publisher":"https:\/\/www.facebook.com\/LaReinaNews","article_published_time":"2017-12-17T15:51:44+00:00","article_modified_time":"2017-12-17T16:41:30+00:00","og_image":[{"width":650,"height":490,"url":"https:\/\/lareinanews.cl\/noticias\/wp-content\/uploads\/2017\/12\/donckaster.png","type":"image\/png"}],"author":"Mar\u00eda Jos\u00e9 Herrera","twitter_card":"summary_large_image","twitter_misc":{"Escrito por":"Mar\u00eda Jos\u00e9 Herrera","Tiempo de lectura":"2 minutos"},"schema":{"@context":"https:\/\/schema.org","@graph":[{"@type":"Article","@id":"https:\/\/lareinanews.cl\/noticias\/index.php\/2017\/12\/17\/raul-donckaster-en-estas-elecciones-se-definira-la-postura-del-pais-que-queremos\/#article","isPartOf":{"@id":"https:\/\/lareinanews.cl\/noticias\/index.php\/2017\/12\/17\/raul-donckaster-en-estas-elecciones-se-definira-la-postura-del-pais-que-queremos\/"},"author":{"name":"Mar\u00eda Jos\u00e9 Herrera","@id":"https:\/\/lareinanews.cl\/noticias\/#\/schema\/person\/0a6a04d9459fe4165105f2f7b175aeb4"},"headline":"Ra\u00fal Donckaster: En estas elecciones se definir\u00e1 la postura del pa\u00eds que queremos","datePublished":"2017-12-17T15:51:44+00:00","dateModified":"2017-12-17T16:41:30+00:00","mainEntityOfPage":{"@id":"https:\/\/lareinanews.cl\/noticias\/index.php\/2017\/12\/17\/raul-donckaster-en-estas-elecciones-se-definira-la-postura-del-pais-que-queremos\/"},"wordCount":507,"publisher":{"@id":"https:\/\/lareinanews.cl\/noticias\/#organization"},"image":{"@id":"https:\/\/lareinanews.cl\/noticias\/index.php\/2017\/12\/17\/raul-donckaster-en-estas-elecciones-se-definira-la-postura-del-pais-que-queremos\/#primaryimage"},"thumbnailUrl":"https:\/\/lareinanews.cl\/noticias\/wp-content\/uploads\/2017\/12\/donckaster.png","keywords":["ELECCIONES PRESIDENCIALES","Ra\u00fal Donckaster","votaciones"],"articleSection":["Destacados","Entrevista","Noticias"],"inLanguage":"es"},{"@type":"WebPage","@id":"https:\/\/lareinanews.cl\/noticias\/index.php\/2017\/12\/17\/raul-donckaster-en-estas-elecciones-se-definira-la-postura-del-pais-que-queremos\/","url":"https:\/\/lareinanews.cl\/noticias\/index.php\/2017\/12\/17\/raul-donckaster-en-estas-elecciones-se-definira-la-postura-del-pais-que-queremos\/","name":"Ra\u00fal Donckaster: En estas elecciones se definir\u00e1 la postura del pa\u00eds que queremos","isPartOf":{"@id":"https:\/\/lareinanews.cl\/noticias\/#website"},"primaryImageOfPage":{"@id":"https:\/\/lareinanews.cl\/noticias\/index.php\/2017\/12\/17\/raul-donckaster-en-estas-elecciones-se-definira-la-postura-del-pais-que-queremos\/#primaryimage"},"image":{"@id":"https:\/\/lareinanews.cl\/noticias\/index.php\/2017\/12\/17\/raul-donckaster-en-estas-elecciones-se-definira-la-postura-del-pais-que-queremos\/#primaryimage"},"thumbnailUrl":"https:\/\/lareinanews.cl\/noticias\/wp-content\/uploads\/2017\/12\/donckaster.png","datePublished":"2017-12-17T15:51:44+00:00","dateModified":"2017-12-17T16:41:30+00:00","breadcrumb":{"@id":"https:\/\/lareinanews.cl\/noticias\/index.php\/2017\/12\/17\/raul-donckaster-en-estas-elecciones-se-definira-la-postura-del-pais-que-queremos\/#breadcrumb"},"inLanguage":"es","potentialAction":[{"@type":"ReadAction","target":["https:\/\/lareinanews.cl\/noticias\/index.php\/2017\/12\/17\/raul-donckaster-en-estas-elecciones-se-definira-la-postura-del-pais-que-queremos\/"]}]},{"@type":"ImageObject","inLanguage":"es","@id":"https:\/\/lareinanews.cl\/noticias\/index.php\/2017\/12\/17\/raul-donckaster-en-estas-elecciones-se-definira-la-postura-del-pais-que-queremos\/#primaryimage","url":"https:\/\/lareinanews.cl\/noticias\/wp-content\/uploads\/2017\/12\/donckaster.png","contentUrl":"https:\/\/lareinanews.cl\/noticias\/wp-content\/uploads\/2017\/12\/donckaster.png","width":650,"height":490},{"@type":"BreadcrumbList","@id":"https:\/\/lareinanews.cl\/noticias\/index.php\/2017\/12\/17\/raul-donckaster-en-estas-elecciones-se-definira-la-postura-del-pais-que-queremos\/#breadcrumb","itemListElement":[{"@type":"ListItem","position":1,"name":"Inicio","item":"https:\/\/lareinanews.cl\/noticias\/"},{"@type":"ListItem","position":2,"name":"Ra\u00fal Donckaster: En estas elecciones se definir\u00e1 la postura del pa\u00eds que queremos"}]},{"@type":"WebSite","@id":"https:\/\/lareinanews.cl\/noticias\/#website","url":"https:\/\/lareinanews.cl\/noticias\/","name":"Noticias La Reina","description":"LaReina.news","publisher":{"@id":"https:\/\/lareinanews.cl\/noticias\/#organization"},"potentialAction":[{"@type":"SearchAction","target":{"@type":"EntryPoint","urlTemplate":"https:\/\/lareinanews.cl\/noticias\/?s={search_term_string}"},"query-input":{"@type":"PropertyValueSpecification","valueRequired":true,"valueName":"search_term_string"}}],"inLanguage":"es"},{"@type":"Organization","@id":"https:\/\/lareinanews.cl\/noticias\/#organization","name":"La Reina.news Peri\u00f3dico comunal de La Reina","url":"https:\/\/lareinanews.cl\/noticias\/","logo":{"@type":"ImageObject","inLanguage":"es","@id":"https:\/\/lareinanews.cl\/noticias\/#\/schema\/logo\/image\/","url":"https:\/\/lareinanews.cl\/noticias\/wp-content\/uploads\/2020\/04\/logo_schema.png","contentUrl":"https:\/\/lareinanews.cl\/noticias\/wp-content\/uploads\/2020\/04\/logo_schema.png","width":640,"height":360,"caption":"La Reina.news Peri\u00f3dico comunal de La Reina"},"image":{"@id":"https:\/\/lareinanews.cl\/noticias\/#\/schema\/logo\/image\/"},"sameAs":["https:\/\/www.facebook.com\/LaReinaNews","https:\/\/www.instagram.com\/lareinanews\/"]},{"@type":"Person","@id":"https:\/\/lareinanews.cl\/noticias\/#\/schema\/person\/0a6a04d9459fe4165105f2f7b175aeb4","name":"Mar\u00eda Jos\u00e9 Herrera","image":{"@type":"ImageObject","inLanguage":"es","@id":"https:\/\/lareinanews.cl\/noticias\/#\/schema\/person\/image\/","url":"http:\/\/lareina.news\/noticias\/wp-content\/uploads\/2017\/10\/avatar_user_10_1507484294-96x96.jpg","contentUrl":"http:\/\/lareina.news\/noticias\/wp-content\/uploads\/2017\/10\/avatar_user_10_1507484294-96x96.jpg","caption":"Mar\u00eda Jos\u00e9 Herrera"},"description":"Periodista e Historiadora - Asesora en Comunicaci\u00f3n en Br\u00fcmmer Comunicaci\u00f3n Corporativa S.A. - Vecina de La Reina","url":"https:\/\/lareinanews.cl\/noticias\/index.php\/author\/mjherrera\/"}]}},"_links":{"self":[{"href":"https:\/\/lareinanews.cl\/noticias\/index.php\/wp-json\/wp\/v2\/posts\/1504","targetHints":{"allow":["GET"]}}],"collection":[{"href":"https:\/\/lareinanews.cl\/noticias\/index.php\/wp-json\/wp\/v2\/posts"}],"about":[{"href":"https:\/\/lareinanews.cl\/noticias\/index.php\/wp-json\/wp\/v2\/types\/post"}],"author":[{"embeddable":true,"href":"https:\/\/lareinanews.cl\/noticias\/index.php\/wp-json\/wp\/v2\/users\/10"}],"replies":[{"embeddable":true,"href":"https:\/\/lareinanews.cl\/noticias\/index.php\/wp-json\/wp\/v2\/comments?post=1504"}],"version-history":[{"count":3,"href":"https:\/\/lareinanews.cl\/noticias\/index.php\/wp-json\/wp\/v2\/posts\/1504\/revisions"}],"predecessor-version":[{"id":1527,"href":"https:\/\/lareinanews.cl\/noticias\/index.php\/wp-json\/wp\/v2\/posts\/1504\/revisions\/1527"}],"wp:featuredmedia":[{"embeddable":true,"href":"https:\/\/lareinanews.cl\/noticias\/index.php\/wp-json\/wp\/v2\/media\/1525"}],"wp:attachment":[{"href":"https:\/\/lareinanews.cl\/noticias\/index.php\/wp-json\/wp\/v2\/media?parent=1504"}],"wp:term":[{"taxonomy":"category","embeddable":true,"href":"https:\/\/lareinanews.cl\/noticias\/index.php\/wp-json\/wp\/v2\/categories?post=1504"},{"taxonomy":"post_tag","embeddable":true,"href":"https:\/\/lareinanews.cl\/noticias\/index.php\/wp-json\/wp\/v2\/tags?post=1504"}],"curies":[{"name":"wp","href":"https:\/\/api.w.org\/{rel}","templated":true}]}}