{"id":1267,"date":"2017-11-30T14:35:11","date_gmt":"2017-11-30T17:35:11","guid":{"rendered":"http:\/\/lareina.news\/noticias\/?p=1267"},"modified":"2017-11-30T14:35:57","modified_gmt":"2017-11-30T17:35:57","slug":"noveades-en-seguridad","status":"publish","type":"post","link":"https:\/\/lareinanews.cl\/noticias\/index.php\/2017\/11\/30\/noveades-en-seguridad\/","title":{"rendered":"Novedades en seguridad"},"content":{"rendered":"<h3>Resumen del Consejo de Seguridad Comunal\u00a0 Reuni\u00f3n 29 de Noviembre de 2017<\/h3>\n<div><\/div>\n<div><\/div>\n<h2>Servicio de mediaci\u00f3n de la municipalidad<\/h2>\n<div><\/div>\n<div>Expuso la se\u00f1ora Susana Guzm\u00e1n Coordinadora y Encargada de Programa Barrio Seguro, sobre el Servicio de Mediaci\u00f3n que existe en la Municipalidad, en el cual el vecino puede acercarse con sus conflictos\u00a0 m\u00e1s comunes antes de llegar a Juzgado de Polic\u00eda Local. Lo interesante de este sistema, es que puede de\u00a0 forma profesional, directa confiable y r\u00e1pida llegar a una soluci\u00f3n de conflictos efectiva que ayuda a la comunidad a zanjar sus problemas m\u00e1s sencillos, como filtraciones, ruidos molestos, cortes de ramas, etc.<\/div>\n<div><\/div>\n<h2>Novedades en seguridad y prevenci\u00f3n del delito<\/h2>\n<div><\/div>\n<div>El se\u00f1or Cristi\u00e1n Araya, tambi\u00e9n encargado de Programa Barrio Seguro, expuso las siguientes novedades:<\/div>\n<div><\/div>\n<div>1.- La actualizaci\u00f3n de la aplicaci\u00f3n\u00a0 <a href=\"http:\/\/www.sosafeapp.com\/\" target=\"_blank\" rel=\"noopener\">SOSAFE<\/a>, hoy se puede tener un grupo junto trabajando con varios contactos, es muy bueno para condominios\u00a0 como para los <a href=\"http:\/\/lareina.news\/noticias\/index.php\/author\/comites\/\">Comit\u00e9s de Seguridad<\/a>, se avisan al instante\u00a0 los hechos delictuales y todos unidos a este aviso, se enteran de inmediato y se toman medidas\u00a0 por la comunidad. Esto facilita tremendamente la entrega de informaci\u00f3n a un grupo determinado, siendo una herramienta muy efectiva.<\/div>\n<div><\/div>\n<div>2.- La creaci\u00f3n de un grupo de \u00ab<strong>Vigilantes en Seguridad<\/strong>\u00ab, denominado \u00abOjos de Halc\u00f3n\u00bb como proyecto,\u00a0 estos vigilante ser\u00e1n convocados\u00a0 y capacitados por la\u00a0 Municipalidad, los que pueden provenir\u00a0 de los Comit\u00e9s de Seguridad , de las\u00a0 Juntas de Vecinos, de la Asociaci\u00f3n de colectiveros,\u00a0 de un grupo de conserjes de edificios o\u00a0 de condominios,\u00a0 o due\u00f1os de peque\u00f1os negocios, etc.<\/div>\n<div><\/div>\n<div>Se crear\u00e1n estos\u00a0 grupos para estar unidos y dando informaci\u00f3n actual de las bandas que operan\u00a0 en los distintos cuadrantes. Es un plan piloto que se iniciar\u00e1\u00a0 probando en marcha blanca.<\/div>\n<div><\/div>\n<div>\u00a03)\u00a0 <strong>Registro de Consejo de Seguridad Comunal<\/strong>;\u00a0 Las actas\u00a0 de los Consejos de Seguridad Comunales,\u00a0 tendr\u00e1n un registro nacional que permitir\u00e1 ir\u00a0 dejando constancia del avance del trabajo en cada\u00a0 comuna\u00a0 lo que sirve mucho, para\u00a0 ir tomando las medidas a nivel local de seguridad y los hechos reales que suceden en cada sector y como los consejeros apoyan al alcalde en sus decisiones.-<\/div>\n<div><\/div>\n<div>4 )\u00a0 Trabajo con Fiscal\u00eda Oriente, en el foco investigativo, Unidad de An\u00e1lisis Criminal,\u00a0 tratar de mejorar la prueba con la postura de las c\u00e1maras de vigilancia y de trabajar para <strong>que las causas lleguen a sentencia condenatoria\u00a0 con mejores pruebas<\/strong>. Y recordar la\u00a0 necesidad de hacer las denuncias respectivas, por los\u00a0 delitos cometidos, sea cual sea su origen o monto.<\/div>\n<div><\/div>\n<h2>Novedades para el 2018<\/h2>\n<div><\/div>\n<div>Para el mes de\u00a0 enero de 2018:\u00a0 la municipalidad espera adquirir 6 autos y 6\u00a0 motos, <a href=\"http:\/\/lareina.news\/noticias\/index.php\/2017\/11\/26\/refuerzan-la-seguridad-en-la-reina\/\">para mayor un patrullaje<\/a>,\u00a0 y se est\u00e1 trabajando\u00a0 en alianza con el Mall Ega\u00f1a, para aprender a manejar mejor el\u00a0 sistema de c\u00e1maras de vigilancia.-<\/div>\n<div><\/div>\n<div>Adem\u00e1s de ello, el Portal de Registro de Autos robados que se implementa en el primer semestre de 2018.-<\/div>\n<div><\/div>\n<div>La totalidad de las\u00a0<strong>C\u00e1maras de Vigilancia<\/strong>\u00a0(76) deben estar situadas, en marzo de 2018.<\/div>\n<div><\/div>\n<div>Todo lo\u00a0 analizado en el consejo\u00a0 junto a representantes de la Fiscal\u00eda Oriente, apunta a que hay que tender a <strong>mejorar los medios de prueba<\/strong>, que la comunidad sepa como cuidar el \u00e1rea donde se ha cometido un delito,\u00a0 ya que es vital, revisar esa zona sin que haya sido removido nada, y que las c\u00e1maras de vigilancia tengan una alta resoluci\u00f3n, para poder identificar y atrapar a los delincuentes. Las bandas que que hoy\u00a0 operan en La\u00a0 Reina est\u00e1n organizadas, y debemos en conjunto a la Polic\u00eda de Carabineros, la PDI, Fiscal\u00eda y Municipalidad, poner todo nuestro esfuerzo por desarticularlas, junto al trabajo de la comunidad unida y empoderada.<\/div>\n","protected":false},"excerpt":{"rendered":"<div class=\"mh-excerpt\"><p>Resumen del Consejo de Seguridad Comunal\u00a0 Reuni\u00f3n 29 de Noviembre de 2017 Servicio de mediaci\u00f3n de la municipalidad Expuso la se\u00f1ora Susana Guzm\u00e1n Coordinadora y Encargada de Programa Barrio Seguro, sobre el Servicio de Mediaci\u00f3n <a class=\"mh-excerpt-more\" href=\"https:\/\/lareinanews.cl\/noticias\/index.php\/2017\/11\/30\/noveades-en-seguridad\/\" title=\"Novedades en seguridad\">[&#8230;]<\/a><\/p>\n<\/div>","protected":false},"author":17,"featured_media":1270,"comment_status":"closed","ping_status":"closed","sticky":false,"template":"","format":"standard","meta":{"_acf_changed":false,"footnotes":""},"categories":[18,2],"tags":[95,24,23,12,4,66,25],"class_list":{"0":"post-1267","1":"post","2":"type-post","3":"status-publish","4":"format-standard","5":"has-post-thumbnail","7":"category-columnas","8":"category-comuna","9":"tag-carabineros","10":"tag-columnas","11":"tag-comites-de-seguridad","12":"tag-juzgado-de-policia-local","13":"tag-la-reina","14":"tag-pdi","15":"tag-seguridad"},"acf":[],"yoast_head":"<!-- This site is optimized with the Yoast SEO plugin v27.1.1 - https:\/\/yoast.com\/product\/yoast-seo-wordpress\/ -->\n<title>Novedades en seguridad<\/title>\n<meta name=\"robots\" content=\"index, follow, max-snippet:-1, max-image-preview:large, max-video-preview:-1\" \/>\n<link rel=\"canonical\" href=\"https:\/\/lareinanews.cl\/noticias\/index.php\/2017\/11\/30\/noveades-en-seguridad\/\" \/>\n<meta property=\"og:locale\" content=\"es_ES\" \/>\n<meta property=\"og:type\" content=\"article\" \/>\n<meta property=\"og:title\" content=\"Novedades en seguridad\" \/>\n<meta property=\"og:description\" content=\"Resumen del Consejo de Seguridad Comunal\u00a0 Reuni\u00f3n 29 de Noviembre de 2017 Servicio de mediaci\u00f3n de la municipalidad Expuso la se\u00f1ora Susana Guzm\u00e1n Coordinadora y Encargada de Programa Barrio Seguro, sobre el Servicio de Mediaci\u00f3n [...]\" \/>\n<meta property=\"og:url\" content=\"https:\/\/lareinanews.cl\/noticias\/index.php\/2017\/11\/30\/noveades-en-seguridad\/\" \/>\n<meta property=\"og:site_name\" content=\"Noticias La Reina\" \/>\n<meta property=\"article:publisher\" content=\"https:\/\/www.facebook.com\/LaReinaNews\" \/>\n<meta property=\"article:author\" content=\"https:\/\/www.facebook.com\/LaReinaSegura\/\" \/>\n<meta property=\"article:published_time\" content=\"2017-11-30T17:35:11+00:00\" \/>\n<meta property=\"article:modified_time\" content=\"2017-11-30T17:35:57+00:00\" \/>\n<meta property=\"og:image\" content=\"https:\/\/lareinanews.cl\/noticias\/wp-content\/uploads\/2017\/11\/0consejo.png\" \/>\n\t<meta property=\"og:image:width\" content=\"650\" \/>\n\t<meta property=\"og:image:height\" content=\"490\" \/>\n\t<meta property=\"og:image:type\" content=\"image\/png\" \/>\n<meta name=\"author\" content=\"Ctes. Seguridad\" \/>\n<meta name=\"twitter:card\" content=\"summary_large_image\" \/>\n<meta name=\"twitter:label1\" content=\"Escrito por\" \/>\n\t<meta name=\"twitter:data1\" content=\"Ctes. Seguridad\" \/>\n\t<meta name=\"twitter:label2\" content=\"Tiempo de lectura\" \/>\n\t<meta name=\"twitter:data2\" content=\"3 minutos\" \/>\n<script type=\"application\/ld+json\" class=\"yoast-schema-graph\">{\"@context\":\"https:\/\/schema.org\",\"@graph\":[{\"@type\":\"Article\",\"@id\":\"https:\/\/lareinanews.cl\/noticias\/index.php\/2017\/11\/30\/noveades-en-seguridad\/#article\",\"isPartOf\":{\"@id\":\"https:\/\/lareinanews.cl\/noticias\/index.php\/2017\/11\/30\/noveades-en-seguridad\/\"},\"author\":{\"name\":\"Ctes. Seguridad\",\"@id\":\"https:\/\/lareinanews.cl\/noticias\/#\/schema\/person\/2b1e900fd031e89cf49d20edfc9fef3e\"},\"headline\":\"Novedades en seguridad\",\"datePublished\":\"2017-11-30T17:35:11+00:00\",\"dateModified\":\"2017-11-30T17:35:57+00:00\",\"mainEntityOfPage\":{\"@id\":\"https:\/\/lareinanews.cl\/noticias\/index.php\/2017\/11\/30\/noveades-en-seguridad\/\"},\"wordCount\":631,\"publisher\":{\"@id\":\"https:\/\/lareinanews.cl\/noticias\/#organization\"},\"image\":{\"@id\":\"https:\/\/lareinanews.cl\/noticias\/index.php\/2017\/11\/30\/noveades-en-seguridad\/#primaryimage\"},\"thumbnailUrl\":\"https:\/\/lareinanews.cl\/noticias\/wp-content\/uploads\/2017\/11\/0consejo.png\",\"keywords\":[\"carabineros\",\"columnas\",\"comit\u00e9s de seguridad\",\"juzgado de polic\u00eda local\",\"la reina\",\"pdi\",\"seguridad\"],\"articleSection\":[\"Columnas\",\"La Reina\"],\"inLanguage\":\"es\"},{\"@type\":\"WebPage\",\"@id\":\"https:\/\/lareinanews.cl\/noticias\/index.php\/2017\/11\/30\/noveades-en-seguridad\/\",\"url\":\"https:\/\/lareinanews.cl\/noticias\/index.php\/2017\/11\/30\/noveades-en-seguridad\/\",\"name\":\"Novedades en seguridad\",\"isPartOf\":{\"@id\":\"https:\/\/lareinanews.cl\/noticias\/#website\"},\"primaryImageOfPage\":{\"@id\":\"https:\/\/lareinanews.cl\/noticias\/index.php\/2017\/11\/30\/noveades-en-seguridad\/#primaryimage\"},\"image\":{\"@id\":\"https:\/\/lareinanews.cl\/noticias\/index.php\/2017\/11\/30\/noveades-en-seguridad\/#primaryimage\"},\"thumbnailUrl\":\"https:\/\/lareinanews.cl\/noticias\/wp-content\/uploads\/2017\/11\/0consejo.png\",\"datePublished\":\"2017-11-30T17:35:11+00:00\",\"dateModified\":\"2017-11-30T17:35:57+00:00\",\"breadcrumb\":{\"@id\":\"https:\/\/lareinanews.cl\/noticias\/index.php\/2017\/11\/30\/noveades-en-seguridad\/#breadcrumb\"},\"inLanguage\":\"es\",\"potentialAction\":[{\"@type\":\"ReadAction\",\"target\":[\"https:\/\/lareinanews.cl\/noticias\/index.php\/2017\/11\/30\/noveades-en-seguridad\/\"]}]},{\"@type\":\"ImageObject\",\"inLanguage\":\"es\",\"@id\":\"https:\/\/lareinanews.cl\/noticias\/index.php\/2017\/11\/30\/noveades-en-seguridad\/#primaryimage\",\"url\":\"https:\/\/lareinanews.cl\/noticias\/wp-content\/uploads\/2017\/11\/0consejo.png\",\"contentUrl\":\"https:\/\/lareinanews.cl\/noticias\/wp-content\/uploads\/2017\/11\/0consejo.png\",\"width\":650,\"height\":490},{\"@type\":\"BreadcrumbList\",\"@id\":\"https:\/\/lareinanews.cl\/noticias\/index.php\/2017\/11\/30\/noveades-en-seguridad\/#breadcrumb\",\"itemListElement\":[{\"@type\":\"ListItem\",\"position\":1,\"name\":\"Inicio\",\"item\":\"https:\/\/lareinanews.cl\/noticias\/\"},{\"@type\":\"ListItem\",\"position\":2,\"name\":\"Novedades en seguridad\"}]},{\"@type\":\"WebSite\",\"@id\":\"https:\/\/lareinanews.cl\/noticias\/#website\",\"url\":\"https:\/\/lareinanews.cl\/noticias\/\",\"name\":\"Noticias La Reina\",\"description\":\"LaReina.news\",\"publisher\":{\"@id\":\"https:\/\/lareinanews.cl\/noticias\/#organization\"},\"potentialAction\":[{\"@type\":\"SearchAction\",\"target\":{\"@type\":\"EntryPoint\",\"urlTemplate\":\"https:\/\/lareinanews.cl\/noticias\/?s={search_term_string}\"},\"query-input\":{\"@type\":\"PropertyValueSpecification\",\"valueRequired\":true,\"valueName\":\"search_term_string\"}}],\"inLanguage\":\"es\"},{\"@type\":\"Organization\",\"@id\":\"https:\/\/lareinanews.cl\/noticias\/#organization\",\"name\":\"La Reina.news Peri\u00f3dico comunal de La Reina\",\"url\":\"https:\/\/lareinanews.cl\/noticias\/\",\"logo\":{\"@type\":\"ImageObject\",\"inLanguage\":\"es\",\"@id\":\"https:\/\/lareinanews.cl\/noticias\/#\/schema\/logo\/image\/\",\"url\":\"https:\/\/lareinanews.cl\/noticias\/wp-content\/uploads\/2020\/04\/logo_schema.png\",\"contentUrl\":\"https:\/\/lareinanews.cl\/noticias\/wp-content\/uploads\/2020\/04\/logo_schema.png\",\"width\":640,\"height\":360,\"caption\":\"La Reina.news Peri\u00f3dico comunal de La Reina\"},\"image\":{\"@id\":\"https:\/\/lareinanews.cl\/noticias\/#\/schema\/logo\/image\/\"},\"sameAs\":[\"https:\/\/www.facebook.com\/LaReinaNews\",\"https:\/\/www.instagram.com\/lareinanews\/\"]},{\"@type\":\"Person\",\"@id\":\"https:\/\/lareinanews.cl\/noticias\/#\/schema\/person\/2b1e900fd031e89cf49d20edfc9fef3e\",\"name\":\"Ctes. Seguridad\",\"image\":{\"@type\":\"ImageObject\",\"inLanguage\":\"es\",\"@id\":\"https:\/\/lareinanews.cl\/noticias\/#\/schema\/person\/image\/\",\"url\":\"http:\/\/lareina.news\/noticias\/wp-content\/uploads\/2017\/11\/avatar_user_17_1511995531-96x96.png\",\"contentUrl\":\"http:\/\/lareina.news\/noticias\/wp-content\/uploads\/2017\/11\/avatar_user_17_1511995531-96x96.png\",\"caption\":\"Ctes. Seguridad\"},\"description\":\"La agrupaci\u00f3n de comit\u00e9s de seguridad de La Reina es una organizaci\u00f3n que agrupa y representa a la mayor\u00eda de los comit\u00e9s de seguridad de la comuna. Realiza coordinaciones de seguridad entre los distintos barrios, organiza jornadas de capacitac\u00edon y de encuentro entre los vecinos.\",\"sameAs\":[\"https:\/\/www.facebook.com\/LaReinaSegura\/\"],\"url\":\"https:\/\/lareinanews.cl\/noticias\/index.php\/author\/comites\/\"}]}<\/script>\n<!-- \/ Yoast SEO plugin. -->","yoast_head_json":{"title":"Novedades en seguridad","robots":{"index":"index","follow":"follow","max-snippet":"max-snippet:-1","max-image-preview":"max-image-preview:large","max-video-preview":"max-video-preview:-1"},"canonical":"https:\/\/lareinanews.cl\/noticias\/index.php\/2017\/11\/30\/noveades-en-seguridad\/","og_locale":"es_ES","og_type":"article","og_title":"Novedades en seguridad","og_description":"Resumen del Consejo de Seguridad Comunal\u00a0 Reuni\u00f3n 29 de Noviembre de 2017 Servicio de mediaci\u00f3n de la municipalidad Expuso la se\u00f1ora Susana Guzm\u00e1n Coordinadora y Encargada de Programa Barrio Seguro, sobre el Servicio de Mediaci\u00f3n [...]","og_url":"https:\/\/lareinanews.cl\/noticias\/index.php\/2017\/11\/30\/noveades-en-seguridad\/","og_site_name":"Noticias La Reina","article_publisher":"https:\/\/www.facebook.com\/LaReinaNews","article_author":"https:\/\/www.facebook.com\/LaReinaSegura\/","article_published_time":"2017-11-30T17:35:11+00:00","article_modified_time":"2017-11-30T17:35:57+00:00","og_image":[{"width":650,"height":490,"url":"https:\/\/lareinanews.cl\/noticias\/wp-content\/uploads\/2017\/11\/0consejo.png","type":"image\/png"}],"author":"Ctes. Seguridad","twitter_card":"summary_large_image","twitter_misc":{"Escrito por":"Ctes. Seguridad","Tiempo de lectura":"3 minutos"},"schema":{"@context":"https:\/\/schema.org","@graph":[{"@type":"Article","@id":"https:\/\/lareinanews.cl\/noticias\/index.php\/2017\/11\/30\/noveades-en-seguridad\/#article","isPartOf":{"@id":"https:\/\/lareinanews.cl\/noticias\/index.php\/2017\/11\/30\/noveades-en-seguridad\/"},"author":{"name":"Ctes. Seguridad","@id":"https:\/\/lareinanews.cl\/noticias\/#\/schema\/person\/2b1e900fd031e89cf49d20edfc9fef3e"},"headline":"Novedades en seguridad","datePublished":"2017-11-30T17:35:11+00:00","dateModified":"2017-11-30T17:35:57+00:00","mainEntityOfPage":{"@id":"https:\/\/lareinanews.cl\/noticias\/index.php\/2017\/11\/30\/noveades-en-seguridad\/"},"wordCount":631,"publisher":{"@id":"https:\/\/lareinanews.cl\/noticias\/#organization"},"image":{"@id":"https:\/\/lareinanews.cl\/noticias\/index.php\/2017\/11\/30\/noveades-en-seguridad\/#primaryimage"},"thumbnailUrl":"https:\/\/lareinanews.cl\/noticias\/wp-content\/uploads\/2017\/11\/0consejo.png","keywords":["carabineros","columnas","comit\u00e9s de seguridad","juzgado de polic\u00eda local","la reina","pdi","seguridad"],"articleSection":["Columnas","La Reina"],"inLanguage":"es"},{"@type":"WebPage","@id":"https:\/\/lareinanews.cl\/noticias\/index.php\/2017\/11\/30\/noveades-en-seguridad\/","url":"https:\/\/lareinanews.cl\/noticias\/index.php\/2017\/11\/30\/noveades-en-seguridad\/","name":"Novedades en seguridad","isPartOf":{"@id":"https:\/\/lareinanews.cl\/noticias\/#website"},"primaryImageOfPage":{"@id":"https:\/\/lareinanews.cl\/noticias\/index.php\/2017\/11\/30\/noveades-en-seguridad\/#primaryimage"},"image":{"@id":"https:\/\/lareinanews.cl\/noticias\/index.php\/2017\/11\/30\/noveades-en-seguridad\/#primaryimage"},"thumbnailUrl":"https:\/\/lareinanews.cl\/noticias\/wp-content\/uploads\/2017\/11\/0consejo.png","datePublished":"2017-11-30T17:35:11+00:00","dateModified":"2017-11-30T17:35:57+00:00","breadcrumb":{"@id":"https:\/\/lareinanews.cl\/noticias\/index.php\/2017\/11\/30\/noveades-en-seguridad\/#breadcrumb"},"inLanguage":"es","potentialAction":[{"@type":"ReadAction","target":["https:\/\/lareinanews.cl\/noticias\/index.php\/2017\/11\/30\/noveades-en-seguridad\/"]}]},{"@type":"ImageObject","inLanguage":"es","@id":"https:\/\/lareinanews.cl\/noticias\/index.php\/2017\/11\/30\/noveades-en-seguridad\/#primaryimage","url":"https:\/\/lareinanews.cl\/noticias\/wp-content\/uploads\/2017\/11\/0consejo.png","contentUrl":"https:\/\/lareinanews.cl\/noticias\/wp-content\/uploads\/2017\/11\/0consejo.png","width":650,"height":490},{"@type":"BreadcrumbList","@id":"https:\/\/lareinanews.cl\/noticias\/index.php\/2017\/11\/30\/noveades-en-seguridad\/#breadcrumb","itemListElement":[{"@type":"ListItem","position":1,"name":"Inicio","item":"https:\/\/lareinanews.cl\/noticias\/"},{"@type":"ListItem","position":2,"name":"Novedades en seguridad"}]},{"@type":"WebSite","@id":"https:\/\/lareinanews.cl\/noticias\/#website","url":"https:\/\/lareinanews.cl\/noticias\/","name":"Noticias La Reina","description":"LaReina.news","publisher":{"@id":"https:\/\/lareinanews.cl\/noticias\/#organization"},"potentialAction":[{"@type":"SearchAction","target":{"@type":"EntryPoint","urlTemplate":"https:\/\/lareinanews.cl\/noticias\/?s={search_term_string}"},"query-input":{"@type":"PropertyValueSpecification","valueRequired":true,"valueName":"search_term_string"}}],"inLanguage":"es"},{"@type":"Organization","@id":"https:\/\/lareinanews.cl\/noticias\/#organization","name":"La Reina.news Peri\u00f3dico comunal de La Reina","url":"https:\/\/lareinanews.cl\/noticias\/","logo":{"@type":"ImageObject","inLanguage":"es","@id":"https:\/\/lareinanews.cl\/noticias\/#\/schema\/logo\/image\/","url":"https:\/\/lareinanews.cl\/noticias\/wp-content\/uploads\/2020\/04\/logo_schema.png","contentUrl":"https:\/\/lareinanews.cl\/noticias\/wp-content\/uploads\/2020\/04\/logo_schema.png","width":640,"height":360,"caption":"La Reina.news Peri\u00f3dico comunal de La Reina"},"image":{"@id":"https:\/\/lareinanews.cl\/noticias\/#\/schema\/logo\/image\/"},"sameAs":["https:\/\/www.facebook.com\/LaReinaNews","https:\/\/www.instagram.com\/lareinanews\/"]},{"@type":"Person","@id":"https:\/\/lareinanews.cl\/noticias\/#\/schema\/person\/2b1e900fd031e89cf49d20edfc9fef3e","name":"Ctes. Seguridad","image":{"@type":"ImageObject","inLanguage":"es","@id":"https:\/\/lareinanews.cl\/noticias\/#\/schema\/person\/image\/","url":"http:\/\/lareina.news\/noticias\/wp-content\/uploads\/2017\/11\/avatar_user_17_1511995531-96x96.png","contentUrl":"http:\/\/lareina.news\/noticias\/wp-content\/uploads\/2017\/11\/avatar_user_17_1511995531-96x96.png","caption":"Ctes. Seguridad"},"description":"La agrupaci\u00f3n de comit\u00e9s de seguridad de La Reina es una organizaci\u00f3n que agrupa y representa a la mayor\u00eda de los comit\u00e9s de seguridad de la comuna. Realiza coordinaciones de seguridad entre los distintos barrios, organiza jornadas de capacitac\u00edon y de encuentro entre los vecinos.","sameAs":["https:\/\/www.facebook.com\/LaReinaSegura\/"],"url":"https:\/\/lareinanews.cl\/noticias\/index.php\/author\/comites\/"}]}},"_links":{"self":[{"href":"https:\/\/lareinanews.cl\/noticias\/index.php\/wp-json\/wp\/v2\/posts\/1267","targetHints":{"allow":["GET"]}}],"collection":[{"href":"https:\/\/lareinanews.cl\/noticias\/index.php\/wp-json\/wp\/v2\/posts"}],"about":[{"href":"https:\/\/lareinanews.cl\/noticias\/index.php\/wp-json\/wp\/v2\/types\/post"}],"author":[{"embeddable":true,"href":"https:\/\/lareinanews.cl\/noticias\/index.php\/wp-json\/wp\/v2\/users\/17"}],"replies":[{"embeddable":true,"href":"https:\/\/lareinanews.cl\/noticias\/index.php\/wp-json\/wp\/v2\/comments?post=1267"}],"version-history":[{"count":10,"href":"https:\/\/lareinanews.cl\/noticias\/index.php\/wp-json\/wp\/v2\/posts\/1267\/revisions"}],"predecessor-version":[{"id":1278,"href":"https:\/\/lareinanews.cl\/noticias\/index.php\/wp-json\/wp\/v2\/posts\/1267\/revisions\/1278"}],"wp:featuredmedia":[{"embeddable":true,"href":"https:\/\/lareinanews.cl\/noticias\/index.php\/wp-json\/wp\/v2\/media\/1270"}],"wp:attachment":[{"href":"https:\/\/lareinanews.cl\/noticias\/index.php\/wp-json\/wp\/v2\/media?parent=1267"}],"wp:term":[{"taxonomy":"category","embeddable":true,"href":"https:\/\/lareinanews.cl\/noticias\/index.php\/wp-json\/wp\/v2\/categories?post=1267"},{"taxonomy":"post_tag","embeddable":true,"href":"https:\/\/lareinanews.cl\/noticias\/index.php\/wp-json\/wp\/v2\/tags?post=1267"}],"curies":[{"name":"wp","href":"https:\/\/api.w.org\/{rel}","templated":true}]}}