{"id":1255,"date":"2017-11-29T21:35:33","date_gmt":"2017-11-30T00:35:33","guid":{"rendered":"http:\/\/lareina.news\/noticias\/?p=1255"},"modified":"2017-11-29T21:35:33","modified_gmt":"2017-11-30T00:35:33","slug":"se-realiza-zumbaton-en-beneficio-de-la-teleton","status":"publish","type":"post","link":"https:\/\/lareinanews.cl\/noticias\/index.php\/2017\/11\/29\/se-realiza-zumbaton-en-beneficio-de-la-teleton\/","title":{"rendered":"Se realiza Zumbat\u00f3n en beneficio de la Telet\u00f3n"},"content":{"rendered":"<p>Hoy 29 de diciembre se realiza una zumbat\u00f3n en el\u00a0 gimnasio del Cepaso,\u00a0 esta es en beneficio de la <strong>Telet\u00f3n<\/strong> que se realizar\u00e1 entre el 1 y 2 de Diciembre. Al momento de escribirse esta nota la asistencia a\u00fan es poca pero el ambiente se est\u00e1 encendiendo. Para asistir debes llevar un aporte. Esta es la Villa la Reina que colabora, que hace deporte y que elige ser solidaria.<\/p>\n<p>La actividad est\u00e1 a cargo de la corporaci\u00f3n de deportes y participan las profesoras\u00a0Margaret , la dos Natalias, Nayaret, Leo y ambas Franciscas.<\/p>\n<figure id=\"attachment_1257\" aria-describedby=\"caption-attachment-1257\" style=\"width: 300px\" class=\"wp-caption alignleft\"><a href=\"http:\/\/lareina.news\/noticias\/wp-content\/uploads\/2017\/11\/0000.jpg\"><img loading=\"lazy\" decoding=\"async\" class=\"wp-image-1257 size-medium\" src=\"http:\/\/lareina.news\/noticias\/wp-content\/uploads\/2017\/11\/0000-300x169.jpg\" alt=\"\" width=\"300\" height=\"169\" srcset=\"https:\/\/lareinanews.cl\/noticias\/wp-content\/uploads\/2017\/11\/0000-300x169.jpg 300w, https:\/\/lareinanews.cl\/noticias\/wp-content\/uploads\/2017\/11\/0000-768x432.jpg 768w, https:\/\/lareinanews.cl\/noticias\/wp-content\/uploads\/2017\/11\/0000-1024x576.jpg 1024w, https:\/\/lareinanews.cl\/noticias\/wp-content\/uploads\/2017\/11\/0000-678x381.jpg 678w, https:\/\/lareinanews.cl\/noticias\/wp-content\/uploads\/2017\/11\/0000.jpg 1032w\" sizes=\"auto, (max-width: 300px) 100vw, 300px\" \/><\/a><figcaption id=\"caption-attachment-1257\" class=\"wp-caption-text\">En la foto las profesoras y el se\u00f1or V\u00edctor Fuentes de la Corporaci\u00f3n de Deportes de La Reina<\/figcaption><\/figure>\n<p><img loading=\"lazy\" decoding=\"async\" class=\"alignleft size-medium wp-image-1260\" src=\"http:\/\/lareina.news\/noticias\/wp-content\/uploads\/2017\/11\/0zumbaton2-300x169.jpg\" alt=\"\" width=\"300\" height=\"169\" srcset=\"https:\/\/lareinanews.cl\/noticias\/wp-content\/uploads\/2017\/11\/0zumbaton2-300x169.jpg 300w, https:\/\/lareinanews.cl\/noticias\/wp-content\/uploads\/2017\/11\/0zumbaton2-768x432.jpg 768w, https:\/\/lareinanews.cl\/noticias\/wp-content\/uploads\/2017\/11\/0zumbaton2-1024x576.jpg 1024w, https:\/\/lareinanews.cl\/noticias\/wp-content\/uploads\/2017\/11\/0zumbaton2-678x381.jpg 678w, https:\/\/lareinanews.cl\/noticias\/wp-content\/uploads\/2017\/11\/0zumbaton2.jpg 1032w\" sizes=\"auto, (max-width: 300px) 100vw, 300px\" \/> <img loading=\"lazy\" decoding=\"async\" class=\"alignleft size-medium wp-image-1261\" src=\"http:\/\/lareina.news\/noticias\/wp-content\/uploads\/2017\/11\/0zumbaton3jpg-300x169.jpg\" alt=\"\" width=\"300\" height=\"169\" srcset=\"https:\/\/lareinanews.cl\/noticias\/wp-content\/uploads\/2017\/11\/0zumbaton3jpg-300x169.jpg 300w, https:\/\/lareinanews.cl\/noticias\/wp-content\/uploads\/2017\/11\/0zumbaton3jpg-768x432.jpg 768w, https:\/\/lareinanews.cl\/noticias\/wp-content\/uploads\/2017\/11\/0zumbaton3jpg-1024x576.jpg 1024w, https:\/\/lareinanews.cl\/noticias\/wp-content\/uploads\/2017\/11\/0zumbaton3jpg-678x381.jpg 678w, https:\/\/lareinanews.cl\/noticias\/wp-content\/uploads\/2017\/11\/0zumbaton3jpg.jpg 1032w\" sizes=\"auto, (max-width: 300px) 100vw, 300px\" \/><\/p>\n","protected":false},"excerpt":{"rendered":"<div class=\"mh-excerpt\"><p>Hoy 29 de diciembre se realiza una zumbat\u00f3n en el\u00a0 gimnasio del Cepaso,\u00a0 esta es en beneficio de la Telet\u00f3n que se realizar\u00e1 entre el 1 y 2 de Diciembre. Al momento de escribirse esta <a class=\"mh-excerpt-more\" href=\"https:\/\/lareinanews.cl\/noticias\/index.php\/2017\/11\/29\/se-realiza-zumbaton-en-beneficio-de-la-teleton\/\" title=\"Se realiza Zumbat\u00f3n en beneficio de la Telet\u00f3n\">[&#8230;]<\/a><\/p>\n<\/div>","protected":false},"author":2,"featured_media":1256,"comment_status":"closed","ping_status":"closed","sticky":false,"template":"","format":"standard","meta":{"_acf_changed":false,"footnotes":""},"categories":[2,14],"tags":[113,114,27,4,112],"class_list":{"0":"post-1255","1":"post","2":"type-post","3":"status-publish","4":"format-standard","5":"has-post-thumbnail","7":"category-comuna","8":"category-noticias","9":"tag-actividades","10":"tag-corporacion-de-deportes","11":"tag-deporte","12":"tag-la-reina","13":"tag-teleton"},"acf":[],"yoast_head":"<!-- This site is optimized with the Yoast SEO plugin v27.1.1 - https:\/\/yoast.com\/product\/yoast-seo-wordpress\/ -->\n<title>Se realiza Zumbat\u00f3n en beneficio de la Telet\u00f3n<\/title>\n<meta name=\"robots\" content=\"index, follow, max-snippet:-1, max-image-preview:large, max-video-preview:-1\" \/>\n<link rel=\"canonical\" href=\"https:\/\/lareinanews.cl\/noticias\/index.php\/2017\/11\/29\/se-realiza-zumbaton-en-beneficio-de-la-teleton\/\" \/>\n<meta property=\"og:locale\" content=\"es_ES\" \/>\n<meta property=\"og:type\" content=\"article\" \/>\n<meta property=\"og:title\" content=\"Se realiza Zumbat\u00f3n en beneficio de la Telet\u00f3n\" \/>\n<meta property=\"og:description\" content=\"Hoy 29 de diciembre se realiza una zumbat\u00f3n en el\u00a0 gimnasio del Cepaso,\u00a0 esta es en beneficio de la Telet\u00f3n que se realizar\u00e1 entre el 1 y 2 de Diciembre. Al momento de escribirse esta [...]\" \/>\n<meta property=\"og:url\" content=\"https:\/\/lareinanews.cl\/noticias\/index.php\/2017\/11\/29\/se-realiza-zumbaton-en-beneficio-de-la-teleton\/\" \/>\n<meta property=\"og:site_name\" content=\"Noticias La Reina\" \/>\n<meta property=\"article:publisher\" content=\"https:\/\/www.facebook.com\/LaReinaNews\" \/>\n<meta property=\"article:published_time\" content=\"2017-11-30T00:35:33+00:00\" \/>\n<meta property=\"og:image\" content=\"https:\/\/lareinanews.cl\/noticias\/wp-content\/uploads\/2017\/11\/S00zumbaton.png\" \/>\n\t<meta property=\"og:image:width\" content=\"650\" \/>\n\t<meta property=\"og:image:height\" content=\"490\" \/>\n\t<meta property=\"og:image:type\" content=\"image\/png\" \/>\n<meta name=\"author\" content=\"Susana Rogers\" \/>\n<meta name=\"twitter:card\" content=\"summary_large_image\" \/>\n<meta name=\"twitter:label1\" content=\"Escrito por\" \/>\n\t<meta name=\"twitter:data1\" content=\"Susana Rogers\" \/>\n\t<meta name=\"twitter:label2\" content=\"Tiempo de lectura\" \/>\n\t<meta name=\"twitter:data2\" content=\"1 minuto\" \/>\n<script type=\"application\/ld+json\" class=\"yoast-schema-graph\">{\"@context\":\"https:\/\/schema.org\",\"@graph\":[{\"@type\":\"Article\",\"@id\":\"https:\/\/lareinanews.cl\/noticias\/index.php\/2017\/11\/29\/se-realiza-zumbaton-en-beneficio-de-la-teleton\/#article\",\"isPartOf\":{\"@id\":\"https:\/\/lareinanews.cl\/noticias\/index.php\/2017\/11\/29\/se-realiza-zumbaton-en-beneficio-de-la-teleton\/\"},\"author\":{\"name\":\"Susana Rogers\",\"@id\":\"https:\/\/lareinanews.cl\/noticias\/#\/schema\/person\/240c59b267446cf83915c4c78684a7ba\"},\"headline\":\"Se realiza Zumbat\u00f3n en beneficio de la Telet\u00f3n\",\"datePublished\":\"2017-11-30T00:35:33+00:00\",\"mainEntityOfPage\":{\"@id\":\"https:\/\/lareinanews.cl\/noticias\/index.php\/2017\/11\/29\/se-realiza-zumbaton-en-beneficio-de-la-teleton\/\"},\"wordCount\":131,\"publisher\":{\"@id\":\"https:\/\/lareinanews.cl\/noticias\/#organization\"},\"image\":{\"@id\":\"https:\/\/lareinanews.cl\/noticias\/index.php\/2017\/11\/29\/se-realiza-zumbaton-en-beneficio-de-la-teleton\/#primaryimage\"},\"thumbnailUrl\":\"https:\/\/lareinanews.cl\/noticias\/wp-content\/uploads\/2017\/11\/S00zumbaton.png\",\"keywords\":[\"actividades\",\"corporaci\u00f3n de deportes\",\"deporte\",\"la reina\",\"telet\u00f2n\"],\"articleSection\":[\"La Reina\",\"Noticias\"],\"inLanguage\":\"es\"},{\"@type\":\"WebPage\",\"@id\":\"https:\/\/lareinanews.cl\/noticias\/index.php\/2017\/11\/29\/se-realiza-zumbaton-en-beneficio-de-la-teleton\/\",\"url\":\"https:\/\/lareinanews.cl\/noticias\/index.php\/2017\/11\/29\/se-realiza-zumbaton-en-beneficio-de-la-teleton\/\",\"name\":\"Se realiza Zumbat\u00f3n en beneficio de la Telet\u00f3n\",\"isPartOf\":{\"@id\":\"https:\/\/lareinanews.cl\/noticias\/#website\"},\"primaryImageOfPage\":{\"@id\":\"https:\/\/lareinanews.cl\/noticias\/index.php\/2017\/11\/29\/se-realiza-zumbaton-en-beneficio-de-la-teleton\/#primaryimage\"},\"image\":{\"@id\":\"https:\/\/lareinanews.cl\/noticias\/index.php\/2017\/11\/29\/se-realiza-zumbaton-en-beneficio-de-la-teleton\/#primaryimage\"},\"thumbnailUrl\":\"https:\/\/lareinanews.cl\/noticias\/wp-content\/uploads\/2017\/11\/S00zumbaton.png\",\"datePublished\":\"2017-11-30T00:35:33+00:00\",\"breadcrumb\":{\"@id\":\"https:\/\/lareinanews.cl\/noticias\/index.php\/2017\/11\/29\/se-realiza-zumbaton-en-beneficio-de-la-teleton\/#breadcrumb\"},\"inLanguage\":\"es\",\"potentialAction\":[{\"@type\":\"ReadAction\",\"target\":[\"https:\/\/lareinanews.cl\/noticias\/index.php\/2017\/11\/29\/se-realiza-zumbaton-en-beneficio-de-la-teleton\/\"]}]},{\"@type\":\"ImageObject\",\"inLanguage\":\"es\",\"@id\":\"https:\/\/lareinanews.cl\/noticias\/index.php\/2017\/11\/29\/se-realiza-zumbaton-en-beneficio-de-la-teleton\/#primaryimage\",\"url\":\"https:\/\/lareinanews.cl\/noticias\/wp-content\/uploads\/2017\/11\/S00zumbaton.png\",\"contentUrl\":\"https:\/\/lareinanews.cl\/noticias\/wp-content\/uploads\/2017\/11\/S00zumbaton.png\",\"width\":650,\"height\":490},{\"@type\":\"BreadcrumbList\",\"@id\":\"https:\/\/lareinanews.cl\/noticias\/index.php\/2017\/11\/29\/se-realiza-zumbaton-en-beneficio-de-la-teleton\/#breadcrumb\",\"itemListElement\":[{\"@type\":\"ListItem\",\"position\":1,\"name\":\"Inicio\",\"item\":\"https:\/\/lareinanews.cl\/noticias\/\"},{\"@type\":\"ListItem\",\"position\":2,\"name\":\"Se realiza Zumbat\u00f3n en beneficio de la Telet\u00f3n\"}]},{\"@type\":\"WebSite\",\"@id\":\"https:\/\/lareinanews.cl\/noticias\/#website\",\"url\":\"https:\/\/lareinanews.cl\/noticias\/\",\"name\":\"Noticias La Reina\",\"description\":\"LaReina.news\",\"publisher\":{\"@id\":\"https:\/\/lareinanews.cl\/noticias\/#organization\"},\"potentialAction\":[{\"@type\":\"SearchAction\",\"target\":{\"@type\":\"EntryPoint\",\"urlTemplate\":\"https:\/\/lareinanews.cl\/noticias\/?s={search_term_string}\"},\"query-input\":{\"@type\":\"PropertyValueSpecification\",\"valueRequired\":true,\"valueName\":\"search_term_string\"}}],\"inLanguage\":\"es\"},{\"@type\":\"Organization\",\"@id\":\"https:\/\/lareinanews.cl\/noticias\/#organization\",\"name\":\"La Reina.news Peri\u00f3dico comunal de La Reina\",\"url\":\"https:\/\/lareinanews.cl\/noticias\/\",\"logo\":{\"@type\":\"ImageObject\",\"inLanguage\":\"es\",\"@id\":\"https:\/\/lareinanews.cl\/noticias\/#\/schema\/logo\/image\/\",\"url\":\"https:\/\/lareinanews.cl\/noticias\/wp-content\/uploads\/2020\/04\/logo_schema.png\",\"contentUrl\":\"https:\/\/lareinanews.cl\/noticias\/wp-content\/uploads\/2020\/04\/logo_schema.png\",\"width\":640,\"height\":360,\"caption\":\"La Reina.news Peri\u00f3dico comunal de La Reina\"},\"image\":{\"@id\":\"https:\/\/lareinanews.cl\/noticias\/#\/schema\/logo\/image\/\"},\"sameAs\":[\"https:\/\/www.facebook.com\/LaReinaNews\",\"https:\/\/www.instagram.com\/lareinanews\/\"]},{\"@type\":\"Person\",\"@id\":\"https:\/\/lareinanews.cl\/noticias\/#\/schema\/person\/240c59b267446cf83915c4c78684a7ba\",\"name\":\"Susana Rogers\",\"image\":{\"@type\":\"ImageObject\",\"inLanguage\":\"es\",\"@id\":\"https:\/\/lareinanews.cl\/noticias\/#\/schema\/person\/image\/\",\"url\":\"http:\/\/lareina.news\/noticias\/wp-content\/uploads\/2017\/09\/avatar_user_2_1506818707-96x96.jpg\",\"contentUrl\":\"http:\/\/lareina.news\/noticias\/wp-content\/uploads\/2017\/09\/avatar_user_2_1506818707-96x96.jpg\",\"caption\":\"Susana Rogers\"},\"url\":\"https:\/\/lareinanews.cl\/noticias\/index.php\/author\/srogers\/\"}]}<\/script>\n<!-- \/ Yoast SEO plugin. -->","yoast_head_json":{"title":"Se realiza Zumbat\u00f3n en beneficio de la Telet\u00f3n","robots":{"index":"index","follow":"follow","max-snippet":"max-snippet:-1","max-image-preview":"max-image-preview:large","max-video-preview":"max-video-preview:-1"},"canonical":"https:\/\/lareinanews.cl\/noticias\/index.php\/2017\/11\/29\/se-realiza-zumbaton-en-beneficio-de-la-teleton\/","og_locale":"es_ES","og_type":"article","og_title":"Se realiza Zumbat\u00f3n en beneficio de la Telet\u00f3n","og_description":"Hoy 29 de diciembre se realiza una zumbat\u00f3n en el\u00a0 gimnasio del Cepaso,\u00a0 esta es en beneficio de la Telet\u00f3n que se realizar\u00e1 entre el 1 y 2 de Diciembre. Al momento de escribirse esta [...]","og_url":"https:\/\/lareinanews.cl\/noticias\/index.php\/2017\/11\/29\/se-realiza-zumbaton-en-beneficio-de-la-teleton\/","og_site_name":"Noticias La Reina","article_publisher":"https:\/\/www.facebook.com\/LaReinaNews","article_published_time":"2017-11-30T00:35:33+00:00","og_image":[{"width":650,"height":490,"url":"https:\/\/lareinanews.cl\/noticias\/wp-content\/uploads\/2017\/11\/S00zumbaton.png","type":"image\/png"}],"author":"Susana Rogers","twitter_card":"summary_large_image","twitter_misc":{"Escrito por":"Susana Rogers","Tiempo de lectura":"1 minuto"},"schema":{"@context":"https:\/\/schema.org","@graph":[{"@type":"Article","@id":"https:\/\/lareinanews.cl\/noticias\/index.php\/2017\/11\/29\/se-realiza-zumbaton-en-beneficio-de-la-teleton\/#article","isPartOf":{"@id":"https:\/\/lareinanews.cl\/noticias\/index.php\/2017\/11\/29\/se-realiza-zumbaton-en-beneficio-de-la-teleton\/"},"author":{"name":"Susana Rogers","@id":"https:\/\/lareinanews.cl\/noticias\/#\/schema\/person\/240c59b267446cf83915c4c78684a7ba"},"headline":"Se realiza Zumbat\u00f3n en beneficio de la Telet\u00f3n","datePublished":"2017-11-30T00:35:33+00:00","mainEntityOfPage":{"@id":"https:\/\/lareinanews.cl\/noticias\/index.php\/2017\/11\/29\/se-realiza-zumbaton-en-beneficio-de-la-teleton\/"},"wordCount":131,"publisher":{"@id":"https:\/\/lareinanews.cl\/noticias\/#organization"},"image":{"@id":"https:\/\/lareinanews.cl\/noticias\/index.php\/2017\/11\/29\/se-realiza-zumbaton-en-beneficio-de-la-teleton\/#primaryimage"},"thumbnailUrl":"https:\/\/lareinanews.cl\/noticias\/wp-content\/uploads\/2017\/11\/S00zumbaton.png","keywords":["actividades","corporaci\u00f3n de deportes","deporte","la reina","telet\u00f2n"],"articleSection":["La Reina","Noticias"],"inLanguage":"es"},{"@type":"WebPage","@id":"https:\/\/lareinanews.cl\/noticias\/index.php\/2017\/11\/29\/se-realiza-zumbaton-en-beneficio-de-la-teleton\/","url":"https:\/\/lareinanews.cl\/noticias\/index.php\/2017\/11\/29\/se-realiza-zumbaton-en-beneficio-de-la-teleton\/","name":"Se realiza Zumbat\u00f3n en beneficio de la Telet\u00f3n","isPartOf":{"@id":"https:\/\/lareinanews.cl\/noticias\/#website"},"primaryImageOfPage":{"@id":"https:\/\/lareinanews.cl\/noticias\/index.php\/2017\/11\/29\/se-realiza-zumbaton-en-beneficio-de-la-teleton\/#primaryimage"},"image":{"@id":"https:\/\/lareinanews.cl\/noticias\/index.php\/2017\/11\/29\/se-realiza-zumbaton-en-beneficio-de-la-teleton\/#primaryimage"},"thumbnailUrl":"https:\/\/lareinanews.cl\/noticias\/wp-content\/uploads\/2017\/11\/S00zumbaton.png","datePublished":"2017-11-30T00:35:33+00:00","breadcrumb":{"@id":"https:\/\/lareinanews.cl\/noticias\/index.php\/2017\/11\/29\/se-realiza-zumbaton-en-beneficio-de-la-teleton\/#breadcrumb"},"inLanguage":"es","potentialAction":[{"@type":"ReadAction","target":["https:\/\/lareinanews.cl\/noticias\/index.php\/2017\/11\/29\/se-realiza-zumbaton-en-beneficio-de-la-teleton\/"]}]},{"@type":"ImageObject","inLanguage":"es","@id":"https:\/\/lareinanews.cl\/noticias\/index.php\/2017\/11\/29\/se-realiza-zumbaton-en-beneficio-de-la-teleton\/#primaryimage","url":"https:\/\/lareinanews.cl\/noticias\/wp-content\/uploads\/2017\/11\/S00zumbaton.png","contentUrl":"https:\/\/lareinanews.cl\/noticias\/wp-content\/uploads\/2017\/11\/S00zumbaton.png","width":650,"height":490},{"@type":"BreadcrumbList","@id":"https:\/\/lareinanews.cl\/noticias\/index.php\/2017\/11\/29\/se-realiza-zumbaton-en-beneficio-de-la-teleton\/#breadcrumb","itemListElement":[{"@type":"ListItem","position":1,"name":"Inicio","item":"https:\/\/lareinanews.cl\/noticias\/"},{"@type":"ListItem","position":2,"name":"Se realiza Zumbat\u00f3n en beneficio de la Telet\u00f3n"}]},{"@type":"WebSite","@id":"https:\/\/lareinanews.cl\/noticias\/#website","url":"https:\/\/lareinanews.cl\/noticias\/","name":"Noticias La Reina","description":"LaReina.news","publisher":{"@id":"https:\/\/lareinanews.cl\/noticias\/#organization"},"potentialAction":[{"@type":"SearchAction","target":{"@type":"EntryPoint","urlTemplate":"https:\/\/lareinanews.cl\/noticias\/?s={search_term_string}"},"query-input":{"@type":"PropertyValueSpecification","valueRequired":true,"valueName":"search_term_string"}}],"inLanguage":"es"},{"@type":"Organization","@id":"https:\/\/lareinanews.cl\/noticias\/#organization","name":"La Reina.news Peri\u00f3dico comunal de La Reina","url":"https:\/\/lareinanews.cl\/noticias\/","logo":{"@type":"ImageObject","inLanguage":"es","@id":"https:\/\/lareinanews.cl\/noticias\/#\/schema\/logo\/image\/","url":"https:\/\/lareinanews.cl\/noticias\/wp-content\/uploads\/2020\/04\/logo_schema.png","contentUrl":"https:\/\/lareinanews.cl\/noticias\/wp-content\/uploads\/2020\/04\/logo_schema.png","width":640,"height":360,"caption":"La Reina.news Peri\u00f3dico comunal de La Reina"},"image":{"@id":"https:\/\/lareinanews.cl\/noticias\/#\/schema\/logo\/image\/"},"sameAs":["https:\/\/www.facebook.com\/LaReinaNews","https:\/\/www.instagram.com\/lareinanews\/"]},{"@type":"Person","@id":"https:\/\/lareinanews.cl\/noticias\/#\/schema\/person\/240c59b267446cf83915c4c78684a7ba","name":"Susana Rogers","image":{"@type":"ImageObject","inLanguage":"es","@id":"https:\/\/lareinanews.cl\/noticias\/#\/schema\/person\/image\/","url":"http:\/\/lareina.news\/noticias\/wp-content\/uploads\/2017\/09\/avatar_user_2_1506818707-96x96.jpg","contentUrl":"http:\/\/lareina.news\/noticias\/wp-content\/uploads\/2017\/09\/avatar_user_2_1506818707-96x96.jpg","caption":"Susana Rogers"},"url":"https:\/\/lareinanews.cl\/noticias\/index.php\/author\/srogers\/"}]}},"_links":{"self":[{"href":"https:\/\/lareinanews.cl\/noticias\/index.php\/wp-json\/wp\/v2\/posts\/1255","targetHints":{"allow":["GET"]}}],"collection":[{"href":"https:\/\/lareinanews.cl\/noticias\/index.php\/wp-json\/wp\/v2\/posts"}],"about":[{"href":"https:\/\/lareinanews.cl\/noticias\/index.php\/wp-json\/wp\/v2\/types\/post"}],"author":[{"embeddable":true,"href":"https:\/\/lareinanews.cl\/noticias\/index.php\/wp-json\/wp\/v2\/users\/2"}],"replies":[{"embeddable":true,"href":"https:\/\/lareinanews.cl\/noticias\/index.php\/wp-json\/wp\/v2\/comments?post=1255"}],"version-history":[{"count":4,"href":"https:\/\/lareinanews.cl\/noticias\/index.php\/wp-json\/wp\/v2\/posts\/1255\/revisions"}],"predecessor-version":[{"id":1264,"href":"https:\/\/lareinanews.cl\/noticias\/index.php\/wp-json\/wp\/v2\/posts\/1255\/revisions\/1264"}],"wp:featuredmedia":[{"embeddable":true,"href":"https:\/\/lareinanews.cl\/noticias\/index.php\/wp-json\/wp\/v2\/media\/1256"}],"wp:attachment":[{"href":"https:\/\/lareinanews.cl\/noticias\/index.php\/wp-json\/wp\/v2\/media?parent=1255"}],"wp:term":[{"taxonomy":"category","embeddable":true,"href":"https:\/\/lareinanews.cl\/noticias\/index.php\/wp-json\/wp\/v2\/categories?post=1255"},{"taxonomy":"post_tag","embeddable":true,"href":"https:\/\/lareinanews.cl\/noticias\/index.php\/wp-json\/wp\/v2\/tags?post=1255"}],"curies":[{"name":"wp","href":"https:\/\/api.w.org\/{rel}","templated":true}]}}