{"id":1148,"date":"2017-11-20T21:00:05","date_gmt":"2017-11-21T00:00:05","guid":{"rendered":"http:\/\/lareina.news\/noticias\/?p=1148"},"modified":"2017-11-21T08:09:53","modified_gmt":"2017-11-21T11:09:53","slug":"estacion-castillo-velasco-elaborando-un-plan-de-contingencia","status":"publish","type":"post","link":"https:\/\/lareinanews.cl\/noticias\/index.php\/2017\/11\/20\/estacion-castillo-velasco-elaborando-un-plan-de-contingencia\/","title":{"rendered":"Estaci\u00f3n Castillo Velasco: Mesa de trabajo elabora plan de contingencia"},"content":{"rendered":"<p><img loading=\"lazy\" decoding=\"async\" class=\"size-medium wp-image-1179 alignleft\" src=\"http:\/\/lareina.news\/noticias\/wp-content\/uploads\/2017\/11\/IMG_5504-300x200.jpg\" alt=\"\" width=\"300\" height=\"200\" \/>El pasado viernes 10 de noviembre y gracias a la invitaci\u00f3n de la Concejal Mar\u00eda Catalina Rubio, particip\u00e9 en la <strong>primera Mesa de trabajo<\/strong> entre la Municipalidad, los vecinos y El Metro.\u00a0La idea de la reuni\u00f3n fue ver en conjunto los pormenores de la llegada de esta estaci\u00f3n terminal a la comuna y<strong> prever con tiempo las externalidades negativas\u00a0<\/strong>antes de su puesta en marcha que se estima ser\u00e1 a mediados de septiembre de 2018.<\/p>\n<p>Los vecinos estamos preocupados, independientemente del aumento de la plusval\u00eda de nuestras casas. La delincuencia crecer\u00e1, como ya pas\u00f3 con la llegada del Mall Plaza Ega\u00f1a. El tema de los estacionamientos, en especial a los vecinos que habitamos muy cerca del nueva estaci\u00f3n, es sin duda, una intranquilidad mayor, pues de seguro nuestras calles ser\u00e1n utilizadas como estacionamientos durante todo el d\u00eda, cuesti\u00f3n delicada porque atraer\u00e1 a los delincuentes y colapsar\u00e1 nuestras calles. Con todas estas dudas en la cabeza nos sentamos a la mesa junto al Alcalde, sus colaboradores directos, la Concejala Rubio y personeros del Metro.<\/p>\n<p>&nbsp;<\/p>\n<p>\u00bf<strong>Comisar\u00eda en nueva estaci\u00f3n<\/strong>?<\/p>\n<p>Se plante\u00f3 en esta mesa de trabajo la posibilidad de crear una comisar\u00eda en la nueva estaci\u00f3n Castillo Velasco. Lamentablemente, Metro confirm\u00f3 que esto no est\u00e1 estipulado. En la actualidad hay una en la estaci\u00f3n Baquedano que est\u00e1 siendo ampliada, pero no se visualiza una para La Reina.<\/p>\n<p>\u00bf<strong>Y los vendedores ambulantes <\/strong>?<\/p>\n<p>Es sabido que con la llegada de una alta afluencia de p\u00fabico el aterrizaje de vendedores ambulantes es algo inevitable. Las partes se comprometieron en trabajar el tema. El manejo de\u00a0<strong>c\u00e1maras\u00a0 de seguridad en conjunto<\/strong> (Municipalidad &#8211; Metro y Carabineros) pueden ser una buena alternativa.<\/p>\n<p><strong>An\u00e1lisis de Flujo: cero<\/strong><\/p>\n<p>Fue raro escuchar por parte de los representantes de Metro, que no se cuente con un an\u00e1lisis de flujo, es decir, saber con anterioridad cu\u00e1ntas personas utilizar\u00e1n dicho transporte p\u00fablico. Nos ayudar\u00eda much\u00edsimo para tener una mayor visi\u00f3n y ser capaces de mitigar lo que se viene. Es de esperar que en las pr\u00f3ximas reuniones este tema est\u00e9 m\u00e1s completo.<\/p>\n<p><strong>C\u00e1maras dentro y fuera de la nueva estaci\u00f3n<\/strong><\/p>\n<p>Metro contar\u00e1 con c\u00e1maras dentro de sus instalaciones y adem\u00e1s,\u00a0 los nuevos carros de la l\u00ednea 3 y 6 est\u00e1n provistos con c\u00e1maras internas. Hubo un compromiso de compartir las im\u00e1genes entre Metro y la Municipalidad como forma de prevenci\u00f3n del delito.<\/p>\n<p>El problema es lo que pasa afuera de las estaciones, en la calle, tema bastante conversado. Como vecinos esperamos que se tenga contemplado c\u00e1maras municipales para dicho sector externo. Si bien, no fue confirmado por la autoridad, est\u00e1 siendo analizado. Eso s\u00ed, se trabajar\u00e1 en conjunto con carabineros para tener una mayor sincron\u00eda afuera.<\/p>\n<p>Por lo tanto, la <strong>Televigilancia <\/strong>est\u00e1 contemplada y es de esperar que en trabajo conjunto entre las dichas entidades resulte y sea eficiente.<\/p>\n<p><strong>Alcalde Jos\u00e9 Manuel Palacios &#8211; Conectividad y externalidades negativas<\/strong><\/p>\n<p><em><strong><img loading=\"lazy\" decoding=\"async\" class=\"size-medium wp-image-1180 alignleft\" src=\"http:\/\/lareina.news\/noticias\/wp-content\/uploads\/2017\/11\/IMG_5514-300x200.jpg\" alt=\"\" width=\"300\" height=\"200\" \/><\/strong>Se generar\u00e1n problemas de conectividad, habr\u00e1 conflicto con Vespucio Oriente. El metro, sin duda, ayudar\u00e1 a la conexi\u00f3n y es una excelente alternativa para dejar el auto en la casa. Hay externalidades negativas y por lo mismo, debe ser\u00a0<strong>un trabajo mancomunado. <\/strong>Tenemos que ver posibilidades\u00a0de estacionamientos subterr\u00e1neos, por ejemplo, en la Plaza de Clorinda Henr\u00edquez. Habr\u00e1 que ver si hay privados interesados en hacer estas obras. Debe haber ante todo una l\u00f3gica colaborativa. La UC est\u00e1 realizando un estudio para resolver el problema del\u00a0<strong>espacio p\u00fablico<\/strong>, donde adem\u00e1s se reconocer\u00e1 la figura del ex alcalde Fernando Castillo Velasco y que haya definitivamente un mejoramiento urbano en el sector. Como por ejemplo, un puente que permita un mejor acceso al metro, pues al ser estaci\u00f3n terminal la afluencia de p\u00fablico ser\u00e1 alta\u00bb.<\/em><\/p>\n<p><strong>Empadronamiento: compromiso del Alcalde<\/strong><\/p>\n<p>Frente a mis preguntas de qu\u00e9 pasar\u00e1 con el aumento de autos estacionados en las calles aleda\u00f1as a la estaci\u00f3n, la autoridad se comprometi\u00f3 a\u00a0<strong>empadronar las calles<\/strong>, sin duda alguna, una excelente noticia para los vecinos.<\/p>\n<p><strong>Estudio de Impacto social &#8211; delictual<\/strong><\/p>\n<p>La mesa se comprometi\u00f3 a realizar un estudio de impacto social &#8211; delictual, con el fin de mitigar la llegada de este nuevo agente que traer\u00e1 m\u00e1s pasajeros y como se ha visto en otras comunas y sectores, como en Los Dom\u00ednicos, traer\u00e1 mayor delincuencia.<\/p>\n<p><img loading=\"lazy\" decoding=\"async\" class=\"size-medium wp-image-1178 alignleft\" src=\"http:\/\/lareina.news\/noticias\/wp-content\/uploads\/2017\/11\/IMG_5494-300x200.jpg\" alt=\"\" width=\"300\" height=\"200\" \/>La reuni\u00f3n que fue en la oficina del alcalde Jos\u00e9 Manuel Palacios, de <strong>David Jara<\/strong> (Encargado de la Relaci\u00f3n con los Vecinos de <strong>Metro<\/strong>), <strong>Jorge Galarce <\/strong>(Encargado de la Administraci\u00f3n de Contratos con la Municipalidad de La Reina de <strong>Metro<\/strong>), <strong>Tom\u00e1s Hoffman<\/strong>\u00a0(Jefe de Gabinete), <strong>Enrique Orrego<\/strong> (Administrador Municipal),\u00a0<strong>Carlos Linderos\u00a0<\/strong>(Director de Obras Municipales),\u00a0<strong>Rodrigo Abrigo<\/strong> (Director de Tr\u00e1nsito y Transporte P\u00fablico), <strong>\u00c1lvaro Izquierdo<\/strong> (Encargado de Comunicaciones), <strong>Mar\u00eda Catalina Rubio<\/strong> (Concejala) y <strong>Juvenal Medina<\/strong> (Jefe de Seguridad y Emergencia).<\/p>\n<p>&nbsp;<\/p>\n<p>Es de esperar que en las pr\u00f3ximas reuniones de esta\u00a0<strong>mesa de trabajo<\/strong>\u00a0<strong>tripartita<\/strong>, seamos m\u00e1s los vecinos que demos nuestras opiniones a la autoridad y a los representantes del Metro.<\/p>\n","protected":false},"excerpt":{"rendered":"<div class=\"mh-excerpt\"><p>El pasado viernes 10 de noviembre y gracias a la invitaci\u00f3n de la Concejal Mar\u00eda Catalina Rubio, particip\u00e9 en la primera Mesa de trabajo entre la Municipalidad, los vecinos y El Metro.\u00a0La idea de la <a class=\"mh-excerpt-more\" href=\"https:\/\/lareinanews.cl\/noticias\/index.php\/2017\/11\/20\/estacion-castillo-velasco-elaborando-un-plan-de-contingencia\/\" title=\"Estaci\u00f3n Castillo Velasco: Mesa de trabajo elabora plan de contingencia\">[&#8230;]<\/a><\/p>\n<\/div>","protected":false},"author":10,"featured_media":1182,"comment_status":"closed","ping_status":"closed","sticky":false,"template":"","format":"standard","meta":{"_acf_changed":false,"footnotes":""},"categories":[31,2,14],"tags":[4,105,106],"class_list":{"0":"post-1148","1":"post","2":"type-post","3":"status-publish","4":"format-standard","5":"has-post-thumbnail","7":"category-destacados","8":"category-comuna","9":"category-noticias","10":"tag-la-reina","11":"tag-metro","12":"tag-seguridad-alcalde"},"acf":[],"yoast_head":"<!-- This site is optimized with the Yoast SEO plugin v27.1.1 - https:\/\/yoast.com\/product\/yoast-seo-wordpress\/ -->\n<title>Estaci\u00f3n Castillo Velasco: Mesa de trabajo elabora plan de contingencia<\/title>\n<meta name=\"robots\" content=\"index, follow, max-snippet:-1, max-image-preview:large, max-video-preview:-1\" \/>\n<link rel=\"canonical\" href=\"https:\/\/lareinanews.cl\/noticias\/index.php\/2017\/11\/20\/estacion-castillo-velasco-elaborando-un-plan-de-contingencia\/\" \/>\n<meta property=\"og:locale\" content=\"es_ES\" \/>\n<meta property=\"og:type\" content=\"article\" \/>\n<meta property=\"og:title\" content=\"Estaci\u00f3n Castillo Velasco: Mesa de trabajo elabora plan de contingencia\" \/>\n<meta property=\"og:description\" content=\"El pasado viernes 10 de noviembre y gracias a la invitaci\u00f3n de la Concejal Mar\u00eda Catalina Rubio, particip\u00e9 en la primera Mesa de trabajo entre la Municipalidad, los vecinos y El Metro.\u00a0La idea de la [...]\" \/>\n<meta property=\"og:url\" content=\"https:\/\/lareinanews.cl\/noticias\/index.php\/2017\/11\/20\/estacion-castillo-velasco-elaborando-un-plan-de-contingencia\/\" \/>\n<meta property=\"og:site_name\" content=\"Noticias La Reina\" \/>\n<meta property=\"article:publisher\" content=\"https:\/\/www.facebook.com\/LaReinaNews\" \/>\n<meta property=\"article:published_time\" content=\"2017-11-21T00:00:05+00:00\" \/>\n<meta property=\"article:modified_time\" content=\"2017-11-21T11:09:53+00:00\" \/>\n<meta property=\"og:image\" content=\"https:\/\/lareinanews.cl\/noticias\/wp-content\/uploads\/2017\/11\/metro1-e1511262572308.jpg\" \/>\n\t<meta property=\"og:image:width\" content=\"500\" \/>\n\t<meta property=\"og:image:height\" content=\"500\" \/>\n\t<meta property=\"og:image:type\" content=\"image\/jpeg\" \/>\n<meta name=\"author\" content=\"Mar\u00eda Jos\u00e9 Herrera\" \/>\n<meta name=\"twitter:card\" content=\"summary_large_image\" \/>\n<meta name=\"twitter:label1\" content=\"Escrito por\" \/>\n\t<meta name=\"twitter:data1\" content=\"Mar\u00eda Jos\u00e9 Herrera\" \/>\n\t<meta name=\"twitter:label2\" content=\"Tiempo de lectura\" \/>\n\t<meta name=\"twitter:data2\" content=\"4 minutos\" \/>\n<script type=\"application\/ld+json\" class=\"yoast-schema-graph\">{\"@context\":\"https:\/\/schema.org\",\"@graph\":[{\"@type\":\"Article\",\"@id\":\"https:\/\/lareinanews.cl\/noticias\/index.php\/2017\/11\/20\/estacion-castillo-velasco-elaborando-un-plan-de-contingencia\/#article\",\"isPartOf\":{\"@id\":\"https:\/\/lareinanews.cl\/noticias\/index.php\/2017\/11\/20\/estacion-castillo-velasco-elaborando-un-plan-de-contingencia\/\"},\"author\":{\"name\":\"Mar\u00eda Jos\u00e9 Herrera\",\"@id\":\"https:\/\/lareinanews.cl\/noticias\/#\/schema\/person\/0a6a04d9459fe4165105f2f7b175aeb4\"},\"headline\":\"Estaci\u00f3n Castillo Velasco: Mesa de trabajo elabora plan de contingencia\",\"datePublished\":\"2017-11-21T00:00:05+00:00\",\"dateModified\":\"2017-11-21T11:09:53+00:00\",\"mainEntityOfPage\":{\"@id\":\"https:\/\/lareinanews.cl\/noticias\/index.php\/2017\/11\/20\/estacion-castillo-velasco-elaborando-un-plan-de-contingencia\/\"},\"wordCount\":881,\"publisher\":{\"@id\":\"https:\/\/lareinanews.cl\/noticias\/#organization\"},\"image\":{\"@id\":\"https:\/\/lareinanews.cl\/noticias\/index.php\/2017\/11\/20\/estacion-castillo-velasco-elaborando-un-plan-de-contingencia\/#primaryimage\"},\"thumbnailUrl\":\"https:\/\/lareinanews.cl\/noticias\/wp-content\/uploads\/2017\/11\/metro1-e1511262572308.jpg\",\"keywords\":[\"la reina\",\"metro\",\"seguridad. alcalde\"],\"articleSection\":[\"Destacados\",\"La Reina\",\"Noticias\"],\"inLanguage\":\"es\"},{\"@type\":\"WebPage\",\"@id\":\"https:\/\/lareinanews.cl\/noticias\/index.php\/2017\/11\/20\/estacion-castillo-velasco-elaborando-un-plan-de-contingencia\/\",\"url\":\"https:\/\/lareinanews.cl\/noticias\/index.php\/2017\/11\/20\/estacion-castillo-velasco-elaborando-un-plan-de-contingencia\/\",\"name\":\"Estaci\u00f3n Castillo Velasco: Mesa de trabajo elabora plan de contingencia\",\"isPartOf\":{\"@id\":\"https:\/\/lareinanews.cl\/noticias\/#website\"},\"primaryImageOfPage\":{\"@id\":\"https:\/\/lareinanews.cl\/noticias\/index.php\/2017\/11\/20\/estacion-castillo-velasco-elaborando-un-plan-de-contingencia\/#primaryimage\"},\"image\":{\"@id\":\"https:\/\/lareinanews.cl\/noticias\/index.php\/2017\/11\/20\/estacion-castillo-velasco-elaborando-un-plan-de-contingencia\/#primaryimage\"},\"thumbnailUrl\":\"https:\/\/lareinanews.cl\/noticias\/wp-content\/uploads\/2017\/11\/metro1-e1511262572308.jpg\",\"datePublished\":\"2017-11-21T00:00:05+00:00\",\"dateModified\":\"2017-11-21T11:09:53+00:00\",\"breadcrumb\":{\"@id\":\"https:\/\/lareinanews.cl\/noticias\/index.php\/2017\/11\/20\/estacion-castillo-velasco-elaborando-un-plan-de-contingencia\/#breadcrumb\"},\"inLanguage\":\"es\",\"potentialAction\":[{\"@type\":\"ReadAction\",\"target\":[\"https:\/\/lareinanews.cl\/noticias\/index.php\/2017\/11\/20\/estacion-castillo-velasco-elaborando-un-plan-de-contingencia\/\"]}]},{\"@type\":\"ImageObject\",\"inLanguage\":\"es\",\"@id\":\"https:\/\/lareinanews.cl\/noticias\/index.php\/2017\/11\/20\/estacion-castillo-velasco-elaborando-un-plan-de-contingencia\/#primaryimage\",\"url\":\"https:\/\/lareinanews.cl\/noticias\/wp-content\/uploads\/2017\/11\/metro1-e1511262572308.jpg\",\"contentUrl\":\"https:\/\/lareinanews.cl\/noticias\/wp-content\/uploads\/2017\/11\/metro1-e1511262572308.jpg\",\"width\":500,\"height\":500},{\"@type\":\"BreadcrumbList\",\"@id\":\"https:\/\/lareinanews.cl\/noticias\/index.php\/2017\/11\/20\/estacion-castillo-velasco-elaborando-un-plan-de-contingencia\/#breadcrumb\",\"itemListElement\":[{\"@type\":\"ListItem\",\"position\":1,\"name\":\"Inicio\",\"item\":\"https:\/\/lareinanews.cl\/noticias\/\"},{\"@type\":\"ListItem\",\"position\":2,\"name\":\"Estaci\u00f3n Castillo Velasco: Mesa de trabajo elabora plan de contingencia\"}]},{\"@type\":\"WebSite\",\"@id\":\"https:\/\/lareinanews.cl\/noticias\/#website\",\"url\":\"https:\/\/lareinanews.cl\/noticias\/\",\"name\":\"Noticias La Reina\",\"description\":\"LaReina.news\",\"publisher\":{\"@id\":\"https:\/\/lareinanews.cl\/noticias\/#organization\"},\"potentialAction\":[{\"@type\":\"SearchAction\",\"target\":{\"@type\":\"EntryPoint\",\"urlTemplate\":\"https:\/\/lareinanews.cl\/noticias\/?s={search_term_string}\"},\"query-input\":{\"@type\":\"PropertyValueSpecification\",\"valueRequired\":true,\"valueName\":\"search_term_string\"}}],\"inLanguage\":\"es\"},{\"@type\":\"Organization\",\"@id\":\"https:\/\/lareinanews.cl\/noticias\/#organization\",\"name\":\"La Reina.news Peri\u00f3dico comunal de La Reina\",\"url\":\"https:\/\/lareinanews.cl\/noticias\/\",\"logo\":{\"@type\":\"ImageObject\",\"inLanguage\":\"es\",\"@id\":\"https:\/\/lareinanews.cl\/noticias\/#\/schema\/logo\/image\/\",\"url\":\"https:\/\/lareinanews.cl\/noticias\/wp-content\/uploads\/2020\/04\/logo_schema.png\",\"contentUrl\":\"https:\/\/lareinanews.cl\/noticias\/wp-content\/uploads\/2020\/04\/logo_schema.png\",\"width\":640,\"height\":360,\"caption\":\"La Reina.news Peri\u00f3dico comunal de La Reina\"},\"image\":{\"@id\":\"https:\/\/lareinanews.cl\/noticias\/#\/schema\/logo\/image\/\"},\"sameAs\":[\"https:\/\/www.facebook.com\/LaReinaNews\",\"https:\/\/www.instagram.com\/lareinanews\/\"]},{\"@type\":\"Person\",\"@id\":\"https:\/\/lareinanews.cl\/noticias\/#\/schema\/person\/0a6a04d9459fe4165105f2f7b175aeb4\",\"name\":\"Mar\u00eda Jos\u00e9 Herrera\",\"image\":{\"@type\":\"ImageObject\",\"inLanguage\":\"es\",\"@id\":\"https:\/\/lareinanews.cl\/noticias\/#\/schema\/person\/image\/\",\"url\":\"http:\/\/lareina.news\/noticias\/wp-content\/uploads\/2017\/10\/avatar_user_10_1507484294-96x96.jpg\",\"contentUrl\":\"http:\/\/lareina.news\/noticias\/wp-content\/uploads\/2017\/10\/avatar_user_10_1507484294-96x96.jpg\",\"caption\":\"Mar\u00eda Jos\u00e9 Herrera\"},\"description\":\"Periodista e Historiadora - Asesora en Comunicaci\u00f3n en Br\u00fcmmer Comunicaci\u00f3n Corporativa S.A. - Vecina de La Reina\",\"url\":\"https:\/\/lareinanews.cl\/noticias\/index.php\/author\/mjherrera\/\"}]}<\/script>\n<!-- \/ Yoast SEO plugin. -->","yoast_head_json":{"title":"Estaci\u00f3n Castillo Velasco: Mesa de trabajo elabora plan de contingencia","robots":{"index":"index","follow":"follow","max-snippet":"max-snippet:-1","max-image-preview":"max-image-preview:large","max-video-preview":"max-video-preview:-1"},"canonical":"https:\/\/lareinanews.cl\/noticias\/index.php\/2017\/11\/20\/estacion-castillo-velasco-elaborando-un-plan-de-contingencia\/","og_locale":"es_ES","og_type":"article","og_title":"Estaci\u00f3n Castillo Velasco: Mesa de trabajo elabora plan de contingencia","og_description":"El pasado viernes 10 de noviembre y gracias a la invitaci\u00f3n de la Concejal Mar\u00eda Catalina Rubio, particip\u00e9 en la primera Mesa de trabajo entre la Municipalidad, los vecinos y El Metro.\u00a0La idea de la [...]","og_url":"https:\/\/lareinanews.cl\/noticias\/index.php\/2017\/11\/20\/estacion-castillo-velasco-elaborando-un-plan-de-contingencia\/","og_site_name":"Noticias La Reina","article_publisher":"https:\/\/www.facebook.com\/LaReinaNews","article_published_time":"2017-11-21T00:00:05+00:00","article_modified_time":"2017-11-21T11:09:53+00:00","og_image":[{"width":500,"height":500,"url":"https:\/\/lareinanews.cl\/noticias\/wp-content\/uploads\/2017\/11\/metro1-e1511262572308.jpg","type":"image\/jpeg"}],"author":"Mar\u00eda Jos\u00e9 Herrera","twitter_card":"summary_large_image","twitter_misc":{"Escrito por":"Mar\u00eda Jos\u00e9 Herrera","Tiempo de lectura":"4 minutos"},"schema":{"@context":"https:\/\/schema.org","@graph":[{"@type":"Article","@id":"https:\/\/lareinanews.cl\/noticias\/index.php\/2017\/11\/20\/estacion-castillo-velasco-elaborando-un-plan-de-contingencia\/#article","isPartOf":{"@id":"https:\/\/lareinanews.cl\/noticias\/index.php\/2017\/11\/20\/estacion-castillo-velasco-elaborando-un-plan-de-contingencia\/"},"author":{"name":"Mar\u00eda Jos\u00e9 Herrera","@id":"https:\/\/lareinanews.cl\/noticias\/#\/schema\/person\/0a6a04d9459fe4165105f2f7b175aeb4"},"headline":"Estaci\u00f3n Castillo Velasco: Mesa de trabajo elabora plan de contingencia","datePublished":"2017-11-21T00:00:05+00:00","dateModified":"2017-11-21T11:09:53+00:00","mainEntityOfPage":{"@id":"https:\/\/lareinanews.cl\/noticias\/index.php\/2017\/11\/20\/estacion-castillo-velasco-elaborando-un-plan-de-contingencia\/"},"wordCount":881,"publisher":{"@id":"https:\/\/lareinanews.cl\/noticias\/#organization"},"image":{"@id":"https:\/\/lareinanews.cl\/noticias\/index.php\/2017\/11\/20\/estacion-castillo-velasco-elaborando-un-plan-de-contingencia\/#primaryimage"},"thumbnailUrl":"https:\/\/lareinanews.cl\/noticias\/wp-content\/uploads\/2017\/11\/metro1-e1511262572308.jpg","keywords":["la reina","metro","seguridad. alcalde"],"articleSection":["Destacados","La Reina","Noticias"],"inLanguage":"es"},{"@type":"WebPage","@id":"https:\/\/lareinanews.cl\/noticias\/index.php\/2017\/11\/20\/estacion-castillo-velasco-elaborando-un-plan-de-contingencia\/","url":"https:\/\/lareinanews.cl\/noticias\/index.php\/2017\/11\/20\/estacion-castillo-velasco-elaborando-un-plan-de-contingencia\/","name":"Estaci\u00f3n Castillo Velasco: Mesa de trabajo elabora plan de contingencia","isPartOf":{"@id":"https:\/\/lareinanews.cl\/noticias\/#website"},"primaryImageOfPage":{"@id":"https:\/\/lareinanews.cl\/noticias\/index.php\/2017\/11\/20\/estacion-castillo-velasco-elaborando-un-plan-de-contingencia\/#primaryimage"},"image":{"@id":"https:\/\/lareinanews.cl\/noticias\/index.php\/2017\/11\/20\/estacion-castillo-velasco-elaborando-un-plan-de-contingencia\/#primaryimage"},"thumbnailUrl":"https:\/\/lareinanews.cl\/noticias\/wp-content\/uploads\/2017\/11\/metro1-e1511262572308.jpg","datePublished":"2017-11-21T00:00:05+00:00","dateModified":"2017-11-21T11:09:53+00:00","breadcrumb":{"@id":"https:\/\/lareinanews.cl\/noticias\/index.php\/2017\/11\/20\/estacion-castillo-velasco-elaborando-un-plan-de-contingencia\/#breadcrumb"},"inLanguage":"es","potentialAction":[{"@type":"ReadAction","target":["https:\/\/lareinanews.cl\/noticias\/index.php\/2017\/11\/20\/estacion-castillo-velasco-elaborando-un-plan-de-contingencia\/"]}]},{"@type":"ImageObject","inLanguage":"es","@id":"https:\/\/lareinanews.cl\/noticias\/index.php\/2017\/11\/20\/estacion-castillo-velasco-elaborando-un-plan-de-contingencia\/#primaryimage","url":"https:\/\/lareinanews.cl\/noticias\/wp-content\/uploads\/2017\/11\/metro1-e1511262572308.jpg","contentUrl":"https:\/\/lareinanews.cl\/noticias\/wp-content\/uploads\/2017\/11\/metro1-e1511262572308.jpg","width":500,"height":500},{"@type":"BreadcrumbList","@id":"https:\/\/lareinanews.cl\/noticias\/index.php\/2017\/11\/20\/estacion-castillo-velasco-elaborando-un-plan-de-contingencia\/#breadcrumb","itemListElement":[{"@type":"ListItem","position":1,"name":"Inicio","item":"https:\/\/lareinanews.cl\/noticias\/"},{"@type":"ListItem","position":2,"name":"Estaci\u00f3n Castillo Velasco: Mesa de trabajo elabora plan de contingencia"}]},{"@type":"WebSite","@id":"https:\/\/lareinanews.cl\/noticias\/#website","url":"https:\/\/lareinanews.cl\/noticias\/","name":"Noticias La Reina","description":"LaReina.news","publisher":{"@id":"https:\/\/lareinanews.cl\/noticias\/#organization"},"potentialAction":[{"@type":"SearchAction","target":{"@type":"EntryPoint","urlTemplate":"https:\/\/lareinanews.cl\/noticias\/?s={search_term_string}"},"query-input":{"@type":"PropertyValueSpecification","valueRequired":true,"valueName":"search_term_string"}}],"inLanguage":"es"},{"@type":"Organization","@id":"https:\/\/lareinanews.cl\/noticias\/#organization","name":"La Reina.news Peri\u00f3dico comunal de La Reina","url":"https:\/\/lareinanews.cl\/noticias\/","logo":{"@type":"ImageObject","inLanguage":"es","@id":"https:\/\/lareinanews.cl\/noticias\/#\/schema\/logo\/image\/","url":"https:\/\/lareinanews.cl\/noticias\/wp-content\/uploads\/2020\/04\/logo_schema.png","contentUrl":"https:\/\/lareinanews.cl\/noticias\/wp-content\/uploads\/2020\/04\/logo_schema.png","width":640,"height":360,"caption":"La Reina.news Peri\u00f3dico comunal de La Reina"},"image":{"@id":"https:\/\/lareinanews.cl\/noticias\/#\/schema\/logo\/image\/"},"sameAs":["https:\/\/www.facebook.com\/LaReinaNews","https:\/\/www.instagram.com\/lareinanews\/"]},{"@type":"Person","@id":"https:\/\/lareinanews.cl\/noticias\/#\/schema\/person\/0a6a04d9459fe4165105f2f7b175aeb4","name":"Mar\u00eda Jos\u00e9 Herrera","image":{"@type":"ImageObject","inLanguage":"es","@id":"https:\/\/lareinanews.cl\/noticias\/#\/schema\/person\/image\/","url":"http:\/\/lareina.news\/noticias\/wp-content\/uploads\/2017\/10\/avatar_user_10_1507484294-96x96.jpg","contentUrl":"http:\/\/lareina.news\/noticias\/wp-content\/uploads\/2017\/10\/avatar_user_10_1507484294-96x96.jpg","caption":"Mar\u00eda Jos\u00e9 Herrera"},"description":"Periodista e Historiadora - Asesora en Comunicaci\u00f3n en Br\u00fcmmer Comunicaci\u00f3n Corporativa S.A. - Vecina de La Reina","url":"https:\/\/lareinanews.cl\/noticias\/index.php\/author\/mjherrera\/"}]}},"_links":{"self":[{"href":"https:\/\/lareinanews.cl\/noticias\/index.php\/wp-json\/wp\/v2\/posts\/1148","targetHints":{"allow":["GET"]}}],"collection":[{"href":"https:\/\/lareinanews.cl\/noticias\/index.php\/wp-json\/wp\/v2\/posts"}],"about":[{"href":"https:\/\/lareinanews.cl\/noticias\/index.php\/wp-json\/wp\/v2\/types\/post"}],"author":[{"embeddable":true,"href":"https:\/\/lareinanews.cl\/noticias\/index.php\/wp-json\/wp\/v2\/users\/10"}],"replies":[{"embeddable":true,"href":"https:\/\/lareinanews.cl\/noticias\/index.php\/wp-json\/wp\/v2\/comments?post=1148"}],"version-history":[{"count":8,"href":"https:\/\/lareinanews.cl\/noticias\/index.php\/wp-json\/wp\/v2\/posts\/1148\/revisions"}],"predecessor-version":[{"id":1183,"href":"https:\/\/lareinanews.cl\/noticias\/index.php\/wp-json\/wp\/v2\/posts\/1148\/revisions\/1183"}],"wp:featuredmedia":[{"embeddable":true,"href":"https:\/\/lareinanews.cl\/noticias\/index.php\/wp-json\/wp\/v2\/media\/1182"}],"wp:attachment":[{"href":"https:\/\/lareinanews.cl\/noticias\/index.php\/wp-json\/wp\/v2\/media?parent=1148"}],"wp:term":[{"taxonomy":"category","embeddable":true,"href":"https:\/\/lareinanews.cl\/noticias\/index.php\/wp-json\/wp\/v2\/categories?post=1148"},{"taxonomy":"post_tag","embeddable":true,"href":"https:\/\/lareinanews.cl\/noticias\/index.php\/wp-json\/wp\/v2\/tags?post=1148"}],"curies":[{"name":"wp","href":"https:\/\/api.w.org\/{rel}","templated":true}]}}