{"id":1078,"date":"2017-11-19T12:21:49","date_gmt":"2017-11-19T15:21:49","guid":{"rendered":"http:\/\/lareina.news\/noticias\/?p=1078"},"modified":"2017-11-20T12:52:40","modified_gmt":"2017-11-20T15:52:40","slug":"la-reina-decide-minuto-a-minuto","status":"publish","type":"post","link":"https:\/\/lareinanews.cl\/noticias\/index.php\/2017\/11\/19\/la-reina-decide-minuto-a-minuto\/","title":{"rendered":"La Reina decide minuto a minuto"},"content":{"rendered":"<p>En LaReina.news te informamos los eventos m\u00e1s importantes del acto c\u00edvico que se realiza en nuestra comuna:<\/p>\n<h2>Revisa los resultados preliminares<\/h2>\n<p><a href=\"\/noticias\/index.php\/2017\/11\/19\/resultados-elecciones-presidenciales\/\"><img loading=\"lazy\" decoding=\"async\" class=\"alignnone wp-image-1091\" src=\"http:\/\/lareina.news\/noticias\/wp-content\/uploads\/2017\/11\/0_b_p.png\" alt=\"\" width=\"200\" height=\"67\" \/><\/a><a href=\"\/noticias\/index.php\/2017\/11\/19\/resultados-votaciones-diputados-en-la-reina\/\"><img loading=\"lazy\" decoding=\"async\" class=\"alignnone wp-image-1090\" src=\"http:\/\/lareina.news\/noticias\/wp-content\/uploads\/2017\/11\/0_b_d.png\" alt=\"\" width=\"200\" height=\"67\" \/><\/a><a href=\"\/noticias\/index.php\/2017\/11\/19\/resultados-votaciones-core-en-la-reina\/\"><img loading=\"lazy\" decoding=\"async\" class=\"alignnone wp-image-1089 size-full\" src=\"http:\/\/lareina.news\/noticias\/wp-content\/uploads\/2017\/11\/0_b_c.png\" alt=\"\" width=\"200\" height=\"67\" \/><\/a><\/p>\n<h3>19:10<\/h3>\n<figure id=\"attachment_1117\" aria-describedby=\"caption-attachment-1117\" style=\"width: 300px\" class=\"wp-caption alignnone\"><img loading=\"lazy\" decoding=\"async\" class=\"wp-image-1117 size-medium\" src=\"http:\/\/lareina.news\/noticias\/wp-content\/uploads\/2017\/11\/0cerrando2-300x169.png\" alt=\"\" width=\"300\" height=\"169\" \/><figcaption id=\"caption-attachment-1117\" class=\"wp-caption-text\">Empieza el recuento de los votos para diputados<\/figcaption><\/figure>\n<h3>18:10<\/h3>\n<h3><a style=\"font-size: 16px;\" href=\"http:\/\/lareina.news\/noticias\/wp-content\/uploads\/2017\/11\/0cerrando-e1511128133258.png\"><img loading=\"lazy\" decoding=\"async\" class=\"wp-image-1105 size-medium\" src=\"http:\/\/lareina.news\/noticias\/wp-content\/uploads\/2017\/11\/0cerrando-300x168.png\" alt=\"\" width=\"300\" height=\"168\" \/><\/a><\/h3>\n<p>Se inicia el recuento en el Complejo Educacional de La Reina<\/p>\n<h3><\/h3>\n<h3><\/h3>\n<h3>11:55 AM<\/h3>\n<figure style=\"width: 301px\" class=\"wp-caption alignnone\"><img loading=\"lazy\" decoding=\"async\" src=\"http:\/\/static.emol.cl\/emol50\/Fotos\/2017\/11\/19\/file_MM20171119115731_25L.jpg\" alt=\"\" width=\"301\" height=\"169\" \/><figcaption class=\"wp-caption-text\">En el colegio De La Salle vot\u00f3 el candidato presidencial Jos\u00e9 Antonio Kast<\/figcaption><\/figure>\n<h3>11:50<\/h3>\n<figure id=\"attachment_1085\" aria-describedby=\"caption-attachment-1085\" style=\"width: 300px\" class=\"wp-caption alignnone\"><a href=\"http:\/\/lareina.news\/noticias\/wp-content\/uploads\/2017\/11\/0asistido.png\"><img loading=\"lazy\" decoding=\"async\" class=\"wp-image-1085 size-medium\" src=\"http:\/\/lareina.news\/noticias\/wp-content\/uploads\/2017\/11\/0asistido-300x169.png\" alt=\"\" width=\"300\" height=\"169\" \/><\/a><figcaption id=\"caption-attachment-1085\" class=\"wp-caption-text\">Molestia caus\u00f3 esta imagen en el Complejo Educacional de La Reina, pero los vocales explicaron que el elector estaba haciendo uso de su derecho al <a href=\"http:\/\/www.t13.cl\/noticia\/politica\/elecciones-2017-como-funciona-voto-asistido\" target=\"_blank\" rel=\"noopener\">voto asistido<\/a>.<\/figcaption><\/figure>\n<h3>9:40 AM<\/h3>\n<figure style=\"width: 301px\" class=\"wp-caption alignnone\"><img loading=\"lazy\" decoding=\"async\" class=\"\" src=\"http:\/\/static.emol.cl\/emol50\/Fotos\/2017\/11\/19\/file_20171119101145.jpg\" alt=\"\" width=\"301\" height=\"169\" \/><figcaption class=\"wp-caption-text\">En el colegio Teresiano Enrique de Oss\u00f3 vot\u00f3 la Presidenta de la Rep\u00fablica sra. Michelle Bachelet<\/figcaption><\/figure>\n<h3>\u00a09:00<\/h3>\n<figure style=\"width: 300px\" class=\"wp-caption alignnone\"><img loading=\"lazy\" decoding=\"async\" src=\"https:\/\/pbs.twimg.com\/media\/DPAFgO3XcAAZcqz.jpg\" alt=\"\" width=\"300\" height=\"204\" \/><figcaption class=\"wp-caption-text\">Personal de la municipal coopera activamente en el proceso eleccionario en los distintos locales de votaci\u00f3n<\/figcaption><\/figure>\n<h3>8:00 AM<\/h3>\n<figure style=\"width: 302px\" class=\"wp-caption alignnone\"><img loading=\"lazy\" decoding=\"async\" class=\"\" src=\"http:\/\/www.timeline.cl\/desktop_tl\/uploads\/2016\/07\/f92020fa0a021ef83a9a35e74a2ae74b.jpeg\" alt=\"\" width=\"302\" height=\"151\" \/><figcaption class=\"wp-caption-text\">Se inicia el proceso eleccionario en La Reina<\/figcaption><\/figure>\n","protected":false},"excerpt":{"rendered":"<div class=\"mh-excerpt\"><p>En LaReina.news te informamos los eventos m\u00e1s importantes del acto c\u00edvico que se realiza en nuestra comuna: Revisa los resultados preliminares 19:10 18:10 Se inicia el recuento en el Complejo Educacional de La Reina 11:55 <a class=\"mh-excerpt-more\" href=\"https:\/\/lareinanews.cl\/noticias\/index.php\/2017\/11\/19\/la-reina-decide-minuto-a-minuto\/\" title=\"La Reina decide minuto a minuto\">[&#8230;]<\/a><\/p>\n<\/div>","protected":false},"author":9,"featured_media":1088,"comment_status":"closed","ping_status":"closed","sticky":false,"template":"","format":"standard","meta":{"_acf_changed":false,"footnotes":""},"categories":[14],"tags":[52,4],"class_list":{"0":"post-1078","1":"post","2":"type-post","3":"status-publish","4":"format-standard","5":"has-post-thumbnail","7":"category-noticias","8":"tag-elecciones","9":"tag-la-reina"},"acf":[],"yoast_head":"<!-- This site is optimized with the Yoast SEO plugin v27.1.1 - https:\/\/yoast.com\/product\/yoast-seo-wordpress\/ -->\n<title>La Reina decide minuto a minuto<\/title>\n<meta name=\"robots\" content=\"index, follow, max-snippet:-1, max-image-preview:large, max-video-preview:-1\" \/>\n<link rel=\"canonical\" href=\"https:\/\/lareinanews.cl\/noticias\/index.php\/2017\/11\/19\/la-reina-decide-minuto-a-minuto\/\" \/>\n<meta property=\"og:locale\" content=\"es_ES\" \/>\n<meta property=\"og:type\" content=\"article\" \/>\n<meta property=\"og:title\" content=\"La Reina decide minuto a minuto\" \/>\n<meta property=\"og:description\" content=\"En LaReina.news te informamos los eventos m\u00e1s importantes del acto c\u00edvico que se realiza en nuestra comuna: Revisa los resultados preliminares 19:10 18:10 Se inicia el recuento en el Complejo Educacional de La Reina 11:55 [...]\" \/>\n<meta property=\"og:url\" content=\"https:\/\/lareinanews.cl\/noticias\/index.php\/2017\/11\/19\/la-reina-decide-minuto-a-minuto\/\" \/>\n<meta property=\"og:site_name\" content=\"Noticias La Reina\" \/>\n<meta property=\"article:publisher\" content=\"https:\/\/www.facebook.com\/LaReinaNews\" \/>\n<meta property=\"article:published_time\" content=\"2017-11-19T15:21:49+00:00\" \/>\n<meta property=\"article:modified_time\" content=\"2017-11-20T15:52:40+00:00\" \/>\n<meta property=\"og:image\" content=\"https:\/\/lareinanews.cl\/noticias\/wp-content\/uploads\/2017\/11\/0minuto.png\" \/>\n\t<meta property=\"og:image:width\" content=\"650\" \/>\n\t<meta property=\"og:image:height\" content=\"490\" \/>\n\t<meta property=\"og:image:type\" content=\"image\/png\" \/>\n<meta name=\"author\" content=\"Redacci\u00f3n\" \/>\n<meta name=\"twitter:card\" content=\"summary_large_image\" \/>\n<meta name=\"twitter:label1\" content=\"Escrito por\" \/>\n\t<meta name=\"twitter:data1\" content=\"Redacci\u00f3n\" \/>\n\t<meta name=\"twitter:label2\" content=\"Tiempo de lectura\" \/>\n\t<meta name=\"twitter:data2\" content=\"1 minuto\" \/>\n<script type=\"application\/ld+json\" class=\"yoast-schema-graph\">{\"@context\":\"https:\/\/schema.org\",\"@graph\":[{\"@type\":\"Article\",\"@id\":\"https:\/\/lareinanews.cl\/noticias\/index.php\/2017\/11\/19\/la-reina-decide-minuto-a-minuto\/#article\",\"isPartOf\":{\"@id\":\"https:\/\/lareinanews.cl\/noticias\/index.php\/2017\/11\/19\/la-reina-decide-minuto-a-minuto\/\"},\"author\":{\"name\":\"Redacci\u00f3n\",\"@id\":\"https:\/\/lareinanews.cl\/noticias\/#\/schema\/person\/3a12c4adeed52195fb4ab3cab65d7c4a\"},\"headline\":\"La Reina decide minuto a minuto\",\"datePublished\":\"2017-11-19T15:21:49+00:00\",\"dateModified\":\"2017-11-20T15:52:40+00:00\",\"mainEntityOfPage\":{\"@id\":\"https:\/\/lareinanews.cl\/noticias\/index.php\/2017\/11\/19\/la-reina-decide-minuto-a-minuto\/\"},\"wordCount\":172,\"publisher\":{\"@id\":\"https:\/\/lareinanews.cl\/noticias\/#organization\"},\"image\":{\"@id\":\"https:\/\/lareinanews.cl\/noticias\/index.php\/2017\/11\/19\/la-reina-decide-minuto-a-minuto\/#primaryimage\"},\"thumbnailUrl\":\"https:\/\/lareinanews.cl\/noticias\/wp-content\/uploads\/2017\/11\/0minuto.png\",\"keywords\":[\"elecciones\",\"la reina\"],\"articleSection\":[\"Noticias\"],\"inLanguage\":\"es\"},{\"@type\":\"WebPage\",\"@id\":\"https:\/\/lareinanews.cl\/noticias\/index.php\/2017\/11\/19\/la-reina-decide-minuto-a-minuto\/\",\"url\":\"https:\/\/lareinanews.cl\/noticias\/index.php\/2017\/11\/19\/la-reina-decide-minuto-a-minuto\/\",\"name\":\"La Reina decide minuto a minuto\",\"isPartOf\":{\"@id\":\"https:\/\/lareinanews.cl\/noticias\/#website\"},\"primaryImageOfPage\":{\"@id\":\"https:\/\/lareinanews.cl\/noticias\/index.php\/2017\/11\/19\/la-reina-decide-minuto-a-minuto\/#primaryimage\"},\"image\":{\"@id\":\"https:\/\/lareinanews.cl\/noticias\/index.php\/2017\/11\/19\/la-reina-decide-minuto-a-minuto\/#primaryimage\"},\"thumbnailUrl\":\"https:\/\/lareinanews.cl\/noticias\/wp-content\/uploads\/2017\/11\/0minuto.png\",\"datePublished\":\"2017-11-19T15:21:49+00:00\",\"dateModified\":\"2017-11-20T15:52:40+00:00\",\"breadcrumb\":{\"@id\":\"https:\/\/lareinanews.cl\/noticias\/index.php\/2017\/11\/19\/la-reina-decide-minuto-a-minuto\/#breadcrumb\"},\"inLanguage\":\"es\",\"potentialAction\":[{\"@type\":\"ReadAction\",\"target\":[\"https:\/\/lareinanews.cl\/noticias\/index.php\/2017\/11\/19\/la-reina-decide-minuto-a-minuto\/\"]}]},{\"@type\":\"ImageObject\",\"inLanguage\":\"es\",\"@id\":\"https:\/\/lareinanews.cl\/noticias\/index.php\/2017\/11\/19\/la-reina-decide-minuto-a-minuto\/#primaryimage\",\"url\":\"https:\/\/lareinanews.cl\/noticias\/wp-content\/uploads\/2017\/11\/0minuto.png\",\"contentUrl\":\"https:\/\/lareinanews.cl\/noticias\/wp-content\/uploads\/2017\/11\/0minuto.png\",\"width\":650,\"height\":490},{\"@type\":\"BreadcrumbList\",\"@id\":\"https:\/\/lareinanews.cl\/noticias\/index.php\/2017\/11\/19\/la-reina-decide-minuto-a-minuto\/#breadcrumb\",\"itemListElement\":[{\"@type\":\"ListItem\",\"position\":1,\"name\":\"Inicio\",\"item\":\"https:\/\/lareinanews.cl\/noticias\/\"},{\"@type\":\"ListItem\",\"position\":2,\"name\":\"La Reina decide minuto a minuto\"}]},{\"@type\":\"WebSite\",\"@id\":\"https:\/\/lareinanews.cl\/noticias\/#website\",\"url\":\"https:\/\/lareinanews.cl\/noticias\/\",\"name\":\"Noticias La Reina\",\"description\":\"LaReina.news\",\"publisher\":{\"@id\":\"https:\/\/lareinanews.cl\/noticias\/#organization\"},\"potentialAction\":[{\"@type\":\"SearchAction\",\"target\":{\"@type\":\"EntryPoint\",\"urlTemplate\":\"https:\/\/lareinanews.cl\/noticias\/?s={search_term_string}\"},\"query-input\":{\"@type\":\"PropertyValueSpecification\",\"valueRequired\":true,\"valueName\":\"search_term_string\"}}],\"inLanguage\":\"es\"},{\"@type\":\"Organization\",\"@id\":\"https:\/\/lareinanews.cl\/noticias\/#organization\",\"name\":\"La Reina.news Peri\u00f3dico comunal de La Reina\",\"url\":\"https:\/\/lareinanews.cl\/noticias\/\",\"logo\":{\"@type\":\"ImageObject\",\"inLanguage\":\"es\",\"@id\":\"https:\/\/lareinanews.cl\/noticias\/#\/schema\/logo\/image\/\",\"url\":\"https:\/\/lareinanews.cl\/noticias\/wp-content\/uploads\/2020\/04\/logo_schema.png\",\"contentUrl\":\"https:\/\/lareinanews.cl\/noticias\/wp-content\/uploads\/2020\/04\/logo_schema.png\",\"width\":640,\"height\":360,\"caption\":\"La Reina.news Peri\u00f3dico comunal de La Reina\"},\"image\":{\"@id\":\"https:\/\/lareinanews.cl\/noticias\/#\/schema\/logo\/image\/\"},\"sameAs\":[\"https:\/\/www.facebook.com\/LaReinaNews\",\"https:\/\/www.instagram.com\/lareinanews\/\"]},{\"@type\":\"Person\",\"@id\":\"https:\/\/lareinanews.cl\/noticias\/#\/schema\/person\/3a12c4adeed52195fb4ab3cab65d7c4a\",\"name\":\"Redacci\u00f3n\",\"image\":{\"@type\":\"ImageObject\",\"inLanguage\":\"es\",\"@id\":\"https:\/\/lareinanews.cl\/noticias\/#\/schema\/person\/image\/\",\"url\":\"http:\/\/lareina.news\/noticias\/wp-content\/uploads\/2017\/10\/avatar_user_9_1507321806-96x96.png\",\"contentUrl\":\"http:\/\/lareina.news\/noticias\/wp-content\/uploads\/2017\/10\/avatar_user_9_1507321806-96x96.png\",\"caption\":\"Redacci\u00f3n\"},\"sameAs\":[\"http:\/\/lareina.news\"],\"url\":\"https:\/\/lareinanews.cl\/noticias\/index.php\/author\/staff\/\"}]}<\/script>\n<!-- \/ Yoast SEO plugin. -->","yoast_head_json":{"title":"La Reina decide minuto a minuto","robots":{"index":"index","follow":"follow","max-snippet":"max-snippet:-1","max-image-preview":"max-image-preview:large","max-video-preview":"max-video-preview:-1"},"canonical":"https:\/\/lareinanews.cl\/noticias\/index.php\/2017\/11\/19\/la-reina-decide-minuto-a-minuto\/","og_locale":"es_ES","og_type":"article","og_title":"La Reina decide minuto a minuto","og_description":"En LaReina.news te informamos los eventos m\u00e1s importantes del acto c\u00edvico que se realiza en nuestra comuna: Revisa los resultados preliminares 19:10 18:10 Se inicia el recuento en el Complejo Educacional de La Reina 11:55 [...]","og_url":"https:\/\/lareinanews.cl\/noticias\/index.php\/2017\/11\/19\/la-reina-decide-minuto-a-minuto\/","og_site_name":"Noticias La Reina","article_publisher":"https:\/\/www.facebook.com\/LaReinaNews","article_published_time":"2017-11-19T15:21:49+00:00","article_modified_time":"2017-11-20T15:52:40+00:00","og_image":[{"width":650,"height":490,"url":"https:\/\/lareinanews.cl\/noticias\/wp-content\/uploads\/2017\/11\/0minuto.png","type":"image\/png"}],"author":"Redacci\u00f3n","twitter_card":"summary_large_image","twitter_misc":{"Escrito por":"Redacci\u00f3n","Tiempo de lectura":"1 minuto"},"schema":{"@context":"https:\/\/schema.org","@graph":[{"@type":"Article","@id":"https:\/\/lareinanews.cl\/noticias\/index.php\/2017\/11\/19\/la-reina-decide-minuto-a-minuto\/#article","isPartOf":{"@id":"https:\/\/lareinanews.cl\/noticias\/index.php\/2017\/11\/19\/la-reina-decide-minuto-a-minuto\/"},"author":{"name":"Redacci\u00f3n","@id":"https:\/\/lareinanews.cl\/noticias\/#\/schema\/person\/3a12c4adeed52195fb4ab3cab65d7c4a"},"headline":"La Reina decide minuto a minuto","datePublished":"2017-11-19T15:21:49+00:00","dateModified":"2017-11-20T15:52:40+00:00","mainEntityOfPage":{"@id":"https:\/\/lareinanews.cl\/noticias\/index.php\/2017\/11\/19\/la-reina-decide-minuto-a-minuto\/"},"wordCount":172,"publisher":{"@id":"https:\/\/lareinanews.cl\/noticias\/#organization"},"image":{"@id":"https:\/\/lareinanews.cl\/noticias\/index.php\/2017\/11\/19\/la-reina-decide-minuto-a-minuto\/#primaryimage"},"thumbnailUrl":"https:\/\/lareinanews.cl\/noticias\/wp-content\/uploads\/2017\/11\/0minuto.png","keywords":["elecciones","la reina"],"articleSection":["Noticias"],"inLanguage":"es"},{"@type":"WebPage","@id":"https:\/\/lareinanews.cl\/noticias\/index.php\/2017\/11\/19\/la-reina-decide-minuto-a-minuto\/","url":"https:\/\/lareinanews.cl\/noticias\/index.php\/2017\/11\/19\/la-reina-decide-minuto-a-minuto\/","name":"La Reina decide minuto a minuto","isPartOf":{"@id":"https:\/\/lareinanews.cl\/noticias\/#website"},"primaryImageOfPage":{"@id":"https:\/\/lareinanews.cl\/noticias\/index.php\/2017\/11\/19\/la-reina-decide-minuto-a-minuto\/#primaryimage"},"image":{"@id":"https:\/\/lareinanews.cl\/noticias\/index.php\/2017\/11\/19\/la-reina-decide-minuto-a-minuto\/#primaryimage"},"thumbnailUrl":"https:\/\/lareinanews.cl\/noticias\/wp-content\/uploads\/2017\/11\/0minuto.png","datePublished":"2017-11-19T15:21:49+00:00","dateModified":"2017-11-20T15:52:40+00:00","breadcrumb":{"@id":"https:\/\/lareinanews.cl\/noticias\/index.php\/2017\/11\/19\/la-reina-decide-minuto-a-minuto\/#breadcrumb"},"inLanguage":"es","potentialAction":[{"@type":"ReadAction","target":["https:\/\/lareinanews.cl\/noticias\/index.php\/2017\/11\/19\/la-reina-decide-minuto-a-minuto\/"]}]},{"@type":"ImageObject","inLanguage":"es","@id":"https:\/\/lareinanews.cl\/noticias\/index.php\/2017\/11\/19\/la-reina-decide-minuto-a-minuto\/#primaryimage","url":"https:\/\/lareinanews.cl\/noticias\/wp-content\/uploads\/2017\/11\/0minuto.png","contentUrl":"https:\/\/lareinanews.cl\/noticias\/wp-content\/uploads\/2017\/11\/0minuto.png","width":650,"height":490},{"@type":"BreadcrumbList","@id":"https:\/\/lareinanews.cl\/noticias\/index.php\/2017\/11\/19\/la-reina-decide-minuto-a-minuto\/#breadcrumb","itemListElement":[{"@type":"ListItem","position":1,"name":"Inicio","item":"https:\/\/lareinanews.cl\/noticias\/"},{"@type":"ListItem","position":2,"name":"La Reina decide minuto a minuto"}]},{"@type":"WebSite","@id":"https:\/\/lareinanews.cl\/noticias\/#website","url":"https:\/\/lareinanews.cl\/noticias\/","name":"Noticias La Reina","description":"LaReina.news","publisher":{"@id":"https:\/\/lareinanews.cl\/noticias\/#organization"},"potentialAction":[{"@type":"SearchAction","target":{"@type":"EntryPoint","urlTemplate":"https:\/\/lareinanews.cl\/noticias\/?s={search_term_string}"},"query-input":{"@type":"PropertyValueSpecification","valueRequired":true,"valueName":"search_term_string"}}],"inLanguage":"es"},{"@type":"Organization","@id":"https:\/\/lareinanews.cl\/noticias\/#organization","name":"La Reina.news Peri\u00f3dico comunal de La Reina","url":"https:\/\/lareinanews.cl\/noticias\/","logo":{"@type":"ImageObject","inLanguage":"es","@id":"https:\/\/lareinanews.cl\/noticias\/#\/schema\/logo\/image\/","url":"https:\/\/lareinanews.cl\/noticias\/wp-content\/uploads\/2020\/04\/logo_schema.png","contentUrl":"https:\/\/lareinanews.cl\/noticias\/wp-content\/uploads\/2020\/04\/logo_schema.png","width":640,"height":360,"caption":"La Reina.news Peri\u00f3dico comunal de La Reina"},"image":{"@id":"https:\/\/lareinanews.cl\/noticias\/#\/schema\/logo\/image\/"},"sameAs":["https:\/\/www.facebook.com\/LaReinaNews","https:\/\/www.instagram.com\/lareinanews\/"]},{"@type":"Person","@id":"https:\/\/lareinanews.cl\/noticias\/#\/schema\/person\/3a12c4adeed52195fb4ab3cab65d7c4a","name":"Redacci\u00f3n","image":{"@type":"ImageObject","inLanguage":"es","@id":"https:\/\/lareinanews.cl\/noticias\/#\/schema\/person\/image\/","url":"http:\/\/lareina.news\/noticias\/wp-content\/uploads\/2017\/10\/avatar_user_9_1507321806-96x96.png","contentUrl":"http:\/\/lareina.news\/noticias\/wp-content\/uploads\/2017\/10\/avatar_user_9_1507321806-96x96.png","caption":"Redacci\u00f3n"},"sameAs":["http:\/\/lareina.news"],"url":"https:\/\/lareinanews.cl\/noticias\/index.php\/author\/staff\/"}]}},"_links":{"self":[{"href":"https:\/\/lareinanews.cl\/noticias\/index.php\/wp-json\/wp\/v2\/posts\/1078","targetHints":{"allow":["GET"]}}],"collection":[{"href":"https:\/\/lareinanews.cl\/noticias\/index.php\/wp-json\/wp\/v2\/posts"}],"about":[{"href":"https:\/\/lareinanews.cl\/noticias\/index.php\/wp-json\/wp\/v2\/types\/post"}],"author":[{"embeddable":true,"href":"https:\/\/lareinanews.cl\/noticias\/index.php\/wp-json\/wp\/v2\/users\/9"}],"replies":[{"embeddable":true,"href":"https:\/\/lareinanews.cl\/noticias\/index.php\/wp-json\/wp\/v2\/comments?post=1078"}],"version-history":[{"count":16,"href":"https:\/\/lareinanews.cl\/noticias\/index.php\/wp-json\/wp\/v2\/posts\/1078\/revisions"}],"predecessor-version":[{"id":1118,"href":"https:\/\/lareinanews.cl\/noticias\/index.php\/wp-json\/wp\/v2\/posts\/1078\/revisions\/1118"}],"wp:featuredmedia":[{"embeddable":true,"href":"https:\/\/lareinanews.cl\/noticias\/index.php\/wp-json\/wp\/v2\/media\/1088"}],"wp:attachment":[{"href":"https:\/\/lareinanews.cl\/noticias\/index.php\/wp-json\/wp\/v2\/media?parent=1078"}],"wp:term":[{"taxonomy":"category","embeddable":true,"href":"https:\/\/lareinanews.cl\/noticias\/index.php\/wp-json\/wp\/v2\/categories?post=1078"},{"taxonomy":"post_tag","embeddable":true,"href":"https:\/\/lareinanews.cl\/noticias\/index.php\/wp-json\/wp\/v2\/tags?post=1078"}],"curies":[{"name":"wp","href":"https:\/\/api.w.org\/{rel}","templated":true}]}}